{"id":57203,"date":"2022-06-28T15:45:44","date_gmt":"2022-06-28T13:45:44","guid":{"rendered":"https:\/\/blog.brand-architecture.at\/2022\/06\/28\/il-centro-logistico-group7-di-amburgo-festeggia-la-cerimonia-di-posa-della-prima-pietra\/"},"modified":"2022-06-28T15:45:44","modified_gmt":"2022-06-28T13:45:44","slug":"il-centro-logistico-group7-di-amburgo-festeggia-la-cerimonia-di-posa-della-prima-pietra","status":"publish","type":"post","link":"https:\/\/loginfo24.com\/it\/2022\/06\/28\/il-centro-logistico-group7-di-amburgo-festeggia-la-cerimonia-di-posa-della-prima-pietra\/","title":{"rendered":"Il centro logistico GROUP7 di Amburgo festeggia la cerimonia di posa della prima pietra"},"content":{"rendered":"<h5><strong>175 ospiti hanno accolto l&#8217;invito in occasione della cerimonia di posa della prima pietra del nuovo centro logistico GROUP7 alla fine della scorsa settimana. Il moderno magazzino multi-utente a Hamburg-Billbrook, una volta completato, comprender\u00e0 26.000 metri quadrati di spazi logistici e 2.000 metri quadrati di spazi per uffici. In totale, GROUP7 investir\u00e0 36 milioni di euro nella nuova sede e creer\u00e0 150 nuovi posti di lavoro nella regione. Il centro logistico multi-utente all&#8217;avanguardia entrer\u00e0 in funzione nel quarto trimestre del 2022.<\/strong><\/h5>\n<p> (Amburgo) Con la benedizione della prima pietra \u00e8 stata avviata l&#8217;ultima fase della costruzione del centro logistico GROUP7. In occasione della tradizionale festa, il direttore generale della IHK Hamburg, Dr. Malte Heyne, ha rivolto un saluto ai presenti, esprimendo il suo apprezzamento per la crescita costante di GROUP7 nella sede di Amburgo. In precedenza, il membro del consiglio di amministrazione di GROUP7, G\u00fcnther Jocher, ha ripercorso brevemente il lungo cammino fino al proprio centro logistico ad Amburgo: &#8220;Sono orgoglioso di come siamo riusciti insieme a crescere da un piccolo ufficio nel 2006 a una filiale con 28.000 metri quadrati di spazi per uffici e logistici&#8221;. Successivamente, il consiglio ha espresso parole di riconoscimento per tutti coloro che hanno lavorato alla costruzione: &#8220;Dall&#8217;operaio edile al project manager e all&#8217;architetto, desidero ringraziarvi per il vostro straordinario impegno e flessibilit\u00e0. Il fatto che, nonostante le catene di approvvigionamento instabili e ulteriori ostacoli legati alla pandemia, riusciremo a mettere in funzione il nostro centro logistico secondo i piani \u00e8 merito vostro!&#8221;<\/p>\n<h5><strong>Tecnologia di scansione innovativa e sistemi di trasporto senza conducente previsti<\/strong><\/h5>\n<p> Nel quarto trimestre del 2022, il centro logistico inizier\u00e0 le operazioni. Presso la nuova sede di Hamburg-Billbrook, in futuro verranno anche scaricati container di carico marittimo dall&#8217;importazione e stivati per l&#8217;esportazione. Anche i trasporti nazionali e internazionali di camion di GROUP7 saranno ampliati grazie al nuovo quinto hub che sorger\u00e0 ad Amburgo. Nella logistica verranno utilizzate, oltre a tecnologie di scansione all&#8217;avanguardia, anche sistemi di trasporto senza conducente. Inoltre, 14.000 posti pallet consentiranno una stoccaggio a lungo termine e flessibile delle merci. Il nuovo edificio logistico a Hamburg-Billbrook si trova a 13 chilometri dal porto di Amburgo, a 16 chilometri dall&#8217;aeroporto, a sei minuti dall&#8217;uscita dell&#8217;autostrada A1 di Hamburg-Moorfleet e a un chilometro dalla stazione S-Bahn di Billwerder Moorfleet. Sia i dipendenti che l&#8217;approvvigionamento e la distribuzione beneficiano della posizione favorevole.<\/p>\n<h5><strong>Amburgo, un ulteriore centro logistico sostenibile di GROUP7 con certificazione DGNB Gold<\/strong><\/h5>\n<p> Come tutti gli altri centri logistici di GROUP7 a Monaco, Francoforte e Neuss presso D\u00fcsseldorf, il nuovo edificio di Amburgo sar\u00e0 certificato secondo il Gold Standard della DGNB (Associazione tedesca per la costruzione sostenibile). I punti salienti ecologici includono pompe di calore ad alta efficienza e soffitti riscaldati e raffrescati, nonch\u00e9 un impianto fotovoltaico con predisposizione per sistemi di accumulo energetico per soddisfare il fabbisogno energetico e alimentare le connessioni elettriche per biciclette elettriche, auto elettriche, furgoni elettrici e camion elettrici. Anche la flora e la fauna locali saranno considerate: un tetto verde con flora fiorita, tappeti di sedum, prati di erbe e flora di rose di pietra offre una biodiversit\u00e0 ottimale, mentre all&#8217;esterno un&#8217;illuminazione amica degli insetti con 3.000 Kelvin evita l&#8217;inquinamento luminoso. Ogni anno, il centro logistico GROUP7 di Amburgo risparmier\u00e0 circa 850.000 kWh di energia rispetto a un edificio di riferimento. Questo corrisponde all&#8217;incirca al consumo annuale di 14.000 frigoriferi. <br \/>Foto: \u00a9 GROUP7<\/p>\n","protected":false},"excerpt":{"rendered":"<p>175 ospiti hanno accolto l&#8217;invito in occasione della cerimonia di posa della prima pietra del nuovo centro logistico GROUP7 alla fine della scorsa settimana. Il moderno<span class=\"excerpt-hellip\"> [\u2026]<\/span><\/p>\n","protected":false},"author":0,"featured_media":9926,"comment_status":"open","ping_status":"open","sticky":false,"template":"","format":"standard","meta":{"_acf_changed":false,"footnotes":""},"categories":[1557,1560,1561],"tags":[],"class_list":["post-57203","post","type-post","status-publish","format-standard","has-post-thumbnail","hentry","category-forwarding-logistics","category-intralogistics","category-regions"],"acf":[],"yoast_head":"<!-- This site is optimized with the Yoast SEO plugin v27.3 - https:\/\/yoast.com\/product\/yoast-seo-wordpress\/ -->\n<title>Il centro logistico GROUP7 di Amburgo festeggia la cerimonia di posa della prima pietra - Loginfo24<\/title>\n<meta name=\"robots\" content=\"index, follow, max-snippet:-1, max-image-preview:large, max-video-preview:-1\" \/>\n<link rel=\"canonical\" href=\"https:\/\/loginfo24.com\/it\/2022\/06\/28\/il-centro-logistico-group7-di-amburgo-festeggia-la-cerimonia-di-posa-della-prima-pietra\/\" \/>\n<meta property=\"og:locale\" content=\"it_IT\" \/>\n<meta property=\"og:type\" content=\"article\" \/>\n<meta property=\"og:title\" content=\"Il centro logistico GROUP7 di Amburgo festeggia la cerimonia di posa della prima pietra - Loginfo24\" \/>\n<meta property=\"og:description\" content=\"175 ospiti hanno accolto l&#8217;invito in occasione della cerimonia di posa della prima pietra del nuovo centro logistico GROUP7 alla fine della scorsa settimana. Il moderno [\u2026]\" \/>\n<meta property=\"og:url\" content=\"https:\/\/loginfo24.com\/it\/2022\/06\/28\/il-centro-logistico-group7-di-amburgo-festeggia-la-cerimonia-di-posa-della-prima-pietra\/\" \/>\n<meta property=\"og:site_name\" content=\"Loginfo24\" \/>\n<meta property=\"article:publisher\" content=\"https:\/\/www.facebook.com\/people\/Loginfo24\/100057360583332\/\" \/>\n<meta property=\"article:published_time\" content=\"2022-06-28T13:45:44+00:00\" \/>\n<meta property=\"og:image\" content=\"https:\/\/loginfo24.com\/wp-content\/uploads\/sites\/7\/2025\/12\/Group7_29.06.2022-scaled-1.jpg\" \/>\n\t<meta property=\"og:image:width\" content=\"2560\" \/>\n\t<meta property=\"og:image:height\" content=\"1558\" \/>\n\t<meta property=\"og:image:type\" content=\"image\/jpeg\" \/>\n<meta name=\"twitter:card\" content=\"summary_large_image\" \/>\n<meta name=\"twitter:label1\" content=\"Tempo di lettura stimato\" \/>\n\t<meta name=\"twitter:data1\" content=\"3 minuto\" \/>\n<script type=\"application\/ld+json\" class=\"yoast-schema-graph\">{\"@context\":\"https:\\\/\\\/schema.org\",\"@graph\":[{\"@type\":\"Article\",\"@id\":\"https:\\\/\\\/loginfo24.com\\\/it\\\/2022\\\/06\\\/28\\\/il-centro-logistico-group7-di-amburgo-festeggia-la-cerimonia-di-posa-della-prima-pietra\\\/#article\",\"isPartOf\":{\"@id\":\"https:\\\/\\\/loginfo24.com\\\/it\\\/2022\\\/06\\\/28\\\/il-centro-logistico-group7-di-amburgo-festeggia-la-cerimonia-di-posa-della-prima-pietra\\\/\"},\"author\":{\"name\":\"\",\"@id\":\"\"},\"headline\":\"Il centro logistico GROUP7 di Amburgo festeggia la cerimonia di posa della prima pietra\",\"datePublished\":\"2022-06-28T13:45:44+00:00\",\"mainEntityOfPage\":{\"@id\":\"https:\\\/\\\/loginfo24.com\\\/it\\\/2022\\\/06\\\/28\\\/il-centro-logistico-group7-di-amburgo-festeggia-la-cerimonia-di-posa-della-prima-pietra\\\/\"},\"wordCount\":572,\"commentCount\":0,\"publisher\":{\"@id\":\"https:\\\/\\\/loginfo24.com\\\/it\\\/#organization\"},\"image\":{\"@id\":\"https:\\\/\\\/loginfo24.com\\\/it\\\/2022\\\/06\\\/28\\\/il-centro-logistico-group7-di-amburgo-festeggia-la-cerimonia-di-posa-della-prima-pietra\\\/#primaryimage\"},\"thumbnailUrl\":\"https:\\\/\\\/loginfo24.com\\\/wp-content\\\/uploads\\\/sites\\\/7\\\/2025\\\/12\\\/Group7_29.06.2022-scaled-1.jpg\",\"articleSection\":[\"Forwarding &amp; Logistics\",\"Intralogistics\",\"Regions\"],\"inLanguage\":\"it-IT\",\"potentialAction\":[{\"@type\":\"CommentAction\",\"name\":\"Comment\",\"target\":[\"https:\\\/\\\/loginfo24.com\\\/it\\\/2022\\\/06\\\/28\\\/il-centro-logistico-group7-di-amburgo-festeggia-la-cerimonia-di-posa-della-prima-pietra\\\/#respond\"]}]},{\"@type\":\"WebPage\",\"@id\":\"https:\\\/\\\/loginfo24.com\\\/it\\\/2022\\\/06\\\/28\\\/il-centro-logistico-group7-di-amburgo-festeggia-la-cerimonia-di-posa-della-prima-pietra\\\/\",\"url\":\"https:\\\/\\\/loginfo24.com\\\/it\\\/2022\\\/06\\\/28\\\/il-centro-logistico-group7-di-amburgo-festeggia-la-cerimonia-di-posa-della-prima-pietra\\\/\",\"name\":\"Il centro logistico GROUP7 di Amburgo festeggia la cerimonia di posa della prima pietra - Loginfo24\",\"isPartOf\":{\"@id\":\"https:\\\/\\\/loginfo24.com\\\/it\\\/#website\"},\"primaryImageOfPage\":{\"@id\":\"https:\\\/\\\/loginfo24.com\\\/it\\\/2022\\\/06\\\/28\\\/il-centro-logistico-group7-di-amburgo-festeggia-la-cerimonia-di-posa-della-prima-pietra\\\/#primaryimage\"},\"image\":{\"@id\":\"https:\\\/\\\/loginfo24.com\\\/it\\\/2022\\\/06\\\/28\\\/il-centro-logistico-group7-di-amburgo-festeggia-la-cerimonia-di-posa-della-prima-pietra\\\/#primaryimage\"},\"thumbnailUrl\":\"https:\\\/\\\/loginfo24.com\\\/wp-content\\\/uploads\\\/sites\\\/7\\\/2025\\\/12\\\/Group7_29.06.2022-scaled-1.jpg\",\"datePublished\":\"2022-06-28T13:45:44+00:00\",\"breadcrumb\":{\"@id\":\"https:\\\/\\\/loginfo24.com\\\/it\\\/2022\\\/06\\\/28\\\/il-centro-logistico-group7-di-amburgo-festeggia-la-cerimonia-di-posa-della-prima-pietra\\\/#breadcrumb\"},\"inLanguage\":\"it-IT\",\"potentialAction\":[{\"@type\":\"ReadAction\",\"target\":[\"https:\\\/\\\/loginfo24.com\\\/it\\\/2022\\\/06\\\/28\\\/il-centro-logistico-group7-di-amburgo-festeggia-la-cerimonia-di-posa-della-prima-pietra\\\/\"]}]},{\"@type\":\"ImageObject\",\"inLanguage\":\"it-IT\",\"@id\":\"https:\\\/\\\/loginfo24.com\\\/it\\\/2022\\\/06\\\/28\\\/il-centro-logistico-group7-di-amburgo-festeggia-la-cerimonia-di-posa-della-prima-pietra\\\/#primaryimage\",\"url\":\"https:\\\/\\\/loginfo24.com\\\/wp-content\\\/uploads\\\/sites\\\/7\\\/2025\\\/12\\\/Group7_29.06.2022-scaled-1.jpg\",\"contentUrl\":\"https:\\\/\\\/loginfo24.com\\\/wp-content\\\/uploads\\\/sites\\\/7\\\/2025\\\/12\\\/Group7_29.06.2022-scaled-1.jpg\",\"width\":2560,\"height\":1558},{\"@type\":\"BreadcrumbList\",\"@id\":\"https:\\\/\\\/loginfo24.com\\\/it\\\/2022\\\/06\\\/28\\\/il-centro-logistico-group7-di-amburgo-festeggia-la-cerimonia-di-posa-della-prima-pietra\\\/#breadcrumb\",\"itemListElement\":[{\"@type\":\"ListItem\",\"position\":1,\"name\":\"Startseite\",\"item\":\"https:\\\/\\\/loginfo24.com\\\/it\\\/\"},{\"@type\":\"ListItem\",\"position\":2,\"name\":\"Il centro logistico GROUP7 di Amburgo festeggia la cerimonia di posa della prima pietra\"}]},{\"@type\":\"WebSite\",\"@id\":\"https:\\\/\\\/loginfo24.com\\\/it\\\/#website\",\"url\":\"https:\\\/\\\/loginfo24.com\\\/it\\\/\",\"name\":\"Loginfo24\",\"description\":\"Loginfo24 \u00e8 la piattaforma dedicata alla logistica e alle catene di fornitura con informazioni disponibili 24 ore su 24.\",\"publisher\":{\"@id\":\"https:\\\/\\\/loginfo24.com\\\/it\\\/#organization\"},\"potentialAction\":[{\"@type\":\"SearchAction\",\"target\":{\"@type\":\"EntryPoint\",\"urlTemplate\":\"https:\\\/\\\/loginfo24.com\\\/it\\\/?s={search_term_string}\"},\"query-input\":{\"@type\":\"PropertyValueSpecification\",\"valueRequired\":true,\"valueName\":\"search_term_string\"}}],\"inLanguage\":\"it-IT\"},{\"@type\":\"Organization\",\"@id\":\"https:\\\/\\\/loginfo24.com\\\/it\\\/#organization\",\"name\":\"Logismedia Group AG\",\"url\":\"https:\\\/\\\/loginfo24.com\\\/it\\\/\",\"logo\":{\"@type\":\"ImageObject\",\"inLanguage\":\"it-IT\",\"@id\":\"https:\\\/\\\/loginfo24.com\\\/it\\\/#\\\/schema\\\/logo\\\/image\\\/\",\"url\":\"https:\\\/\\\/loginfo24.com\\\/wp-content\\\/uploads\\\/sites\\\/7\\\/2026\\\/01\\\/Logo_LogInfo24.png\",\"contentUrl\":\"https:\\\/\\\/loginfo24.com\\\/wp-content\\\/uploads\\\/sites\\\/7\\\/2026\\\/01\\\/Logo_LogInfo24.png\",\"width\":938,\"height\":351,\"caption\":\"Logismedia Group AG\"},\"image\":{\"@id\":\"https:\\\/\\\/loginfo24.com\\\/it\\\/#\\\/schema\\\/logo\\\/image\\\/\"},\"sameAs\":[\"https:\\\/\\\/www.facebook.com\\\/people\\\/Loginfo24\\\/100057360583332\\\/\",\"https:\\\/\\\/www.linkedin.com\\\/company\\\/lofinfo24\\\/\"]}]}<\/script>\n<!-- \/ Yoast SEO plugin. -->","yoast_head_json":{"title":"Il centro logistico GROUP7 di Amburgo festeggia la cerimonia di posa della prima pietra - Loginfo24","robots":{"index":"index","follow":"follow","max-snippet":"max-snippet:-1","max-image-preview":"max-image-preview:large","max-video-preview":"max-video-preview:-1"},"canonical":"https:\/\/loginfo24.com\/it\/2022\/06\/28\/il-centro-logistico-group7-di-amburgo-festeggia-la-cerimonia-di-posa-della-prima-pietra\/","og_locale":"it_IT","og_type":"article","og_title":"Il centro logistico GROUP7 di Amburgo festeggia la cerimonia di posa della prima pietra - Loginfo24","og_description":"175 ospiti hanno accolto l&#8217;invito in occasione della cerimonia di posa della prima pietra del nuovo centro logistico GROUP7 alla fine della scorsa settimana. Il moderno [\u2026]","og_url":"https:\/\/loginfo24.com\/it\/2022\/06\/28\/il-centro-logistico-group7-di-amburgo-festeggia-la-cerimonia-di-posa-della-prima-pietra\/","og_site_name":"Loginfo24","article_publisher":"https:\/\/www.facebook.com\/people\/Loginfo24\/100057360583332\/","article_published_time":"2022-06-28T13:45:44+00:00","og_image":[{"width":2560,"height":1558,"url":"https:\/\/loginfo24.com\/wp-content\/uploads\/sites\/7\/2025\/12\/Group7_29.06.2022-scaled-1.jpg","type":"image\/jpeg"}],"twitter_card":"summary_large_image","twitter_misc":{"Tempo di lettura stimato":"3 minuto"},"schema":{"@context":"https:\/\/schema.org","@graph":[{"@type":"Article","@id":"https:\/\/loginfo24.com\/it\/2022\/06\/28\/il-centro-logistico-group7-di-amburgo-festeggia-la-cerimonia-di-posa-della-prima-pietra\/#article","isPartOf":{"@id":"https:\/\/loginfo24.com\/it\/2022\/06\/28\/il-centro-logistico-group7-di-amburgo-festeggia-la-cerimonia-di-posa-della-prima-pietra\/"},"author":{"name":"","@id":""},"headline":"Il centro logistico GROUP7 di Amburgo festeggia la cerimonia di posa della prima pietra","datePublished":"2022-06-28T13:45:44+00:00","mainEntityOfPage":{"@id":"https:\/\/loginfo24.com\/it\/2022\/06\/28\/il-centro-logistico-group7-di-amburgo-festeggia-la-cerimonia-di-posa-della-prima-pietra\/"},"wordCount":572,"commentCount":0,"publisher":{"@id":"https:\/\/loginfo24.com\/it\/#organization"},"image":{"@id":"https:\/\/loginfo24.com\/it\/2022\/06\/28\/il-centro-logistico-group7-di-amburgo-festeggia-la-cerimonia-di-posa-della-prima-pietra\/#primaryimage"},"thumbnailUrl":"https:\/\/loginfo24.com\/wp-content\/uploads\/sites\/7\/2025\/12\/Group7_29.06.2022-scaled-1.jpg","articleSection":["Forwarding &amp; Logistics","Intralogistics","Regions"],"inLanguage":"it-IT","potentialAction":[{"@type":"CommentAction","name":"Comment","target":["https:\/\/loginfo24.com\/it\/2022\/06\/28\/il-centro-logistico-group7-di-amburgo-festeggia-la-cerimonia-di-posa-della-prima-pietra\/#respond"]}]},{"@type":"WebPage","@id":"https:\/\/loginfo24.com\/it\/2022\/06\/28\/il-centro-logistico-group7-di-amburgo-festeggia-la-cerimonia-di-posa-della-prima-pietra\/","url":"https:\/\/loginfo24.com\/it\/2022\/06\/28\/il-centro-logistico-group7-di-amburgo-festeggia-la-cerimonia-di-posa-della-prima-pietra\/","name":"Il centro logistico GROUP7 di Amburgo festeggia la cerimonia di posa della prima pietra - Loginfo24","isPartOf":{"@id":"https:\/\/loginfo24.com\/it\/#website"},"primaryImageOfPage":{"@id":"https:\/\/loginfo24.com\/it\/2022\/06\/28\/il-centro-logistico-group7-di-amburgo-festeggia-la-cerimonia-di-posa-della-prima-pietra\/#primaryimage"},"image":{"@id":"https:\/\/loginfo24.com\/it\/2022\/06\/28\/il-centro-logistico-group7-di-amburgo-festeggia-la-cerimonia-di-posa-della-prima-pietra\/#primaryimage"},"thumbnailUrl":"https:\/\/loginfo24.com\/wp-content\/uploads\/sites\/7\/2025\/12\/Group7_29.06.2022-scaled-1.jpg","datePublished":"2022-06-28T13:45:44+00:00","breadcrumb":{"@id":"https:\/\/loginfo24.com\/it\/2022\/06\/28\/il-centro-logistico-group7-di-amburgo-festeggia-la-cerimonia-di-posa-della-prima-pietra\/#breadcrumb"},"inLanguage":"it-IT","potentialAction":[{"@type":"ReadAction","target":["https:\/\/loginfo24.com\/it\/2022\/06\/28\/il-centro-logistico-group7-di-amburgo-festeggia-la-cerimonia-di-posa-della-prima-pietra\/"]}]},{"@type":"ImageObject","inLanguage":"it-IT","@id":"https:\/\/loginfo24.com\/it\/2022\/06\/28\/il-centro-logistico-group7-di-amburgo-festeggia-la-cerimonia-di-posa-della-prima-pietra\/#primaryimage","url":"https:\/\/loginfo24.com\/wp-content\/uploads\/sites\/7\/2025\/12\/Group7_29.06.2022-scaled-1.jpg","contentUrl":"https:\/\/loginfo24.com\/wp-content\/uploads\/sites\/7\/2025\/12\/Group7_29.06.2022-scaled-1.jpg","width":2560,"height":1558},{"@type":"BreadcrumbList","@id":"https:\/\/loginfo24.com\/it\/2022\/06\/28\/il-centro-logistico-group7-di-amburgo-festeggia-la-cerimonia-di-posa-della-prima-pietra\/#breadcrumb","itemListElement":[{"@type":"ListItem","position":1,"name":"Startseite","item":"https:\/\/loginfo24.com\/it\/"},{"@type":"ListItem","position":2,"name":"Il centro logistico GROUP7 di Amburgo festeggia la cerimonia di posa della prima pietra"}]},{"@type":"WebSite","@id":"https:\/\/loginfo24.com\/it\/#website","url":"https:\/\/loginfo24.com\/it\/","name":"Loginfo24","description":"Loginfo24 \u00e8 la piattaforma dedicata alla logistica e alle catene di fornitura con informazioni disponibili 24 ore su 24.","publisher":{"@id":"https:\/\/loginfo24.com\/it\/#organization"},"potentialAction":[{"@type":"SearchAction","target":{"@type":"EntryPoint","urlTemplate":"https:\/\/loginfo24.com\/it\/?s={search_term_string}"},"query-input":{"@type":"PropertyValueSpecification","valueRequired":true,"valueName":"search_term_string"}}],"inLanguage":"it-IT"},{"@type":"Organization","@id":"https:\/\/loginfo24.com\/it\/#organization","name":"Logismedia Group AG","url":"https:\/\/loginfo24.com\/it\/","logo":{"@type":"ImageObject","inLanguage":"it-IT","@id":"https:\/\/loginfo24.com\/it\/#\/schema\/logo\/image\/","url":"https:\/\/loginfo24.com\/wp-content\/uploads\/sites\/7\/2026\/01\/Logo_LogInfo24.png","contentUrl":"https:\/\/loginfo24.com\/wp-content\/uploads\/sites\/7\/2026\/01\/Logo_LogInfo24.png","width":938,"height":351,"caption":"Logismedia Group AG"},"image":{"@id":"https:\/\/loginfo24.com\/it\/#\/schema\/logo\/image\/"},"sameAs":["https:\/\/www.facebook.com\/people\/Loginfo24\/100057360583332\/","https:\/\/www.linkedin.com\/company\/lofinfo24\/"]}]}},"_links":{"self":[{"href":"https:\/\/loginfo24.com\/it\/wp-json\/wp\/v2\/posts\/57203","targetHints":{"allow":["GET"]}}],"collection":[{"href":"https:\/\/loginfo24.com\/it\/wp-json\/wp\/v2\/posts"}],"about":[{"href":"https:\/\/loginfo24.com\/it\/wp-json\/wp\/v2\/types\/post"}],"replies":[{"embeddable":true,"href":"https:\/\/loginfo24.com\/it\/wp-json\/wp\/v2\/comments?post=57203"}],"version-history":[{"count":0,"href":"https:\/\/loginfo24.com\/it\/wp-json\/wp\/v2\/posts\/57203\/revisions"}],"wp:featuredmedia":[{"embeddable":true,"href":"https:\/\/loginfo24.com\/it\/wp-json\/wp\/v2\/media\/9926"}],"wp:attachment":[{"href":"https:\/\/loginfo24.com\/it\/wp-json\/wp\/v2\/media?parent=57203"}],"wp:term":[{"taxonomy":"category","embeddable":true,"href":"https:\/\/loginfo24.com\/it\/wp-json\/wp\/v2\/categories?post=57203"},{"taxonomy":"post_tag","embeddable":true,"href":"https:\/\/loginfo24.com\/it\/wp-json\/wp\/v2\/tags?post=57203"}],"curies":[{"name":"wp","href":"https:\/\/api.w.org\/{rel}","templated":true}]}}