{"id":56853,"date":"2022-06-09T20:20:59","date_gmt":"2022-06-09T18:20:59","guid":{"rendered":"https:\/\/blog.brand-architecture.at\/2022\/06\/09\/dvf-il-settore-dei-trasporti-vuole-attuare-ambiziosi-obiettivi-climatici-dellue\/"},"modified":"2022-06-09T20:20:59","modified_gmt":"2022-06-09T18:20:59","slug":"dvf-il-settore-dei-trasporti-vuole-attuare-ambiziosi-obiettivi-climatici-dellue","status":"publish","type":"post","link":"https:\/\/loginfo24.com\/it\/2022\/06\/09\/dvf-il-settore-dei-trasporti-vuole-attuare-ambiziosi-obiettivi-climatici-dellue\/","title":{"rendered":"DVF: Il settore dei trasporti vuole attuare ambiziosi obiettivi climatici dell&#8217;UE"},"content":{"rendered":"<h5><strong>Il Parlamento europeo ha votato ieri su una parte del pacchetto di protezione climatica &#8220;Fit for 55&#8221;. A questo proposito, la direttrice del Forum tedesco dei trasporti (DVF) Dr. Heike van Hoorn ha dichiarato: &#8220;Il settore dei trasporti desidera una protezione climatica ambiziosa. La necessaria transizione dei motori e dei carburanti deve essere attuata in un tempo estremamente breve. Ci\u00f2 che abbiamo visto finora dal Parlamento europeo e dal Consiglio non soddisfa questa richiesta. Abbiamo bisogno di maggiore determinazione nelle condizioni quadro necessarie e di una regolamentazione equa.&#8221;<\/strong><\/h5>\n<p>(Berlino) Il rapporto principale sullo sviluppo del sistema europeo di scambio di emissioni non ha trovato maggioranza in aula. Attualmente mancano quindi anche le delibere necessarie per includere il traffico stradale e marittimo nel sistema di scambio di emissioni. Van Hoorn: &#8220;Ci rammarichiamo per questo e chiediamo al Parlamento di recuperare le delibere. L&#8217;Europa ha bisogno di una tassazione efficace del CO2.&#8221;<\/p>\n<h5><strong>Settore dell&#8217;aviazione<\/strong><\/h5>\n<p>Al contrario, il Parlamento europeo intende porre fine gi\u00e0 nel 2025 all&#8217;assegnazione libera di certificati nel settore aereo, includendo i voli a lungo raggio dagli aeroporti dell&#8217;UE e le emissioni non-CO2 nel sistema di scambio di emissioni. &#8220;In questo caso, il Parlamento considera troppo poco le conseguenze economiche per un settore dei trasporti che opera in un contesto di concorrenza globale&#8221;, afferma van Hoorn. &#8220;Nessuno trae beneficio dal fatto che indeboliamo l&#8217;innovativa industria aerea europea.&#8221;<\/p>\n<h5><strong>Auto e veicoli commerciali leggeri<\/strong><\/h5>\n<p>La situazione rimane molto impegnativa anche per il cambiamento dei motori nel traffico stradale. Per i limiti di emissione di CO2 per auto e veicoli commerciali leggeri, il Parlamento europeo si \u00e8 espresso a favore di una completa assenza di emissioni entro il 2035. Per la misurazione, si basano sulle emissioni allo scarico. Pertanto, mancherebbero punti di riferimento per l&#8217;uso di idrogeno verde e carburanti sintetici basati sull&#8217;elettricit\u00e0 nella regolamentazione.<\/p>\n<h5><strong>Infrastruttura<\/strong><\/h5>\n<p>Van Hoorn ha affrontato in questo contesto il regolamento per la costruzione dell&#8217;infrastruttura di rifornimento per carburanti alternativi AFIR: &#8220;Il ritmo della costruzione dell&#8217;infrastruttura attualmente non tiene il passo con il rafforzamento dei limiti di emissione. Questo riguarda in particolare la rete di ricarica per la mobilit\u00e0 elettrica, necessaria in tutte le citt\u00e0 e nelle aree di tutta Europa. Sfortunatamente, sembra che gli Stati membri stiano indebolendo gli obiettivi di espansione nel progetto di regolamento. Abbiamo bisogno di maggiore ambizione rispetto a quanto contenuto nella proposta della Commissione \u2013 non meno.&#8221;<\/p>\n<p>Il Parlamento europeo non ha ancora votato sull&#8217;AFIR. Per tutte le leggi, il Consiglio e il Parlamento devono raggiungere un accordo di contenuto affinch\u00e9 le proposte possano essere approvate.<\/p>\n<p>Il documento di posizione del DVF su &#8220;Fit for 55&#8221; affronta ulteriori raccomandazioni, tra cui i seguenti punti:<\/p>\n<ul>\n<li>rapida espansione della produzione di idrogeno e e-fuels per applicazioni nel settore dei trasporti, complementare alla mobilit\u00e0 elettrica a batteria<\/li>\n<li>quote per carburanti sostenibili e tassazione energetica in linea con le esigenze della concorrenza internazionale<\/li>\n<li>destinazione dei fondi dell&#8217;UE per la protezione climatica, ad esempio per il supporto finanziario di carburanti puliti, infrastrutture e innovazioni tecnologiche<\/li>\n<li>espansione del trasporto ferroviario, delle vie navigabili, del trasporto pubblico, della mobilit\u00e0 ciclistica e pedonale, nonch\u00e9 di nuove forme di mobilit\u00e0; espansione dei punti di interfaccia tra i mezzi di trasporto<\/li>\n<li>sostegno alla digitalizzazione e all&#8217;automazione nel settore dei trasporti<\/li>\n<li>accelerazione della pianificazione e della costruzione per un&#8217;infrastruttura di trasporto efficiente e sostenibile \u2013 allo stesso modo dell&#8217;infrastruttura per le energie rinnovabili<\/li>\n<\/ul>\n<p>Foto: \u00a9 DVF<\/p>\n","protected":false},"excerpt":{"rendered":"<p>Il Parlamento europeo ha votato ieri su una parte del pacchetto di protezione climatica &#8220;Fit for 55&#8221;. A questo proposito, la direttrice del Forum tedesco dei<span class=\"excerpt-hellip\"> [\u2026]<\/span><\/p>\n","protected":false},"author":0,"featured_media":10078,"comment_status":"open","ping_status":"open","sticky":false,"template":"","format":"standard","meta":{"_acf_changed":false,"footnotes":""},"categories":[1665,1557,1561],"tags":[],"class_list":["post-56853","post","type-post","status-publish","format-standard","has-post-thumbnail","hentry","category-categories","category-forwarding-logistics","category-regions"],"acf":[],"yoast_head":"<!-- This site is optimized with the Yoast SEO plugin v27.3 - https:\/\/yoast.com\/product\/yoast-seo-wordpress\/ -->\n<title>DVF: Il settore dei trasporti vuole attuare ambiziosi obiettivi climatici dell&#039;UE - Loginfo24<\/title>\n<meta name=\"robots\" content=\"index, follow, max-snippet:-1, max-image-preview:large, max-video-preview:-1\" \/>\n<link rel=\"canonical\" href=\"https:\/\/loginfo24.com\/it\/2022\/06\/09\/dvf-il-settore-dei-trasporti-vuole-attuare-ambiziosi-obiettivi-climatici-dellue\/\" \/>\n<meta property=\"og:locale\" content=\"it_IT\" \/>\n<meta property=\"og:type\" content=\"article\" \/>\n<meta property=\"og:title\" content=\"DVF: Il settore dei trasporti vuole attuare ambiziosi obiettivi climatici dell&#039;UE - Loginfo24\" \/>\n<meta property=\"og:description\" content=\"Il Parlamento europeo ha votato ieri su una parte del pacchetto di protezione climatica &#8220;Fit for 55&#8221;. A questo proposito, la direttrice del Forum tedesco dei [\u2026]\" \/>\n<meta property=\"og:url\" content=\"https:\/\/loginfo24.com\/it\/2022\/06\/09\/dvf-il-settore-dei-trasporti-vuole-attuare-ambiziosi-obiettivi-climatici-dellue\/\" \/>\n<meta property=\"og:site_name\" content=\"Loginfo24\" \/>\n<meta property=\"article:publisher\" content=\"https:\/\/www.facebook.com\/people\/Loginfo24\/100057360583332\/\" \/>\n<meta property=\"article:published_time\" content=\"2022-06-09T18:20:59+00:00\" \/>\n<meta property=\"og:image\" content=\"https:\/\/loginfo24.com\/wp-content\/uploads\/sites\/7\/2025\/12\/DVF_10.06.2022.jpg\" \/>\n\t<meta property=\"og:image:width\" content=\"744\" \/>\n\t<meta property=\"og:image:height\" content=\"489\" \/>\n\t<meta property=\"og:image:type\" content=\"image\/jpeg\" \/>\n<meta name=\"twitter:card\" content=\"summary_large_image\" \/>\n<meta name=\"twitter:label1\" content=\"Tempo di lettura stimato\" \/>\n\t<meta name=\"twitter:data1\" content=\"3 minuto\" \/>\n<script type=\"application\/ld+json\" class=\"yoast-schema-graph\">{\"@context\":\"https:\\\/\\\/schema.org\",\"@graph\":[{\"@type\":\"Article\",\"@id\":\"https:\\\/\\\/loginfo24.com\\\/it\\\/2022\\\/06\\\/09\\\/dvf-il-settore-dei-trasporti-vuole-attuare-ambiziosi-obiettivi-climatici-dellue\\\/#article\",\"isPartOf\":{\"@id\":\"https:\\\/\\\/loginfo24.com\\\/it\\\/2022\\\/06\\\/09\\\/dvf-il-settore-dei-trasporti-vuole-attuare-ambiziosi-obiettivi-climatici-dellue\\\/\"},\"author\":{\"name\":\"\",\"@id\":\"\"},\"headline\":\"DVF: Il settore dei trasporti vuole attuare ambiziosi obiettivi climatici dell&#8217;UE\",\"datePublished\":\"2022-06-09T18:20:59+00:00\",\"mainEntityOfPage\":{\"@id\":\"https:\\\/\\\/loginfo24.com\\\/it\\\/2022\\\/06\\\/09\\\/dvf-il-settore-dei-trasporti-vuole-attuare-ambiziosi-obiettivi-climatici-dellue\\\/\"},\"wordCount\":580,\"commentCount\":0,\"publisher\":{\"@id\":\"https:\\\/\\\/loginfo24.com\\\/it\\\/#organization\"},\"image\":{\"@id\":\"https:\\\/\\\/loginfo24.com\\\/it\\\/2022\\\/06\\\/09\\\/dvf-il-settore-dei-trasporti-vuole-attuare-ambiziosi-obiettivi-climatici-dellue\\\/#primaryimage\"},\"thumbnailUrl\":\"https:\\\/\\\/loginfo24.com\\\/wp-content\\\/uploads\\\/sites\\\/7\\\/2025\\\/12\\\/DVF_10.06.2022.jpg\",\"articleSection\":[\"Categories\",\"Forwarding &amp; Logistics\",\"Regions\"],\"inLanguage\":\"it-IT\",\"potentialAction\":[{\"@type\":\"CommentAction\",\"name\":\"Comment\",\"target\":[\"https:\\\/\\\/loginfo24.com\\\/it\\\/2022\\\/06\\\/09\\\/dvf-il-settore-dei-trasporti-vuole-attuare-ambiziosi-obiettivi-climatici-dellue\\\/#respond\"]}]},{\"@type\":\"WebPage\",\"@id\":\"https:\\\/\\\/loginfo24.com\\\/it\\\/2022\\\/06\\\/09\\\/dvf-il-settore-dei-trasporti-vuole-attuare-ambiziosi-obiettivi-climatici-dellue\\\/\",\"url\":\"https:\\\/\\\/loginfo24.com\\\/it\\\/2022\\\/06\\\/09\\\/dvf-il-settore-dei-trasporti-vuole-attuare-ambiziosi-obiettivi-climatici-dellue\\\/\",\"name\":\"DVF: Il settore dei trasporti vuole attuare ambiziosi obiettivi climatici dell'UE - Loginfo24\",\"isPartOf\":{\"@id\":\"https:\\\/\\\/loginfo24.com\\\/it\\\/#website\"},\"primaryImageOfPage\":{\"@id\":\"https:\\\/\\\/loginfo24.com\\\/it\\\/2022\\\/06\\\/09\\\/dvf-il-settore-dei-trasporti-vuole-attuare-ambiziosi-obiettivi-climatici-dellue\\\/#primaryimage\"},\"image\":{\"@id\":\"https:\\\/\\\/loginfo24.com\\\/it\\\/2022\\\/06\\\/09\\\/dvf-il-settore-dei-trasporti-vuole-attuare-ambiziosi-obiettivi-climatici-dellue\\\/#primaryimage\"},\"thumbnailUrl\":\"https:\\\/\\\/loginfo24.com\\\/wp-content\\\/uploads\\\/sites\\\/7\\\/2025\\\/12\\\/DVF_10.06.2022.jpg\",\"datePublished\":\"2022-06-09T18:20:59+00:00\",\"breadcrumb\":{\"@id\":\"https:\\\/\\\/loginfo24.com\\\/it\\\/2022\\\/06\\\/09\\\/dvf-il-settore-dei-trasporti-vuole-attuare-ambiziosi-obiettivi-climatici-dellue\\\/#breadcrumb\"},\"inLanguage\":\"it-IT\",\"potentialAction\":[{\"@type\":\"ReadAction\",\"target\":[\"https:\\\/\\\/loginfo24.com\\\/it\\\/2022\\\/06\\\/09\\\/dvf-il-settore-dei-trasporti-vuole-attuare-ambiziosi-obiettivi-climatici-dellue\\\/\"]}]},{\"@type\":\"ImageObject\",\"inLanguage\":\"it-IT\",\"@id\":\"https:\\\/\\\/loginfo24.com\\\/it\\\/2022\\\/06\\\/09\\\/dvf-il-settore-dei-trasporti-vuole-attuare-ambiziosi-obiettivi-climatici-dellue\\\/#primaryimage\",\"url\":\"https:\\\/\\\/loginfo24.com\\\/wp-content\\\/uploads\\\/sites\\\/7\\\/2025\\\/12\\\/DVF_10.06.2022.jpg\",\"contentUrl\":\"https:\\\/\\\/loginfo24.com\\\/wp-content\\\/uploads\\\/sites\\\/7\\\/2025\\\/12\\\/DVF_10.06.2022.jpg\",\"width\":744,\"height\":489},{\"@type\":\"BreadcrumbList\",\"@id\":\"https:\\\/\\\/loginfo24.com\\\/it\\\/2022\\\/06\\\/09\\\/dvf-il-settore-dei-trasporti-vuole-attuare-ambiziosi-obiettivi-climatici-dellue\\\/#breadcrumb\",\"itemListElement\":[{\"@type\":\"ListItem\",\"position\":1,\"name\":\"Startseite\",\"item\":\"https:\\\/\\\/loginfo24.com\\\/it\\\/\"},{\"@type\":\"ListItem\",\"position\":2,\"name\":\"DVF: Il settore dei trasporti vuole attuare ambiziosi obiettivi climatici dell&#8217;UE\"}]},{\"@type\":\"WebSite\",\"@id\":\"https:\\\/\\\/loginfo24.com\\\/it\\\/#website\",\"url\":\"https:\\\/\\\/loginfo24.com\\\/it\\\/\",\"name\":\"Loginfo24\",\"description\":\"Loginfo24 \u00e8 la piattaforma dedicata alla logistica e alle catene di fornitura con informazioni disponibili 24 ore su 24.\",\"publisher\":{\"@id\":\"https:\\\/\\\/loginfo24.com\\\/it\\\/#organization\"},\"potentialAction\":[{\"@type\":\"SearchAction\",\"target\":{\"@type\":\"EntryPoint\",\"urlTemplate\":\"https:\\\/\\\/loginfo24.com\\\/it\\\/?s={search_term_string}\"},\"query-input\":{\"@type\":\"PropertyValueSpecification\",\"valueRequired\":true,\"valueName\":\"search_term_string\"}}],\"inLanguage\":\"it-IT\"},{\"@type\":\"Organization\",\"@id\":\"https:\\\/\\\/loginfo24.com\\\/it\\\/#organization\",\"name\":\"Logismedia Group AG\",\"url\":\"https:\\\/\\\/loginfo24.com\\\/it\\\/\",\"logo\":{\"@type\":\"ImageObject\",\"inLanguage\":\"it-IT\",\"@id\":\"https:\\\/\\\/loginfo24.com\\\/it\\\/#\\\/schema\\\/logo\\\/image\\\/\",\"url\":\"https:\\\/\\\/loginfo24.com\\\/wp-content\\\/uploads\\\/sites\\\/7\\\/2026\\\/01\\\/Logo_LogInfo24.png\",\"contentUrl\":\"https:\\\/\\\/loginfo24.com\\\/wp-content\\\/uploads\\\/sites\\\/7\\\/2026\\\/01\\\/Logo_LogInfo24.png\",\"width\":938,\"height\":351,\"caption\":\"Logismedia Group AG\"},\"image\":{\"@id\":\"https:\\\/\\\/loginfo24.com\\\/it\\\/#\\\/schema\\\/logo\\\/image\\\/\"},\"sameAs\":[\"https:\\\/\\\/www.facebook.com\\\/people\\\/Loginfo24\\\/100057360583332\\\/\",\"https:\\\/\\\/www.linkedin.com\\\/company\\\/lofinfo24\\\/\"]}]}<\/script>\n<!-- \/ Yoast SEO plugin. -->","yoast_head_json":{"title":"DVF: Il settore dei trasporti vuole attuare ambiziosi obiettivi climatici dell'UE - Loginfo24","robots":{"index":"index","follow":"follow","max-snippet":"max-snippet:-1","max-image-preview":"max-image-preview:large","max-video-preview":"max-video-preview:-1"},"canonical":"https:\/\/loginfo24.com\/it\/2022\/06\/09\/dvf-il-settore-dei-trasporti-vuole-attuare-ambiziosi-obiettivi-climatici-dellue\/","og_locale":"it_IT","og_type":"article","og_title":"DVF: Il settore dei trasporti vuole attuare ambiziosi obiettivi climatici dell'UE - Loginfo24","og_description":"Il Parlamento europeo ha votato ieri su una parte del pacchetto di protezione climatica &#8220;Fit for 55&#8221;. A questo proposito, la direttrice del Forum tedesco dei [\u2026]","og_url":"https:\/\/loginfo24.com\/it\/2022\/06\/09\/dvf-il-settore-dei-trasporti-vuole-attuare-ambiziosi-obiettivi-climatici-dellue\/","og_site_name":"Loginfo24","article_publisher":"https:\/\/www.facebook.com\/people\/Loginfo24\/100057360583332\/","article_published_time":"2022-06-09T18:20:59+00:00","og_image":[{"width":744,"height":489,"url":"https:\/\/loginfo24.com\/wp-content\/uploads\/sites\/7\/2025\/12\/DVF_10.06.2022.jpg","type":"image\/jpeg"}],"twitter_card":"summary_large_image","twitter_misc":{"Tempo di lettura stimato":"3 minuto"},"schema":{"@context":"https:\/\/schema.org","@graph":[{"@type":"Article","@id":"https:\/\/loginfo24.com\/it\/2022\/06\/09\/dvf-il-settore-dei-trasporti-vuole-attuare-ambiziosi-obiettivi-climatici-dellue\/#article","isPartOf":{"@id":"https:\/\/loginfo24.com\/it\/2022\/06\/09\/dvf-il-settore-dei-trasporti-vuole-attuare-ambiziosi-obiettivi-climatici-dellue\/"},"author":{"name":"","@id":""},"headline":"DVF: Il settore dei trasporti vuole attuare ambiziosi obiettivi climatici dell&#8217;UE","datePublished":"2022-06-09T18:20:59+00:00","mainEntityOfPage":{"@id":"https:\/\/loginfo24.com\/it\/2022\/06\/09\/dvf-il-settore-dei-trasporti-vuole-attuare-ambiziosi-obiettivi-climatici-dellue\/"},"wordCount":580,"commentCount":0,"publisher":{"@id":"https:\/\/loginfo24.com\/it\/#organization"},"image":{"@id":"https:\/\/loginfo24.com\/it\/2022\/06\/09\/dvf-il-settore-dei-trasporti-vuole-attuare-ambiziosi-obiettivi-climatici-dellue\/#primaryimage"},"thumbnailUrl":"https:\/\/loginfo24.com\/wp-content\/uploads\/sites\/7\/2025\/12\/DVF_10.06.2022.jpg","articleSection":["Categories","Forwarding &amp; Logistics","Regions"],"inLanguage":"it-IT","potentialAction":[{"@type":"CommentAction","name":"Comment","target":["https:\/\/loginfo24.com\/it\/2022\/06\/09\/dvf-il-settore-dei-trasporti-vuole-attuare-ambiziosi-obiettivi-climatici-dellue\/#respond"]}]},{"@type":"WebPage","@id":"https:\/\/loginfo24.com\/it\/2022\/06\/09\/dvf-il-settore-dei-trasporti-vuole-attuare-ambiziosi-obiettivi-climatici-dellue\/","url":"https:\/\/loginfo24.com\/it\/2022\/06\/09\/dvf-il-settore-dei-trasporti-vuole-attuare-ambiziosi-obiettivi-climatici-dellue\/","name":"DVF: Il settore dei trasporti vuole attuare ambiziosi obiettivi climatici dell'UE - Loginfo24","isPartOf":{"@id":"https:\/\/loginfo24.com\/it\/#website"},"primaryImageOfPage":{"@id":"https:\/\/loginfo24.com\/it\/2022\/06\/09\/dvf-il-settore-dei-trasporti-vuole-attuare-ambiziosi-obiettivi-climatici-dellue\/#primaryimage"},"image":{"@id":"https:\/\/loginfo24.com\/it\/2022\/06\/09\/dvf-il-settore-dei-trasporti-vuole-attuare-ambiziosi-obiettivi-climatici-dellue\/#primaryimage"},"thumbnailUrl":"https:\/\/loginfo24.com\/wp-content\/uploads\/sites\/7\/2025\/12\/DVF_10.06.2022.jpg","datePublished":"2022-06-09T18:20:59+00:00","breadcrumb":{"@id":"https:\/\/loginfo24.com\/it\/2022\/06\/09\/dvf-il-settore-dei-trasporti-vuole-attuare-ambiziosi-obiettivi-climatici-dellue\/#breadcrumb"},"inLanguage":"it-IT","potentialAction":[{"@type":"ReadAction","target":["https:\/\/loginfo24.com\/it\/2022\/06\/09\/dvf-il-settore-dei-trasporti-vuole-attuare-ambiziosi-obiettivi-climatici-dellue\/"]}]},{"@type":"ImageObject","inLanguage":"it-IT","@id":"https:\/\/loginfo24.com\/it\/2022\/06\/09\/dvf-il-settore-dei-trasporti-vuole-attuare-ambiziosi-obiettivi-climatici-dellue\/#primaryimage","url":"https:\/\/loginfo24.com\/wp-content\/uploads\/sites\/7\/2025\/12\/DVF_10.06.2022.jpg","contentUrl":"https:\/\/loginfo24.com\/wp-content\/uploads\/sites\/7\/2025\/12\/DVF_10.06.2022.jpg","width":744,"height":489},{"@type":"BreadcrumbList","@id":"https:\/\/loginfo24.com\/it\/2022\/06\/09\/dvf-il-settore-dei-trasporti-vuole-attuare-ambiziosi-obiettivi-climatici-dellue\/#breadcrumb","itemListElement":[{"@type":"ListItem","position":1,"name":"Startseite","item":"https:\/\/loginfo24.com\/it\/"},{"@type":"ListItem","position":2,"name":"DVF: Il settore dei trasporti vuole attuare ambiziosi obiettivi climatici dell&#8217;UE"}]},{"@type":"WebSite","@id":"https:\/\/loginfo24.com\/it\/#website","url":"https:\/\/loginfo24.com\/it\/","name":"Loginfo24","description":"Loginfo24 \u00e8 la piattaforma dedicata alla logistica e alle catene di fornitura con informazioni disponibili 24 ore su 24.","publisher":{"@id":"https:\/\/loginfo24.com\/it\/#organization"},"potentialAction":[{"@type":"SearchAction","target":{"@type":"EntryPoint","urlTemplate":"https:\/\/loginfo24.com\/it\/?s={search_term_string}"},"query-input":{"@type":"PropertyValueSpecification","valueRequired":true,"valueName":"search_term_string"}}],"inLanguage":"it-IT"},{"@type":"Organization","@id":"https:\/\/loginfo24.com\/it\/#organization","name":"Logismedia Group AG","url":"https:\/\/loginfo24.com\/it\/","logo":{"@type":"ImageObject","inLanguage":"it-IT","@id":"https:\/\/loginfo24.com\/it\/#\/schema\/logo\/image\/","url":"https:\/\/loginfo24.com\/wp-content\/uploads\/sites\/7\/2026\/01\/Logo_LogInfo24.png","contentUrl":"https:\/\/loginfo24.com\/wp-content\/uploads\/sites\/7\/2026\/01\/Logo_LogInfo24.png","width":938,"height":351,"caption":"Logismedia Group AG"},"image":{"@id":"https:\/\/loginfo24.com\/it\/#\/schema\/logo\/image\/"},"sameAs":["https:\/\/www.facebook.com\/people\/Loginfo24\/100057360583332\/","https:\/\/www.linkedin.com\/company\/lofinfo24\/"]}]}},"_links":{"self":[{"href":"https:\/\/loginfo24.com\/it\/wp-json\/wp\/v2\/posts\/56853","targetHints":{"allow":["GET"]}}],"collection":[{"href":"https:\/\/loginfo24.com\/it\/wp-json\/wp\/v2\/posts"}],"about":[{"href":"https:\/\/loginfo24.com\/it\/wp-json\/wp\/v2\/types\/post"}],"replies":[{"embeddable":true,"href":"https:\/\/loginfo24.com\/it\/wp-json\/wp\/v2\/comments?post=56853"}],"version-history":[{"count":0,"href":"https:\/\/loginfo24.com\/it\/wp-json\/wp\/v2\/posts\/56853\/revisions"}],"wp:featuredmedia":[{"embeddable":true,"href":"https:\/\/loginfo24.com\/it\/wp-json\/wp\/v2\/media\/10078"}],"wp:attachment":[{"href":"https:\/\/loginfo24.com\/it\/wp-json\/wp\/v2\/media?parent=56853"}],"wp:term":[{"taxonomy":"category","embeddable":true,"href":"https:\/\/loginfo24.com\/it\/wp-json\/wp\/v2\/categories?post=56853"},{"taxonomy":"post_tag","embeddable":true,"href":"https:\/\/loginfo24.com\/it\/wp-json\/wp\/v2\/tags?post=56853"}],"curies":[{"name":"wp","href":"https:\/\/api.w.org\/{rel}","templated":true}]}}