{"id":53899,"date":"2021-12-01T16:37:11","date_gmt":"2021-12-01T15:37:11","guid":{"rendered":"https:\/\/blog.brand-architecture.at\/2021\/12\/01\/la-filiale-lhg-ecl-collega-ora-lubeck-con-milano-melzo\/"},"modified":"2021-12-01T16:37:11","modified_gmt":"2021-12-01T15:37:11","slug":"la-filiale-lhg-ecl-collega-ora-lubeck-con-milano-melzo","status":"publish","type":"post","link":"https:\/\/loginfo24.com\/it\/2021\/12\/01\/la-filiale-lhg-ecl-collega-ora-lubeck-con-milano-melzo\/","title":{"rendered":"La filiale LHG ECL collega ora L\u00fcbeck con Milano-Melzo"},"content":{"rendered":"<h5>Nel porto di L\u00fcbeck aumentano le quantit\u00e0 trasportate via ferrovia. Anche la filiale LHG European Cargo Logistics (ECL) contribuisce alla crescita. La compagnia di spedizioni, con un focus sui trasporti intermodali, ha avviato alla fine di novembre un ulteriore servizio verso l&#8217;Italia. Il nuovo terminal collegato si trova a Melzo, vicino a Milano. Il sito industriale del nord Italia \u00e8 inizialmente collegato a L\u00fcbeck e quindi a numerosi porti del Mar Baltico due volte a settimana.<\/h5>\n<p>(L\u00fcbeck) La rete ECL cresce costantemente. Le principali rotte nel portafoglio, con un totale di 27 partenze a settimana e direzione, sono i collegamenti da e per Verona, sempre nel nord Italia, cos\u00ec come Ludwigshafen e Duisburg. &#8220;La tendenza va sempre pi\u00f9 verso trasporti ecologici, e questo ci aiuta naturalmente molto a espandere e rafforzare continuamente la nostra rete di collegamenti ferroviari&#8221;, afferma il direttore generale di ECL, J\u00f6rg Ullrich. &#8220;Spedizionieri che operano a livello globale ci chiedono specificamente nuove linee. Insieme possiamo realizzare molto.&#8221;<\/p>\n<h5>Catena di trasporto dal sud Italia fino ai Paesi Baltici<\/h5>\n<p>Recentemente, ECL ha esteso i suoi tentacoli verso gli Stati Baltici. Con un partner lettone, i L\u00fcbeck hanno recentemente avviato un collegamento tra Liep\u0101ja e Riga. In questo modo possono offrire catene di trasporto che, ad esempio, vanno dal sud Italia fino alla capitale lettone.<\/p>\n<p>Foto: \u00a9 Lars-Kristian Brandt<\/p>\n<p>&nbsp;<\/p>\n","protected":false},"excerpt":{"rendered":"<p>Nel porto di L\u00fcbeck aumentano le quantit\u00e0 trasportate via ferrovia. Anche la filiale LHG European Cargo Logistics (ECL) contribuisce alla crescita. La compagnia di spedizioni, con<span class=\"excerpt-hellip\"> [\u2026]<\/span><\/p>\n","protected":false},"author":0,"featured_media":11596,"comment_status":"open","ping_status":"open","sticky":false,"template":"","format":"standard","meta":{"_acf_changed":false,"footnotes":""},"categories":[1557,1561,1559],"tags":[],"class_list":["post-53899","post","type-post","status-publish","format-standard","has-post-thumbnail","hentry","category-forwarding-logistics","category-regions","category-shipping-ports"],"acf":[],"yoast_head":"<!-- This site is optimized with the Yoast SEO plugin v27.3 - https:\/\/yoast.com\/product\/yoast-seo-wordpress\/ -->\n<title>La filiale LHG ECL collega ora L\u00fcbeck con Milano-Melzo - Loginfo24<\/title>\n<meta name=\"robots\" content=\"index, follow, max-snippet:-1, max-image-preview:large, max-video-preview:-1\" \/>\n<link rel=\"canonical\" href=\"https:\/\/loginfo24.com\/it\/2021\/12\/01\/la-filiale-lhg-ecl-collega-ora-lubeck-con-milano-melzo\/\" \/>\n<meta property=\"og:locale\" content=\"it_IT\" \/>\n<meta property=\"og:type\" content=\"article\" \/>\n<meta property=\"og:title\" content=\"La filiale LHG ECL collega ora L\u00fcbeck con Milano-Melzo - Loginfo24\" \/>\n<meta property=\"og:description\" content=\"Nel porto di L\u00fcbeck aumentano le quantit\u00e0 trasportate via ferrovia. Anche la filiale LHG European Cargo Logistics (ECL) contribuisce alla crescita. La compagnia di spedizioni, con [\u2026]\" \/>\n<meta property=\"og:url\" content=\"https:\/\/loginfo24.com\/it\/2021\/12\/01\/la-filiale-lhg-ecl-collega-ora-lubeck-con-milano-melzo\/\" \/>\n<meta property=\"og:site_name\" content=\"Loginfo24\" \/>\n<meta property=\"article:publisher\" content=\"https:\/\/www.facebook.com\/people\/Loginfo24\/100057360583332\/\" \/>\n<meta property=\"article:published_time\" content=\"2021-12-01T15:37:11+00:00\" \/>\n<meta property=\"og:image\" content=\"https:\/\/loginfo24.com\/wp-content\/uploads\/sites\/7\/2025\/12\/LHG_1.12.21.jpg\" \/>\n\t<meta property=\"og:image:width\" content=\"1385\" \/>\n\t<meta property=\"og:image:height\" content=\"673\" \/>\n\t<meta property=\"og:image:type\" content=\"image\/jpeg\" \/>\n<meta name=\"twitter:card\" content=\"summary_large_image\" \/>\n<meta name=\"twitter:label1\" content=\"Tempo di lettura stimato\" \/>\n\t<meta name=\"twitter:data1\" content=\"1 minuto\" \/>\n<script type=\"application\/ld+json\" class=\"yoast-schema-graph\">{\"@context\":\"https:\\\/\\\/schema.org\",\"@graph\":[{\"@type\":\"Article\",\"@id\":\"https:\\\/\\\/loginfo24.com\\\/it\\\/2021\\\/12\\\/01\\\/la-filiale-lhg-ecl-collega-ora-lubeck-con-milano-melzo\\\/#article\",\"isPartOf\":{\"@id\":\"https:\\\/\\\/loginfo24.com\\\/it\\\/2021\\\/12\\\/01\\\/la-filiale-lhg-ecl-collega-ora-lubeck-con-milano-melzo\\\/\"},\"author\":{\"name\":\"\",\"@id\":\"\"},\"headline\":\"La filiale LHG ECL collega ora L\u00fcbeck con Milano-Melzo\",\"datePublished\":\"2021-12-01T15:37:11+00:00\",\"mainEntityOfPage\":{\"@id\":\"https:\\\/\\\/loginfo24.com\\\/it\\\/2021\\\/12\\\/01\\\/la-filiale-lhg-ecl-collega-ora-lubeck-con-milano-melzo\\\/\"},\"wordCount\":235,\"commentCount\":0,\"publisher\":{\"@id\":\"https:\\\/\\\/loginfo24.com\\\/it\\\/#organization\"},\"image\":{\"@id\":\"https:\\\/\\\/loginfo24.com\\\/it\\\/2021\\\/12\\\/01\\\/la-filiale-lhg-ecl-collega-ora-lubeck-con-milano-melzo\\\/#primaryimage\"},\"thumbnailUrl\":\"https:\\\/\\\/loginfo24.com\\\/wp-content\\\/uploads\\\/sites\\\/7\\\/2025\\\/12\\\/LHG_1.12.21.jpg\",\"articleSection\":[\"Forwarding &amp; Logistics\",\"Regions\",\"Shipping &amp; Ports\"],\"inLanguage\":\"it-IT\",\"potentialAction\":[{\"@type\":\"CommentAction\",\"name\":\"Comment\",\"target\":[\"https:\\\/\\\/loginfo24.com\\\/it\\\/2021\\\/12\\\/01\\\/la-filiale-lhg-ecl-collega-ora-lubeck-con-milano-melzo\\\/#respond\"]}]},{\"@type\":\"WebPage\",\"@id\":\"https:\\\/\\\/loginfo24.com\\\/it\\\/2021\\\/12\\\/01\\\/la-filiale-lhg-ecl-collega-ora-lubeck-con-milano-melzo\\\/\",\"url\":\"https:\\\/\\\/loginfo24.com\\\/it\\\/2021\\\/12\\\/01\\\/la-filiale-lhg-ecl-collega-ora-lubeck-con-milano-melzo\\\/\",\"name\":\"La filiale LHG ECL collega ora L\u00fcbeck con Milano-Melzo - Loginfo24\",\"isPartOf\":{\"@id\":\"https:\\\/\\\/loginfo24.com\\\/it\\\/#website\"},\"primaryImageOfPage\":{\"@id\":\"https:\\\/\\\/loginfo24.com\\\/it\\\/2021\\\/12\\\/01\\\/la-filiale-lhg-ecl-collega-ora-lubeck-con-milano-melzo\\\/#primaryimage\"},\"image\":{\"@id\":\"https:\\\/\\\/loginfo24.com\\\/it\\\/2021\\\/12\\\/01\\\/la-filiale-lhg-ecl-collega-ora-lubeck-con-milano-melzo\\\/#primaryimage\"},\"thumbnailUrl\":\"https:\\\/\\\/loginfo24.com\\\/wp-content\\\/uploads\\\/sites\\\/7\\\/2025\\\/12\\\/LHG_1.12.21.jpg\",\"datePublished\":\"2021-12-01T15:37:11+00:00\",\"breadcrumb\":{\"@id\":\"https:\\\/\\\/loginfo24.com\\\/it\\\/2021\\\/12\\\/01\\\/la-filiale-lhg-ecl-collega-ora-lubeck-con-milano-melzo\\\/#breadcrumb\"},\"inLanguage\":\"it-IT\",\"potentialAction\":[{\"@type\":\"ReadAction\",\"target\":[\"https:\\\/\\\/loginfo24.com\\\/it\\\/2021\\\/12\\\/01\\\/la-filiale-lhg-ecl-collega-ora-lubeck-con-milano-melzo\\\/\"]}]},{\"@type\":\"ImageObject\",\"inLanguage\":\"it-IT\",\"@id\":\"https:\\\/\\\/loginfo24.com\\\/it\\\/2021\\\/12\\\/01\\\/la-filiale-lhg-ecl-collega-ora-lubeck-con-milano-melzo\\\/#primaryimage\",\"url\":\"https:\\\/\\\/loginfo24.com\\\/wp-content\\\/uploads\\\/sites\\\/7\\\/2025\\\/12\\\/LHG_1.12.21.jpg\",\"contentUrl\":\"https:\\\/\\\/loginfo24.com\\\/wp-content\\\/uploads\\\/sites\\\/7\\\/2025\\\/12\\\/LHG_1.12.21.jpg\",\"width\":1385,\"height\":673},{\"@type\":\"BreadcrumbList\",\"@id\":\"https:\\\/\\\/loginfo24.com\\\/it\\\/2021\\\/12\\\/01\\\/la-filiale-lhg-ecl-collega-ora-lubeck-con-milano-melzo\\\/#breadcrumb\",\"itemListElement\":[{\"@type\":\"ListItem\",\"position\":1,\"name\":\"Startseite\",\"item\":\"https:\\\/\\\/loginfo24.com\\\/it\\\/\"},{\"@type\":\"ListItem\",\"position\":2,\"name\":\"La filiale LHG ECL collega ora L\u00fcbeck con Milano-Melzo\"}]},{\"@type\":\"WebSite\",\"@id\":\"https:\\\/\\\/loginfo24.com\\\/it\\\/#website\",\"url\":\"https:\\\/\\\/loginfo24.com\\\/it\\\/\",\"name\":\"Loginfo24\",\"description\":\"Loginfo24 \u00e8 la piattaforma dedicata alla logistica e alle catene di fornitura con informazioni disponibili 24 ore su 24.\",\"publisher\":{\"@id\":\"https:\\\/\\\/loginfo24.com\\\/it\\\/#organization\"},\"potentialAction\":[{\"@type\":\"SearchAction\",\"target\":{\"@type\":\"EntryPoint\",\"urlTemplate\":\"https:\\\/\\\/loginfo24.com\\\/it\\\/?s={search_term_string}\"},\"query-input\":{\"@type\":\"PropertyValueSpecification\",\"valueRequired\":true,\"valueName\":\"search_term_string\"}}],\"inLanguage\":\"it-IT\"},{\"@type\":\"Organization\",\"@id\":\"https:\\\/\\\/loginfo24.com\\\/it\\\/#organization\",\"name\":\"Logismedia Group AG\",\"url\":\"https:\\\/\\\/loginfo24.com\\\/it\\\/\",\"logo\":{\"@type\":\"ImageObject\",\"inLanguage\":\"it-IT\",\"@id\":\"https:\\\/\\\/loginfo24.com\\\/it\\\/#\\\/schema\\\/logo\\\/image\\\/\",\"url\":\"https:\\\/\\\/loginfo24.com\\\/wp-content\\\/uploads\\\/sites\\\/7\\\/2026\\\/01\\\/Logo_LogInfo24.png\",\"contentUrl\":\"https:\\\/\\\/loginfo24.com\\\/wp-content\\\/uploads\\\/sites\\\/7\\\/2026\\\/01\\\/Logo_LogInfo24.png\",\"width\":938,\"height\":351,\"caption\":\"Logismedia Group AG\"},\"image\":{\"@id\":\"https:\\\/\\\/loginfo24.com\\\/it\\\/#\\\/schema\\\/logo\\\/image\\\/\"},\"sameAs\":[\"https:\\\/\\\/www.facebook.com\\\/people\\\/Loginfo24\\\/100057360583332\\\/\",\"https:\\\/\\\/www.linkedin.com\\\/company\\\/lofinfo24\\\/\"]}]}<\/script>\n<!-- \/ Yoast SEO plugin. -->","yoast_head_json":{"title":"La filiale LHG ECL collega ora L\u00fcbeck con Milano-Melzo - Loginfo24","robots":{"index":"index","follow":"follow","max-snippet":"max-snippet:-1","max-image-preview":"max-image-preview:large","max-video-preview":"max-video-preview:-1"},"canonical":"https:\/\/loginfo24.com\/it\/2021\/12\/01\/la-filiale-lhg-ecl-collega-ora-lubeck-con-milano-melzo\/","og_locale":"it_IT","og_type":"article","og_title":"La filiale LHG ECL collega ora L\u00fcbeck con Milano-Melzo - Loginfo24","og_description":"Nel porto di L\u00fcbeck aumentano le quantit\u00e0 trasportate via ferrovia. Anche la filiale LHG European Cargo Logistics (ECL) contribuisce alla crescita. La compagnia di spedizioni, con [\u2026]","og_url":"https:\/\/loginfo24.com\/it\/2021\/12\/01\/la-filiale-lhg-ecl-collega-ora-lubeck-con-milano-melzo\/","og_site_name":"Loginfo24","article_publisher":"https:\/\/www.facebook.com\/people\/Loginfo24\/100057360583332\/","article_published_time":"2021-12-01T15:37:11+00:00","og_image":[{"width":1385,"height":673,"url":"https:\/\/loginfo24.com\/wp-content\/uploads\/sites\/7\/2025\/12\/LHG_1.12.21.jpg","type":"image\/jpeg"}],"twitter_card":"summary_large_image","twitter_misc":{"Tempo di lettura stimato":"1 minuto"},"schema":{"@context":"https:\/\/schema.org","@graph":[{"@type":"Article","@id":"https:\/\/loginfo24.com\/it\/2021\/12\/01\/la-filiale-lhg-ecl-collega-ora-lubeck-con-milano-melzo\/#article","isPartOf":{"@id":"https:\/\/loginfo24.com\/it\/2021\/12\/01\/la-filiale-lhg-ecl-collega-ora-lubeck-con-milano-melzo\/"},"author":{"name":"","@id":""},"headline":"La filiale LHG ECL collega ora L\u00fcbeck con Milano-Melzo","datePublished":"2021-12-01T15:37:11+00:00","mainEntityOfPage":{"@id":"https:\/\/loginfo24.com\/it\/2021\/12\/01\/la-filiale-lhg-ecl-collega-ora-lubeck-con-milano-melzo\/"},"wordCount":235,"commentCount":0,"publisher":{"@id":"https:\/\/loginfo24.com\/it\/#organization"},"image":{"@id":"https:\/\/loginfo24.com\/it\/2021\/12\/01\/la-filiale-lhg-ecl-collega-ora-lubeck-con-milano-melzo\/#primaryimage"},"thumbnailUrl":"https:\/\/loginfo24.com\/wp-content\/uploads\/sites\/7\/2025\/12\/LHG_1.12.21.jpg","articleSection":["Forwarding &amp; Logistics","Regions","Shipping &amp; Ports"],"inLanguage":"it-IT","potentialAction":[{"@type":"CommentAction","name":"Comment","target":["https:\/\/loginfo24.com\/it\/2021\/12\/01\/la-filiale-lhg-ecl-collega-ora-lubeck-con-milano-melzo\/#respond"]}]},{"@type":"WebPage","@id":"https:\/\/loginfo24.com\/it\/2021\/12\/01\/la-filiale-lhg-ecl-collega-ora-lubeck-con-milano-melzo\/","url":"https:\/\/loginfo24.com\/it\/2021\/12\/01\/la-filiale-lhg-ecl-collega-ora-lubeck-con-milano-melzo\/","name":"La filiale LHG ECL collega ora L\u00fcbeck con Milano-Melzo - Loginfo24","isPartOf":{"@id":"https:\/\/loginfo24.com\/it\/#website"},"primaryImageOfPage":{"@id":"https:\/\/loginfo24.com\/it\/2021\/12\/01\/la-filiale-lhg-ecl-collega-ora-lubeck-con-milano-melzo\/#primaryimage"},"image":{"@id":"https:\/\/loginfo24.com\/it\/2021\/12\/01\/la-filiale-lhg-ecl-collega-ora-lubeck-con-milano-melzo\/#primaryimage"},"thumbnailUrl":"https:\/\/loginfo24.com\/wp-content\/uploads\/sites\/7\/2025\/12\/LHG_1.12.21.jpg","datePublished":"2021-12-01T15:37:11+00:00","breadcrumb":{"@id":"https:\/\/loginfo24.com\/it\/2021\/12\/01\/la-filiale-lhg-ecl-collega-ora-lubeck-con-milano-melzo\/#breadcrumb"},"inLanguage":"it-IT","potentialAction":[{"@type":"ReadAction","target":["https:\/\/loginfo24.com\/it\/2021\/12\/01\/la-filiale-lhg-ecl-collega-ora-lubeck-con-milano-melzo\/"]}]},{"@type":"ImageObject","inLanguage":"it-IT","@id":"https:\/\/loginfo24.com\/it\/2021\/12\/01\/la-filiale-lhg-ecl-collega-ora-lubeck-con-milano-melzo\/#primaryimage","url":"https:\/\/loginfo24.com\/wp-content\/uploads\/sites\/7\/2025\/12\/LHG_1.12.21.jpg","contentUrl":"https:\/\/loginfo24.com\/wp-content\/uploads\/sites\/7\/2025\/12\/LHG_1.12.21.jpg","width":1385,"height":673},{"@type":"BreadcrumbList","@id":"https:\/\/loginfo24.com\/it\/2021\/12\/01\/la-filiale-lhg-ecl-collega-ora-lubeck-con-milano-melzo\/#breadcrumb","itemListElement":[{"@type":"ListItem","position":1,"name":"Startseite","item":"https:\/\/loginfo24.com\/it\/"},{"@type":"ListItem","position":2,"name":"La filiale LHG ECL collega ora L\u00fcbeck con Milano-Melzo"}]},{"@type":"WebSite","@id":"https:\/\/loginfo24.com\/it\/#website","url":"https:\/\/loginfo24.com\/it\/","name":"Loginfo24","description":"Loginfo24 \u00e8 la piattaforma dedicata alla logistica e alle catene di fornitura con informazioni disponibili 24 ore su 24.","publisher":{"@id":"https:\/\/loginfo24.com\/it\/#organization"},"potentialAction":[{"@type":"SearchAction","target":{"@type":"EntryPoint","urlTemplate":"https:\/\/loginfo24.com\/it\/?s={search_term_string}"},"query-input":{"@type":"PropertyValueSpecification","valueRequired":true,"valueName":"search_term_string"}}],"inLanguage":"it-IT"},{"@type":"Organization","@id":"https:\/\/loginfo24.com\/it\/#organization","name":"Logismedia Group AG","url":"https:\/\/loginfo24.com\/it\/","logo":{"@type":"ImageObject","inLanguage":"it-IT","@id":"https:\/\/loginfo24.com\/it\/#\/schema\/logo\/image\/","url":"https:\/\/loginfo24.com\/wp-content\/uploads\/sites\/7\/2026\/01\/Logo_LogInfo24.png","contentUrl":"https:\/\/loginfo24.com\/wp-content\/uploads\/sites\/7\/2026\/01\/Logo_LogInfo24.png","width":938,"height":351,"caption":"Logismedia Group AG"},"image":{"@id":"https:\/\/loginfo24.com\/it\/#\/schema\/logo\/image\/"},"sameAs":["https:\/\/www.facebook.com\/people\/Loginfo24\/100057360583332\/","https:\/\/www.linkedin.com\/company\/lofinfo24\/"]}]}},"_links":{"self":[{"href":"https:\/\/loginfo24.com\/it\/wp-json\/wp\/v2\/posts\/53899","targetHints":{"allow":["GET"]}}],"collection":[{"href":"https:\/\/loginfo24.com\/it\/wp-json\/wp\/v2\/posts"}],"about":[{"href":"https:\/\/loginfo24.com\/it\/wp-json\/wp\/v2\/types\/post"}],"replies":[{"embeddable":true,"href":"https:\/\/loginfo24.com\/it\/wp-json\/wp\/v2\/comments?post=53899"}],"version-history":[{"count":0,"href":"https:\/\/loginfo24.com\/it\/wp-json\/wp\/v2\/posts\/53899\/revisions"}],"wp:featuredmedia":[{"embeddable":true,"href":"https:\/\/loginfo24.com\/it\/wp-json\/wp\/v2\/media\/11596"}],"wp:attachment":[{"href":"https:\/\/loginfo24.com\/it\/wp-json\/wp\/v2\/media?parent=53899"}],"wp:term":[{"taxonomy":"category","embeddable":true,"href":"https:\/\/loginfo24.com\/it\/wp-json\/wp\/v2\/categories?post=53899"},{"taxonomy":"post_tag","embeddable":true,"href":"https:\/\/loginfo24.com\/it\/wp-json\/wp\/v2\/tags?post=53899"}],"curies":[{"name":"wp","href":"https:\/\/api.w.org\/{rel}","templated":true}]}}