{"id":53755,"date":"2021-11-25T19:10:39","date_gmt":"2021-11-25T18:10:39","guid":{"rendered":"https:\/\/blog.brand-architecture.at\/2021\/11\/25\/raben-rafforza-la-sua-posizione-nel-mercato-europeo-e-tedesco\/"},"modified":"2021-11-25T19:10:39","modified_gmt":"2021-11-25T18:10:39","slug":"raben-rafforza-la-sua-posizione-nel-mercato-europeo-e-tedesco","status":"publish","type":"post","link":"https:\/\/loginfo24.com\/it\/2021\/11\/25\/raben-rafforza-la-sua-posizione-nel-mercato-europeo-e-tedesco\/","title":{"rendered":"Raben rafforza la sua posizione nel mercato europeo e tedesco"},"content":{"rendered":"<h5><strong>Il Gruppo Raben prosegue con determinazione la sua strategia di crescita: con l<\/strong><strong>\u2019integrazione del partner greco Intertrans S. A., del leader di mercato portoghese Torrestir e del gruppo olandese BAS, il<\/strong><strong> fornitore di servizi logistici ha stabilito quest\u2019anno collegamenti diretti quotidiani e<\/strong><strong> ha rafforzato la sua posizione nel mercato europeo. <\/strong><\/h5>\n<p>(Mannheim) In aggiunta alle ben sviluppate rotte dell\u2019Europa orientale, le nuove relazioni verso il sud-ovest e il sud Europa garantiscono importazioni ed esportazioni rapide ed efficienti lungo l\u2019intera catena di approvvigionamento. Con l\u2019acquisizione della Luible Logistik GmbH a Leipheim, in Oberschwaben, e la prevista apertura di una nuova filiale nel 2022 a Sarstedt, Raben amplia anche la sua rete nazionale di merci. L\u2019azienda a conduzione familiare organizza i trasporti nell\u2019ambito di un concetto di distribuzione a stretto intervallo temporale.<\/p>\n<p>Questo rende le nuove linee attraenti per i caricatori che trasportano spedizioni di piccole dimensioni sotto pressione temporale. In particolare, l\u2019industria automobilistica, chimica e dei beni di consumo beneficia dei collegamenti diretti quotidiani. &#8220;Grazie alle acquisizioni internazionali, siamo pi\u00f9 vicini ai nostri clienti, direttamente presso i loro stabilimenti produttivi e possiamo cos\u00ec immettere le merci pi\u00f9 rapidamente nella nostra rete&#8221;, afferma Markus Schmitz, direttore della spedizione internazionale di Raben.<\/p>\n<p>Il partner greco Intertrans S.A. \u00e8 il membro pi\u00f9 recente del Gruppo Raben, ora presente in 14 paesi europei. La rete di trasporto di Intertrans copre dodici paesi e 23 hub. Raben offre collegamenti diretti quotidiani da Wuppertal, Fellbach e Norimberga verso Atene, Salonicco e Limassol a Cipro. &#8220;Con la sede principale nel porto del Pireo, vicino ad Atene, e altre due filiali a Salonicco e a Creta, abbiamo incluso il importante mercato logistico in Grecia nel nostro portafoglio&#8221;, spiega Schmitz. I 70 dipendenti greci si occupano del trasporto efficiente ed efficace delle merci fino alla parte europea di Cipro con circa 90 mezzi di trasporto.<\/p>\n<h5><strong>I caricatori beneficiano della rete di merci in Italia e Portogallo<\/strong><\/h5>\n<p>Gi\u00e0 a maggio, Raben ha ampliato la sua struttura di partner con il leader di mercato portoghese Torrestir. L\u2019acquisizione ha rafforzato i collegamenti diretti da tutte le sedi tedesche verso la penisola iberica. Anche il gruppo olandese BAS \u00e8 entrato a far parte della rete Raben quest\u2019anno. Sulla relazione dai Paesi Bassi all&#8217;Italia, Raben trasporta il 90% delle merci su rotaia. Questo trasporto combinato strada-ferrovia dal porto di Rotterdam fino a Busto in Italia \u00e8 soprattutto pi\u00f9 economico e sostenibile.<\/p>\n<h5><strong>I trasporti verso il sud Europa sono aumentati del 35%<\/strong><\/h5>\n<p>Nel 2021, Raben ha registrato un aumento del 35% nei trasporti verso il sud Europa. Schmitz prevede un ulteriore aumento su queste relazioni per il 2022. Pertanto, il fornitore di servizi logistici ha aumentato le partenze quotidiane dalle sedi tedesche. Solo presso la filiale di Wuppertal, ad esempio, sono stati impiegati dieci camion aggiuntivi e fino a nove camion aggiuntivi a settimana a Fellbach. Per mantenere il pi\u00f9 basso possibile l\u2019impronta di CO2, Raben utilizza principalmente rimorchi di grandi dimensioni con una lunghezza di 7,82 metri e un\u2019altezza di carico di circa 3 metri per tutte le linee verso il sud Europa. In questo modo, lo spazio di carico disponibile per veicolo pu\u00f2 essere utilizzato al meglio. Si possono cos\u00ec evitare emissioni aggiuntive dovute a ulteriori veicoli.<\/p>\n<h5><strong>Espansione anche della rete di merci tedesca<\/strong><\/h5>\n<p>Raben sta ampliando anche la rete di merci tedesca con nuove filiali. Con l\u2019acquisizione della Luible Logistik GmbH a Leipheim, in Oberschwaben, Raben dispone di una posizione strategicamente eccellente vicino al nodo autostradale per l\u2019A7 e l\u2019A8. A met\u00e0 del 2022, il gruppo aprir\u00e0 una nuova filiale a Sarstedt, nel distretto di Hildesheim. Questa sostituir\u00e0 l\u2019attuale sede di Langenhagen. In questo modo, il fornitore di servizi logistici risponde soprattutto alle crescenti esigenze dei clienti per una logistica contrattuale moderna, per la quale \u00e8 prevista un\u2019area di 27.000 metri quadrati.<\/p>\n<p>Con un\u2019area di transito di 5.400 metri quadrati e 30 rampe di carico e scarico, Sarstedt rappresenta un\u2019importante espansione della rete esistente in Bassa Sassonia. &#8220;Grazie all\u2019espansione continua della nostra rete di spedizione nazionale, creiamo sempre nuove sinergie per i nostri clienti, per poter minimizzare i loro costi di trasporto&#8221;, afferma il responsabile della filiale Felix Thiele.<\/p>\n<p>Thomas Nolepa, responsabile della logistica contrattuale in Germania, aggiunge: &#8220;Il collegamento diretto della logistica contrattuale alla nostra rete di spedizione in un\u2019unica sede accelera le transazioni e i processi, evitando ad esempio trasporti intermedi non necessari.&#8221;<\/p>\n<p>Foto: \u00a9 Raben Group<\/p>\n","protected":false},"excerpt":{"rendered":"<p>Il Gruppo Raben prosegue con determinazione la sua strategia di crescita: con l\u2019integrazione del partner greco Intertrans S. A., del leader di mercato portoghese Torrestir e<span class=\"excerpt-hellip\"> [\u2026]<\/span><\/p>\n","protected":false},"author":0,"featured_media":11650,"comment_status":"open","ping_status":"open","sticky":false,"template":"","format":"standard","meta":{"_acf_changed":false,"footnotes":""},"categories":[1557,1556,1561],"tags":[],"class_list":["post-53755","post","type-post","status-publish","format-standard","has-post-thumbnail","hentry","category-forwarding-logistics","category-intermodal-road","category-regions"],"acf":[],"yoast_head":"<!-- This site is optimized with the Yoast SEO plugin v27.3 - https:\/\/yoast.com\/product\/yoast-seo-wordpress\/ -->\n<title>Raben rafforza la sua posizione nel mercato europeo e tedesco - Loginfo24<\/title>\n<meta name=\"robots\" content=\"index, follow, max-snippet:-1, max-image-preview:large, max-video-preview:-1\" \/>\n<link rel=\"canonical\" href=\"https:\/\/loginfo24.com\/it\/2021\/11\/25\/raben-rafforza-la-sua-posizione-nel-mercato-europeo-e-tedesco\/\" \/>\n<meta property=\"og:locale\" content=\"it_IT\" \/>\n<meta property=\"og:type\" content=\"article\" \/>\n<meta property=\"og:title\" content=\"Raben rafforza la sua posizione nel mercato europeo e tedesco - Loginfo24\" \/>\n<meta property=\"og:description\" content=\"Il Gruppo Raben prosegue con determinazione la sua strategia di crescita: con l\u2019integrazione del partner greco Intertrans S. A., del leader di mercato portoghese Torrestir e [\u2026]\" \/>\n<meta property=\"og:url\" content=\"https:\/\/loginfo24.com\/it\/2021\/11\/25\/raben-rafforza-la-sua-posizione-nel-mercato-europeo-e-tedesco\/\" \/>\n<meta property=\"og:site_name\" content=\"Loginfo24\" \/>\n<meta property=\"article:publisher\" content=\"https:\/\/www.facebook.com\/people\/Loginfo24\/100057360583332\/\" \/>\n<meta property=\"article:published_time\" content=\"2021-11-25T18:10:39+00:00\" \/>\n<meta property=\"og:image\" content=\"https:\/\/loginfo24.com\/wp-content\/uploads\/sites\/7\/2025\/12\/Raben_25.11.21.jpg\" \/>\n\t<meta property=\"og:image:width\" content=\"1210\" \/>\n\t<meta property=\"og:image:height\" content=\"676\" \/>\n\t<meta property=\"og:image:type\" content=\"image\/jpeg\" \/>\n<meta name=\"twitter:card\" content=\"summary_large_image\" \/>\n<meta name=\"twitter:label1\" content=\"Tempo di lettura stimato\" \/>\n\t<meta name=\"twitter:data1\" content=\"4 minuto\" \/>\n<script type=\"application\/ld+json\" class=\"yoast-schema-graph\">{\"@context\":\"https:\\\/\\\/schema.org\",\"@graph\":[{\"@type\":\"Article\",\"@id\":\"https:\\\/\\\/loginfo24.com\\\/it\\\/2021\\\/11\\\/25\\\/raben-rafforza-la-sua-posizione-nel-mercato-europeo-e-tedesco\\\/#article\",\"isPartOf\":{\"@id\":\"https:\\\/\\\/loginfo24.com\\\/it\\\/2021\\\/11\\\/25\\\/raben-rafforza-la-sua-posizione-nel-mercato-europeo-e-tedesco\\\/\"},\"author\":{\"name\":\"\",\"@id\":\"\"},\"headline\":\"Raben rafforza la sua posizione nel mercato europeo e tedesco\",\"datePublished\":\"2021-11-25T18:10:39+00:00\",\"mainEntityOfPage\":{\"@id\":\"https:\\\/\\\/loginfo24.com\\\/it\\\/2021\\\/11\\\/25\\\/raben-rafforza-la-sua-posizione-nel-mercato-europeo-e-tedesco\\\/\"},\"wordCount\":737,\"commentCount\":0,\"publisher\":{\"@id\":\"https:\\\/\\\/loginfo24.com\\\/it\\\/#organization\"},\"image\":{\"@id\":\"https:\\\/\\\/loginfo24.com\\\/it\\\/2021\\\/11\\\/25\\\/raben-rafforza-la-sua-posizione-nel-mercato-europeo-e-tedesco\\\/#primaryimage\"},\"thumbnailUrl\":\"https:\\\/\\\/loginfo24.com\\\/wp-content\\\/uploads\\\/sites\\\/7\\\/2025\\\/12\\\/Raben_25.11.21.jpg\",\"articleSection\":[\"Forwarding &amp; Logistics\",\"Intermodal \\\/ Road\",\"Regions\"],\"inLanguage\":\"it-IT\",\"potentialAction\":[{\"@type\":\"CommentAction\",\"name\":\"Comment\",\"target\":[\"https:\\\/\\\/loginfo24.com\\\/it\\\/2021\\\/11\\\/25\\\/raben-rafforza-la-sua-posizione-nel-mercato-europeo-e-tedesco\\\/#respond\"]}]},{\"@type\":\"WebPage\",\"@id\":\"https:\\\/\\\/loginfo24.com\\\/it\\\/2021\\\/11\\\/25\\\/raben-rafforza-la-sua-posizione-nel-mercato-europeo-e-tedesco\\\/\",\"url\":\"https:\\\/\\\/loginfo24.com\\\/it\\\/2021\\\/11\\\/25\\\/raben-rafforza-la-sua-posizione-nel-mercato-europeo-e-tedesco\\\/\",\"name\":\"Raben rafforza la sua posizione nel mercato europeo e tedesco - Loginfo24\",\"isPartOf\":{\"@id\":\"https:\\\/\\\/loginfo24.com\\\/it\\\/#website\"},\"primaryImageOfPage\":{\"@id\":\"https:\\\/\\\/loginfo24.com\\\/it\\\/2021\\\/11\\\/25\\\/raben-rafforza-la-sua-posizione-nel-mercato-europeo-e-tedesco\\\/#primaryimage\"},\"image\":{\"@id\":\"https:\\\/\\\/loginfo24.com\\\/it\\\/2021\\\/11\\\/25\\\/raben-rafforza-la-sua-posizione-nel-mercato-europeo-e-tedesco\\\/#primaryimage\"},\"thumbnailUrl\":\"https:\\\/\\\/loginfo24.com\\\/wp-content\\\/uploads\\\/sites\\\/7\\\/2025\\\/12\\\/Raben_25.11.21.jpg\",\"datePublished\":\"2021-11-25T18:10:39+00:00\",\"breadcrumb\":{\"@id\":\"https:\\\/\\\/loginfo24.com\\\/it\\\/2021\\\/11\\\/25\\\/raben-rafforza-la-sua-posizione-nel-mercato-europeo-e-tedesco\\\/#breadcrumb\"},\"inLanguage\":\"it-IT\",\"potentialAction\":[{\"@type\":\"ReadAction\",\"target\":[\"https:\\\/\\\/loginfo24.com\\\/it\\\/2021\\\/11\\\/25\\\/raben-rafforza-la-sua-posizione-nel-mercato-europeo-e-tedesco\\\/\"]}]},{\"@type\":\"ImageObject\",\"inLanguage\":\"it-IT\",\"@id\":\"https:\\\/\\\/loginfo24.com\\\/it\\\/2021\\\/11\\\/25\\\/raben-rafforza-la-sua-posizione-nel-mercato-europeo-e-tedesco\\\/#primaryimage\",\"url\":\"https:\\\/\\\/loginfo24.com\\\/wp-content\\\/uploads\\\/sites\\\/7\\\/2025\\\/12\\\/Raben_25.11.21.jpg\",\"contentUrl\":\"https:\\\/\\\/loginfo24.com\\\/wp-content\\\/uploads\\\/sites\\\/7\\\/2025\\\/12\\\/Raben_25.11.21.jpg\",\"width\":1210,\"height\":676},{\"@type\":\"BreadcrumbList\",\"@id\":\"https:\\\/\\\/loginfo24.com\\\/it\\\/2021\\\/11\\\/25\\\/raben-rafforza-la-sua-posizione-nel-mercato-europeo-e-tedesco\\\/#breadcrumb\",\"itemListElement\":[{\"@type\":\"ListItem\",\"position\":1,\"name\":\"Startseite\",\"item\":\"https:\\\/\\\/loginfo24.com\\\/it\\\/\"},{\"@type\":\"ListItem\",\"position\":2,\"name\":\"Raben rafforza la sua posizione nel mercato europeo e tedesco\"}]},{\"@type\":\"WebSite\",\"@id\":\"https:\\\/\\\/loginfo24.com\\\/it\\\/#website\",\"url\":\"https:\\\/\\\/loginfo24.com\\\/it\\\/\",\"name\":\"Loginfo24\",\"description\":\"Loginfo24 \u00e8 la piattaforma dedicata alla logistica e alle catene di fornitura con informazioni disponibili 24 ore su 24.\",\"publisher\":{\"@id\":\"https:\\\/\\\/loginfo24.com\\\/it\\\/#organization\"},\"potentialAction\":[{\"@type\":\"SearchAction\",\"target\":{\"@type\":\"EntryPoint\",\"urlTemplate\":\"https:\\\/\\\/loginfo24.com\\\/it\\\/?s={search_term_string}\"},\"query-input\":{\"@type\":\"PropertyValueSpecification\",\"valueRequired\":true,\"valueName\":\"search_term_string\"}}],\"inLanguage\":\"it-IT\"},{\"@type\":\"Organization\",\"@id\":\"https:\\\/\\\/loginfo24.com\\\/it\\\/#organization\",\"name\":\"Logismedia Group AG\",\"url\":\"https:\\\/\\\/loginfo24.com\\\/it\\\/\",\"logo\":{\"@type\":\"ImageObject\",\"inLanguage\":\"it-IT\",\"@id\":\"https:\\\/\\\/loginfo24.com\\\/it\\\/#\\\/schema\\\/logo\\\/image\\\/\",\"url\":\"https:\\\/\\\/loginfo24.com\\\/wp-content\\\/uploads\\\/sites\\\/7\\\/2026\\\/01\\\/Logo_LogInfo24.png\",\"contentUrl\":\"https:\\\/\\\/loginfo24.com\\\/wp-content\\\/uploads\\\/sites\\\/7\\\/2026\\\/01\\\/Logo_LogInfo24.png\",\"width\":938,\"height\":351,\"caption\":\"Logismedia Group AG\"},\"image\":{\"@id\":\"https:\\\/\\\/loginfo24.com\\\/it\\\/#\\\/schema\\\/logo\\\/image\\\/\"},\"sameAs\":[\"https:\\\/\\\/www.facebook.com\\\/people\\\/Loginfo24\\\/100057360583332\\\/\",\"https:\\\/\\\/www.linkedin.com\\\/company\\\/lofinfo24\\\/\"]}]}<\/script>\n<!-- \/ Yoast SEO plugin. -->","yoast_head_json":{"title":"Raben rafforza la sua posizione nel mercato europeo e tedesco - Loginfo24","robots":{"index":"index","follow":"follow","max-snippet":"max-snippet:-1","max-image-preview":"max-image-preview:large","max-video-preview":"max-video-preview:-1"},"canonical":"https:\/\/loginfo24.com\/it\/2021\/11\/25\/raben-rafforza-la-sua-posizione-nel-mercato-europeo-e-tedesco\/","og_locale":"it_IT","og_type":"article","og_title":"Raben rafforza la sua posizione nel mercato europeo e tedesco - Loginfo24","og_description":"Il Gruppo Raben prosegue con determinazione la sua strategia di crescita: con l\u2019integrazione del partner greco Intertrans S. A., del leader di mercato portoghese Torrestir e [\u2026]","og_url":"https:\/\/loginfo24.com\/it\/2021\/11\/25\/raben-rafforza-la-sua-posizione-nel-mercato-europeo-e-tedesco\/","og_site_name":"Loginfo24","article_publisher":"https:\/\/www.facebook.com\/people\/Loginfo24\/100057360583332\/","article_published_time":"2021-11-25T18:10:39+00:00","og_image":[{"width":1210,"height":676,"url":"https:\/\/loginfo24.com\/wp-content\/uploads\/sites\/7\/2025\/12\/Raben_25.11.21.jpg","type":"image\/jpeg"}],"twitter_card":"summary_large_image","twitter_misc":{"Tempo di lettura stimato":"4 minuto"},"schema":{"@context":"https:\/\/schema.org","@graph":[{"@type":"Article","@id":"https:\/\/loginfo24.com\/it\/2021\/11\/25\/raben-rafforza-la-sua-posizione-nel-mercato-europeo-e-tedesco\/#article","isPartOf":{"@id":"https:\/\/loginfo24.com\/it\/2021\/11\/25\/raben-rafforza-la-sua-posizione-nel-mercato-europeo-e-tedesco\/"},"author":{"name":"","@id":""},"headline":"Raben rafforza la sua posizione nel mercato europeo e tedesco","datePublished":"2021-11-25T18:10:39+00:00","mainEntityOfPage":{"@id":"https:\/\/loginfo24.com\/it\/2021\/11\/25\/raben-rafforza-la-sua-posizione-nel-mercato-europeo-e-tedesco\/"},"wordCount":737,"commentCount":0,"publisher":{"@id":"https:\/\/loginfo24.com\/it\/#organization"},"image":{"@id":"https:\/\/loginfo24.com\/it\/2021\/11\/25\/raben-rafforza-la-sua-posizione-nel-mercato-europeo-e-tedesco\/#primaryimage"},"thumbnailUrl":"https:\/\/loginfo24.com\/wp-content\/uploads\/sites\/7\/2025\/12\/Raben_25.11.21.jpg","articleSection":["Forwarding &amp; Logistics","Intermodal \/ Road","Regions"],"inLanguage":"it-IT","potentialAction":[{"@type":"CommentAction","name":"Comment","target":["https:\/\/loginfo24.com\/it\/2021\/11\/25\/raben-rafforza-la-sua-posizione-nel-mercato-europeo-e-tedesco\/#respond"]}]},{"@type":"WebPage","@id":"https:\/\/loginfo24.com\/it\/2021\/11\/25\/raben-rafforza-la-sua-posizione-nel-mercato-europeo-e-tedesco\/","url":"https:\/\/loginfo24.com\/it\/2021\/11\/25\/raben-rafforza-la-sua-posizione-nel-mercato-europeo-e-tedesco\/","name":"Raben rafforza la sua posizione nel mercato europeo e tedesco - Loginfo24","isPartOf":{"@id":"https:\/\/loginfo24.com\/it\/#website"},"primaryImageOfPage":{"@id":"https:\/\/loginfo24.com\/it\/2021\/11\/25\/raben-rafforza-la-sua-posizione-nel-mercato-europeo-e-tedesco\/#primaryimage"},"image":{"@id":"https:\/\/loginfo24.com\/it\/2021\/11\/25\/raben-rafforza-la-sua-posizione-nel-mercato-europeo-e-tedesco\/#primaryimage"},"thumbnailUrl":"https:\/\/loginfo24.com\/wp-content\/uploads\/sites\/7\/2025\/12\/Raben_25.11.21.jpg","datePublished":"2021-11-25T18:10:39+00:00","breadcrumb":{"@id":"https:\/\/loginfo24.com\/it\/2021\/11\/25\/raben-rafforza-la-sua-posizione-nel-mercato-europeo-e-tedesco\/#breadcrumb"},"inLanguage":"it-IT","potentialAction":[{"@type":"ReadAction","target":["https:\/\/loginfo24.com\/it\/2021\/11\/25\/raben-rafforza-la-sua-posizione-nel-mercato-europeo-e-tedesco\/"]}]},{"@type":"ImageObject","inLanguage":"it-IT","@id":"https:\/\/loginfo24.com\/it\/2021\/11\/25\/raben-rafforza-la-sua-posizione-nel-mercato-europeo-e-tedesco\/#primaryimage","url":"https:\/\/loginfo24.com\/wp-content\/uploads\/sites\/7\/2025\/12\/Raben_25.11.21.jpg","contentUrl":"https:\/\/loginfo24.com\/wp-content\/uploads\/sites\/7\/2025\/12\/Raben_25.11.21.jpg","width":1210,"height":676},{"@type":"BreadcrumbList","@id":"https:\/\/loginfo24.com\/it\/2021\/11\/25\/raben-rafforza-la-sua-posizione-nel-mercato-europeo-e-tedesco\/#breadcrumb","itemListElement":[{"@type":"ListItem","position":1,"name":"Startseite","item":"https:\/\/loginfo24.com\/it\/"},{"@type":"ListItem","position":2,"name":"Raben rafforza la sua posizione nel mercato europeo e tedesco"}]},{"@type":"WebSite","@id":"https:\/\/loginfo24.com\/it\/#website","url":"https:\/\/loginfo24.com\/it\/","name":"Loginfo24","description":"Loginfo24 \u00e8 la piattaforma dedicata alla logistica e alle catene di fornitura con informazioni disponibili 24 ore su 24.","publisher":{"@id":"https:\/\/loginfo24.com\/it\/#organization"},"potentialAction":[{"@type":"SearchAction","target":{"@type":"EntryPoint","urlTemplate":"https:\/\/loginfo24.com\/it\/?s={search_term_string}"},"query-input":{"@type":"PropertyValueSpecification","valueRequired":true,"valueName":"search_term_string"}}],"inLanguage":"it-IT"},{"@type":"Organization","@id":"https:\/\/loginfo24.com\/it\/#organization","name":"Logismedia Group AG","url":"https:\/\/loginfo24.com\/it\/","logo":{"@type":"ImageObject","inLanguage":"it-IT","@id":"https:\/\/loginfo24.com\/it\/#\/schema\/logo\/image\/","url":"https:\/\/loginfo24.com\/wp-content\/uploads\/sites\/7\/2026\/01\/Logo_LogInfo24.png","contentUrl":"https:\/\/loginfo24.com\/wp-content\/uploads\/sites\/7\/2026\/01\/Logo_LogInfo24.png","width":938,"height":351,"caption":"Logismedia Group AG"},"image":{"@id":"https:\/\/loginfo24.com\/it\/#\/schema\/logo\/image\/"},"sameAs":["https:\/\/www.facebook.com\/people\/Loginfo24\/100057360583332\/","https:\/\/www.linkedin.com\/company\/lofinfo24\/"]}]}},"_links":{"self":[{"href":"https:\/\/loginfo24.com\/it\/wp-json\/wp\/v2\/posts\/53755","targetHints":{"allow":["GET"]}}],"collection":[{"href":"https:\/\/loginfo24.com\/it\/wp-json\/wp\/v2\/posts"}],"about":[{"href":"https:\/\/loginfo24.com\/it\/wp-json\/wp\/v2\/types\/post"}],"replies":[{"embeddable":true,"href":"https:\/\/loginfo24.com\/it\/wp-json\/wp\/v2\/comments?post=53755"}],"version-history":[{"count":0,"href":"https:\/\/loginfo24.com\/it\/wp-json\/wp\/v2\/posts\/53755\/revisions"}],"wp:featuredmedia":[{"embeddable":true,"href":"https:\/\/loginfo24.com\/it\/wp-json\/wp\/v2\/media\/11650"}],"wp:attachment":[{"href":"https:\/\/loginfo24.com\/it\/wp-json\/wp\/v2\/media?parent=53755"}],"wp:term":[{"taxonomy":"category","embeddable":true,"href":"https:\/\/loginfo24.com\/it\/wp-json\/wp\/v2\/categories?post=53755"},{"taxonomy":"post_tag","embeddable":true,"href":"https:\/\/loginfo24.com\/it\/wp-json\/wp\/v2\/tags?post=53755"}],"curies":[{"name":"wp","href":"https:\/\/api.w.org\/{rel}","templated":true}]}}