{"id":53689,"date":"2021-11-23T16:06:44","date_gmt":"2021-11-23T15:06:44","guid":{"rendered":"https:\/\/blog.brand-architecture.at\/2021\/11\/23\/stefan-paul-nuovo-ceo-di-kuhnenagel-da-agosto-2022\/"},"modified":"2021-11-23T16:06:44","modified_gmt":"2021-11-23T15:06:44","slug":"stefan-paul-nuovo-ceo-di-kuhnenagel-da-agosto-2022","status":"publish","type":"post","link":"https:\/\/loginfo24.com\/it\/2021\/11\/23\/stefan-paul-nuovo-ceo-di-kuhnenagel-da-agosto-2022\/","title":{"rendered":"Stefan Paul nuovo CEO di K\u00fchne+Nagel da agosto 2022"},"content":{"rendered":"<h4><b><span style=\"font-family: 'Cambria',serif\">Il consiglio di amministrazione di K\u00fchne + Nagel International AG ha oggi avviato il cambiamento nella leadership dell&#8217;azienda. Con effetto dal 1\u00b0 agosto 2022, Stefan Paul assumer\u00e0 la carica di CEO di K\u00fchne + Nagel International AG. Contestualmente, l&#8217;attuale CEO, Dr. Detlef Trefzger, terminer\u00e0 la sua attivit\u00e0 per motivi personali.<\/span><\/b><\/h4>\n<p><span style=\"font-family: 'Cambria',serif\">(Schindellegi) Stefan Paul (nato nel 1969) \u00e8 cittadino tedesco, membro della direzione di K\u00fchne + Nagel dal 2013 e attualmente responsabile del settore trasporti terrestri e delle vendite. Ha iniziato la sua carriera in K\u00fchne + Nagel nel 1990. Tra il 1997 e il 2013 ha ricoperto posizioni dirigenziali in diverse aziende di logistica, tra cui in Germania e Gran Bretagna. Nel 2013, Paul \u00e8 tornato in K\u00fchne + Nagel, dove ha assunto la responsabilit\u00e0 di tutte le attivit\u00e0 di trasporto terrestre, riuscendo ad espandere questo settore con una crescente redditivit\u00e0 e globalizzazione. In seguito, ha anche assunto nella direzione le responsabilit\u00e0 per le vendite globali.<\/span><\/p>\n<h4><b><span style=\"font-family: 'Cambria',serif\">Pianificare lo sviluppo aziendale a lungo termine<\/span><\/b><\/h4>\n<p><span style=\"font-family: 'Cambria',serif\">&#8220;\u00c8 uno dei principi di K\u00fchne + Nagel pianificare lo sviluppo aziendale nel modo pi\u00f9 a lungo termine possibile, il che include soprattutto la copertura delle posizioni dirigenziali. In questo contesto, l&#8217;attenzione \u00e8 rivolta, data l&#8217;evoluzione molto positiva, a garantire la continuit\u00e0. Con la nomina di Stefan Paul a CEO, si garantiscono l&#8217;orientamento strategico e la specifica cultura aziendale.<\/span><\/p>\n<p><span style=\"font-family: 'Cambria',serif\">Il consiglio di amministrazione stima Stefan Paul da molti anni e lo considera un&#8217;eccellente scelta per il futuro. Siamo lieti di poter dimostrare ancora una volta con il signor Paul quali persone capaci K\u00fchne + Nagel ha anche nella sua dirigenza.<\/span><\/p>\n<h4><b><span style=\"font-family: 'Cambria',serif\">Ringraziamenti al Dr. Trefzger<\/span><\/b><\/h4>\n<p><span style=\"font-family: 'Cambria',serif\">Il Dr. Trefzger \u00e8 previsto, dopo il suo successo di nove anni alla guida, nel consiglio di amministrazione di K\u00fchne + Nagel International AG.<\/span><\/p>\n<div id=\"attachment_15821\" style=\"width: 1034px\" class=\"wp-caption alignnone\"><img loading=\"lazy\" decoding=\"async\" aria-describedby=\"caption-attachment-15821\" class=\"size-large wp-image-15821\" src=\"https:\/\/loginfo24.com\/wp-content\/uploads\/sites\/7\/2025\/12\/Kuehne_Nagel_23.11.21_2.jpg\" alt=\"\" width=\"1024\" height=\"679\" \/><p id=\"caption-attachment-15821\" class=\"wp-caption-text\">Dr. Detlef Trefzger<\/p><\/div>\n<p><span style=\"font-family: 'Cambria',serif\">Ringraziamo gi\u00e0 oggi il Dr. Trefzger per il suo eccellente lavoro di leadership negli ultimi anni. Insieme ai suoi competenti colleghi di direzione, \u00e8 riuscito a portare K\u00fchne + Nagel avanti in modo significativo e a ottenere risultati eccellenti. Per questo merita un riconoscimento speciale da parte del consiglio di amministrazione di K\u00fchne + Nagel International AG.&#8221;<\/span><\/p>\n<p><span style=\"font-family: 'Cambria',serif\">Foto: \u00a9 K\u00fchne+Nagel \/ <b><i>Didascalia:<\/i><\/b><i> Foto di copertura: Stefan Paul<\/i><\/span><\/p>\n","protected":false},"excerpt":{"rendered":"<p>Il consiglio di amministrazione di K\u00fchne + Nagel International AG ha oggi avviato il cambiamento nella leadership dell&#8217;azienda. Con effetto dal 1\u00b0 agosto 2022, Stefan Paul<span class=\"excerpt-hellip\"> [\u2026]<\/span><\/p>\n","protected":false},"author":0,"featured_media":11680,"comment_status":"open","ping_status":"open","sticky":false,"template":"","format":"standard","meta":{"_acf_changed":false,"footnotes":""},"categories":[1557,1561],"tags":[],"class_list":["post-53689","post","type-post","status-publish","format-standard","has-post-thumbnail","hentry","category-forwarding-logistics","category-regions"],"acf":[],"yoast_head":"<!-- This site is optimized with the Yoast SEO plugin v27.3 - https:\/\/yoast.com\/product\/yoast-seo-wordpress\/ -->\n<title>Stefan Paul nuovo CEO di K\u00fchne+Nagel da agosto 2022 - Loginfo24<\/title>\n<meta name=\"robots\" content=\"index, follow, max-snippet:-1, max-image-preview:large, max-video-preview:-1\" \/>\n<link rel=\"canonical\" href=\"https:\/\/loginfo24.com\/it\/2021\/11\/23\/stefan-paul-nuovo-ceo-di-kuhnenagel-da-agosto-2022\/\" \/>\n<meta property=\"og:locale\" content=\"it_IT\" \/>\n<meta property=\"og:type\" content=\"article\" \/>\n<meta property=\"og:title\" content=\"Stefan Paul nuovo CEO di K\u00fchne+Nagel da agosto 2022 - Loginfo24\" \/>\n<meta property=\"og:description\" content=\"Il consiglio di amministrazione di K\u00fchne + Nagel International AG ha oggi avviato il cambiamento nella leadership dell&#8217;azienda. Con effetto dal 1\u00b0 agosto 2022, Stefan Paul [\u2026]\" \/>\n<meta property=\"og:url\" content=\"https:\/\/loginfo24.com\/it\/2021\/11\/23\/stefan-paul-nuovo-ceo-di-kuhnenagel-da-agosto-2022\/\" \/>\n<meta property=\"og:site_name\" content=\"Loginfo24\" \/>\n<meta property=\"article:publisher\" content=\"https:\/\/www.facebook.com\/people\/Loginfo24\/100057360583332\/\" \/>\n<meta property=\"article:published_time\" content=\"2021-11-23T15:06:44+00:00\" \/>\n<meta property=\"og:image\" content=\"https:\/\/loginfo24.com\/wp-content\/uploads\/sites\/7\/2025\/12\/Kuehne_Nagel_23.11.21.jpg\" \/>\n\t<meta property=\"og:image:width\" content=\"1351\" \/>\n\t<meta property=\"og:image:height\" content=\"898\" \/>\n\t<meta property=\"og:image:type\" content=\"image\/jpeg\" \/>\n<meta name=\"twitter:card\" content=\"summary_large_image\" \/>\n<meta name=\"twitter:label1\" content=\"Tempo di lettura stimato\" \/>\n\t<meta name=\"twitter:data1\" content=\"2 minuto\" \/>\n<script type=\"application\/ld+json\" class=\"yoast-schema-graph\">{\"@context\":\"https:\\\/\\\/schema.org\",\"@graph\":[{\"@type\":\"Article\",\"@id\":\"https:\\\/\\\/loginfo24.com\\\/it\\\/2021\\\/11\\\/23\\\/stefan-paul-nuovo-ceo-di-kuhnenagel-da-agosto-2022\\\/#article\",\"isPartOf\":{\"@id\":\"https:\\\/\\\/loginfo24.com\\\/it\\\/2021\\\/11\\\/23\\\/stefan-paul-nuovo-ceo-di-kuhnenagel-da-agosto-2022\\\/\"},\"author\":{\"name\":\"\",\"@id\":\"\"},\"headline\":\"Stefan Paul nuovo CEO di K\u00fchne+Nagel da agosto 2022\",\"datePublished\":\"2021-11-23T15:06:44+00:00\",\"mainEntityOfPage\":{\"@id\":\"https:\\\/\\\/loginfo24.com\\\/it\\\/2021\\\/11\\\/23\\\/stefan-paul-nuovo-ceo-di-kuhnenagel-da-agosto-2022\\\/\"},\"wordCount\":370,\"commentCount\":0,\"publisher\":{\"@id\":\"https:\\\/\\\/loginfo24.com\\\/it\\\/#organization\"},\"image\":{\"@id\":\"https:\\\/\\\/loginfo24.com\\\/it\\\/2021\\\/11\\\/23\\\/stefan-paul-nuovo-ceo-di-kuhnenagel-da-agosto-2022\\\/#primaryimage\"},\"thumbnailUrl\":\"https:\\\/\\\/loginfo24.com\\\/wp-content\\\/uploads\\\/sites\\\/7\\\/2025\\\/12\\\/Kuehne_Nagel_23.11.21.jpg\",\"articleSection\":[\"Forwarding &amp; Logistics\",\"Regions\"],\"inLanguage\":\"it-IT\",\"potentialAction\":[{\"@type\":\"CommentAction\",\"name\":\"Comment\",\"target\":[\"https:\\\/\\\/loginfo24.com\\\/it\\\/2021\\\/11\\\/23\\\/stefan-paul-nuovo-ceo-di-kuhnenagel-da-agosto-2022\\\/#respond\"]}]},{\"@type\":\"WebPage\",\"@id\":\"https:\\\/\\\/loginfo24.com\\\/it\\\/2021\\\/11\\\/23\\\/stefan-paul-nuovo-ceo-di-kuhnenagel-da-agosto-2022\\\/\",\"url\":\"https:\\\/\\\/loginfo24.com\\\/it\\\/2021\\\/11\\\/23\\\/stefan-paul-nuovo-ceo-di-kuhnenagel-da-agosto-2022\\\/\",\"name\":\"Stefan Paul nuovo CEO di K\u00fchne+Nagel da agosto 2022 - Loginfo24\",\"isPartOf\":{\"@id\":\"https:\\\/\\\/loginfo24.com\\\/it\\\/#website\"},\"primaryImageOfPage\":{\"@id\":\"https:\\\/\\\/loginfo24.com\\\/it\\\/2021\\\/11\\\/23\\\/stefan-paul-nuovo-ceo-di-kuhnenagel-da-agosto-2022\\\/#primaryimage\"},\"image\":{\"@id\":\"https:\\\/\\\/loginfo24.com\\\/it\\\/2021\\\/11\\\/23\\\/stefan-paul-nuovo-ceo-di-kuhnenagel-da-agosto-2022\\\/#primaryimage\"},\"thumbnailUrl\":\"https:\\\/\\\/loginfo24.com\\\/wp-content\\\/uploads\\\/sites\\\/7\\\/2025\\\/12\\\/Kuehne_Nagel_23.11.21.jpg\",\"datePublished\":\"2021-11-23T15:06:44+00:00\",\"breadcrumb\":{\"@id\":\"https:\\\/\\\/loginfo24.com\\\/it\\\/2021\\\/11\\\/23\\\/stefan-paul-nuovo-ceo-di-kuhnenagel-da-agosto-2022\\\/#breadcrumb\"},\"inLanguage\":\"it-IT\",\"potentialAction\":[{\"@type\":\"ReadAction\",\"target\":[\"https:\\\/\\\/loginfo24.com\\\/it\\\/2021\\\/11\\\/23\\\/stefan-paul-nuovo-ceo-di-kuhnenagel-da-agosto-2022\\\/\"]}]},{\"@type\":\"ImageObject\",\"inLanguage\":\"it-IT\",\"@id\":\"https:\\\/\\\/loginfo24.com\\\/it\\\/2021\\\/11\\\/23\\\/stefan-paul-nuovo-ceo-di-kuhnenagel-da-agosto-2022\\\/#primaryimage\",\"url\":\"https:\\\/\\\/loginfo24.com\\\/wp-content\\\/uploads\\\/sites\\\/7\\\/2025\\\/12\\\/Kuehne_Nagel_23.11.21.jpg\",\"contentUrl\":\"https:\\\/\\\/loginfo24.com\\\/wp-content\\\/uploads\\\/sites\\\/7\\\/2025\\\/12\\\/Kuehne_Nagel_23.11.21.jpg\",\"width\":1351,\"height\":898},{\"@type\":\"BreadcrumbList\",\"@id\":\"https:\\\/\\\/loginfo24.com\\\/it\\\/2021\\\/11\\\/23\\\/stefan-paul-nuovo-ceo-di-kuhnenagel-da-agosto-2022\\\/#breadcrumb\",\"itemListElement\":[{\"@type\":\"ListItem\",\"position\":1,\"name\":\"Startseite\",\"item\":\"https:\\\/\\\/loginfo24.com\\\/it\\\/\"},{\"@type\":\"ListItem\",\"position\":2,\"name\":\"Stefan Paul nuovo CEO di K\u00fchne+Nagel da agosto 2022\"}]},{\"@type\":\"WebSite\",\"@id\":\"https:\\\/\\\/loginfo24.com\\\/it\\\/#website\",\"url\":\"https:\\\/\\\/loginfo24.com\\\/it\\\/\",\"name\":\"Loginfo24\",\"description\":\"Loginfo24 \u00e8 la piattaforma dedicata alla logistica e alle catene di fornitura con informazioni disponibili 24 ore su 24.\",\"publisher\":{\"@id\":\"https:\\\/\\\/loginfo24.com\\\/it\\\/#organization\"},\"potentialAction\":[{\"@type\":\"SearchAction\",\"target\":{\"@type\":\"EntryPoint\",\"urlTemplate\":\"https:\\\/\\\/loginfo24.com\\\/it\\\/?s={search_term_string}\"},\"query-input\":{\"@type\":\"PropertyValueSpecification\",\"valueRequired\":true,\"valueName\":\"search_term_string\"}}],\"inLanguage\":\"it-IT\"},{\"@type\":\"Organization\",\"@id\":\"https:\\\/\\\/loginfo24.com\\\/it\\\/#organization\",\"name\":\"Logismedia Group AG\",\"url\":\"https:\\\/\\\/loginfo24.com\\\/it\\\/\",\"logo\":{\"@type\":\"ImageObject\",\"inLanguage\":\"it-IT\",\"@id\":\"https:\\\/\\\/loginfo24.com\\\/it\\\/#\\\/schema\\\/logo\\\/image\\\/\",\"url\":\"https:\\\/\\\/loginfo24.com\\\/wp-content\\\/uploads\\\/sites\\\/7\\\/2026\\\/01\\\/Logo_LogInfo24.png\",\"contentUrl\":\"https:\\\/\\\/loginfo24.com\\\/wp-content\\\/uploads\\\/sites\\\/7\\\/2026\\\/01\\\/Logo_LogInfo24.png\",\"width\":938,\"height\":351,\"caption\":\"Logismedia Group AG\"},\"image\":{\"@id\":\"https:\\\/\\\/loginfo24.com\\\/it\\\/#\\\/schema\\\/logo\\\/image\\\/\"},\"sameAs\":[\"https:\\\/\\\/www.facebook.com\\\/people\\\/Loginfo24\\\/100057360583332\\\/\",\"https:\\\/\\\/www.linkedin.com\\\/company\\\/lofinfo24\\\/\"]}]}<\/script>\n<!-- \/ Yoast SEO plugin. -->","yoast_head_json":{"title":"Stefan Paul nuovo CEO di K\u00fchne+Nagel da agosto 2022 - Loginfo24","robots":{"index":"index","follow":"follow","max-snippet":"max-snippet:-1","max-image-preview":"max-image-preview:large","max-video-preview":"max-video-preview:-1"},"canonical":"https:\/\/loginfo24.com\/it\/2021\/11\/23\/stefan-paul-nuovo-ceo-di-kuhnenagel-da-agosto-2022\/","og_locale":"it_IT","og_type":"article","og_title":"Stefan Paul nuovo CEO di K\u00fchne+Nagel da agosto 2022 - Loginfo24","og_description":"Il consiglio di amministrazione di K\u00fchne + Nagel International AG ha oggi avviato il cambiamento nella leadership dell&#8217;azienda. Con effetto dal 1\u00b0 agosto 2022, Stefan Paul [\u2026]","og_url":"https:\/\/loginfo24.com\/it\/2021\/11\/23\/stefan-paul-nuovo-ceo-di-kuhnenagel-da-agosto-2022\/","og_site_name":"Loginfo24","article_publisher":"https:\/\/www.facebook.com\/people\/Loginfo24\/100057360583332\/","article_published_time":"2021-11-23T15:06:44+00:00","og_image":[{"width":1351,"height":898,"url":"https:\/\/loginfo24.com\/wp-content\/uploads\/sites\/7\/2025\/12\/Kuehne_Nagel_23.11.21.jpg","type":"image\/jpeg"}],"twitter_card":"summary_large_image","twitter_misc":{"Tempo di lettura stimato":"2 minuto"},"schema":{"@context":"https:\/\/schema.org","@graph":[{"@type":"Article","@id":"https:\/\/loginfo24.com\/it\/2021\/11\/23\/stefan-paul-nuovo-ceo-di-kuhnenagel-da-agosto-2022\/#article","isPartOf":{"@id":"https:\/\/loginfo24.com\/it\/2021\/11\/23\/stefan-paul-nuovo-ceo-di-kuhnenagel-da-agosto-2022\/"},"author":{"name":"","@id":""},"headline":"Stefan Paul nuovo CEO di K\u00fchne+Nagel da agosto 2022","datePublished":"2021-11-23T15:06:44+00:00","mainEntityOfPage":{"@id":"https:\/\/loginfo24.com\/it\/2021\/11\/23\/stefan-paul-nuovo-ceo-di-kuhnenagel-da-agosto-2022\/"},"wordCount":370,"commentCount":0,"publisher":{"@id":"https:\/\/loginfo24.com\/it\/#organization"},"image":{"@id":"https:\/\/loginfo24.com\/it\/2021\/11\/23\/stefan-paul-nuovo-ceo-di-kuhnenagel-da-agosto-2022\/#primaryimage"},"thumbnailUrl":"https:\/\/loginfo24.com\/wp-content\/uploads\/sites\/7\/2025\/12\/Kuehne_Nagel_23.11.21.jpg","articleSection":["Forwarding &amp; Logistics","Regions"],"inLanguage":"it-IT","potentialAction":[{"@type":"CommentAction","name":"Comment","target":["https:\/\/loginfo24.com\/it\/2021\/11\/23\/stefan-paul-nuovo-ceo-di-kuhnenagel-da-agosto-2022\/#respond"]}]},{"@type":"WebPage","@id":"https:\/\/loginfo24.com\/it\/2021\/11\/23\/stefan-paul-nuovo-ceo-di-kuhnenagel-da-agosto-2022\/","url":"https:\/\/loginfo24.com\/it\/2021\/11\/23\/stefan-paul-nuovo-ceo-di-kuhnenagel-da-agosto-2022\/","name":"Stefan Paul nuovo CEO di K\u00fchne+Nagel da agosto 2022 - Loginfo24","isPartOf":{"@id":"https:\/\/loginfo24.com\/it\/#website"},"primaryImageOfPage":{"@id":"https:\/\/loginfo24.com\/it\/2021\/11\/23\/stefan-paul-nuovo-ceo-di-kuhnenagel-da-agosto-2022\/#primaryimage"},"image":{"@id":"https:\/\/loginfo24.com\/it\/2021\/11\/23\/stefan-paul-nuovo-ceo-di-kuhnenagel-da-agosto-2022\/#primaryimage"},"thumbnailUrl":"https:\/\/loginfo24.com\/wp-content\/uploads\/sites\/7\/2025\/12\/Kuehne_Nagel_23.11.21.jpg","datePublished":"2021-11-23T15:06:44+00:00","breadcrumb":{"@id":"https:\/\/loginfo24.com\/it\/2021\/11\/23\/stefan-paul-nuovo-ceo-di-kuhnenagel-da-agosto-2022\/#breadcrumb"},"inLanguage":"it-IT","potentialAction":[{"@type":"ReadAction","target":["https:\/\/loginfo24.com\/it\/2021\/11\/23\/stefan-paul-nuovo-ceo-di-kuhnenagel-da-agosto-2022\/"]}]},{"@type":"ImageObject","inLanguage":"it-IT","@id":"https:\/\/loginfo24.com\/it\/2021\/11\/23\/stefan-paul-nuovo-ceo-di-kuhnenagel-da-agosto-2022\/#primaryimage","url":"https:\/\/loginfo24.com\/wp-content\/uploads\/sites\/7\/2025\/12\/Kuehne_Nagel_23.11.21.jpg","contentUrl":"https:\/\/loginfo24.com\/wp-content\/uploads\/sites\/7\/2025\/12\/Kuehne_Nagel_23.11.21.jpg","width":1351,"height":898},{"@type":"BreadcrumbList","@id":"https:\/\/loginfo24.com\/it\/2021\/11\/23\/stefan-paul-nuovo-ceo-di-kuhnenagel-da-agosto-2022\/#breadcrumb","itemListElement":[{"@type":"ListItem","position":1,"name":"Startseite","item":"https:\/\/loginfo24.com\/it\/"},{"@type":"ListItem","position":2,"name":"Stefan Paul nuovo CEO di K\u00fchne+Nagel da agosto 2022"}]},{"@type":"WebSite","@id":"https:\/\/loginfo24.com\/it\/#website","url":"https:\/\/loginfo24.com\/it\/","name":"Loginfo24","description":"Loginfo24 \u00e8 la piattaforma dedicata alla logistica e alle catene di fornitura con informazioni disponibili 24 ore su 24.","publisher":{"@id":"https:\/\/loginfo24.com\/it\/#organization"},"potentialAction":[{"@type":"SearchAction","target":{"@type":"EntryPoint","urlTemplate":"https:\/\/loginfo24.com\/it\/?s={search_term_string}"},"query-input":{"@type":"PropertyValueSpecification","valueRequired":true,"valueName":"search_term_string"}}],"inLanguage":"it-IT"},{"@type":"Organization","@id":"https:\/\/loginfo24.com\/it\/#organization","name":"Logismedia Group AG","url":"https:\/\/loginfo24.com\/it\/","logo":{"@type":"ImageObject","inLanguage":"it-IT","@id":"https:\/\/loginfo24.com\/it\/#\/schema\/logo\/image\/","url":"https:\/\/loginfo24.com\/wp-content\/uploads\/sites\/7\/2026\/01\/Logo_LogInfo24.png","contentUrl":"https:\/\/loginfo24.com\/wp-content\/uploads\/sites\/7\/2026\/01\/Logo_LogInfo24.png","width":938,"height":351,"caption":"Logismedia Group AG"},"image":{"@id":"https:\/\/loginfo24.com\/it\/#\/schema\/logo\/image\/"},"sameAs":["https:\/\/www.facebook.com\/people\/Loginfo24\/100057360583332\/","https:\/\/www.linkedin.com\/company\/lofinfo24\/"]}]}},"_links":{"self":[{"href":"https:\/\/loginfo24.com\/it\/wp-json\/wp\/v2\/posts\/53689","targetHints":{"allow":["GET"]}}],"collection":[{"href":"https:\/\/loginfo24.com\/it\/wp-json\/wp\/v2\/posts"}],"about":[{"href":"https:\/\/loginfo24.com\/it\/wp-json\/wp\/v2\/types\/post"}],"replies":[{"embeddable":true,"href":"https:\/\/loginfo24.com\/it\/wp-json\/wp\/v2\/comments?post=53689"}],"version-history":[{"count":0,"href":"https:\/\/loginfo24.com\/it\/wp-json\/wp\/v2\/posts\/53689\/revisions"}],"wp:featuredmedia":[{"embeddable":true,"href":"https:\/\/loginfo24.com\/it\/wp-json\/wp\/v2\/media\/11680"}],"wp:attachment":[{"href":"https:\/\/loginfo24.com\/it\/wp-json\/wp\/v2\/media?parent=53689"}],"wp:term":[{"taxonomy":"category","embeddable":true,"href":"https:\/\/loginfo24.com\/it\/wp-json\/wp\/v2\/categories?post=53689"},{"taxonomy":"post_tag","embeddable":true,"href":"https:\/\/loginfo24.com\/it\/wp-json\/wp\/v2\/tags?post=53689"}],"curies":[{"name":"wp","href":"https:\/\/api.w.org\/{rel}","templated":true}]}}