{"id":53327,"date":"2021-11-09T17:53:52","date_gmt":"2021-11-09T16:53:52","guid":{"rendered":"https:\/\/blog.brand-architecture.at\/2021\/11\/09\/dhl-express-con-il-volo-inaugurale-della-compagnia-aerea-cargo-dhl-air-austria\/"},"modified":"2021-11-09T17:53:52","modified_gmt":"2021-11-09T16:53:52","slug":"dhl-express-con-il-volo-inaugurale-della-compagnia-aerea-cargo-dhl-air-austria","status":"publish","type":"post","link":"https:\/\/loginfo24.com\/it\/2021\/11\/09\/dhl-express-con-il-volo-inaugurale-della-compagnia-aerea-cargo-dhl-air-austria\/","title":{"rendered":"DHL Express con il volo inaugurale della compagnia aerea cargo DHL Air Austria"},"content":{"rendered":"<h5><strong>La nuova compagnia aerea cargo DHL Air Austria gestir\u00e0 in futuro voli cargo europei con diciotto aerei di tipo Boeing 757 e circa 176 piloti. La nuova compagnia aerea cargo crea 54 nuovi posti di lavoro presso l&#8217;aeroporto di Vienna. DHL Air Austria \u00e8 la preparazione per una ulteriore crescita e per soddisfare l&#8217;alta domanda di consegne espresse.<\/strong><\/h5>\n<p>(Wien, Schwechat) DHL Express ha celebrato ieri il via libera per la nuova compagnia aerea cargo DHL Air Austria, che ha ora la sua sede principale presso l&#8217;aeroporto di Vienna. In presenza di importanti partner delle autorit\u00e0 aeronautiche competenti, come il Ministero Federale per la Protezione del Clima, l&#8217;Ambiente, l&#8217;Energia, la Mobilit\u00e0, l&#8217;Innovazione e la Tecnologia e Austro Control, si \u00e8 svolto anche il volo inaugurale del primo Boeing 757 registrato sotto bandiera austriaca.<\/p>\n<p>La fondazione di DHL Air Austria rappresenta una tappa importante nella storia di DHL Express in Austria, iniziata 41 anni fa: &#8220;Con questo passo importante, da un lato rendiamo la nostra rete di trasporto aereo in Europa pi\u00f9 flessibile e stabile, dall&#8217;altro continuiamo a soddisfare l&#8217;alta domanda dei nostri clienti per consegne espresse transfrontaliere e possiamo fornire loro capacit\u00e0 adeguate&#8221;, si rallegrano Ralf Schweigh\u00f6fer, CEO di DHL Express Austria.<\/p>\n<p>In un mondo sempre pi\u00f9 globalizzato, l&#8217;importanza delle esportazioni e delle importazioni sta aumentando rapidamente, e questa tendenza continuer\u00e0 anche dopo la pandemia di COVID19. La rete globale delle aziende locali sta diventando sempre pi\u00f9 un fattore competitivo decisivo. Garantendo una rete di trasporto aereo robusta e flessibile, DHL Express contribuisce in modo significativo alla ripresa economica dell&#8217;economia europea dopo la pandemia di COVID19. &#8220;La nuova compagnia aerea DHL Air Austria \u00e8 un importante rafforzamento per il nostro settore aereo e per l&#8217;economia locale. Questa decisione di localizzazione per l&#8217;Austria \u00e8 un forte segnale per il nostro paese. La nuova sede presso l&#8217;aeroporto di Vienna porta anche un&#8217;importante creazione di valore per la regione&#8221;, sottolinea Dr. Magnus Brunner, Segretario di Stato per l&#8217;Aviazione.<\/p>\n<h5><strong>Assegnazione dell&#8217;equipaggio e pianificazione dei voli<\/strong><\/h5>\n<p>La nuova compagnia aerea cargo DHL Air Austria gestir\u00e0 in futuro voli cargo europei con diciotto aerei di tipo Boeing 757 e circa 176 piloti. I dipendenti della sede di Vienna gestiscono le operazioni quotidiane della compagnia aerea, dall&#8217;assegnazione dell&#8217;equipaggio alla pianificazione dei voli fino alla formazione dell&#8217;equipaggio. Inoltre, la sicurezza, la qualit\u00e0, la conformit\u00e0 e la pianificazione della manutenzione degli aerei rientrano nelle loro responsabilit\u00e0. A tal fine, DHL Air Austria crea circa 54 nuovi posti di lavoro sostenibili nel Office Park 4 presso l&#8217;aeroporto di Vienna, uno degli edifici per uffici pi\u00f9 moderni e sostenibili di Vienna.<\/p>\n<p>&#8220;La fondazione della prima compagnia aerea austriaca di DHL Express e il conseguimento di tutte le licenze \u00e8 un momento storico per tutti noi. L&#8217;attuazione efficiente di questo importante traguardo non sarebbe stata possibile senza l&#8217;instancabile impegno del nostro team e soprattutto senza il grande supporto del ministero competente e di Austro Control&#8221;, ringrazia Barbara Achleitner, Managing Director di DHL Air Austria. &#8220;Siamo particolarmente orgogliosi di aver raggiunto risultati cos\u00ec enormi insieme nel team in nove mesi e di aver creato 54 nuovi posti di lavoro nella nostra sede presso l&#8217;aeroporto di Vienna grazie a questo importante passo.&#8221;<\/p>\n<div id=\"attachment_15487\" style=\"width: 1394px\" class=\"wp-caption alignnone\"><img loading=\"lazy\" decoding=\"async\" aria-describedby=\"caption-attachment-15487\" class=\"wp-image-15487 size-full\" src=\"https:\/\/loginfo24.com\/wp-content\/uploads\/sites\/7\/2025\/12\/DHL_9.11.21_2.jpg\" alt=\"\" width=\"1384\" height=\"894\" \/><p id=\"caption-attachment-15487\" class=\"wp-caption-text\">Taglio della torta con Dr. Magnus Brunner, Segretario di Stato per l&#8217;Aviazione; Barbara Achleitner, Managing Director di DHL Air Austria e Ralf Schweigh\u00f6fer, CEO di DHL Express Austria (\u00a9 Christian Husar)<\/p><\/div>\n<h5><strong>Procedura di autorizzazione completata in tempo record<\/strong><\/h5>\n<p>Dopo aver esaminato diverse opzioni in vari paesi europei, l&#8217;Austria \u00e8 riuscita a imporsi come sede ottimale per la nuova compagnia aerea cargo. Oltre a condizioni politiche ed economiche stabili e alla reputazione eccellente delle autorit\u00e0 aeronautiche locali a livello mondiale, la sede offre anche le migliori condizioni geografiche nel cuore dell&#8217;Europa. Questo \u00e8 confermato anche da Dr. Valerie Hackl, amministratore delegato di Austro Control: &#8220;Sono particolarmente felice che possiamo dare il benvenuto a DHL Air Austria come ulteriore compagnia aerea nel registro austriaco degli aeromobili. Vorrei ringraziare DHL Express per la buona e professionale collaborazione che ha reso possibile completare questo processo in modo cos\u00ec rapido ed efficiente. \u00c8 anche un segno dell&#8217;alta qualit\u00e0 delle nostre autorit\u00e0 aeronautiche e una conseguenza dell&#8217;alta qualit\u00e0 del servizio che offriamo quotidianamente ai nostri clienti, che sempre pi\u00f9 compagnie aeree rinomate trovano la strada per l&#8217;Austria. Questo eccellente riconoscimento internazionale lo abbiamo guadagnato negli ultimi anni e vogliamo continuare su questa strada come autorit\u00e0 aeronautica moderna e orientata al servizio.&#8221;<\/p>\n<h5><strong>Transazione completata nel primo trimestre del 2022<\/strong><\/h5>\n<p>Dopo aver avviato i primi colloqui con le autorit\u00e0 austriache nel febbraio di quest&#8217;anno, il 18 ottobre 2021 sono stati rilasciati l&#8217;AOC (Certificato di Operatore Aereo) necessario per l&#8217;operativit\u00e0 della compagnia aerea e successivamente la OL (Licenza Operativa). In questo modo, DHL Air Austria ha potuto dimostrare alle autorit\u00e0 competenti, in un tempo record di soli nove mesi, tutte le procedure necessarie per l&#8217;operativit\u00e0 della nuova compagnia aerea cargo. Attualmente, tre dei diciotto Boeing sono gi\u00e0 registrati in Austria. Il trasferimento di ulteriori quindici aerei Boeing 757 a DHL Air Austria dovrebbe essere completato nel primo trimestre del 2022. Fino ad allora, il team di DHL Air Austria avr\u00e0 anche preso posto nel moderno Office Park 4 e gestir\u00e0 le operazioni da l\u00ec.<\/p>\n<p>Foto: \u00a9 DHL\/Christian Husar<\/p>\n","protected":false},"excerpt":{"rendered":"<p>La nuova compagnia aerea cargo DHL Air Austria gestir\u00e0 in futuro voli cargo europei con diciotto aerei di tipo Boeing 757 e circa 176 piloti. La<span class=\"excerpt-hellip\"> [\u2026]<\/span><\/p>\n","protected":false},"author":0,"featured_media":11838,"comment_status":"open","ping_status":"open","sticky":false,"template":"","format":"standard","meta":{"_acf_changed":false,"footnotes":""},"categories":[1558,1561],"tags":[],"class_list":["post-53327","post","type-post","status-publish","format-standard","has-post-thumbnail","hentry","category-air-freight","category-regions"],"acf":[],"yoast_head":"<!-- This site is optimized with the Yoast SEO plugin v27.3 - https:\/\/yoast.com\/product\/yoast-seo-wordpress\/ -->\n<title>DHL Express con il volo inaugurale della compagnia aerea cargo DHL Air Austria - Loginfo24<\/title>\n<meta name=\"robots\" content=\"index, follow, max-snippet:-1, max-image-preview:large, max-video-preview:-1\" \/>\n<link rel=\"canonical\" href=\"https:\/\/loginfo24.com\/it\/2021\/11\/09\/dhl-express-con-il-volo-inaugurale-della-compagnia-aerea-cargo-dhl-air-austria\/\" \/>\n<meta property=\"og:locale\" content=\"it_IT\" \/>\n<meta property=\"og:type\" content=\"article\" \/>\n<meta property=\"og:title\" content=\"DHL Express con il volo inaugurale della compagnia aerea cargo DHL Air Austria - Loginfo24\" \/>\n<meta property=\"og:description\" content=\"La nuova compagnia aerea cargo DHL Air Austria gestir\u00e0 in futuro voli cargo europei con diciotto aerei di tipo Boeing 757 e circa 176 piloti. La [\u2026]\" \/>\n<meta property=\"og:url\" content=\"https:\/\/loginfo24.com\/it\/2021\/11\/09\/dhl-express-con-il-volo-inaugurale-della-compagnia-aerea-cargo-dhl-air-austria\/\" \/>\n<meta property=\"og:site_name\" content=\"Loginfo24\" \/>\n<meta property=\"article:publisher\" content=\"https:\/\/www.facebook.com\/people\/Loginfo24\/100057360583332\/\" \/>\n<meta property=\"article:published_time\" content=\"2021-11-09T16:53:52+00:00\" \/>\n<meta property=\"og:image\" content=\"https:\/\/loginfo24.com\/wp-content\/uploads\/sites\/7\/2025\/12\/DHL_9.11.21_1.jpg\" \/>\n\t<meta property=\"og:image:width\" content=\"1297\" \/>\n\t<meta property=\"og:image:height\" content=\"611\" \/>\n\t<meta property=\"og:image:type\" content=\"image\/jpeg\" \/>\n<meta name=\"twitter:card\" content=\"summary_large_image\" \/>\n<meta name=\"twitter:label1\" content=\"Tempo di lettura stimato\" \/>\n\t<meta name=\"twitter:data1\" content=\"4 minuto\" \/>\n<script type=\"application\/ld+json\" class=\"yoast-schema-graph\">{\"@context\":\"https:\\\/\\\/schema.org\",\"@graph\":[{\"@type\":\"Article\",\"@id\":\"https:\\\/\\\/loginfo24.com\\\/it\\\/2021\\\/11\\\/09\\\/dhl-express-con-il-volo-inaugurale-della-compagnia-aerea-cargo-dhl-air-austria\\\/#article\",\"isPartOf\":{\"@id\":\"https:\\\/\\\/loginfo24.com\\\/it\\\/2021\\\/11\\\/09\\\/dhl-express-con-il-volo-inaugurale-della-compagnia-aerea-cargo-dhl-air-austria\\\/\"},\"author\":{\"name\":\"\",\"@id\":\"\"},\"headline\":\"DHL Express con il volo inaugurale della compagnia aerea cargo DHL Air Austria\",\"datePublished\":\"2021-11-09T16:53:52+00:00\",\"mainEntityOfPage\":{\"@id\":\"https:\\\/\\\/loginfo24.com\\\/it\\\/2021\\\/11\\\/09\\\/dhl-express-con-il-volo-inaugurale-della-compagnia-aerea-cargo-dhl-air-austria\\\/\"},\"wordCount\":896,\"commentCount\":0,\"publisher\":{\"@id\":\"https:\\\/\\\/loginfo24.com\\\/it\\\/#organization\"},\"image\":{\"@id\":\"https:\\\/\\\/loginfo24.com\\\/it\\\/2021\\\/11\\\/09\\\/dhl-express-con-il-volo-inaugurale-della-compagnia-aerea-cargo-dhl-air-austria\\\/#primaryimage\"},\"thumbnailUrl\":\"https:\\\/\\\/loginfo24.com\\\/wp-content\\\/uploads\\\/sites\\\/7\\\/2025\\\/12\\\/DHL_9.11.21_1.jpg\",\"articleSection\":[\"Air Freight\",\"Regions\"],\"inLanguage\":\"it-IT\",\"potentialAction\":[{\"@type\":\"CommentAction\",\"name\":\"Comment\",\"target\":[\"https:\\\/\\\/loginfo24.com\\\/it\\\/2021\\\/11\\\/09\\\/dhl-express-con-il-volo-inaugurale-della-compagnia-aerea-cargo-dhl-air-austria\\\/#respond\"]}]},{\"@type\":\"WebPage\",\"@id\":\"https:\\\/\\\/loginfo24.com\\\/it\\\/2021\\\/11\\\/09\\\/dhl-express-con-il-volo-inaugurale-della-compagnia-aerea-cargo-dhl-air-austria\\\/\",\"url\":\"https:\\\/\\\/loginfo24.com\\\/it\\\/2021\\\/11\\\/09\\\/dhl-express-con-il-volo-inaugurale-della-compagnia-aerea-cargo-dhl-air-austria\\\/\",\"name\":\"DHL Express con il volo inaugurale della compagnia aerea cargo DHL Air Austria - Loginfo24\",\"isPartOf\":{\"@id\":\"https:\\\/\\\/loginfo24.com\\\/it\\\/#website\"},\"primaryImageOfPage\":{\"@id\":\"https:\\\/\\\/loginfo24.com\\\/it\\\/2021\\\/11\\\/09\\\/dhl-express-con-il-volo-inaugurale-della-compagnia-aerea-cargo-dhl-air-austria\\\/#primaryimage\"},\"image\":{\"@id\":\"https:\\\/\\\/loginfo24.com\\\/it\\\/2021\\\/11\\\/09\\\/dhl-express-con-il-volo-inaugurale-della-compagnia-aerea-cargo-dhl-air-austria\\\/#primaryimage\"},\"thumbnailUrl\":\"https:\\\/\\\/loginfo24.com\\\/wp-content\\\/uploads\\\/sites\\\/7\\\/2025\\\/12\\\/DHL_9.11.21_1.jpg\",\"datePublished\":\"2021-11-09T16:53:52+00:00\",\"breadcrumb\":{\"@id\":\"https:\\\/\\\/loginfo24.com\\\/it\\\/2021\\\/11\\\/09\\\/dhl-express-con-il-volo-inaugurale-della-compagnia-aerea-cargo-dhl-air-austria\\\/#breadcrumb\"},\"inLanguage\":\"it-IT\",\"potentialAction\":[{\"@type\":\"ReadAction\",\"target\":[\"https:\\\/\\\/loginfo24.com\\\/it\\\/2021\\\/11\\\/09\\\/dhl-express-con-il-volo-inaugurale-della-compagnia-aerea-cargo-dhl-air-austria\\\/\"]}]},{\"@type\":\"ImageObject\",\"inLanguage\":\"it-IT\",\"@id\":\"https:\\\/\\\/loginfo24.com\\\/it\\\/2021\\\/11\\\/09\\\/dhl-express-con-il-volo-inaugurale-della-compagnia-aerea-cargo-dhl-air-austria\\\/#primaryimage\",\"url\":\"https:\\\/\\\/loginfo24.com\\\/wp-content\\\/uploads\\\/sites\\\/7\\\/2025\\\/12\\\/DHL_9.11.21_1.jpg\",\"contentUrl\":\"https:\\\/\\\/loginfo24.com\\\/wp-content\\\/uploads\\\/sites\\\/7\\\/2025\\\/12\\\/DHL_9.11.21_1.jpg\",\"width\":1297,\"height\":611},{\"@type\":\"BreadcrumbList\",\"@id\":\"https:\\\/\\\/loginfo24.com\\\/it\\\/2021\\\/11\\\/09\\\/dhl-express-con-il-volo-inaugurale-della-compagnia-aerea-cargo-dhl-air-austria\\\/#breadcrumb\",\"itemListElement\":[{\"@type\":\"ListItem\",\"position\":1,\"name\":\"Startseite\",\"item\":\"https:\\\/\\\/loginfo24.com\\\/it\\\/\"},{\"@type\":\"ListItem\",\"position\":2,\"name\":\"DHL Express con il volo inaugurale della compagnia aerea cargo DHL Air Austria\"}]},{\"@type\":\"WebSite\",\"@id\":\"https:\\\/\\\/loginfo24.com\\\/it\\\/#website\",\"url\":\"https:\\\/\\\/loginfo24.com\\\/it\\\/\",\"name\":\"Loginfo24\",\"description\":\"Loginfo24 \u00e8 la piattaforma dedicata alla logistica e alle catene di fornitura con informazioni disponibili 24 ore su 24.\",\"publisher\":{\"@id\":\"https:\\\/\\\/loginfo24.com\\\/it\\\/#organization\"},\"potentialAction\":[{\"@type\":\"SearchAction\",\"target\":{\"@type\":\"EntryPoint\",\"urlTemplate\":\"https:\\\/\\\/loginfo24.com\\\/it\\\/?s={search_term_string}\"},\"query-input\":{\"@type\":\"PropertyValueSpecification\",\"valueRequired\":true,\"valueName\":\"search_term_string\"}}],\"inLanguage\":\"it-IT\"},{\"@type\":\"Organization\",\"@id\":\"https:\\\/\\\/loginfo24.com\\\/it\\\/#organization\",\"name\":\"Logismedia Group AG\",\"url\":\"https:\\\/\\\/loginfo24.com\\\/it\\\/\",\"logo\":{\"@type\":\"ImageObject\",\"inLanguage\":\"it-IT\",\"@id\":\"https:\\\/\\\/loginfo24.com\\\/it\\\/#\\\/schema\\\/logo\\\/image\\\/\",\"url\":\"https:\\\/\\\/loginfo24.com\\\/wp-content\\\/uploads\\\/sites\\\/7\\\/2026\\\/01\\\/Logo_LogInfo24.png\",\"contentUrl\":\"https:\\\/\\\/loginfo24.com\\\/wp-content\\\/uploads\\\/sites\\\/7\\\/2026\\\/01\\\/Logo_LogInfo24.png\",\"width\":938,\"height\":351,\"caption\":\"Logismedia Group AG\"},\"image\":{\"@id\":\"https:\\\/\\\/loginfo24.com\\\/it\\\/#\\\/schema\\\/logo\\\/image\\\/\"},\"sameAs\":[\"https:\\\/\\\/www.facebook.com\\\/people\\\/Loginfo24\\\/100057360583332\\\/\",\"https:\\\/\\\/www.linkedin.com\\\/company\\\/lofinfo24\\\/\"]}]}<\/script>\n<!-- \/ Yoast SEO plugin. -->","yoast_head_json":{"title":"DHL Express con il volo inaugurale della compagnia aerea cargo DHL Air Austria - Loginfo24","robots":{"index":"index","follow":"follow","max-snippet":"max-snippet:-1","max-image-preview":"max-image-preview:large","max-video-preview":"max-video-preview:-1"},"canonical":"https:\/\/loginfo24.com\/it\/2021\/11\/09\/dhl-express-con-il-volo-inaugurale-della-compagnia-aerea-cargo-dhl-air-austria\/","og_locale":"it_IT","og_type":"article","og_title":"DHL Express con il volo inaugurale della compagnia aerea cargo DHL Air Austria - Loginfo24","og_description":"La nuova compagnia aerea cargo DHL Air Austria gestir\u00e0 in futuro voli cargo europei con diciotto aerei di tipo Boeing 757 e circa 176 piloti. La [\u2026]","og_url":"https:\/\/loginfo24.com\/it\/2021\/11\/09\/dhl-express-con-il-volo-inaugurale-della-compagnia-aerea-cargo-dhl-air-austria\/","og_site_name":"Loginfo24","article_publisher":"https:\/\/www.facebook.com\/people\/Loginfo24\/100057360583332\/","article_published_time":"2021-11-09T16:53:52+00:00","og_image":[{"width":1297,"height":611,"url":"https:\/\/loginfo24.com\/wp-content\/uploads\/sites\/7\/2025\/12\/DHL_9.11.21_1.jpg","type":"image\/jpeg"}],"twitter_card":"summary_large_image","twitter_misc":{"Tempo di lettura stimato":"4 minuto"},"schema":{"@context":"https:\/\/schema.org","@graph":[{"@type":"Article","@id":"https:\/\/loginfo24.com\/it\/2021\/11\/09\/dhl-express-con-il-volo-inaugurale-della-compagnia-aerea-cargo-dhl-air-austria\/#article","isPartOf":{"@id":"https:\/\/loginfo24.com\/it\/2021\/11\/09\/dhl-express-con-il-volo-inaugurale-della-compagnia-aerea-cargo-dhl-air-austria\/"},"author":{"name":"","@id":""},"headline":"DHL Express con il volo inaugurale della compagnia aerea cargo DHL Air Austria","datePublished":"2021-11-09T16:53:52+00:00","mainEntityOfPage":{"@id":"https:\/\/loginfo24.com\/it\/2021\/11\/09\/dhl-express-con-il-volo-inaugurale-della-compagnia-aerea-cargo-dhl-air-austria\/"},"wordCount":896,"commentCount":0,"publisher":{"@id":"https:\/\/loginfo24.com\/it\/#organization"},"image":{"@id":"https:\/\/loginfo24.com\/it\/2021\/11\/09\/dhl-express-con-il-volo-inaugurale-della-compagnia-aerea-cargo-dhl-air-austria\/#primaryimage"},"thumbnailUrl":"https:\/\/loginfo24.com\/wp-content\/uploads\/sites\/7\/2025\/12\/DHL_9.11.21_1.jpg","articleSection":["Air Freight","Regions"],"inLanguage":"it-IT","potentialAction":[{"@type":"CommentAction","name":"Comment","target":["https:\/\/loginfo24.com\/it\/2021\/11\/09\/dhl-express-con-il-volo-inaugurale-della-compagnia-aerea-cargo-dhl-air-austria\/#respond"]}]},{"@type":"WebPage","@id":"https:\/\/loginfo24.com\/it\/2021\/11\/09\/dhl-express-con-il-volo-inaugurale-della-compagnia-aerea-cargo-dhl-air-austria\/","url":"https:\/\/loginfo24.com\/it\/2021\/11\/09\/dhl-express-con-il-volo-inaugurale-della-compagnia-aerea-cargo-dhl-air-austria\/","name":"DHL Express con il volo inaugurale della compagnia aerea cargo DHL Air Austria - Loginfo24","isPartOf":{"@id":"https:\/\/loginfo24.com\/it\/#website"},"primaryImageOfPage":{"@id":"https:\/\/loginfo24.com\/it\/2021\/11\/09\/dhl-express-con-il-volo-inaugurale-della-compagnia-aerea-cargo-dhl-air-austria\/#primaryimage"},"image":{"@id":"https:\/\/loginfo24.com\/it\/2021\/11\/09\/dhl-express-con-il-volo-inaugurale-della-compagnia-aerea-cargo-dhl-air-austria\/#primaryimage"},"thumbnailUrl":"https:\/\/loginfo24.com\/wp-content\/uploads\/sites\/7\/2025\/12\/DHL_9.11.21_1.jpg","datePublished":"2021-11-09T16:53:52+00:00","breadcrumb":{"@id":"https:\/\/loginfo24.com\/it\/2021\/11\/09\/dhl-express-con-il-volo-inaugurale-della-compagnia-aerea-cargo-dhl-air-austria\/#breadcrumb"},"inLanguage":"it-IT","potentialAction":[{"@type":"ReadAction","target":["https:\/\/loginfo24.com\/it\/2021\/11\/09\/dhl-express-con-il-volo-inaugurale-della-compagnia-aerea-cargo-dhl-air-austria\/"]}]},{"@type":"ImageObject","inLanguage":"it-IT","@id":"https:\/\/loginfo24.com\/it\/2021\/11\/09\/dhl-express-con-il-volo-inaugurale-della-compagnia-aerea-cargo-dhl-air-austria\/#primaryimage","url":"https:\/\/loginfo24.com\/wp-content\/uploads\/sites\/7\/2025\/12\/DHL_9.11.21_1.jpg","contentUrl":"https:\/\/loginfo24.com\/wp-content\/uploads\/sites\/7\/2025\/12\/DHL_9.11.21_1.jpg","width":1297,"height":611},{"@type":"BreadcrumbList","@id":"https:\/\/loginfo24.com\/it\/2021\/11\/09\/dhl-express-con-il-volo-inaugurale-della-compagnia-aerea-cargo-dhl-air-austria\/#breadcrumb","itemListElement":[{"@type":"ListItem","position":1,"name":"Startseite","item":"https:\/\/loginfo24.com\/it\/"},{"@type":"ListItem","position":2,"name":"DHL Express con il volo inaugurale della compagnia aerea cargo DHL Air Austria"}]},{"@type":"WebSite","@id":"https:\/\/loginfo24.com\/it\/#website","url":"https:\/\/loginfo24.com\/it\/","name":"Loginfo24","description":"Loginfo24 \u00e8 la piattaforma dedicata alla logistica e alle catene di fornitura con informazioni disponibili 24 ore su 24.","publisher":{"@id":"https:\/\/loginfo24.com\/it\/#organization"},"potentialAction":[{"@type":"SearchAction","target":{"@type":"EntryPoint","urlTemplate":"https:\/\/loginfo24.com\/it\/?s={search_term_string}"},"query-input":{"@type":"PropertyValueSpecification","valueRequired":true,"valueName":"search_term_string"}}],"inLanguage":"it-IT"},{"@type":"Organization","@id":"https:\/\/loginfo24.com\/it\/#organization","name":"Logismedia Group AG","url":"https:\/\/loginfo24.com\/it\/","logo":{"@type":"ImageObject","inLanguage":"it-IT","@id":"https:\/\/loginfo24.com\/it\/#\/schema\/logo\/image\/","url":"https:\/\/loginfo24.com\/wp-content\/uploads\/sites\/7\/2026\/01\/Logo_LogInfo24.png","contentUrl":"https:\/\/loginfo24.com\/wp-content\/uploads\/sites\/7\/2026\/01\/Logo_LogInfo24.png","width":938,"height":351,"caption":"Logismedia Group AG"},"image":{"@id":"https:\/\/loginfo24.com\/it\/#\/schema\/logo\/image\/"},"sameAs":["https:\/\/www.facebook.com\/people\/Loginfo24\/100057360583332\/","https:\/\/www.linkedin.com\/company\/lofinfo24\/"]}]}},"_links":{"self":[{"href":"https:\/\/loginfo24.com\/it\/wp-json\/wp\/v2\/posts\/53327","targetHints":{"allow":["GET"]}}],"collection":[{"href":"https:\/\/loginfo24.com\/it\/wp-json\/wp\/v2\/posts"}],"about":[{"href":"https:\/\/loginfo24.com\/it\/wp-json\/wp\/v2\/types\/post"}],"replies":[{"embeddable":true,"href":"https:\/\/loginfo24.com\/it\/wp-json\/wp\/v2\/comments?post=53327"}],"version-history":[{"count":0,"href":"https:\/\/loginfo24.com\/it\/wp-json\/wp\/v2\/posts\/53327\/revisions"}],"wp:featuredmedia":[{"embeddable":true,"href":"https:\/\/loginfo24.com\/it\/wp-json\/wp\/v2\/media\/11838"}],"wp:attachment":[{"href":"https:\/\/loginfo24.com\/it\/wp-json\/wp\/v2\/media?parent=53327"}],"wp:term":[{"taxonomy":"category","embeddable":true,"href":"https:\/\/loginfo24.com\/it\/wp-json\/wp\/v2\/categories?post=53327"},{"taxonomy":"post_tag","embeddable":true,"href":"https:\/\/loginfo24.com\/it\/wp-json\/wp\/v2\/tags?post=53327"}],"curies":[{"name":"wp","href":"https:\/\/api.w.org\/{rel}","templated":true}]}}