{"id":51628,"date":"2021-09-03T18:53:58","date_gmt":"2021-09-03T16:53:58","guid":{"rendered":"https:\/\/blog.brand-architecture.at\/2021\/09\/03\/bernd-dorre-nominato-managing-director-di-epal\/"},"modified":"2021-09-03T18:53:58","modified_gmt":"2021-09-03T16:53:58","slug":"bernd-dorre-nominato-managing-director-di-epal","status":"publish","type":"post","link":"https:\/\/loginfo24.com\/it\/2021\/09\/03\/bernd-dorre-nominato-managing-director-di-epal\/","title":{"rendered":"Bernd D\u00f6rre nominato Managing Director di EPAL"},"content":{"rendered":"<p>Il consiglio di amministrazione dell&#8217;European Pallet Association (EPAL) ha nominato Bernd D\u00f6rre come Managing Director di EPAL. Sostituisce Christian K\u00fchnhold, che ha guidato l&#8217;EPAL fino al 31.03.2021. D\u00f6rre \u00e8 attivo in EPAL in diverse funzioni dal 1997. Durante questo periodo, il pool EPAL \u00e8 cresciuto fino a diventare il pi\u00f9 grande pool di scambio di pallet al mondo.<\/p>\n<p>(PresseBox\/D\u00fcsseldorf) Il consiglio di EPAL ha nominato Bernd D\u00f6rre come Managing Director di EPAL. D\u00f6rre ha seguito lo sviluppo dell&#8217;EPAL per oltre 20 anni. Durante questo periodo, il pool di pallet EPAL \u00e8 diventato il pi\u00f9 grande pool di scambio di pallet aperto al mondo. Inizialmente, dal 1997, ha lavorato come avvocato per EPAL, prima di supportare il consiglio di amministrazione e la direzione di EPAL come consulente dal 2009.<\/p>\n<p>\u201eBernd D\u00f6rre conosce perfettamente il mercato dei pallet e tutte le esigenze del pool di pallet EPAL. Negli ultimi anni ha fornito consulenze competenti al consiglio di EPAL e ha guidato importanti progetti di EPAL\u201c, spiega Robert Holliger, presidente di EPAL.<\/p>\n<p>Al centro dell&#8217;attivit\u00e0 di Bernd D\u00f6rre ci sar\u00e0 l&#8217;ulteriore espansione del pool di pallet EPAL come componente indispensabile di una logistica di stoccaggio e trasporto sostenibile, cos\u00ec come il prossimo passo verso la digitalizzazione del pool di pallet EPAL.<\/p>\n<h5><strong>EPAL compie trent&#8217;anni<\/strong><\/h5>\n<p>\u201eQuest&#8217;anno EPAL compie 30 anni. Da altrettanto tempo, EPAL e le associazioni nazionali di EPAL promuovono un utilizzo ecologico e sostenibile di pallet EPAL di alta qualit\u00e0 e scambiabili. Nei prossimi anni vogliamo ampliare ulteriormente l&#8217;importanza del pool di pallet EPAL per il raggiungimento degli obiettivi di sostenibilit\u00e0 degli utilizzatori e rendere il pool di pallet EPAL ancora pi\u00f9 semplice, efficace e migliore per commercio, industria e logistica\u201c, spiega Bernd D\u00f6rre.<\/p>\n<p>Bernd D\u00f6rre ha 54 anni, \u00e8 sposato e padre di 2 figli. \u00c8 appassionato d&#8217;arte e ama visitare gallerie, musei ed esposizioni.<\/p>\n<p>Foto: \u00a9 EPAL<\/p>\n","protected":false},"excerpt":{"rendered":"<p>Il consiglio di amministrazione dell&#8217;European Pallet Association (EPAL) ha nominato Bernd D\u00f6rre come Managing Director di EPAL. Sostituisce Christian K\u00fchnhold, che ha guidato l&#8217;EPAL fino al<span class=\"excerpt-hellip\"> [\u2026]<\/span><\/p>\n","protected":false},"author":0,"featured_media":0,"comment_status":"open","ping_status":"open","sticky":false,"template":"","format":"standard","meta":{"_acf_changed":false,"footnotes":""},"categories":[1557,1561],"tags":[],"class_list":["post-51628","post","type-post","status-publish","format-standard","hentry","category-forwarding-logistics","category-regions"],"acf":[],"yoast_head":"<!-- This site is optimized with the Yoast SEO plugin v27.3 - https:\/\/yoast.com\/product\/yoast-seo-wordpress\/ -->\n<title>Bernd D\u00f6rre nominato Managing Director di EPAL - Loginfo24<\/title>\n<meta name=\"robots\" content=\"index, follow, max-snippet:-1, max-image-preview:large, max-video-preview:-1\" \/>\n<link rel=\"canonical\" href=\"https:\/\/loginfo24.com\/it\/2021\/09\/03\/bernd-dorre-nominato-managing-director-di-epal\/\" \/>\n<meta property=\"og:locale\" content=\"it_IT\" \/>\n<meta property=\"og:type\" content=\"article\" \/>\n<meta property=\"og:title\" content=\"Bernd D\u00f6rre nominato Managing Director di EPAL - Loginfo24\" \/>\n<meta property=\"og:description\" content=\"Il consiglio di amministrazione dell&#8217;European Pallet Association (EPAL) ha nominato Bernd D\u00f6rre come Managing Director di EPAL. Sostituisce Christian K\u00fchnhold, che ha guidato l&#8217;EPAL fino al [\u2026]\" \/>\n<meta property=\"og:url\" content=\"https:\/\/loginfo24.com\/it\/2021\/09\/03\/bernd-dorre-nominato-managing-director-di-epal\/\" \/>\n<meta property=\"og:site_name\" content=\"Loginfo24\" \/>\n<meta property=\"article:publisher\" content=\"https:\/\/www.facebook.com\/people\/Loginfo24\/100057360583332\/\" \/>\n<meta property=\"article:published_time\" content=\"2021-09-03T16:53:58+00:00\" \/>\n<meta name=\"twitter:card\" content=\"summary_large_image\" \/>\n<meta name=\"twitter:label1\" content=\"Tempo di lettura stimato\" \/>\n\t<meta name=\"twitter:data1\" content=\"2 minuto\" \/>\n<script type=\"application\/ld+json\" class=\"yoast-schema-graph\">{\"@context\":\"https:\\\/\\\/schema.org\",\"@graph\":[{\"@type\":\"Article\",\"@id\":\"https:\\\/\\\/loginfo24.com\\\/it\\\/2021\\\/09\\\/03\\\/bernd-dorre-nominato-managing-director-di-epal\\\/#article\",\"isPartOf\":{\"@id\":\"https:\\\/\\\/loginfo24.com\\\/it\\\/2021\\\/09\\\/03\\\/bernd-dorre-nominato-managing-director-di-epal\\\/\"},\"author\":{\"name\":\"\",\"@id\":\"\"},\"headline\":\"Bernd D\u00f6rre nominato Managing Director di EPAL\",\"datePublished\":\"2021-09-03T16:53:58+00:00\",\"mainEntityOfPage\":{\"@id\":\"https:\\\/\\\/loginfo24.com\\\/it\\\/2021\\\/09\\\/03\\\/bernd-dorre-nominato-managing-director-di-epal\\\/\"},\"wordCount\":321,\"commentCount\":0,\"publisher\":{\"@id\":\"https:\\\/\\\/loginfo24.com\\\/it\\\/#organization\"},\"articleSection\":[\"Forwarding &amp; Logistics\",\"Regions\"],\"inLanguage\":\"it-IT\",\"potentialAction\":[{\"@type\":\"CommentAction\",\"name\":\"Comment\",\"target\":[\"https:\\\/\\\/loginfo24.com\\\/it\\\/2021\\\/09\\\/03\\\/bernd-dorre-nominato-managing-director-di-epal\\\/#respond\"]}]},{\"@type\":\"WebPage\",\"@id\":\"https:\\\/\\\/loginfo24.com\\\/it\\\/2021\\\/09\\\/03\\\/bernd-dorre-nominato-managing-director-di-epal\\\/\",\"url\":\"https:\\\/\\\/loginfo24.com\\\/it\\\/2021\\\/09\\\/03\\\/bernd-dorre-nominato-managing-director-di-epal\\\/\",\"name\":\"Bernd D\u00f6rre nominato Managing Director di EPAL - Loginfo24\",\"isPartOf\":{\"@id\":\"https:\\\/\\\/loginfo24.com\\\/it\\\/#website\"},\"datePublished\":\"2021-09-03T16:53:58+00:00\",\"breadcrumb\":{\"@id\":\"https:\\\/\\\/loginfo24.com\\\/it\\\/2021\\\/09\\\/03\\\/bernd-dorre-nominato-managing-director-di-epal\\\/#breadcrumb\"},\"inLanguage\":\"it-IT\",\"potentialAction\":[{\"@type\":\"ReadAction\",\"target\":[\"https:\\\/\\\/loginfo24.com\\\/it\\\/2021\\\/09\\\/03\\\/bernd-dorre-nominato-managing-director-di-epal\\\/\"]}]},{\"@type\":\"BreadcrumbList\",\"@id\":\"https:\\\/\\\/loginfo24.com\\\/it\\\/2021\\\/09\\\/03\\\/bernd-dorre-nominato-managing-director-di-epal\\\/#breadcrumb\",\"itemListElement\":[{\"@type\":\"ListItem\",\"position\":1,\"name\":\"Startseite\",\"item\":\"https:\\\/\\\/loginfo24.com\\\/it\\\/\"},{\"@type\":\"ListItem\",\"position\":2,\"name\":\"Bernd D\u00f6rre nominato Managing Director di EPAL\"}]},{\"@type\":\"WebSite\",\"@id\":\"https:\\\/\\\/loginfo24.com\\\/it\\\/#website\",\"url\":\"https:\\\/\\\/loginfo24.com\\\/it\\\/\",\"name\":\"Loginfo24\",\"description\":\"Loginfo24 \u00e8 la piattaforma dedicata alla logistica e alle catene di fornitura con informazioni disponibili 24 ore su 24.\",\"publisher\":{\"@id\":\"https:\\\/\\\/loginfo24.com\\\/it\\\/#organization\"},\"potentialAction\":[{\"@type\":\"SearchAction\",\"target\":{\"@type\":\"EntryPoint\",\"urlTemplate\":\"https:\\\/\\\/loginfo24.com\\\/it\\\/?s={search_term_string}\"},\"query-input\":{\"@type\":\"PropertyValueSpecification\",\"valueRequired\":true,\"valueName\":\"search_term_string\"}}],\"inLanguage\":\"it-IT\"},{\"@type\":\"Organization\",\"@id\":\"https:\\\/\\\/loginfo24.com\\\/it\\\/#organization\",\"name\":\"Logismedia Group AG\",\"url\":\"https:\\\/\\\/loginfo24.com\\\/it\\\/\",\"logo\":{\"@type\":\"ImageObject\",\"inLanguage\":\"it-IT\",\"@id\":\"https:\\\/\\\/loginfo24.com\\\/it\\\/#\\\/schema\\\/logo\\\/image\\\/\",\"url\":\"https:\\\/\\\/loginfo24.com\\\/wp-content\\\/uploads\\\/sites\\\/7\\\/2026\\\/01\\\/Logo_LogInfo24.png\",\"contentUrl\":\"https:\\\/\\\/loginfo24.com\\\/wp-content\\\/uploads\\\/sites\\\/7\\\/2026\\\/01\\\/Logo_LogInfo24.png\",\"width\":938,\"height\":351,\"caption\":\"Logismedia Group AG\"},\"image\":{\"@id\":\"https:\\\/\\\/loginfo24.com\\\/it\\\/#\\\/schema\\\/logo\\\/image\\\/\"},\"sameAs\":[\"https:\\\/\\\/www.facebook.com\\\/people\\\/Loginfo24\\\/100057360583332\\\/\",\"https:\\\/\\\/www.linkedin.com\\\/company\\\/lofinfo24\\\/\"]}]}<\/script>\n<!-- \/ Yoast SEO plugin. -->","yoast_head_json":{"title":"Bernd D\u00f6rre nominato Managing Director di EPAL - Loginfo24","robots":{"index":"index","follow":"follow","max-snippet":"max-snippet:-1","max-image-preview":"max-image-preview:large","max-video-preview":"max-video-preview:-1"},"canonical":"https:\/\/loginfo24.com\/it\/2021\/09\/03\/bernd-dorre-nominato-managing-director-di-epal\/","og_locale":"it_IT","og_type":"article","og_title":"Bernd D\u00f6rre nominato Managing Director di EPAL - Loginfo24","og_description":"Il consiglio di amministrazione dell&#8217;European Pallet Association (EPAL) ha nominato Bernd D\u00f6rre come Managing Director di EPAL. Sostituisce Christian K\u00fchnhold, che ha guidato l&#8217;EPAL fino al [\u2026]","og_url":"https:\/\/loginfo24.com\/it\/2021\/09\/03\/bernd-dorre-nominato-managing-director-di-epal\/","og_site_name":"Loginfo24","article_publisher":"https:\/\/www.facebook.com\/people\/Loginfo24\/100057360583332\/","article_published_time":"2021-09-03T16:53:58+00:00","twitter_card":"summary_large_image","twitter_misc":{"Tempo di lettura stimato":"2 minuto"},"schema":{"@context":"https:\/\/schema.org","@graph":[{"@type":"Article","@id":"https:\/\/loginfo24.com\/it\/2021\/09\/03\/bernd-dorre-nominato-managing-director-di-epal\/#article","isPartOf":{"@id":"https:\/\/loginfo24.com\/it\/2021\/09\/03\/bernd-dorre-nominato-managing-director-di-epal\/"},"author":{"name":"","@id":""},"headline":"Bernd D\u00f6rre nominato Managing Director di EPAL","datePublished":"2021-09-03T16:53:58+00:00","mainEntityOfPage":{"@id":"https:\/\/loginfo24.com\/it\/2021\/09\/03\/bernd-dorre-nominato-managing-director-di-epal\/"},"wordCount":321,"commentCount":0,"publisher":{"@id":"https:\/\/loginfo24.com\/it\/#organization"},"articleSection":["Forwarding &amp; Logistics","Regions"],"inLanguage":"it-IT","potentialAction":[{"@type":"CommentAction","name":"Comment","target":["https:\/\/loginfo24.com\/it\/2021\/09\/03\/bernd-dorre-nominato-managing-director-di-epal\/#respond"]}]},{"@type":"WebPage","@id":"https:\/\/loginfo24.com\/it\/2021\/09\/03\/bernd-dorre-nominato-managing-director-di-epal\/","url":"https:\/\/loginfo24.com\/it\/2021\/09\/03\/bernd-dorre-nominato-managing-director-di-epal\/","name":"Bernd D\u00f6rre nominato Managing Director di EPAL - Loginfo24","isPartOf":{"@id":"https:\/\/loginfo24.com\/it\/#website"},"datePublished":"2021-09-03T16:53:58+00:00","breadcrumb":{"@id":"https:\/\/loginfo24.com\/it\/2021\/09\/03\/bernd-dorre-nominato-managing-director-di-epal\/#breadcrumb"},"inLanguage":"it-IT","potentialAction":[{"@type":"ReadAction","target":["https:\/\/loginfo24.com\/it\/2021\/09\/03\/bernd-dorre-nominato-managing-director-di-epal\/"]}]},{"@type":"BreadcrumbList","@id":"https:\/\/loginfo24.com\/it\/2021\/09\/03\/bernd-dorre-nominato-managing-director-di-epal\/#breadcrumb","itemListElement":[{"@type":"ListItem","position":1,"name":"Startseite","item":"https:\/\/loginfo24.com\/it\/"},{"@type":"ListItem","position":2,"name":"Bernd D\u00f6rre nominato Managing Director di EPAL"}]},{"@type":"WebSite","@id":"https:\/\/loginfo24.com\/it\/#website","url":"https:\/\/loginfo24.com\/it\/","name":"Loginfo24","description":"Loginfo24 \u00e8 la piattaforma dedicata alla logistica e alle catene di fornitura con informazioni disponibili 24 ore su 24.","publisher":{"@id":"https:\/\/loginfo24.com\/it\/#organization"},"potentialAction":[{"@type":"SearchAction","target":{"@type":"EntryPoint","urlTemplate":"https:\/\/loginfo24.com\/it\/?s={search_term_string}"},"query-input":{"@type":"PropertyValueSpecification","valueRequired":true,"valueName":"search_term_string"}}],"inLanguage":"it-IT"},{"@type":"Organization","@id":"https:\/\/loginfo24.com\/it\/#organization","name":"Logismedia Group AG","url":"https:\/\/loginfo24.com\/it\/","logo":{"@type":"ImageObject","inLanguage":"it-IT","@id":"https:\/\/loginfo24.com\/it\/#\/schema\/logo\/image\/","url":"https:\/\/loginfo24.com\/wp-content\/uploads\/sites\/7\/2026\/01\/Logo_LogInfo24.png","contentUrl":"https:\/\/loginfo24.com\/wp-content\/uploads\/sites\/7\/2026\/01\/Logo_LogInfo24.png","width":938,"height":351,"caption":"Logismedia Group AG"},"image":{"@id":"https:\/\/loginfo24.com\/it\/#\/schema\/logo\/image\/"},"sameAs":["https:\/\/www.facebook.com\/people\/Loginfo24\/100057360583332\/","https:\/\/www.linkedin.com\/company\/lofinfo24\/"]}]}},"_links":{"self":[{"href":"https:\/\/loginfo24.com\/it\/wp-json\/wp\/v2\/posts\/51628","targetHints":{"allow":["GET"]}}],"collection":[{"href":"https:\/\/loginfo24.com\/it\/wp-json\/wp\/v2\/posts"}],"about":[{"href":"https:\/\/loginfo24.com\/it\/wp-json\/wp\/v2\/types\/post"}],"replies":[{"embeddable":true,"href":"https:\/\/loginfo24.com\/it\/wp-json\/wp\/v2\/comments?post=51628"}],"version-history":[{"count":0,"href":"https:\/\/loginfo24.com\/it\/wp-json\/wp\/v2\/posts\/51628\/revisions"}],"wp:attachment":[{"href":"https:\/\/loginfo24.com\/it\/wp-json\/wp\/v2\/media?parent=51628"}],"wp:term":[{"taxonomy":"category","embeddable":true,"href":"https:\/\/loginfo24.com\/it\/wp-json\/wp\/v2\/categories?post=51628"},{"taxonomy":"post_tag","embeddable":true,"href":"https:\/\/loginfo24.com\/it\/wp-json\/wp\/v2\/tags?post=51628"}],"curies":[{"name":"wp","href":"https:\/\/api.w.org\/{rel}","templated":true}]}}