{"id":51332,"date":"2021-08-18T19:42:23","date_gmt":"2021-08-18T17:42:23","guid":{"rendered":"https:\/\/blog.brand-architecture.at\/2021\/08\/18\/dr-trefzger-e-bicil-come-relatori-principali-al-supply-chain-innovation-day\/"},"modified":"2021-08-18T19:42:23","modified_gmt":"2021-08-18T17:42:23","slug":"dr-trefzger-e-bicil-come-relatori-principali-al-supply-chain-innovation-day","status":"publish","type":"post","link":"https:\/\/loginfo24.com\/it\/2021\/08\/18\/dr-trefzger-e-bicil-come-relatori-principali-al-supply-chain-innovation-day\/","title":{"rendered":"Dr. Trefzger e Bicil come relatori principali al Supply Chain Innovation Day"},"content":{"rendered":"<p>L&#8217;Istituto di Supply Chain Management dell&#8217;Universit\u00e0 di San Gallo (ISCM-HSG) organizza quest&#8217;anno il Supply Chain Innovation Day 2021 (SCID) il 28 settembre 2021 presso la W\u00fcrth Haus di Rorschach. Questo evento di punta, che dura tutto il giorno, si \u00e8 affermato negli ultimi anni come un appuntamento fisso nel calendario della comunit\u00e0 della logistica e della supply chain e pu\u00f2 finalmente svolgersi di nuovo in presenza, dopo due rinvii dovuti al Covid.<\/p>\n<p>(San Gallo\/Rorschach) L&#8217;ISCM-HSG \u00e8 da molti anni un garante di uno scambio unico con esperti di alto livello provenienti dall&#8217;industria, dalla ricerca e dalla pratica, con rappresentanti di aziende rinomate e con start-up innovative nel settore SCM.<\/p>\n<p>Quest&#8217;anno, il SCID si svolger\u00e0 sotto il motto: \u00abSupply Chain Management in tempi difficili \u2013 Riduzione dei costi e aumento dell&#8217;efficienza attraverso innovazioni nella supply chain\u00bb e si rivolge in particolare a dirigenti, decisori, interessati e start-up della comunit\u00e0 della logistica e della supply chain.<\/p>\n<p>Come uno dei primi formati sul mercato, il SCID punta nuovamente su un evento fisico. Naturalmente, \u00e8 stato predisposto un ampio concetto di igiene in loco, che si attiene rigorosamente alle normative vigenti al momento dell&#8217;evento. Gli spazi generosi nella location esclusiva offrono ai partecipanti sia sufficiente distanza, sia un&#8217;interazione interattiva e personale.<\/p>\n<h5><strong>Focus su Disruption, Aumento dell&#8217;Efficienza e Resilienza<\/strong><\/h5>\n<p>Il programma \u00e8 incorniciato da due keynote di spicco. Quest&#8217;anno sono stati invitati Dr. Detlef Trefzger, CEO di K\u00fchne + Nagel International, e Hakan Bicil, CEO di Imperial Logistics International, come relatori per l&#8217;evento.<\/p>\n<p>I temi principali del SCID sono le seguenti tre sessioni tematiche:<\/p>\n<ul>\n<li>Maggiore stabilit\u00e0 nella supply chain \u2013 Gestione della disruzione o redesign?<\/li>\n<li>Nuovi servizi digitali \u2013 Aumento dell&#8217;efficienza o generazione di valore aggiunto?<\/li>\n<li>Resilienza \u2013 Una nuova dimensione delle performance per le supply chain?<\/li>\n<\/ul>\n<p>Esperti selezionati avranno l&#8217;opportunit\u00e0 di condividere le loro esperienze e competenze sul palco durante le sessioni di un&#8217;ora, prima che la discussione venga ampliata in modo interattivo al pubblico specializzato dai nostri esperti moderatori. Infatti, i partecipanti sono al centro del SCID.<\/p>\n<p>Durante le pause, ampiamente strutturate, \u00e8 garantito il benessere e un&#8217;opportunit\u00e0 rilassata per lo scambio: con il nostro concetto di cambiamento integrato nelle pause, avrete la possibilit\u00e0 di entrare in contatto diretto con i professionisti e i dirigenti delle aziende sponsor e delle start-up partecipanti e di ampliare la vostra rete.<\/p>\n<h5><strong>Le start-up assumono un ruolo speciale<\/strong><\/h5>\n<p>Le start-up, simbolo di aziende innovative, assumono un ruolo particolarmente importante nell&#8217;evento. Oltre agli stand aziendali menzionati, le start-up partecipanti presenteranno i loro modelli di business innovativi in una sessione centrale al plenum dell&#8217;evento. I rappresentanti delle aziende hanno parallelamente la possibilit\u00e0 di prenotare facilmente \u00abspeed-dates\u00bb individuali con le start-up tramite uno strumento online. Gli speed-dates, brevi e coinvolgenti, si svolgeranno parallelamente al programma del SCID presso gli stand delle start-up.<\/p>\n<p>Siamo lieti di presentarvi come ulteriore highlight del nostro evento, nelle due sessioni \u00abArena delle Soluzioni \u2013 Premiati nella Supply Chain Management\u00bb, i vincitori attuali del VDA Logistik Award 2021 con il BMW Group e la logistica del Gruppo Volkswagen, nonch\u00e9 i due attuali vincitori dell&#8217;Eco Performance Award 2020 con la Migros Genossenschaft Ostschweiz e la Sch\u00f6ni Transport AG. Aspettatevi concetti e implementazioni altamente innovative e sostenibili delle aziende premiate.<\/p>\n<h5><strong>Evento serale Management Board Summit<\/strong><\/h5>\n<p>Dopo la conclusione del programma, segue l&#8217;evento serale, il Management Board Summit, la parte conviviale dell&#8217;evento. Con un esclusivo buffet di grigliate e bevande a scelta, inizierete con un stimolante dinner-talk con i MotionMiners di Dortmund (Germania). La start-up ha dimostrato un&#8217;incredibile creativit\u00e0 con l&#8217;innovativa espansione del proprio modello di business in tempi difficili, soprattutto per le microimprese, durante la crisi del Covid. Dopo un breve saluto dell&#8217;associazione di sostegno dell&#8217;ISCM-HSG, il resto della serata sar\u00e0 a vostra disposizione. Continuate a scambiare idee e godetevi l&#8217;atmosfera informale direttamente sulla bella riva del Lago di Costanza. L&#8217;evento termina alle 22:00 e si svolger\u00e0 nuovamente il 27 settembre 2022 nella location abituale.<\/p>\n<p>Il SCID rappresenta da anni un&#8217;atmosfera informale e familiare. Pertanto, l&#8217;abbigliamento da lavoro pu\u00f2 rimanere a casa. Il dress code \u00e8 casual \/ sportivo.<\/p>\n<h3><a href=\"https:\/\/iscm.unisg.ch\/de\/weiterbildung-und-events\/supply-chain-innovation-day\" target=\"_blank\" rel=\"noopener noreferrer\"><strong>Ulteriori informazioni e registrazione online per l&#8217;evento<\/strong><\/a><\/h3>\n","protected":false},"excerpt":{"rendered":"<p>L&#8217;Istituto di Supply Chain Management dell&#8217;Universit\u00e0 di San Gallo (ISCM-HSG) organizza quest&#8217;anno il Supply Chain Innovation Day 2021 (SCID) il 28 settembre 2021 presso la W\u00fcrth<span class=\"excerpt-hellip\"> [\u2026]<\/span><\/p>\n","protected":false},"author":0,"featured_media":0,"comment_status":"open","ping_status":"open","sticky":false,"template":"","format":"standard","meta":{"_acf_changed":false,"footnotes":""},"categories":[1665,1557,1561],"tags":[],"class_list":["post-51332","post","type-post","status-publish","format-standard","hentry","category-categories","category-forwarding-logistics","category-regions"],"acf":[],"yoast_head":"<!-- This site is optimized with the Yoast SEO plugin v27.3 - https:\/\/yoast.com\/product\/yoast-seo-wordpress\/ -->\n<title>Dr. Trefzger e Bicil come relatori principali al Supply Chain Innovation Day - Loginfo24<\/title>\n<meta name=\"robots\" content=\"index, follow, max-snippet:-1, max-image-preview:large, max-video-preview:-1\" \/>\n<link rel=\"canonical\" href=\"https:\/\/loginfo24.com\/it\/2021\/08\/18\/dr-trefzger-e-bicil-come-relatori-principali-al-supply-chain-innovation-day\/\" \/>\n<meta property=\"og:locale\" content=\"it_IT\" \/>\n<meta property=\"og:type\" content=\"article\" \/>\n<meta property=\"og:title\" content=\"Dr. Trefzger e Bicil come relatori principali al Supply Chain Innovation Day - Loginfo24\" \/>\n<meta property=\"og:description\" content=\"L&#8217;Istituto di Supply Chain Management dell&#8217;Universit\u00e0 di San Gallo (ISCM-HSG) organizza quest&#8217;anno il Supply Chain Innovation Day 2021 (SCID) il 28 settembre 2021 presso la W\u00fcrth [\u2026]\" \/>\n<meta property=\"og:url\" content=\"https:\/\/loginfo24.com\/it\/2021\/08\/18\/dr-trefzger-e-bicil-come-relatori-principali-al-supply-chain-innovation-day\/\" \/>\n<meta property=\"og:site_name\" content=\"Loginfo24\" \/>\n<meta property=\"article:publisher\" content=\"https:\/\/www.facebook.com\/people\/Loginfo24\/100057360583332\/\" \/>\n<meta property=\"article:published_time\" content=\"2021-08-18T17:42:23+00:00\" \/>\n<meta name=\"twitter:card\" content=\"summary_large_image\" \/>\n<meta name=\"twitter:label1\" content=\"Tempo di lettura stimato\" \/>\n\t<meta name=\"twitter:data1\" content=\"3 minuto\" \/>\n<script type=\"application\/ld+json\" class=\"yoast-schema-graph\">{\"@context\":\"https:\\\/\\\/schema.org\",\"@graph\":[{\"@type\":\"Article\",\"@id\":\"https:\\\/\\\/loginfo24.com\\\/it\\\/2021\\\/08\\\/18\\\/dr-trefzger-e-bicil-come-relatori-principali-al-supply-chain-innovation-day\\\/#article\",\"isPartOf\":{\"@id\":\"https:\\\/\\\/loginfo24.com\\\/it\\\/2021\\\/08\\\/18\\\/dr-trefzger-e-bicil-come-relatori-principali-al-supply-chain-innovation-day\\\/\"},\"author\":{\"name\":\"\",\"@id\":\"\"},\"headline\":\"Dr. Trefzger e Bicil come relatori principali al Supply Chain Innovation Day\",\"datePublished\":\"2021-08-18T17:42:23+00:00\",\"mainEntityOfPage\":{\"@id\":\"https:\\\/\\\/loginfo24.com\\\/it\\\/2021\\\/08\\\/18\\\/dr-trefzger-e-bicil-come-relatori-principali-al-supply-chain-innovation-day\\\/\"},\"wordCount\":703,\"commentCount\":0,\"publisher\":{\"@id\":\"https:\\\/\\\/loginfo24.com\\\/it\\\/#organization\"},\"articleSection\":[\"Categories\",\"Forwarding &amp; Logistics\",\"Regions\"],\"inLanguage\":\"it-IT\",\"potentialAction\":[{\"@type\":\"CommentAction\",\"name\":\"Comment\",\"target\":[\"https:\\\/\\\/loginfo24.com\\\/it\\\/2021\\\/08\\\/18\\\/dr-trefzger-e-bicil-come-relatori-principali-al-supply-chain-innovation-day\\\/#respond\"]}]},{\"@type\":\"WebPage\",\"@id\":\"https:\\\/\\\/loginfo24.com\\\/it\\\/2021\\\/08\\\/18\\\/dr-trefzger-e-bicil-come-relatori-principali-al-supply-chain-innovation-day\\\/\",\"url\":\"https:\\\/\\\/loginfo24.com\\\/it\\\/2021\\\/08\\\/18\\\/dr-trefzger-e-bicil-come-relatori-principali-al-supply-chain-innovation-day\\\/\",\"name\":\"Dr. Trefzger e Bicil come relatori principali al Supply Chain Innovation Day - Loginfo24\",\"isPartOf\":{\"@id\":\"https:\\\/\\\/loginfo24.com\\\/it\\\/#website\"},\"datePublished\":\"2021-08-18T17:42:23+00:00\",\"breadcrumb\":{\"@id\":\"https:\\\/\\\/loginfo24.com\\\/it\\\/2021\\\/08\\\/18\\\/dr-trefzger-e-bicil-come-relatori-principali-al-supply-chain-innovation-day\\\/#breadcrumb\"},\"inLanguage\":\"it-IT\",\"potentialAction\":[{\"@type\":\"ReadAction\",\"target\":[\"https:\\\/\\\/loginfo24.com\\\/it\\\/2021\\\/08\\\/18\\\/dr-trefzger-e-bicil-come-relatori-principali-al-supply-chain-innovation-day\\\/\"]}]},{\"@type\":\"BreadcrumbList\",\"@id\":\"https:\\\/\\\/loginfo24.com\\\/it\\\/2021\\\/08\\\/18\\\/dr-trefzger-e-bicil-come-relatori-principali-al-supply-chain-innovation-day\\\/#breadcrumb\",\"itemListElement\":[{\"@type\":\"ListItem\",\"position\":1,\"name\":\"Startseite\",\"item\":\"https:\\\/\\\/loginfo24.com\\\/it\\\/\"},{\"@type\":\"ListItem\",\"position\":2,\"name\":\"Dr. Trefzger e Bicil come relatori principali al Supply Chain Innovation Day\"}]},{\"@type\":\"WebSite\",\"@id\":\"https:\\\/\\\/loginfo24.com\\\/it\\\/#website\",\"url\":\"https:\\\/\\\/loginfo24.com\\\/it\\\/\",\"name\":\"Loginfo24\",\"description\":\"Loginfo24 \u00e8 la piattaforma dedicata alla logistica e alle catene di fornitura con informazioni disponibili 24 ore su 24.\",\"publisher\":{\"@id\":\"https:\\\/\\\/loginfo24.com\\\/it\\\/#organization\"},\"potentialAction\":[{\"@type\":\"SearchAction\",\"target\":{\"@type\":\"EntryPoint\",\"urlTemplate\":\"https:\\\/\\\/loginfo24.com\\\/it\\\/?s={search_term_string}\"},\"query-input\":{\"@type\":\"PropertyValueSpecification\",\"valueRequired\":true,\"valueName\":\"search_term_string\"}}],\"inLanguage\":\"it-IT\"},{\"@type\":\"Organization\",\"@id\":\"https:\\\/\\\/loginfo24.com\\\/it\\\/#organization\",\"name\":\"Logismedia Group AG\",\"url\":\"https:\\\/\\\/loginfo24.com\\\/it\\\/\",\"logo\":{\"@type\":\"ImageObject\",\"inLanguage\":\"it-IT\",\"@id\":\"https:\\\/\\\/loginfo24.com\\\/it\\\/#\\\/schema\\\/logo\\\/image\\\/\",\"url\":\"https:\\\/\\\/loginfo24.com\\\/wp-content\\\/uploads\\\/sites\\\/7\\\/2026\\\/01\\\/Logo_LogInfo24.png\",\"contentUrl\":\"https:\\\/\\\/loginfo24.com\\\/wp-content\\\/uploads\\\/sites\\\/7\\\/2026\\\/01\\\/Logo_LogInfo24.png\",\"width\":938,\"height\":351,\"caption\":\"Logismedia Group AG\"},\"image\":{\"@id\":\"https:\\\/\\\/loginfo24.com\\\/it\\\/#\\\/schema\\\/logo\\\/image\\\/\"},\"sameAs\":[\"https:\\\/\\\/www.facebook.com\\\/people\\\/Loginfo24\\\/100057360583332\\\/\",\"https:\\\/\\\/www.linkedin.com\\\/company\\\/lofinfo24\\\/\"]}]}<\/script>\n<!-- \/ Yoast SEO plugin. -->","yoast_head_json":{"title":"Dr. Trefzger e Bicil come relatori principali al Supply Chain Innovation Day - Loginfo24","robots":{"index":"index","follow":"follow","max-snippet":"max-snippet:-1","max-image-preview":"max-image-preview:large","max-video-preview":"max-video-preview:-1"},"canonical":"https:\/\/loginfo24.com\/it\/2021\/08\/18\/dr-trefzger-e-bicil-come-relatori-principali-al-supply-chain-innovation-day\/","og_locale":"it_IT","og_type":"article","og_title":"Dr. Trefzger e Bicil come relatori principali al Supply Chain Innovation Day - Loginfo24","og_description":"L&#8217;Istituto di Supply Chain Management dell&#8217;Universit\u00e0 di San Gallo (ISCM-HSG) organizza quest&#8217;anno il Supply Chain Innovation Day 2021 (SCID) il 28 settembre 2021 presso la W\u00fcrth [\u2026]","og_url":"https:\/\/loginfo24.com\/it\/2021\/08\/18\/dr-trefzger-e-bicil-come-relatori-principali-al-supply-chain-innovation-day\/","og_site_name":"Loginfo24","article_publisher":"https:\/\/www.facebook.com\/people\/Loginfo24\/100057360583332\/","article_published_time":"2021-08-18T17:42:23+00:00","twitter_card":"summary_large_image","twitter_misc":{"Tempo di lettura stimato":"3 minuto"},"schema":{"@context":"https:\/\/schema.org","@graph":[{"@type":"Article","@id":"https:\/\/loginfo24.com\/it\/2021\/08\/18\/dr-trefzger-e-bicil-come-relatori-principali-al-supply-chain-innovation-day\/#article","isPartOf":{"@id":"https:\/\/loginfo24.com\/it\/2021\/08\/18\/dr-trefzger-e-bicil-come-relatori-principali-al-supply-chain-innovation-day\/"},"author":{"name":"","@id":""},"headline":"Dr. Trefzger e Bicil come relatori principali al Supply Chain Innovation Day","datePublished":"2021-08-18T17:42:23+00:00","mainEntityOfPage":{"@id":"https:\/\/loginfo24.com\/it\/2021\/08\/18\/dr-trefzger-e-bicil-come-relatori-principali-al-supply-chain-innovation-day\/"},"wordCount":703,"commentCount":0,"publisher":{"@id":"https:\/\/loginfo24.com\/it\/#organization"},"articleSection":["Categories","Forwarding &amp; Logistics","Regions"],"inLanguage":"it-IT","potentialAction":[{"@type":"CommentAction","name":"Comment","target":["https:\/\/loginfo24.com\/it\/2021\/08\/18\/dr-trefzger-e-bicil-come-relatori-principali-al-supply-chain-innovation-day\/#respond"]}]},{"@type":"WebPage","@id":"https:\/\/loginfo24.com\/it\/2021\/08\/18\/dr-trefzger-e-bicil-come-relatori-principali-al-supply-chain-innovation-day\/","url":"https:\/\/loginfo24.com\/it\/2021\/08\/18\/dr-trefzger-e-bicil-come-relatori-principali-al-supply-chain-innovation-day\/","name":"Dr. Trefzger e Bicil come relatori principali al Supply Chain Innovation Day - Loginfo24","isPartOf":{"@id":"https:\/\/loginfo24.com\/it\/#website"},"datePublished":"2021-08-18T17:42:23+00:00","breadcrumb":{"@id":"https:\/\/loginfo24.com\/it\/2021\/08\/18\/dr-trefzger-e-bicil-come-relatori-principali-al-supply-chain-innovation-day\/#breadcrumb"},"inLanguage":"it-IT","potentialAction":[{"@type":"ReadAction","target":["https:\/\/loginfo24.com\/it\/2021\/08\/18\/dr-trefzger-e-bicil-come-relatori-principali-al-supply-chain-innovation-day\/"]}]},{"@type":"BreadcrumbList","@id":"https:\/\/loginfo24.com\/it\/2021\/08\/18\/dr-trefzger-e-bicil-come-relatori-principali-al-supply-chain-innovation-day\/#breadcrumb","itemListElement":[{"@type":"ListItem","position":1,"name":"Startseite","item":"https:\/\/loginfo24.com\/it\/"},{"@type":"ListItem","position":2,"name":"Dr. Trefzger e Bicil come relatori principali al Supply Chain Innovation Day"}]},{"@type":"WebSite","@id":"https:\/\/loginfo24.com\/it\/#website","url":"https:\/\/loginfo24.com\/it\/","name":"Loginfo24","description":"Loginfo24 \u00e8 la piattaforma dedicata alla logistica e alle catene di fornitura con informazioni disponibili 24 ore su 24.","publisher":{"@id":"https:\/\/loginfo24.com\/it\/#organization"},"potentialAction":[{"@type":"SearchAction","target":{"@type":"EntryPoint","urlTemplate":"https:\/\/loginfo24.com\/it\/?s={search_term_string}"},"query-input":{"@type":"PropertyValueSpecification","valueRequired":true,"valueName":"search_term_string"}}],"inLanguage":"it-IT"},{"@type":"Organization","@id":"https:\/\/loginfo24.com\/it\/#organization","name":"Logismedia Group AG","url":"https:\/\/loginfo24.com\/it\/","logo":{"@type":"ImageObject","inLanguage":"it-IT","@id":"https:\/\/loginfo24.com\/it\/#\/schema\/logo\/image\/","url":"https:\/\/loginfo24.com\/wp-content\/uploads\/sites\/7\/2026\/01\/Logo_LogInfo24.png","contentUrl":"https:\/\/loginfo24.com\/wp-content\/uploads\/sites\/7\/2026\/01\/Logo_LogInfo24.png","width":938,"height":351,"caption":"Logismedia Group AG"},"image":{"@id":"https:\/\/loginfo24.com\/it\/#\/schema\/logo\/image\/"},"sameAs":["https:\/\/www.facebook.com\/people\/Loginfo24\/100057360583332\/","https:\/\/www.linkedin.com\/company\/lofinfo24\/"]}]}},"_links":{"self":[{"href":"https:\/\/loginfo24.com\/it\/wp-json\/wp\/v2\/posts\/51332","targetHints":{"allow":["GET"]}}],"collection":[{"href":"https:\/\/loginfo24.com\/it\/wp-json\/wp\/v2\/posts"}],"about":[{"href":"https:\/\/loginfo24.com\/it\/wp-json\/wp\/v2\/types\/post"}],"replies":[{"embeddable":true,"href":"https:\/\/loginfo24.com\/it\/wp-json\/wp\/v2\/comments?post=51332"}],"version-history":[{"count":0,"href":"https:\/\/loginfo24.com\/it\/wp-json\/wp\/v2\/posts\/51332\/revisions"}],"wp:attachment":[{"href":"https:\/\/loginfo24.com\/it\/wp-json\/wp\/v2\/media?parent=51332"}],"wp:term":[{"taxonomy":"category","embeddable":true,"href":"https:\/\/loginfo24.com\/it\/wp-json\/wp\/v2\/categories?post=51332"},{"taxonomy":"post_tag","embeddable":true,"href":"https:\/\/loginfo24.com\/it\/wp-json\/wp\/v2\/tags?post=51332"}],"curies":[{"name":"wp","href":"https:\/\/api.w.org\/{rel}","templated":true}]}}