{"id":26766,"date":"2022-01-25T17:59:52","date_gmt":"2022-01-25T16:59:52","guid":{"rendered":"https:\/\/blog.brand-architecture.at\/2022\/01\/25\/jcl-nomina-axel-hinz-a-ceo-e-christof-marx-a-coo\/"},"modified":"2022-01-25T17:59:52","modified_gmt":"2022-01-25T16:59:52","slug":"jcl-nomina-axel-hinz-a-ceo-e-christof-marx-a-coo","status":"publish","type":"post","link":"https:\/\/loginfo24.com\/it\/2022\/01\/25\/jcl-nomina-axel-hinz-a-ceo-e-christof-marx-a-coo\/","title":{"rendered":"JCL nomina Axel Hinz a CEO e Christof Marx a COO"},"content":{"rendered":"<h5><strong>Il fornitore internazionale di servizi logistici JCL Logistics ha nominato Axel Hinz, fino ad ora CEO Air &amp; Ocean, Group CEO. Christof Marx, che in precedenza era CEO Road &amp; Rail, \u00e8 stato nominato Group COO. Entrambe le posizioni sono nuove nell&#8217;organizzazione aziendale di JCL Logistics. Hinz continuer\u00e0 a guidare anche i settori Air &amp; Ocean e B2C.<\/strong><\/h5>\n<p>(Baar) In qualit\u00e0 di Group CEO, Axel Hinz continuer\u00e0 a promuovere la strategia complessiva e a lungo termine di JCL Logistics, ponendo l&#8217;accento sulla creazione di valore sostenibile. A tal fine, collaborer\u00e0 ancora strettamente con il consiglio di amministrazione e il consiglio di fondazione. Inoltre, Axel Hinz continuer\u00e0 a dirigere i settori Air &amp; Ocean e B2C.<\/p>\n<p>\u201eAxel \u00e8 una persona di leadership esperta, che fornisce risultati affidabili. \u00c8 particolarmente adatto a guidare la strategia e la crescita di JCL con un focus particolare sulla sostenibilit\u00e0 e sulla digitalizzazione\u201c, afferma Stephan J\u00f6bstl, presidente del consiglio di amministrazione. \u201eHo grande fiducia nelle capacit\u00e0 di Axel di espandere ulteriormente la posizione di mercato di JCL.\u201c<\/p>\n<p>Come esperto del settore con oltre 30 anni di esperienza nella logistica, Axel Hinz \u00e8 entrato a far parte del JCL Group nel 2020. In precedenza, ha ricoperto posizioni dirigenziali in importanti aziende logistiche europee, tra cui il gruppo Rhenus e il gruppo Geis.<\/p>\n<p>Christof Marx \u00e8 responsabile come Group COO delle operazioni operative centrali dell&#8217;azienda. Allo stesso tempo, continua a dirigere i settori Road &amp; Rail e la logistica contrattuale. Christof Marx fa parte del JCL Group dal 2019 e ha oltre 30 anni di esperienza nel settore. In precedenza ha lavorato in posizioni di leadership strategica e operativa in aziende come Gefco e Imperial.<\/p>\n<h5><strong>Garantire una continuit\u00e0 di leadership stabile<\/strong><\/h5>\n<p>In merito al cambio al vertice dell&#8217;azienda, Stephan J\u00f6bstl dichiara: \u201eSiamo molto lieti di poter ampliare i compiti e le responsabilit\u00e0 di Axel e Christof. Per il successo sostenibile di JCL, le innovazioni di prodotto e l&#8217;apertura di nuovi mercati attraverso un&#8217;ampia gamma di servizi, \u00e8 fondamentale garantire una continuit\u00e0 di leadership stabile \u2013 con membri del team che conoscono bene il nostro business.\u201c<\/p>\n<p>Foto: \u00a9 JCL \/ <strong><em>Didascalia dell&#8217;immagine:<\/em><\/strong> <em>JCL Logistics nomina Axel Hinz, precedentemente CEO Air &amp; Ocean, a Group CEO e Christof Marx, fino ad ora CEO Road &amp; Rail, a Group COO<\/em><\/p>\n","protected":false},"excerpt":{"rendered":"<p>Il fornitore internazionale di servizi logistici JCL Logistics ha nominato Axel Hinz, fino ad ora CEO Air &amp; Ocean, Group CEO. Christof Marx, che in precedenza<span class=\"excerpt-hellip\"> [\u2026]<\/span><\/p>\n","protected":false},"author":0,"featured_media":11182,"comment_status":"open","ping_status":"open","sticky":false,"template":"","format":"standard","meta":{"_acf_changed":false,"footnotes":""},"categories":[1557,1561],"tags":[],"class_list":["post-26766","post","type-post","status-publish","format-standard","has-post-thumbnail","hentry","category-forwarding-logistics","category-regions"],"acf":[],"yoast_head":"<!-- This site is optimized with the Yoast SEO plugin v27.3 - https:\/\/yoast.com\/product\/yoast-seo-wordpress\/ -->\n<title>JCL nomina Axel Hinz a CEO e Christof Marx a COO - Loginfo24<\/title>\n<meta name=\"robots\" content=\"index, follow, max-snippet:-1, max-image-preview:large, max-video-preview:-1\" \/>\n<link rel=\"canonical\" href=\"https:\/\/loginfo24.com\/it\/2022\/01\/25\/jcl-nomina-axel-hinz-a-ceo-e-christof-marx-a-coo\/\" \/>\n<meta property=\"og:locale\" content=\"it_IT\" \/>\n<meta property=\"og:type\" content=\"article\" \/>\n<meta property=\"og:title\" content=\"JCL nomina Axel Hinz a CEO e Christof Marx a COO - Loginfo24\" \/>\n<meta property=\"og:description\" content=\"Il fornitore internazionale di servizi logistici JCL Logistics ha nominato Axel Hinz, fino ad ora CEO Air &amp; Ocean, Group CEO. Christof Marx, che in precedenza [\u2026]\" \/>\n<meta property=\"og:url\" content=\"https:\/\/loginfo24.com\/it\/2022\/01\/25\/jcl-nomina-axel-hinz-a-ceo-e-christof-marx-a-coo\/\" \/>\n<meta property=\"og:site_name\" content=\"Loginfo24\" \/>\n<meta property=\"article:publisher\" content=\"https:\/\/www.facebook.com\/people\/Loginfo24\/100057360583332\/\" \/>\n<meta property=\"article:published_time\" content=\"2022-01-25T16:59:52+00:00\" \/>\n<meta property=\"og:image\" content=\"https:\/\/loginfo24.com\/wp-content\/uploads\/sites\/7\/2025\/12\/JCL_25.1.22.jpg\" \/>\n\t<meta property=\"og:image:width\" content=\"1392\" \/>\n\t<meta property=\"og:image:height\" content=\"783\" \/>\n\t<meta property=\"og:image:type\" content=\"image\/jpeg\" \/>\n<meta name=\"twitter:card\" content=\"summary_large_image\" \/>\n<meta name=\"twitter:label1\" content=\"Tempo di lettura stimato\" \/>\n\t<meta name=\"twitter:data1\" content=\"2 minuto\" \/>\n<script type=\"application\/ld+json\" class=\"yoast-schema-graph\">{\"@context\":\"https:\\\/\\\/schema.org\",\"@graph\":[{\"@type\":\"Article\",\"@id\":\"https:\\\/\\\/loginfo24.com\\\/it\\\/2022\\\/01\\\/25\\\/jcl-nomina-axel-hinz-a-ceo-e-christof-marx-a-coo\\\/#article\",\"isPartOf\":{\"@id\":\"https:\\\/\\\/loginfo24.com\\\/it\\\/2022\\\/01\\\/25\\\/jcl-nomina-axel-hinz-a-ceo-e-christof-marx-a-coo\\\/\"},\"author\":{\"name\":\"\",\"@id\":\"\"},\"headline\":\"JCL nomina Axel Hinz a CEO e Christof Marx a COO\",\"datePublished\":\"2022-01-25T16:59:52+00:00\",\"mainEntityOfPage\":{\"@id\":\"https:\\\/\\\/loginfo24.com\\\/it\\\/2022\\\/01\\\/25\\\/jcl-nomina-axel-hinz-a-ceo-e-christof-marx-a-coo\\\/\"},\"wordCount\":388,\"commentCount\":0,\"publisher\":{\"@id\":\"https:\\\/\\\/loginfo24.com\\\/it\\\/#organization\"},\"image\":{\"@id\":\"https:\\\/\\\/loginfo24.com\\\/it\\\/2022\\\/01\\\/25\\\/jcl-nomina-axel-hinz-a-ceo-e-christof-marx-a-coo\\\/#primaryimage\"},\"thumbnailUrl\":\"https:\\\/\\\/loginfo24.com\\\/wp-content\\\/uploads\\\/sites\\\/7\\\/2025\\\/12\\\/JCL_25.1.22.jpg\",\"articleSection\":[\"Forwarding &amp; Logistics\",\"Regions\"],\"inLanguage\":\"it-IT\",\"potentialAction\":[{\"@type\":\"CommentAction\",\"name\":\"Comment\",\"target\":[\"https:\\\/\\\/loginfo24.com\\\/it\\\/2022\\\/01\\\/25\\\/jcl-nomina-axel-hinz-a-ceo-e-christof-marx-a-coo\\\/#respond\"]}]},{\"@type\":\"WebPage\",\"@id\":\"https:\\\/\\\/loginfo24.com\\\/it\\\/2022\\\/01\\\/25\\\/jcl-nomina-axel-hinz-a-ceo-e-christof-marx-a-coo\\\/\",\"url\":\"https:\\\/\\\/loginfo24.com\\\/it\\\/2022\\\/01\\\/25\\\/jcl-nomina-axel-hinz-a-ceo-e-christof-marx-a-coo\\\/\",\"name\":\"JCL nomina Axel Hinz a CEO e Christof Marx a COO - Loginfo24\",\"isPartOf\":{\"@id\":\"https:\\\/\\\/loginfo24.com\\\/it\\\/#website\"},\"primaryImageOfPage\":{\"@id\":\"https:\\\/\\\/loginfo24.com\\\/it\\\/2022\\\/01\\\/25\\\/jcl-nomina-axel-hinz-a-ceo-e-christof-marx-a-coo\\\/#primaryimage\"},\"image\":{\"@id\":\"https:\\\/\\\/loginfo24.com\\\/it\\\/2022\\\/01\\\/25\\\/jcl-nomina-axel-hinz-a-ceo-e-christof-marx-a-coo\\\/#primaryimage\"},\"thumbnailUrl\":\"https:\\\/\\\/loginfo24.com\\\/wp-content\\\/uploads\\\/sites\\\/7\\\/2025\\\/12\\\/JCL_25.1.22.jpg\",\"datePublished\":\"2022-01-25T16:59:52+00:00\",\"breadcrumb\":{\"@id\":\"https:\\\/\\\/loginfo24.com\\\/it\\\/2022\\\/01\\\/25\\\/jcl-nomina-axel-hinz-a-ceo-e-christof-marx-a-coo\\\/#breadcrumb\"},\"inLanguage\":\"it-IT\",\"potentialAction\":[{\"@type\":\"ReadAction\",\"target\":[\"https:\\\/\\\/loginfo24.com\\\/it\\\/2022\\\/01\\\/25\\\/jcl-nomina-axel-hinz-a-ceo-e-christof-marx-a-coo\\\/\"]}]},{\"@type\":\"ImageObject\",\"inLanguage\":\"it-IT\",\"@id\":\"https:\\\/\\\/loginfo24.com\\\/it\\\/2022\\\/01\\\/25\\\/jcl-nomina-axel-hinz-a-ceo-e-christof-marx-a-coo\\\/#primaryimage\",\"url\":\"https:\\\/\\\/loginfo24.com\\\/wp-content\\\/uploads\\\/sites\\\/7\\\/2025\\\/12\\\/JCL_25.1.22.jpg\",\"contentUrl\":\"https:\\\/\\\/loginfo24.com\\\/wp-content\\\/uploads\\\/sites\\\/7\\\/2025\\\/12\\\/JCL_25.1.22.jpg\",\"width\":1392,\"height\":783},{\"@type\":\"BreadcrumbList\",\"@id\":\"https:\\\/\\\/loginfo24.com\\\/it\\\/2022\\\/01\\\/25\\\/jcl-nomina-axel-hinz-a-ceo-e-christof-marx-a-coo\\\/#breadcrumb\",\"itemListElement\":[{\"@type\":\"ListItem\",\"position\":1,\"name\":\"Startseite\",\"item\":\"https:\\\/\\\/loginfo24.com\\\/it\\\/\"},{\"@type\":\"ListItem\",\"position\":2,\"name\":\"JCL nomina Axel Hinz a CEO e Christof Marx a COO\"}]},{\"@type\":\"WebSite\",\"@id\":\"https:\\\/\\\/loginfo24.com\\\/it\\\/#website\",\"url\":\"https:\\\/\\\/loginfo24.com\\\/it\\\/\",\"name\":\"Loginfo24\",\"description\":\"Loginfo24 \u00e8 la piattaforma dedicata alla logistica e alle catene di fornitura con informazioni disponibili 24 ore su 24.\",\"publisher\":{\"@id\":\"https:\\\/\\\/loginfo24.com\\\/it\\\/#organization\"},\"potentialAction\":[{\"@type\":\"SearchAction\",\"target\":{\"@type\":\"EntryPoint\",\"urlTemplate\":\"https:\\\/\\\/loginfo24.com\\\/it\\\/?s={search_term_string}\"},\"query-input\":{\"@type\":\"PropertyValueSpecification\",\"valueRequired\":true,\"valueName\":\"search_term_string\"}}],\"inLanguage\":\"it-IT\"},{\"@type\":\"Organization\",\"@id\":\"https:\\\/\\\/loginfo24.com\\\/it\\\/#organization\",\"name\":\"Logismedia Group AG\",\"url\":\"https:\\\/\\\/loginfo24.com\\\/it\\\/\",\"logo\":{\"@type\":\"ImageObject\",\"inLanguage\":\"it-IT\",\"@id\":\"https:\\\/\\\/loginfo24.com\\\/it\\\/#\\\/schema\\\/logo\\\/image\\\/\",\"url\":\"https:\\\/\\\/loginfo24.com\\\/wp-content\\\/uploads\\\/sites\\\/7\\\/2026\\\/01\\\/Logo_LogInfo24.png\",\"contentUrl\":\"https:\\\/\\\/loginfo24.com\\\/wp-content\\\/uploads\\\/sites\\\/7\\\/2026\\\/01\\\/Logo_LogInfo24.png\",\"width\":938,\"height\":351,\"caption\":\"Logismedia Group AG\"},\"image\":{\"@id\":\"https:\\\/\\\/loginfo24.com\\\/it\\\/#\\\/schema\\\/logo\\\/image\\\/\"},\"sameAs\":[\"https:\\\/\\\/www.facebook.com\\\/people\\\/Loginfo24\\\/100057360583332\\\/\",\"https:\\\/\\\/www.linkedin.com\\\/company\\\/lofinfo24\\\/\"]}]}<\/script>\n<!-- \/ Yoast SEO plugin. -->","yoast_head_json":{"title":"JCL nomina Axel Hinz a CEO e Christof Marx a COO - Loginfo24","robots":{"index":"index","follow":"follow","max-snippet":"max-snippet:-1","max-image-preview":"max-image-preview:large","max-video-preview":"max-video-preview:-1"},"canonical":"https:\/\/loginfo24.com\/it\/2022\/01\/25\/jcl-nomina-axel-hinz-a-ceo-e-christof-marx-a-coo\/","og_locale":"it_IT","og_type":"article","og_title":"JCL nomina Axel Hinz a CEO e Christof Marx a COO - Loginfo24","og_description":"Il fornitore internazionale di servizi logistici JCL Logistics ha nominato Axel Hinz, fino ad ora CEO Air &amp; Ocean, Group CEO. Christof Marx, che in precedenza [\u2026]","og_url":"https:\/\/loginfo24.com\/it\/2022\/01\/25\/jcl-nomina-axel-hinz-a-ceo-e-christof-marx-a-coo\/","og_site_name":"Loginfo24","article_publisher":"https:\/\/www.facebook.com\/people\/Loginfo24\/100057360583332\/","article_published_time":"2022-01-25T16:59:52+00:00","og_image":[{"width":1392,"height":783,"url":"https:\/\/loginfo24.com\/wp-content\/uploads\/sites\/7\/2025\/12\/JCL_25.1.22.jpg","type":"image\/jpeg"}],"twitter_card":"summary_large_image","twitter_misc":{"Tempo di lettura stimato":"2 minuto"},"schema":{"@context":"https:\/\/schema.org","@graph":[{"@type":"Article","@id":"https:\/\/loginfo24.com\/it\/2022\/01\/25\/jcl-nomina-axel-hinz-a-ceo-e-christof-marx-a-coo\/#article","isPartOf":{"@id":"https:\/\/loginfo24.com\/it\/2022\/01\/25\/jcl-nomina-axel-hinz-a-ceo-e-christof-marx-a-coo\/"},"author":{"name":"","@id":""},"headline":"JCL nomina Axel Hinz a CEO e Christof Marx a COO","datePublished":"2022-01-25T16:59:52+00:00","mainEntityOfPage":{"@id":"https:\/\/loginfo24.com\/it\/2022\/01\/25\/jcl-nomina-axel-hinz-a-ceo-e-christof-marx-a-coo\/"},"wordCount":388,"commentCount":0,"publisher":{"@id":"https:\/\/loginfo24.com\/it\/#organization"},"image":{"@id":"https:\/\/loginfo24.com\/it\/2022\/01\/25\/jcl-nomina-axel-hinz-a-ceo-e-christof-marx-a-coo\/#primaryimage"},"thumbnailUrl":"https:\/\/loginfo24.com\/wp-content\/uploads\/sites\/7\/2025\/12\/JCL_25.1.22.jpg","articleSection":["Forwarding &amp; Logistics","Regions"],"inLanguage":"it-IT","potentialAction":[{"@type":"CommentAction","name":"Comment","target":["https:\/\/loginfo24.com\/it\/2022\/01\/25\/jcl-nomina-axel-hinz-a-ceo-e-christof-marx-a-coo\/#respond"]}]},{"@type":"WebPage","@id":"https:\/\/loginfo24.com\/it\/2022\/01\/25\/jcl-nomina-axel-hinz-a-ceo-e-christof-marx-a-coo\/","url":"https:\/\/loginfo24.com\/it\/2022\/01\/25\/jcl-nomina-axel-hinz-a-ceo-e-christof-marx-a-coo\/","name":"JCL nomina Axel Hinz a CEO e Christof Marx a COO - Loginfo24","isPartOf":{"@id":"https:\/\/loginfo24.com\/it\/#website"},"primaryImageOfPage":{"@id":"https:\/\/loginfo24.com\/it\/2022\/01\/25\/jcl-nomina-axel-hinz-a-ceo-e-christof-marx-a-coo\/#primaryimage"},"image":{"@id":"https:\/\/loginfo24.com\/it\/2022\/01\/25\/jcl-nomina-axel-hinz-a-ceo-e-christof-marx-a-coo\/#primaryimage"},"thumbnailUrl":"https:\/\/loginfo24.com\/wp-content\/uploads\/sites\/7\/2025\/12\/JCL_25.1.22.jpg","datePublished":"2022-01-25T16:59:52+00:00","breadcrumb":{"@id":"https:\/\/loginfo24.com\/it\/2022\/01\/25\/jcl-nomina-axel-hinz-a-ceo-e-christof-marx-a-coo\/#breadcrumb"},"inLanguage":"it-IT","potentialAction":[{"@type":"ReadAction","target":["https:\/\/loginfo24.com\/it\/2022\/01\/25\/jcl-nomina-axel-hinz-a-ceo-e-christof-marx-a-coo\/"]}]},{"@type":"ImageObject","inLanguage":"it-IT","@id":"https:\/\/loginfo24.com\/it\/2022\/01\/25\/jcl-nomina-axel-hinz-a-ceo-e-christof-marx-a-coo\/#primaryimage","url":"https:\/\/loginfo24.com\/wp-content\/uploads\/sites\/7\/2025\/12\/JCL_25.1.22.jpg","contentUrl":"https:\/\/loginfo24.com\/wp-content\/uploads\/sites\/7\/2025\/12\/JCL_25.1.22.jpg","width":1392,"height":783},{"@type":"BreadcrumbList","@id":"https:\/\/loginfo24.com\/it\/2022\/01\/25\/jcl-nomina-axel-hinz-a-ceo-e-christof-marx-a-coo\/#breadcrumb","itemListElement":[{"@type":"ListItem","position":1,"name":"Startseite","item":"https:\/\/loginfo24.com\/it\/"},{"@type":"ListItem","position":2,"name":"JCL nomina Axel Hinz a CEO e Christof Marx a COO"}]},{"@type":"WebSite","@id":"https:\/\/loginfo24.com\/it\/#website","url":"https:\/\/loginfo24.com\/it\/","name":"Loginfo24","description":"Loginfo24 \u00e8 la piattaforma dedicata alla logistica e alle catene di fornitura con informazioni disponibili 24 ore su 24.","publisher":{"@id":"https:\/\/loginfo24.com\/it\/#organization"},"potentialAction":[{"@type":"SearchAction","target":{"@type":"EntryPoint","urlTemplate":"https:\/\/loginfo24.com\/it\/?s={search_term_string}"},"query-input":{"@type":"PropertyValueSpecification","valueRequired":true,"valueName":"search_term_string"}}],"inLanguage":"it-IT"},{"@type":"Organization","@id":"https:\/\/loginfo24.com\/it\/#organization","name":"Logismedia Group AG","url":"https:\/\/loginfo24.com\/it\/","logo":{"@type":"ImageObject","inLanguage":"it-IT","@id":"https:\/\/loginfo24.com\/it\/#\/schema\/logo\/image\/","url":"https:\/\/loginfo24.com\/wp-content\/uploads\/sites\/7\/2026\/01\/Logo_LogInfo24.png","contentUrl":"https:\/\/loginfo24.com\/wp-content\/uploads\/sites\/7\/2026\/01\/Logo_LogInfo24.png","width":938,"height":351,"caption":"Logismedia Group AG"},"image":{"@id":"https:\/\/loginfo24.com\/it\/#\/schema\/logo\/image\/"},"sameAs":["https:\/\/www.facebook.com\/people\/Loginfo24\/100057360583332\/","https:\/\/www.linkedin.com\/company\/lofinfo24\/"]}]}},"_links":{"self":[{"href":"https:\/\/loginfo24.com\/it\/wp-json\/wp\/v2\/posts\/26766","targetHints":{"allow":["GET"]}}],"collection":[{"href":"https:\/\/loginfo24.com\/it\/wp-json\/wp\/v2\/posts"}],"about":[{"href":"https:\/\/loginfo24.com\/it\/wp-json\/wp\/v2\/types\/post"}],"replies":[{"embeddable":true,"href":"https:\/\/loginfo24.com\/it\/wp-json\/wp\/v2\/comments?post=26766"}],"version-history":[{"count":0,"href":"https:\/\/loginfo24.com\/it\/wp-json\/wp\/v2\/posts\/26766\/revisions"}],"wp:featuredmedia":[{"embeddable":true,"href":"https:\/\/loginfo24.com\/it\/wp-json\/wp\/v2\/media\/11182"}],"wp:attachment":[{"href":"https:\/\/loginfo24.com\/it\/wp-json\/wp\/v2\/media?parent=26766"}],"wp:term":[{"taxonomy":"category","embeddable":true,"href":"https:\/\/loginfo24.com\/it\/wp-json\/wp\/v2\/categories?post=26766"},{"taxonomy":"post_tag","embeddable":true,"href":"https:\/\/loginfo24.com\/it\/wp-json\/wp\/v2\/tags?post=26766"}],"curies":[{"name":"wp","href":"https:\/\/api.w.org\/{rel}","templated":true}]}}