{"id":25539,"date":"2021-05-18T17:07:27","date_gmt":"2021-05-18T15:07:27","guid":{"rendered":"https:\/\/blog.brand-architecture.at\/2021\/05\/18\/come-i-giovani-vogliono-muovere-la-posta-svizzera\/"},"modified":"2025-12-15T13:02:55","modified_gmt":"2025-12-15T12:02:55","slug":"come-i-giovani-vogliono-muovere-la-posta-svizzera","status":"publish","type":"post","link":"https:\/\/loginfo24.com\/it\/2021\/05\/18\/come-i-giovani-vogliono-muovere-la-posta-svizzera\/","title":{"rendered":"Come i giovani vogliono muovere la posta svizzera"},"content":{"rendered":"<p>Chi lavora per la Posta svizzera ha in media 46 anni. Solo il 22% dei dipendenti ha meno di 35 anni, ma la loro voce all&#8217;interno dell&#8217;azienda si fa sempre pi\u00f9 forte. Quali aspettative e bisogni hanno questi giovani della Generazione Z come attuali e futuri dipendenti e clienti della Posta? Pu\u00f2 la rete Young Voice portare un vento fresco nel grande gigante giallo?<\/p>\n<p>(Berna) Sono cresciuti con Internet, smartphone e social media e non fanno pi\u00f9 distinzione tra mondo digitale e analogico. Come parte della Generazione Z, sono attivi su Instagram, Snapchat e TikTok e comunicano attraverso emoji, immagini e video. Per questi giovani, contano il momento, la semplicit\u00e0 e la flessibilit\u00e0, e pensano e lavorano in un modo completamente nuovo rispetto alle generazioni precedenti. Tra cinque e dieci anni, la Generazione Z dominer\u00e0 il mercato del lavoro. Le aziende farebbero bene ad adattarsi a loro. Attualmente, l&#8217;et\u00e0 media dei dipendenti della Posta \u00e8 di 46 anni, ma con l&#8217;imminente onda di pensionamenti, questa et\u00e0 diminuir\u00e0. Pertanto, la Posta deve assicurarsi di rimanere attraente anche per le nuove generazioni.<\/p>\n<h5><strong>Una rete per plasmare il futuro<\/strong><\/h5>\n<p>In questo, li aiuta una rete per plasmare il futuro: nel 2018, un gruppo di giovani dipendenti della Posta ha fondato la rete Young Voice. Il loro obiettivo? Aumentare la loro portata, connettere i giovani e unire le generazioni. &#8220;I giovani dipendenti tra i 19 e i 35 anni si sono uniti spontaneamente per fare la differenza&#8221;, ricorda Reto Schindler, 33 anni. Lavora nel dipartimento delle risorse umane ed \u00e8 cofondatore e membro attivo di Young Voice. Da allora, la rete \u00e8 cresciuta e conta oggi circa 200 membri. &#8220;Vogliamo portare le voci dei giovani e sapere cosa pensano, per plasmare insieme il futuro della Posta e attrarre giovani talenti. Dobbiamo rispondere ai bisogni della giovane generazione, come il desiderio di formazione continua, poich\u00e9 i giovani rappresentano il nostro futuro.&#8221; Roberto Cirillo, CEO della Posta, concorda: &#8220;I giovani sono i nostri attuali e futuri dipendenti e clienti. Dobbiamo gi\u00e0 ora imparare da loro e conoscere le loro aspettative e necessit\u00e0. Solo cos\u00ec la Posta rimarr\u00e0 un datore di lavoro attraente in grado di offrire valore ai suoi clienti.&#8221;<div id=\"attachment_11444\" style=\"width: 787px\" class=\"wp-caption alignnone\"><img loading=\"lazy\" decoding=\"async\" aria-describedby=\"caption-attachment-11444\" class=\"wp-image-11444\" src=\"https:\/\/loginfo24.com\/wp-content\/uploads\/sites\/7\/2025\/12\/CH_Post_18.5.21_1.jpg\" alt=\"\" width=\"777\" height=\"773\" \/><p id=\"caption-attachment-11444\" class=\"wp-caption-text\">I membri del gruppo di progetto Young Voice (prima della pandemia)<\/p><\/div><\/p>\n<h5><strong>Numerose azioni<\/strong><\/h5>\n<p>Nel frattempo, Young Voice \u00e8 diventata una rete ufficiale all&#8217;interno della Posta, accanto ad altre reti come MOSAICO per la diversit\u00e0 linguistica e culturale o RAINBOW per l&#8217;accettazione e la tolleranza. Young Voice \u00e8 in contatto regolare con la direzione, e cos\u00ec si svolgono frequentemente colloqui e discussioni con membri della direzione, incluso Roberto Cirillo, per portare avanti le istanze dei giovani. Inoltre, Young Voice scambia periodicamente informazioni con le risorse umane e partecipa ad attivit\u00e0 legate alla &#8220;Posta di domani&#8221;.Young Voice partecipa anche al Reverse Mentoring: i giovani dipendenti assumono il ruolo di mentori e guidano i membri pi\u00f9 anziani del personale in aree come la digitalizzazione o le nuove tecnologie. &#8220;In questo modo promuoviamo la comprensione intersettoriale, l&#8217;apprendimento intergenerazionale e il dialogo tra le gerarchie&#8221;, si rallegrano Luise Bornand, 31 anni, project manager IT e cofondatrice di Young Voice.Young Voice conduce regolarmente sondaggi tra i giovani dipendenti e condivide i risultati con i vari settori. Questo ha gi\u00e0 portato all&#8217;implementazione di progetti interessanti. Un esempio: in un progetto pilota presso PostNetz, i giovani dipendenti possono immergersi in un settore completamente diverso dal loro durante un viaggio di apprendimento. E questo per quattro mesi e in una regione diversa. Se il progetto avr\u00e0 successo, tali viaggi saranno introdotti in tutta la Svizzera.<\/p>\n<h5><strong>La Posta fa abbastanza per i giovani?<\/strong><\/h5>\n<p>Parlando con i 19-35enni, emerge chiaramente che il loro lavoro deve avere un senso, i loro superiori e il loro team devono ispirarli e gli orari e le modalit\u00e0 di lavoro devono essere flessibili. Luise Bornand si chiede: &#8220;Perch\u00e9 non introdurre un modello in cui tutti i dipendenti possano dedicare il 20% del loro tempo lavorativo a un progetto che li appassiona? O intraprendere un viaggio di apprendimento in altri settori o regioni (come nel progetto sopra menzionato)?&#8221; E come conclusione: &#8220;La Posta si sta muovendo, ma non abbastanza velocemente. Ed \u00e8 proprio per questo che abbiamo bisogno di Young Voice, come &#8216;laboratorio&#8217; per provare queste nuove modalit\u00e0 di lavoro.&#8221;<\/p>\n<h6><strong>Generazioni nel mercato del lavoro<\/strong><\/h6>\n<p>Generazione X = 1965 fino al 1980Generazione Y = 1981 fino al 1995Generazione Z = dal 1995<em>Fonte: Ufficio federale di statistica, 2019<\/em><\/p>\n<h6><strong>Alla Posta svizzera<\/strong><\/h6>\n<p>46 anni \u00e8 l&#8217;et\u00e0 media alla Posta22% dei dipendenti della Posta hanno meno di 35 anni81% degli apprendisti sono assunti dalla Posta al termine5,2 anni \u00e8 la durata media di permanenza dei giovani alla PostaPostLogistics ha il maggior numero di giovani dipendentiFoto: \u00a9 Posta svizzera \/ <strong><em>Didascalia immagine di copertura:<\/em><\/strong><em> Luise Bornand, project manager IT e cofondatrice di Young Voice<\/em><\/p>\n","protected":false},"excerpt":{"rendered":"<p>Chi lavora per la Posta svizzera ha in media 46 anni. Solo il 22% dei dipendenti ha meno di 35 anni, ma la loro voce all&#8217;interno<span class=\"excerpt-hellip\"> [\u2026]<\/span><\/p>\n","protected":false},"author":0,"featured_media":0,"comment_status":"open","ping_status":"open","sticky":false,"template":"","format":"standard","meta":{"_acf_changed":false,"footnotes":""},"categories":[1557,1561],"tags":[],"class_list":["post-25539","post","type-post","status-publish","format-standard","hentry","category-forwarding-logistics","category-regions"],"acf":[],"yoast_head":"<!-- This site is optimized with the Yoast SEO plugin v27.3 - https:\/\/yoast.com\/product\/yoast-seo-wordpress\/ -->\n<title>Come i giovani vogliono muovere la posta svizzera - Loginfo24<\/title>\n<meta name=\"robots\" content=\"index, follow, max-snippet:-1, max-image-preview:large, max-video-preview:-1\" \/>\n<link rel=\"canonical\" href=\"https:\/\/loginfo24.com\/it\/2021\/05\/18\/come-i-giovani-vogliono-muovere-la-posta-svizzera\/\" \/>\n<meta property=\"og:locale\" content=\"it_IT\" \/>\n<meta property=\"og:type\" content=\"article\" \/>\n<meta property=\"og:title\" content=\"Come i giovani vogliono muovere la posta svizzera - Loginfo24\" \/>\n<meta property=\"og:description\" content=\"Chi lavora per la Posta svizzera ha in media 46 anni. Solo il 22% dei dipendenti ha meno di 35 anni, ma la loro voce all&#8217;interno [\u2026]\" \/>\n<meta property=\"og:url\" content=\"https:\/\/loginfo24.com\/it\/2021\/05\/18\/come-i-giovani-vogliono-muovere-la-posta-svizzera\/\" \/>\n<meta property=\"og:site_name\" content=\"Loginfo24\" \/>\n<meta property=\"article:publisher\" content=\"https:\/\/www.facebook.com\/people\/Loginfo24\/100057360583332\/\" \/>\n<meta property=\"article:published_time\" content=\"2021-05-18T15:07:27+00:00\" \/>\n<meta property=\"article:modified_time\" content=\"2025-12-15T12:02:55+00:00\" \/>\n<meta property=\"og:image\" content=\"https:\/\/loginfo24.com\/wp-content\/uploads\/sites\/7\/2025\/12\/CH_Post_18.5.21_1.jpg\" \/>\n<meta name=\"twitter:card\" content=\"summary_large_image\" \/>\n<meta name=\"twitter:label1\" content=\"Tempo di lettura stimato\" \/>\n\t<meta name=\"twitter:data1\" content=\"4 minuto\" \/>\n<script type=\"application\/ld+json\" class=\"yoast-schema-graph\">{\"@context\":\"https:\\\/\\\/schema.org\",\"@graph\":[{\"@type\":\"Article\",\"@id\":\"https:\\\/\\\/loginfo24.com\\\/it\\\/2021\\\/05\\\/18\\\/come-i-giovani-vogliono-muovere-la-posta-svizzera\\\/#article\",\"isPartOf\":{\"@id\":\"https:\\\/\\\/loginfo24.com\\\/it\\\/2021\\\/05\\\/18\\\/come-i-giovani-vogliono-muovere-la-posta-svizzera\\\/\"},\"author\":{\"name\":\"\",\"@id\":\"\"},\"headline\":\"Come i giovani vogliono muovere la posta svizzera\",\"datePublished\":\"2021-05-18T15:07:27+00:00\",\"dateModified\":\"2025-12-15T12:02:55+00:00\",\"mainEntityOfPage\":{\"@id\":\"https:\\\/\\\/loginfo24.com\\\/it\\\/2021\\\/05\\\/18\\\/come-i-giovani-vogliono-muovere-la-posta-svizzera\\\/\"},\"wordCount\":795,\"commentCount\":0,\"publisher\":{\"@id\":\"https:\\\/\\\/loginfo24.com\\\/it\\\/#organization\"},\"image\":{\"@id\":\"https:\\\/\\\/loginfo24.com\\\/it\\\/2021\\\/05\\\/18\\\/come-i-giovani-vogliono-muovere-la-posta-svizzera\\\/#primaryimage\"},\"thumbnailUrl\":\"https:\\\/\\\/loginfo24.com\\\/wp-content\\\/uploads\\\/sites\\\/7\\\/2025\\\/12\\\/CH_Post_18.5.21_1.jpg\",\"articleSection\":[\"Forwarding &amp; Logistics\",\"Regions\"],\"inLanguage\":\"it-IT\",\"potentialAction\":[{\"@type\":\"CommentAction\",\"name\":\"Comment\",\"target\":[\"https:\\\/\\\/loginfo24.com\\\/it\\\/2021\\\/05\\\/18\\\/come-i-giovani-vogliono-muovere-la-posta-svizzera\\\/#respond\"]}]},{\"@type\":\"WebPage\",\"@id\":\"https:\\\/\\\/loginfo24.com\\\/it\\\/2021\\\/05\\\/18\\\/come-i-giovani-vogliono-muovere-la-posta-svizzera\\\/\",\"url\":\"https:\\\/\\\/loginfo24.com\\\/it\\\/2021\\\/05\\\/18\\\/come-i-giovani-vogliono-muovere-la-posta-svizzera\\\/\",\"name\":\"Come i giovani vogliono muovere la posta svizzera - Loginfo24\",\"isPartOf\":{\"@id\":\"https:\\\/\\\/loginfo24.com\\\/it\\\/#website\"},\"primaryImageOfPage\":{\"@id\":\"https:\\\/\\\/loginfo24.com\\\/it\\\/2021\\\/05\\\/18\\\/come-i-giovani-vogliono-muovere-la-posta-svizzera\\\/#primaryimage\"},\"image\":{\"@id\":\"https:\\\/\\\/loginfo24.com\\\/it\\\/2021\\\/05\\\/18\\\/come-i-giovani-vogliono-muovere-la-posta-svizzera\\\/#primaryimage\"},\"thumbnailUrl\":\"https:\\\/\\\/loginfo24.com\\\/wp-content\\\/uploads\\\/sites\\\/7\\\/2025\\\/12\\\/CH_Post_18.5.21_1.jpg\",\"datePublished\":\"2021-05-18T15:07:27+00:00\",\"dateModified\":\"2025-12-15T12:02:55+00:00\",\"breadcrumb\":{\"@id\":\"https:\\\/\\\/loginfo24.com\\\/it\\\/2021\\\/05\\\/18\\\/come-i-giovani-vogliono-muovere-la-posta-svizzera\\\/#breadcrumb\"},\"inLanguage\":\"it-IT\",\"potentialAction\":[{\"@type\":\"ReadAction\",\"target\":[\"https:\\\/\\\/loginfo24.com\\\/it\\\/2021\\\/05\\\/18\\\/come-i-giovani-vogliono-muovere-la-posta-svizzera\\\/\"]}]},{\"@type\":\"ImageObject\",\"inLanguage\":\"it-IT\",\"@id\":\"https:\\\/\\\/loginfo24.com\\\/it\\\/2021\\\/05\\\/18\\\/come-i-giovani-vogliono-muovere-la-posta-svizzera\\\/#primaryimage\",\"url\":\"https:\\\/\\\/loginfo24.com\\\/wp-content\\\/uploads\\\/sites\\\/7\\\/2025\\\/12\\\/CH_Post_18.5.21_1.jpg\",\"contentUrl\":\"https:\\\/\\\/loginfo24.com\\\/wp-content\\\/uploads\\\/sites\\\/7\\\/2025\\\/12\\\/CH_Post_18.5.21_1.jpg\"},{\"@type\":\"BreadcrumbList\",\"@id\":\"https:\\\/\\\/loginfo24.com\\\/it\\\/2021\\\/05\\\/18\\\/come-i-giovani-vogliono-muovere-la-posta-svizzera\\\/#breadcrumb\",\"itemListElement\":[{\"@type\":\"ListItem\",\"position\":1,\"name\":\"Startseite\",\"item\":\"https:\\\/\\\/loginfo24.com\\\/it\\\/\"},{\"@type\":\"ListItem\",\"position\":2,\"name\":\"Come i giovani vogliono muovere la posta svizzera\"}]},{\"@type\":\"WebSite\",\"@id\":\"https:\\\/\\\/loginfo24.com\\\/it\\\/#website\",\"url\":\"https:\\\/\\\/loginfo24.com\\\/it\\\/\",\"name\":\"Loginfo24\",\"description\":\"Loginfo24 \u00e8 la piattaforma dedicata alla logistica e alle catene di fornitura con informazioni disponibili 24 ore su 24.\",\"publisher\":{\"@id\":\"https:\\\/\\\/loginfo24.com\\\/it\\\/#organization\"},\"potentialAction\":[{\"@type\":\"SearchAction\",\"target\":{\"@type\":\"EntryPoint\",\"urlTemplate\":\"https:\\\/\\\/loginfo24.com\\\/it\\\/?s={search_term_string}\"},\"query-input\":{\"@type\":\"PropertyValueSpecification\",\"valueRequired\":true,\"valueName\":\"search_term_string\"}}],\"inLanguage\":\"it-IT\"},{\"@type\":\"Organization\",\"@id\":\"https:\\\/\\\/loginfo24.com\\\/it\\\/#organization\",\"name\":\"Logismedia Group AG\",\"url\":\"https:\\\/\\\/loginfo24.com\\\/it\\\/\",\"logo\":{\"@type\":\"ImageObject\",\"inLanguage\":\"it-IT\",\"@id\":\"https:\\\/\\\/loginfo24.com\\\/it\\\/#\\\/schema\\\/logo\\\/image\\\/\",\"url\":\"https:\\\/\\\/loginfo24.com\\\/wp-content\\\/uploads\\\/sites\\\/7\\\/2026\\\/01\\\/Logo_LogInfo24.png\",\"contentUrl\":\"https:\\\/\\\/loginfo24.com\\\/wp-content\\\/uploads\\\/sites\\\/7\\\/2026\\\/01\\\/Logo_LogInfo24.png\",\"width\":938,\"height\":351,\"caption\":\"Logismedia Group AG\"},\"image\":{\"@id\":\"https:\\\/\\\/loginfo24.com\\\/it\\\/#\\\/schema\\\/logo\\\/image\\\/\"},\"sameAs\":[\"https:\\\/\\\/www.facebook.com\\\/people\\\/Loginfo24\\\/100057360583332\\\/\",\"https:\\\/\\\/www.linkedin.com\\\/company\\\/lofinfo24\\\/\"]}]}<\/script>\n<!-- \/ Yoast SEO plugin. -->","yoast_head_json":{"title":"Come i giovani vogliono muovere la posta svizzera - Loginfo24","robots":{"index":"index","follow":"follow","max-snippet":"max-snippet:-1","max-image-preview":"max-image-preview:large","max-video-preview":"max-video-preview:-1"},"canonical":"https:\/\/loginfo24.com\/it\/2021\/05\/18\/come-i-giovani-vogliono-muovere-la-posta-svizzera\/","og_locale":"it_IT","og_type":"article","og_title":"Come i giovani vogliono muovere la posta svizzera - Loginfo24","og_description":"Chi lavora per la Posta svizzera ha in media 46 anni. Solo il 22% dei dipendenti ha meno di 35 anni, ma la loro voce all&#8217;interno [\u2026]","og_url":"https:\/\/loginfo24.com\/it\/2021\/05\/18\/come-i-giovani-vogliono-muovere-la-posta-svizzera\/","og_site_name":"Loginfo24","article_publisher":"https:\/\/www.facebook.com\/people\/Loginfo24\/100057360583332\/","article_published_time":"2021-05-18T15:07:27+00:00","article_modified_time":"2025-12-15T12:02:55+00:00","og_image":[{"url":"https:\/\/loginfo24.com\/wp-content\/uploads\/sites\/7\/2025\/12\/CH_Post_18.5.21_1.jpg","type":"","width":"","height":""}],"twitter_card":"summary_large_image","twitter_misc":{"Tempo di lettura stimato":"4 minuto"},"schema":{"@context":"https:\/\/schema.org","@graph":[{"@type":"Article","@id":"https:\/\/loginfo24.com\/it\/2021\/05\/18\/come-i-giovani-vogliono-muovere-la-posta-svizzera\/#article","isPartOf":{"@id":"https:\/\/loginfo24.com\/it\/2021\/05\/18\/come-i-giovani-vogliono-muovere-la-posta-svizzera\/"},"author":{"name":"","@id":""},"headline":"Come i giovani vogliono muovere la posta svizzera","datePublished":"2021-05-18T15:07:27+00:00","dateModified":"2025-12-15T12:02:55+00:00","mainEntityOfPage":{"@id":"https:\/\/loginfo24.com\/it\/2021\/05\/18\/come-i-giovani-vogliono-muovere-la-posta-svizzera\/"},"wordCount":795,"commentCount":0,"publisher":{"@id":"https:\/\/loginfo24.com\/it\/#organization"},"image":{"@id":"https:\/\/loginfo24.com\/it\/2021\/05\/18\/come-i-giovani-vogliono-muovere-la-posta-svizzera\/#primaryimage"},"thumbnailUrl":"https:\/\/loginfo24.com\/wp-content\/uploads\/sites\/7\/2025\/12\/CH_Post_18.5.21_1.jpg","articleSection":["Forwarding &amp; Logistics","Regions"],"inLanguage":"it-IT","potentialAction":[{"@type":"CommentAction","name":"Comment","target":["https:\/\/loginfo24.com\/it\/2021\/05\/18\/come-i-giovani-vogliono-muovere-la-posta-svizzera\/#respond"]}]},{"@type":"WebPage","@id":"https:\/\/loginfo24.com\/it\/2021\/05\/18\/come-i-giovani-vogliono-muovere-la-posta-svizzera\/","url":"https:\/\/loginfo24.com\/it\/2021\/05\/18\/come-i-giovani-vogliono-muovere-la-posta-svizzera\/","name":"Come i giovani vogliono muovere la posta svizzera - Loginfo24","isPartOf":{"@id":"https:\/\/loginfo24.com\/it\/#website"},"primaryImageOfPage":{"@id":"https:\/\/loginfo24.com\/it\/2021\/05\/18\/come-i-giovani-vogliono-muovere-la-posta-svizzera\/#primaryimage"},"image":{"@id":"https:\/\/loginfo24.com\/it\/2021\/05\/18\/come-i-giovani-vogliono-muovere-la-posta-svizzera\/#primaryimage"},"thumbnailUrl":"https:\/\/loginfo24.com\/wp-content\/uploads\/sites\/7\/2025\/12\/CH_Post_18.5.21_1.jpg","datePublished":"2021-05-18T15:07:27+00:00","dateModified":"2025-12-15T12:02:55+00:00","breadcrumb":{"@id":"https:\/\/loginfo24.com\/it\/2021\/05\/18\/come-i-giovani-vogliono-muovere-la-posta-svizzera\/#breadcrumb"},"inLanguage":"it-IT","potentialAction":[{"@type":"ReadAction","target":["https:\/\/loginfo24.com\/it\/2021\/05\/18\/come-i-giovani-vogliono-muovere-la-posta-svizzera\/"]}]},{"@type":"ImageObject","inLanguage":"it-IT","@id":"https:\/\/loginfo24.com\/it\/2021\/05\/18\/come-i-giovani-vogliono-muovere-la-posta-svizzera\/#primaryimage","url":"https:\/\/loginfo24.com\/wp-content\/uploads\/sites\/7\/2025\/12\/CH_Post_18.5.21_1.jpg","contentUrl":"https:\/\/loginfo24.com\/wp-content\/uploads\/sites\/7\/2025\/12\/CH_Post_18.5.21_1.jpg"},{"@type":"BreadcrumbList","@id":"https:\/\/loginfo24.com\/it\/2021\/05\/18\/come-i-giovani-vogliono-muovere-la-posta-svizzera\/#breadcrumb","itemListElement":[{"@type":"ListItem","position":1,"name":"Startseite","item":"https:\/\/loginfo24.com\/it\/"},{"@type":"ListItem","position":2,"name":"Come i giovani vogliono muovere la posta svizzera"}]},{"@type":"WebSite","@id":"https:\/\/loginfo24.com\/it\/#website","url":"https:\/\/loginfo24.com\/it\/","name":"Loginfo24","description":"Loginfo24 \u00e8 la piattaforma dedicata alla logistica e alle catene di fornitura con informazioni disponibili 24 ore su 24.","publisher":{"@id":"https:\/\/loginfo24.com\/it\/#organization"},"potentialAction":[{"@type":"SearchAction","target":{"@type":"EntryPoint","urlTemplate":"https:\/\/loginfo24.com\/it\/?s={search_term_string}"},"query-input":{"@type":"PropertyValueSpecification","valueRequired":true,"valueName":"search_term_string"}}],"inLanguage":"it-IT"},{"@type":"Organization","@id":"https:\/\/loginfo24.com\/it\/#organization","name":"Logismedia Group AG","url":"https:\/\/loginfo24.com\/it\/","logo":{"@type":"ImageObject","inLanguage":"it-IT","@id":"https:\/\/loginfo24.com\/it\/#\/schema\/logo\/image\/","url":"https:\/\/loginfo24.com\/wp-content\/uploads\/sites\/7\/2026\/01\/Logo_LogInfo24.png","contentUrl":"https:\/\/loginfo24.com\/wp-content\/uploads\/sites\/7\/2026\/01\/Logo_LogInfo24.png","width":938,"height":351,"caption":"Logismedia Group AG"},"image":{"@id":"https:\/\/loginfo24.com\/it\/#\/schema\/logo\/image\/"},"sameAs":["https:\/\/www.facebook.com\/people\/Loginfo24\/100057360583332\/","https:\/\/www.linkedin.com\/company\/lofinfo24\/"]}]}},"_links":{"self":[{"href":"https:\/\/loginfo24.com\/it\/wp-json\/wp\/v2\/posts\/25539","targetHints":{"allow":["GET"]}}],"collection":[{"href":"https:\/\/loginfo24.com\/it\/wp-json\/wp\/v2\/posts"}],"about":[{"href":"https:\/\/loginfo24.com\/it\/wp-json\/wp\/v2\/types\/post"}],"replies":[{"embeddable":true,"href":"https:\/\/loginfo24.com\/it\/wp-json\/wp\/v2\/comments?post=25539"}],"version-history":[{"count":1,"href":"https:\/\/loginfo24.com\/it\/wp-json\/wp\/v2\/posts\/25539\/revisions"}],"predecessor-version":[{"id":46782,"href":"https:\/\/loginfo24.com\/it\/wp-json\/wp\/v2\/posts\/25539\/revisions\/46782"}],"wp:attachment":[{"href":"https:\/\/loginfo24.com\/it\/wp-json\/wp\/v2\/media?parent=25539"}],"wp:term":[{"taxonomy":"category","embeddable":true,"href":"https:\/\/loginfo24.com\/it\/wp-json\/wp\/v2\/categories?post=25539"},{"taxonomy":"post_tag","embeddable":true,"href":"https:\/\/loginfo24.com\/it\/wp-json\/wp\/v2\/tags?post=25539"}],"curies":[{"name":"wp","href":"https:\/\/api.w.org\/{rel}","templated":true}]}}