{"id":25359,"date":"2021-05-10T18:20:45","date_gmt":"2021-05-10T16:20:45","guid":{"rendered":"https:\/\/blog.brand-architecture.at\/2021\/05\/10\/la-lubecker-hafen-gesellschaft-inizia-bene-lanno\/"},"modified":"2025-12-15T13:01:57","modified_gmt":"2025-12-15T12:01:57","slug":"la-lubecker-hafen-gesellschaft-inizia-bene-lanno","status":"publish","type":"post","link":"https:\/\/loginfo24.com\/it\/2021\/05\/10\/la-lubecker-hafen-gesellschaft-inizia-bene-lanno\/","title":{"rendered":"La L\u00fcbecker Hafen-Gesellschaft inizia bene l&#8217;anno"},"content":{"rendered":"<p>La L\u00fcbecker Hafen-Gesellschaft (LHG) ha registrato nel primo trimestre un aumento del volume del  totale dell&#8217;otto percento. \u00c8 importante considerare che l&#8217;effetto Corona non ha avuto alcun ruolo nel periodo dell&#8217;anno precedente. Preoccupano invece i volumi di carta, che sono diminuiti del 24 percento.<\/p>\n<p>(L\u00fcbeck) Anche il lockdown attuale sembra non aver avuto un impatto significativo sul traffico merci, contrariamente alle previsioni. La crescita proviene principalmente dai traffici RoRo e veicoli. Tuttavia, preoccupa il movimento sostanziale in calo nel settore della carta, accelerato dalla pandemia.<\/p>\n<p>Il numero di camion che hanno transitato attraverso i terminal della LHG \u00e8 aumentato del dieci percento. Per i traffici non accompagnati (semirimorchi), la crescita \u00e8 stata del sette percento. Il volume dei veicoli nuovi nell&#8217;import-export \u00e8 aumentato del tredici percento. Il numero dei container movimentati \u00e8 rimasto sui livelli dell&#8217;anno precedente. In calo invece i volumi dei prodotti forestali, carta e cartone: sono diminuiti del 24 percento.<\/p>\n<h5><strong>Aumento significativo del traffico legnoso<\/strong><\/h5>\n<p>Un trend opposto si \u00e8 manifestato nel traffico legnoso. L&#8217;aumento delle importazioni dai Paesi baltici e dalla Russia ha contribuito a una crescita significativa, con i volumi che si sono pi\u00f9 che raddoppiati. Positiva anche l&#8217;evoluzione nel settore dell&#8217;acciaio. Entrambi i tipi di merce transitano attraverso il Nordlandkai; qui il concetto di affitto della LHG sta dando i suoi frutti.<\/p>\n<p>Il direttore generale della LHG, Sebastian J\u00fcrgens: \u201cSiamo lieti dell&#8217;improvviso e significativo aumento del volume. L\u00fcbeck si sta affermando sempre pi\u00f9 come hub logistico. Affronteremo le sfide del cambiamento strutturale. Vogliamo espandere nuovi mercati regionali nei Paesi nordici e in Russia.\u201d<\/p>\n<p>Foto \u00a9: Jan Weiser\/Kombiverkehr<\/p>\n","protected":false},"excerpt":{"rendered":"<p>La L\u00fcbecker Hafen-Gesellschaft (LHG) ha registrato nel primo trimestre un aumento del volume del totale dell&#8217;otto percento. \u00c8 importante considerare che l&#8217;effetto Corona non ha avuto<span class=\"excerpt-hellip\"> [\u2026]<\/span><\/p>\n","protected":false},"author":0,"featured_media":0,"comment_status":"open","ping_status":"open","sticky":false,"template":"","format":"standard","meta":{"_acf_changed":false,"footnotes":""},"categories":[1557,1561,1559],"tags":[],"class_list":["post-25359","post","type-post","status-publish","format-standard","hentry","category-forwarding-logistics","category-regions","category-shipping-ports"],"acf":[],"yoast_head":"<!-- This site is optimized with the Yoast SEO plugin v27.3 - https:\/\/yoast.com\/product\/yoast-seo-wordpress\/ -->\n<title>La L\u00fcbecker Hafen-Gesellschaft inizia bene l&#039;anno - Loginfo24<\/title>\n<meta name=\"robots\" content=\"index, follow, max-snippet:-1, max-image-preview:large, max-video-preview:-1\" \/>\n<link rel=\"canonical\" href=\"https:\/\/loginfo24.com\/it\/2021\/05\/10\/la-lubecker-hafen-gesellschaft-inizia-bene-lanno\/\" \/>\n<meta property=\"og:locale\" content=\"it_IT\" \/>\n<meta property=\"og:type\" content=\"article\" \/>\n<meta property=\"og:title\" content=\"La L\u00fcbecker Hafen-Gesellschaft inizia bene l&#039;anno - Loginfo24\" \/>\n<meta property=\"og:description\" content=\"La L\u00fcbecker Hafen-Gesellschaft (LHG) ha registrato nel primo trimestre un aumento del volume del totale dell&#8217;otto percento. \u00c8 importante considerare che l&#8217;effetto Corona non ha avuto [\u2026]\" \/>\n<meta property=\"og:url\" content=\"https:\/\/loginfo24.com\/it\/2021\/05\/10\/la-lubecker-hafen-gesellschaft-inizia-bene-lanno\/\" \/>\n<meta property=\"og:site_name\" content=\"Loginfo24\" \/>\n<meta property=\"article:publisher\" content=\"https:\/\/www.facebook.com\/people\/Loginfo24\/100057360583332\/\" \/>\n<meta property=\"article:published_time\" content=\"2021-05-10T16:20:45+00:00\" \/>\n<meta property=\"article:modified_time\" content=\"2025-12-15T12:01:57+00:00\" \/>\n<meta name=\"twitter:card\" content=\"summary_large_image\" \/>\n<meta name=\"twitter:label1\" content=\"Tempo di lettura stimato\" \/>\n\t<meta name=\"twitter:data1\" content=\"1 minuto\" \/>\n<script type=\"application\/ld+json\" class=\"yoast-schema-graph\">{\"@context\":\"https:\\\/\\\/schema.org\",\"@graph\":[{\"@type\":\"Article\",\"@id\":\"https:\\\/\\\/loginfo24.com\\\/it\\\/2021\\\/05\\\/10\\\/la-lubecker-hafen-gesellschaft-inizia-bene-lanno\\\/#article\",\"isPartOf\":{\"@id\":\"https:\\\/\\\/loginfo24.com\\\/it\\\/2021\\\/05\\\/10\\\/la-lubecker-hafen-gesellschaft-inizia-bene-lanno\\\/\"},\"author\":{\"name\":\"\",\"@id\":\"\"},\"headline\":\"La L\u00fcbecker Hafen-Gesellschaft inizia bene l&#8217;anno\",\"datePublished\":\"2021-05-10T16:20:45+00:00\",\"dateModified\":\"2025-12-15T12:01:57+00:00\",\"mainEntityOfPage\":{\"@id\":\"https:\\\/\\\/loginfo24.com\\\/it\\\/2021\\\/05\\\/10\\\/la-lubecker-hafen-gesellschaft-inizia-bene-lanno\\\/\"},\"wordCount\":276,\"commentCount\":0,\"publisher\":{\"@id\":\"https:\\\/\\\/loginfo24.com\\\/it\\\/#organization\"},\"articleSection\":[\"Forwarding &amp; Logistics\",\"Regions\",\"Shipping &amp; Ports\"],\"inLanguage\":\"it-IT\",\"potentialAction\":[{\"@type\":\"CommentAction\",\"name\":\"Comment\",\"target\":[\"https:\\\/\\\/loginfo24.com\\\/it\\\/2021\\\/05\\\/10\\\/la-lubecker-hafen-gesellschaft-inizia-bene-lanno\\\/#respond\"]}]},{\"@type\":\"WebPage\",\"@id\":\"https:\\\/\\\/loginfo24.com\\\/it\\\/2021\\\/05\\\/10\\\/la-lubecker-hafen-gesellschaft-inizia-bene-lanno\\\/\",\"url\":\"https:\\\/\\\/loginfo24.com\\\/it\\\/2021\\\/05\\\/10\\\/la-lubecker-hafen-gesellschaft-inizia-bene-lanno\\\/\",\"name\":\"La L\u00fcbecker Hafen-Gesellschaft inizia bene l'anno - Loginfo24\",\"isPartOf\":{\"@id\":\"https:\\\/\\\/loginfo24.com\\\/it\\\/#website\"},\"datePublished\":\"2021-05-10T16:20:45+00:00\",\"dateModified\":\"2025-12-15T12:01:57+00:00\",\"breadcrumb\":{\"@id\":\"https:\\\/\\\/loginfo24.com\\\/it\\\/2021\\\/05\\\/10\\\/la-lubecker-hafen-gesellschaft-inizia-bene-lanno\\\/#breadcrumb\"},\"inLanguage\":\"it-IT\",\"potentialAction\":[{\"@type\":\"ReadAction\",\"target\":[\"https:\\\/\\\/loginfo24.com\\\/it\\\/2021\\\/05\\\/10\\\/la-lubecker-hafen-gesellschaft-inizia-bene-lanno\\\/\"]}]},{\"@type\":\"BreadcrumbList\",\"@id\":\"https:\\\/\\\/loginfo24.com\\\/it\\\/2021\\\/05\\\/10\\\/la-lubecker-hafen-gesellschaft-inizia-bene-lanno\\\/#breadcrumb\",\"itemListElement\":[{\"@type\":\"ListItem\",\"position\":1,\"name\":\"Startseite\",\"item\":\"https:\\\/\\\/loginfo24.com\\\/it\\\/\"},{\"@type\":\"ListItem\",\"position\":2,\"name\":\"La L\u00fcbecker Hafen-Gesellschaft inizia bene l&#8217;anno\"}]},{\"@type\":\"WebSite\",\"@id\":\"https:\\\/\\\/loginfo24.com\\\/it\\\/#website\",\"url\":\"https:\\\/\\\/loginfo24.com\\\/it\\\/\",\"name\":\"Loginfo24\",\"description\":\"Loginfo24 \u00e8 la piattaforma dedicata alla logistica e alle catene di fornitura con informazioni disponibili 24 ore su 24.\",\"publisher\":{\"@id\":\"https:\\\/\\\/loginfo24.com\\\/it\\\/#organization\"},\"potentialAction\":[{\"@type\":\"SearchAction\",\"target\":{\"@type\":\"EntryPoint\",\"urlTemplate\":\"https:\\\/\\\/loginfo24.com\\\/it\\\/?s={search_term_string}\"},\"query-input\":{\"@type\":\"PropertyValueSpecification\",\"valueRequired\":true,\"valueName\":\"search_term_string\"}}],\"inLanguage\":\"it-IT\"},{\"@type\":\"Organization\",\"@id\":\"https:\\\/\\\/loginfo24.com\\\/it\\\/#organization\",\"name\":\"Logismedia Group AG\",\"url\":\"https:\\\/\\\/loginfo24.com\\\/it\\\/\",\"logo\":{\"@type\":\"ImageObject\",\"inLanguage\":\"it-IT\",\"@id\":\"https:\\\/\\\/loginfo24.com\\\/it\\\/#\\\/schema\\\/logo\\\/image\\\/\",\"url\":\"https:\\\/\\\/loginfo24.com\\\/wp-content\\\/uploads\\\/sites\\\/7\\\/2026\\\/01\\\/Logo_LogInfo24.png\",\"contentUrl\":\"https:\\\/\\\/loginfo24.com\\\/wp-content\\\/uploads\\\/sites\\\/7\\\/2026\\\/01\\\/Logo_LogInfo24.png\",\"width\":938,\"height\":351,\"caption\":\"Logismedia Group AG\"},\"image\":{\"@id\":\"https:\\\/\\\/loginfo24.com\\\/it\\\/#\\\/schema\\\/logo\\\/image\\\/\"},\"sameAs\":[\"https:\\\/\\\/www.facebook.com\\\/people\\\/Loginfo24\\\/100057360583332\\\/\",\"https:\\\/\\\/www.linkedin.com\\\/company\\\/lofinfo24\\\/\"]}]}<\/script>\n<!-- \/ Yoast SEO plugin. -->","yoast_head_json":{"title":"La L\u00fcbecker Hafen-Gesellschaft inizia bene l'anno - Loginfo24","robots":{"index":"index","follow":"follow","max-snippet":"max-snippet:-1","max-image-preview":"max-image-preview:large","max-video-preview":"max-video-preview:-1"},"canonical":"https:\/\/loginfo24.com\/it\/2021\/05\/10\/la-lubecker-hafen-gesellschaft-inizia-bene-lanno\/","og_locale":"it_IT","og_type":"article","og_title":"La L\u00fcbecker Hafen-Gesellschaft inizia bene l'anno - Loginfo24","og_description":"La L\u00fcbecker Hafen-Gesellschaft (LHG) ha registrato nel primo trimestre un aumento del volume del totale dell&#8217;otto percento. \u00c8 importante considerare che l&#8217;effetto Corona non ha avuto [\u2026]","og_url":"https:\/\/loginfo24.com\/it\/2021\/05\/10\/la-lubecker-hafen-gesellschaft-inizia-bene-lanno\/","og_site_name":"Loginfo24","article_publisher":"https:\/\/www.facebook.com\/people\/Loginfo24\/100057360583332\/","article_published_time":"2021-05-10T16:20:45+00:00","article_modified_time":"2025-12-15T12:01:57+00:00","twitter_card":"summary_large_image","twitter_misc":{"Tempo di lettura stimato":"1 minuto"},"schema":{"@context":"https:\/\/schema.org","@graph":[{"@type":"Article","@id":"https:\/\/loginfo24.com\/it\/2021\/05\/10\/la-lubecker-hafen-gesellschaft-inizia-bene-lanno\/#article","isPartOf":{"@id":"https:\/\/loginfo24.com\/it\/2021\/05\/10\/la-lubecker-hafen-gesellschaft-inizia-bene-lanno\/"},"author":{"name":"","@id":""},"headline":"La L\u00fcbecker Hafen-Gesellschaft inizia bene l&#8217;anno","datePublished":"2021-05-10T16:20:45+00:00","dateModified":"2025-12-15T12:01:57+00:00","mainEntityOfPage":{"@id":"https:\/\/loginfo24.com\/it\/2021\/05\/10\/la-lubecker-hafen-gesellschaft-inizia-bene-lanno\/"},"wordCount":276,"commentCount":0,"publisher":{"@id":"https:\/\/loginfo24.com\/it\/#organization"},"articleSection":["Forwarding &amp; Logistics","Regions","Shipping &amp; Ports"],"inLanguage":"it-IT","potentialAction":[{"@type":"CommentAction","name":"Comment","target":["https:\/\/loginfo24.com\/it\/2021\/05\/10\/la-lubecker-hafen-gesellschaft-inizia-bene-lanno\/#respond"]}]},{"@type":"WebPage","@id":"https:\/\/loginfo24.com\/it\/2021\/05\/10\/la-lubecker-hafen-gesellschaft-inizia-bene-lanno\/","url":"https:\/\/loginfo24.com\/it\/2021\/05\/10\/la-lubecker-hafen-gesellschaft-inizia-bene-lanno\/","name":"La L\u00fcbecker Hafen-Gesellschaft inizia bene l'anno - Loginfo24","isPartOf":{"@id":"https:\/\/loginfo24.com\/it\/#website"},"datePublished":"2021-05-10T16:20:45+00:00","dateModified":"2025-12-15T12:01:57+00:00","breadcrumb":{"@id":"https:\/\/loginfo24.com\/it\/2021\/05\/10\/la-lubecker-hafen-gesellschaft-inizia-bene-lanno\/#breadcrumb"},"inLanguage":"it-IT","potentialAction":[{"@type":"ReadAction","target":["https:\/\/loginfo24.com\/it\/2021\/05\/10\/la-lubecker-hafen-gesellschaft-inizia-bene-lanno\/"]}]},{"@type":"BreadcrumbList","@id":"https:\/\/loginfo24.com\/it\/2021\/05\/10\/la-lubecker-hafen-gesellschaft-inizia-bene-lanno\/#breadcrumb","itemListElement":[{"@type":"ListItem","position":1,"name":"Startseite","item":"https:\/\/loginfo24.com\/it\/"},{"@type":"ListItem","position":2,"name":"La L\u00fcbecker Hafen-Gesellschaft inizia bene l&#8217;anno"}]},{"@type":"WebSite","@id":"https:\/\/loginfo24.com\/it\/#website","url":"https:\/\/loginfo24.com\/it\/","name":"Loginfo24","description":"Loginfo24 \u00e8 la piattaforma dedicata alla logistica e alle catene di fornitura con informazioni disponibili 24 ore su 24.","publisher":{"@id":"https:\/\/loginfo24.com\/it\/#organization"},"potentialAction":[{"@type":"SearchAction","target":{"@type":"EntryPoint","urlTemplate":"https:\/\/loginfo24.com\/it\/?s={search_term_string}"},"query-input":{"@type":"PropertyValueSpecification","valueRequired":true,"valueName":"search_term_string"}}],"inLanguage":"it-IT"},{"@type":"Organization","@id":"https:\/\/loginfo24.com\/it\/#organization","name":"Logismedia Group AG","url":"https:\/\/loginfo24.com\/it\/","logo":{"@type":"ImageObject","inLanguage":"it-IT","@id":"https:\/\/loginfo24.com\/it\/#\/schema\/logo\/image\/","url":"https:\/\/loginfo24.com\/wp-content\/uploads\/sites\/7\/2026\/01\/Logo_LogInfo24.png","contentUrl":"https:\/\/loginfo24.com\/wp-content\/uploads\/sites\/7\/2026\/01\/Logo_LogInfo24.png","width":938,"height":351,"caption":"Logismedia Group AG"},"image":{"@id":"https:\/\/loginfo24.com\/it\/#\/schema\/logo\/image\/"},"sameAs":["https:\/\/www.facebook.com\/people\/Loginfo24\/100057360583332\/","https:\/\/www.linkedin.com\/company\/lofinfo24\/"]}]}},"_links":{"self":[{"href":"https:\/\/loginfo24.com\/it\/wp-json\/wp\/v2\/posts\/25359","targetHints":{"allow":["GET"]}}],"collection":[{"href":"https:\/\/loginfo24.com\/it\/wp-json\/wp\/v2\/posts"}],"about":[{"href":"https:\/\/loginfo24.com\/it\/wp-json\/wp\/v2\/types\/post"}],"replies":[{"embeddable":true,"href":"https:\/\/loginfo24.com\/it\/wp-json\/wp\/v2\/comments?post=25359"}],"version-history":[{"count":1,"href":"https:\/\/loginfo24.com\/it\/wp-json\/wp\/v2\/posts\/25359\/revisions"}],"predecessor-version":[{"id":46430,"href":"https:\/\/loginfo24.com\/it\/wp-json\/wp\/v2\/posts\/25359\/revisions\/46430"}],"wp:attachment":[{"href":"https:\/\/loginfo24.com\/it\/wp-json\/wp\/v2\/media?parent=25359"}],"wp:term":[{"taxonomy":"category","embeddable":true,"href":"https:\/\/loginfo24.com\/it\/wp-json\/wp\/v2\/categories?post=25359"},{"taxonomy":"post_tag","embeddable":true,"href":"https:\/\/loginfo24.com\/it\/wp-json\/wp\/v2\/tags?post=25359"}],"curies":[{"name":"wp","href":"https:\/\/api.w.org\/{rel}","templated":true}]}}