{"id":24279,"date":"2021-03-28T19:26:35","date_gmt":"2021-03-28T17:26:35","guid":{"rendered":"https:\/\/blog.brand-architecture.at\/2021\/03\/28\/tre-vivaci-digital-logistics-days-di-bvl-digital\/"},"modified":"2025-12-15T12:56:52","modified_gmt":"2025-12-15T11:56:52","slug":"tre-vivaci-digital-logistics-days-di-bvl-digital","status":"publish","type":"post","link":"https:\/\/loginfo24.com\/it\/2021\/03\/28\/tre-vivaci-digital-logistics-days-di-bvl-digital\/","title":{"rendered":"Tre vivaci Digital Logistics Days di BVL.digital"},"content":{"rendered":"<p>Tre giorni di &#8216;televisione logistica interattiva&#8217;: il bilancio dei primi Digital Logistics Days di BVL (Bundesvereinigung Logistik) \u00e8 impressionante. Circa 1.200 partecipanti provenienti da oltre 15 paesi, dieci partner e pi\u00f9 di 55 relatori hanno partecipato con contributi su tecnologie e innovazioni nei settori del magazzinaggio e del fulfillment, dell&#8217;ultimo miglio e della consegna, nonch\u00e9 del trasporto e globale.<\/p>\n<p>(Bremen) La conferenza online di tre giorni di BVL.digital ha convinto con un forte orientamento ai contenuti, un setup tecnico professionale e una piattaforma interattiva. &#8220;Il settore economico della logistica si distingue per la sua capacit\u00e0 di innovazione nel campo digitale. Siamo lieti di aver potuto mostrare e riconoscere questo in questa conferenza&#8221;, ha dichiarato il direttore di BVL.digital, Dr. Christian Grotemeier, che ha anche moderato l&#8217;evento.<\/p>\n<p>La conferenza ha seguito il filo rosso drammaturgico dalla micro alla macro considerazione dei temi e delle sfide logistiche. I tre giorni dell&#8217;evento sono iniziati ciascuno con una tavola rotonda. Sono seguiti interventi, workshop e i giorni si sono conclusi con keynote di personalit\u00e0 straordinarie.<\/p>\n<h5><strong>I temi sono arrivati fino allo spazio<\/strong><\/h5>\n<p>Cos\u00ec, il futurista, ingegnere e pilota Morell Westermann ha portato i partecipanti il primo giorno in un volo da record mondiale con il primo aereo elettrico certificato dalle Alpi al Mare del Nord a Norderney, avvenuto a settembre 2020. &#8220;L&#8217;elettrificazione dell&#8217;aviazione \u00e8 oggi dove erano le automobili circa dieci anni fa&#8221;, ha affermato Westermann. Il secondo giorno, i partecipanti alla conferenza hanno avuto l&#8217;opportunit\u00e0 di conoscere Frank J\u00f8rgensen. Il danese ha appena assunto la successione di Frank Sportolari alla guida di UPS Germania, Austria, Svizzera. J\u00f8rgensen si \u00e8 mostrato entusiasta dello spirito di squadra di UPS e della disponibilit\u00e0 al cambiamento.<\/p>\n<p>Il terzo giorno dei Digital Logistics Days \u00e8 iniziato con un&#8217;intervista organizzata spontaneamente sulla situazione attuale al Canale di Suez. Ulf Venne di Everstream Analytics ha riferito sulla situazione attuale. La nave portacontainer Ever Given, lunga 400 metri e larga 59 metri, \u00e8 incagliata trasversalmente nella via navigabile e impedisce il passaggio di oltre 150 altre navi. Si temono carenze di approvvigionamento. Il tema \u00e8 stato affrontato nella successiva tavola rotonda sia dal punto di vista di un mittente che di un fornitore di servizi logistici.<\/p>\n<h5><strong>Critica alla burocrazia tedesca<\/strong><\/h5>\n<p>A chiudere i Digital Logistics Days nel pomeriggio \u00e8 stata la presentazione di Martin Richenhagen, l&#8217;ex presidente di AGCO. Il top manager italo-americano ha affrontato le interconnessioni geopolitiche e macroeconomiche e ha dato uno sguardo esterno alla situazione in Germania durante la crisi da Corona: &#8220;Il governo tedesco cerca di risolvere una grave crisi in modo burocratico&#8221;, ha affermato Richenhagen. Al contrario, il governo statunitense lascia la regolamentazione di molte cose al buon senso dei cittadini. Oltre alla gestione della pandemia, il debole profilo della Germania negli Stati Uniti \u00e8 influenzato dallo scandalo diesel e dai problemi e ritardi all&#8217;aeroporto di BER.<\/p>\n<p>Foto: \u00a9 BVL<\/p>\n","protected":false},"excerpt":{"rendered":"<p>Tre giorni di &#8216;televisione logistica interattiva&#8217;: il bilancio dei primi Digital Logistics Days di BVL (Bundesvereinigung Logistik) \u00e8 impressionante. Circa 1.200 partecipanti provenienti da oltre 15<span class=\"excerpt-hellip\"> [\u2026]<\/span><\/p>\n","protected":false},"author":0,"featured_media":0,"comment_status":"open","ping_status":"open","sticky":false,"template":"","format":"standard","meta":{"_acf_changed":false,"footnotes":""},"categories":[1557,1561],"tags":[],"class_list":["post-24279","post","type-post","status-publish","format-standard","hentry","category-forwarding-logistics","category-regions"],"acf":[],"yoast_head":"<!-- This site is optimized with the Yoast SEO plugin v27.3 - https:\/\/yoast.com\/product\/yoast-seo-wordpress\/ -->\n<title>Tre vivaci Digital Logistics Days di BVL.digital - Loginfo24<\/title>\n<meta name=\"robots\" content=\"index, follow, max-snippet:-1, max-image-preview:large, max-video-preview:-1\" \/>\n<link rel=\"canonical\" href=\"https:\/\/loginfo24.com\/it\/2021\/03\/28\/tre-vivaci-digital-logistics-days-di-bvl-digital\/\" \/>\n<meta property=\"og:locale\" content=\"it_IT\" \/>\n<meta property=\"og:type\" content=\"article\" \/>\n<meta property=\"og:title\" content=\"Tre vivaci Digital Logistics Days di BVL.digital - Loginfo24\" \/>\n<meta property=\"og:description\" content=\"Tre giorni di &#8216;televisione logistica interattiva&#8217;: il bilancio dei primi Digital Logistics Days di BVL (Bundesvereinigung Logistik) \u00e8 impressionante. Circa 1.200 partecipanti provenienti da oltre 15 [\u2026]\" \/>\n<meta property=\"og:url\" content=\"https:\/\/loginfo24.com\/it\/2021\/03\/28\/tre-vivaci-digital-logistics-days-di-bvl-digital\/\" \/>\n<meta property=\"og:site_name\" content=\"Loginfo24\" \/>\n<meta property=\"article:publisher\" content=\"https:\/\/www.facebook.com\/people\/Loginfo24\/100057360583332\/\" \/>\n<meta property=\"article:published_time\" content=\"2021-03-28T17:26:35+00:00\" \/>\n<meta property=\"article:modified_time\" content=\"2025-12-15T11:56:52+00:00\" \/>\n<meta name=\"twitter:card\" content=\"summary_large_image\" \/>\n<meta name=\"twitter:label1\" content=\"Tempo di lettura stimato\" \/>\n\t<meta name=\"twitter:data1\" content=\"2 minuto\" \/>\n<script type=\"application\/ld+json\" class=\"yoast-schema-graph\">{\"@context\":\"https:\\\/\\\/schema.org\",\"@graph\":[{\"@type\":\"Article\",\"@id\":\"https:\\\/\\\/loginfo24.com\\\/it\\\/2021\\\/03\\\/28\\\/tre-vivaci-digital-logistics-days-di-bvl-digital\\\/#article\",\"isPartOf\":{\"@id\":\"https:\\\/\\\/loginfo24.com\\\/it\\\/2021\\\/03\\\/28\\\/tre-vivaci-digital-logistics-days-di-bvl-digital\\\/\"},\"author\":{\"name\":\"\",\"@id\":\"\"},\"headline\":\"Tre vivaci Digital Logistics Days di BVL.digital\",\"datePublished\":\"2021-03-28T17:26:35+00:00\",\"dateModified\":\"2025-12-15T11:56:52+00:00\",\"mainEntityOfPage\":{\"@id\":\"https:\\\/\\\/loginfo24.com\\\/it\\\/2021\\\/03\\\/28\\\/tre-vivaci-digital-logistics-days-di-bvl-digital\\\/\"},\"wordCount\":479,\"commentCount\":0,\"publisher\":{\"@id\":\"https:\\\/\\\/loginfo24.com\\\/it\\\/#organization\"},\"articleSection\":[\"Forwarding &amp; Logistics\",\"Regions\"],\"inLanguage\":\"it-IT\",\"potentialAction\":[{\"@type\":\"CommentAction\",\"name\":\"Comment\",\"target\":[\"https:\\\/\\\/loginfo24.com\\\/it\\\/2021\\\/03\\\/28\\\/tre-vivaci-digital-logistics-days-di-bvl-digital\\\/#respond\"]}]},{\"@type\":\"WebPage\",\"@id\":\"https:\\\/\\\/loginfo24.com\\\/it\\\/2021\\\/03\\\/28\\\/tre-vivaci-digital-logistics-days-di-bvl-digital\\\/\",\"url\":\"https:\\\/\\\/loginfo24.com\\\/it\\\/2021\\\/03\\\/28\\\/tre-vivaci-digital-logistics-days-di-bvl-digital\\\/\",\"name\":\"Tre vivaci Digital Logistics Days di BVL.digital - Loginfo24\",\"isPartOf\":{\"@id\":\"https:\\\/\\\/loginfo24.com\\\/it\\\/#website\"},\"datePublished\":\"2021-03-28T17:26:35+00:00\",\"dateModified\":\"2025-12-15T11:56:52+00:00\",\"breadcrumb\":{\"@id\":\"https:\\\/\\\/loginfo24.com\\\/it\\\/2021\\\/03\\\/28\\\/tre-vivaci-digital-logistics-days-di-bvl-digital\\\/#breadcrumb\"},\"inLanguage\":\"it-IT\",\"potentialAction\":[{\"@type\":\"ReadAction\",\"target\":[\"https:\\\/\\\/loginfo24.com\\\/it\\\/2021\\\/03\\\/28\\\/tre-vivaci-digital-logistics-days-di-bvl-digital\\\/\"]}]},{\"@type\":\"BreadcrumbList\",\"@id\":\"https:\\\/\\\/loginfo24.com\\\/it\\\/2021\\\/03\\\/28\\\/tre-vivaci-digital-logistics-days-di-bvl-digital\\\/#breadcrumb\",\"itemListElement\":[{\"@type\":\"ListItem\",\"position\":1,\"name\":\"Startseite\",\"item\":\"https:\\\/\\\/loginfo24.com\\\/it\\\/\"},{\"@type\":\"ListItem\",\"position\":2,\"name\":\"Tre vivaci Digital Logistics Days di BVL.digital\"}]},{\"@type\":\"WebSite\",\"@id\":\"https:\\\/\\\/loginfo24.com\\\/it\\\/#website\",\"url\":\"https:\\\/\\\/loginfo24.com\\\/it\\\/\",\"name\":\"Loginfo24\",\"description\":\"Loginfo24 \u00e8 la piattaforma dedicata alla logistica e alle catene di fornitura con informazioni disponibili 24 ore su 24.\",\"publisher\":{\"@id\":\"https:\\\/\\\/loginfo24.com\\\/it\\\/#organization\"},\"potentialAction\":[{\"@type\":\"SearchAction\",\"target\":{\"@type\":\"EntryPoint\",\"urlTemplate\":\"https:\\\/\\\/loginfo24.com\\\/it\\\/?s={search_term_string}\"},\"query-input\":{\"@type\":\"PropertyValueSpecification\",\"valueRequired\":true,\"valueName\":\"search_term_string\"}}],\"inLanguage\":\"it-IT\"},{\"@type\":\"Organization\",\"@id\":\"https:\\\/\\\/loginfo24.com\\\/it\\\/#organization\",\"name\":\"Logismedia Group AG\",\"url\":\"https:\\\/\\\/loginfo24.com\\\/it\\\/\",\"logo\":{\"@type\":\"ImageObject\",\"inLanguage\":\"it-IT\",\"@id\":\"https:\\\/\\\/loginfo24.com\\\/it\\\/#\\\/schema\\\/logo\\\/image\\\/\",\"url\":\"https:\\\/\\\/loginfo24.com\\\/wp-content\\\/uploads\\\/sites\\\/7\\\/2026\\\/01\\\/Logo_LogInfo24.png\",\"contentUrl\":\"https:\\\/\\\/loginfo24.com\\\/wp-content\\\/uploads\\\/sites\\\/7\\\/2026\\\/01\\\/Logo_LogInfo24.png\",\"width\":938,\"height\":351,\"caption\":\"Logismedia Group AG\"},\"image\":{\"@id\":\"https:\\\/\\\/loginfo24.com\\\/it\\\/#\\\/schema\\\/logo\\\/image\\\/\"},\"sameAs\":[\"https:\\\/\\\/www.facebook.com\\\/people\\\/Loginfo24\\\/100057360583332\\\/\",\"https:\\\/\\\/www.linkedin.com\\\/company\\\/lofinfo24\\\/\"]}]}<\/script>\n<!-- \/ Yoast SEO plugin. -->","yoast_head_json":{"title":"Tre vivaci Digital Logistics Days di BVL.digital - Loginfo24","robots":{"index":"index","follow":"follow","max-snippet":"max-snippet:-1","max-image-preview":"max-image-preview:large","max-video-preview":"max-video-preview:-1"},"canonical":"https:\/\/loginfo24.com\/it\/2021\/03\/28\/tre-vivaci-digital-logistics-days-di-bvl-digital\/","og_locale":"it_IT","og_type":"article","og_title":"Tre vivaci Digital Logistics Days di BVL.digital - Loginfo24","og_description":"Tre giorni di &#8216;televisione logistica interattiva&#8217;: il bilancio dei primi Digital Logistics Days di BVL (Bundesvereinigung Logistik) \u00e8 impressionante. Circa 1.200 partecipanti provenienti da oltre 15 [\u2026]","og_url":"https:\/\/loginfo24.com\/it\/2021\/03\/28\/tre-vivaci-digital-logistics-days-di-bvl-digital\/","og_site_name":"Loginfo24","article_publisher":"https:\/\/www.facebook.com\/people\/Loginfo24\/100057360583332\/","article_published_time":"2021-03-28T17:26:35+00:00","article_modified_time":"2025-12-15T11:56:52+00:00","twitter_card":"summary_large_image","twitter_misc":{"Tempo di lettura stimato":"2 minuto"},"schema":{"@context":"https:\/\/schema.org","@graph":[{"@type":"Article","@id":"https:\/\/loginfo24.com\/it\/2021\/03\/28\/tre-vivaci-digital-logistics-days-di-bvl-digital\/#article","isPartOf":{"@id":"https:\/\/loginfo24.com\/it\/2021\/03\/28\/tre-vivaci-digital-logistics-days-di-bvl-digital\/"},"author":{"name":"","@id":""},"headline":"Tre vivaci Digital Logistics Days di BVL.digital","datePublished":"2021-03-28T17:26:35+00:00","dateModified":"2025-12-15T11:56:52+00:00","mainEntityOfPage":{"@id":"https:\/\/loginfo24.com\/it\/2021\/03\/28\/tre-vivaci-digital-logistics-days-di-bvl-digital\/"},"wordCount":479,"commentCount":0,"publisher":{"@id":"https:\/\/loginfo24.com\/it\/#organization"},"articleSection":["Forwarding &amp; Logistics","Regions"],"inLanguage":"it-IT","potentialAction":[{"@type":"CommentAction","name":"Comment","target":["https:\/\/loginfo24.com\/it\/2021\/03\/28\/tre-vivaci-digital-logistics-days-di-bvl-digital\/#respond"]}]},{"@type":"WebPage","@id":"https:\/\/loginfo24.com\/it\/2021\/03\/28\/tre-vivaci-digital-logistics-days-di-bvl-digital\/","url":"https:\/\/loginfo24.com\/it\/2021\/03\/28\/tre-vivaci-digital-logistics-days-di-bvl-digital\/","name":"Tre vivaci Digital Logistics Days di BVL.digital - Loginfo24","isPartOf":{"@id":"https:\/\/loginfo24.com\/it\/#website"},"datePublished":"2021-03-28T17:26:35+00:00","dateModified":"2025-12-15T11:56:52+00:00","breadcrumb":{"@id":"https:\/\/loginfo24.com\/it\/2021\/03\/28\/tre-vivaci-digital-logistics-days-di-bvl-digital\/#breadcrumb"},"inLanguage":"it-IT","potentialAction":[{"@type":"ReadAction","target":["https:\/\/loginfo24.com\/it\/2021\/03\/28\/tre-vivaci-digital-logistics-days-di-bvl-digital\/"]}]},{"@type":"BreadcrumbList","@id":"https:\/\/loginfo24.com\/it\/2021\/03\/28\/tre-vivaci-digital-logistics-days-di-bvl-digital\/#breadcrumb","itemListElement":[{"@type":"ListItem","position":1,"name":"Startseite","item":"https:\/\/loginfo24.com\/it\/"},{"@type":"ListItem","position":2,"name":"Tre vivaci Digital Logistics Days di BVL.digital"}]},{"@type":"WebSite","@id":"https:\/\/loginfo24.com\/it\/#website","url":"https:\/\/loginfo24.com\/it\/","name":"Loginfo24","description":"Loginfo24 \u00e8 la piattaforma dedicata alla logistica e alle catene di fornitura con informazioni disponibili 24 ore su 24.","publisher":{"@id":"https:\/\/loginfo24.com\/it\/#organization"},"potentialAction":[{"@type":"SearchAction","target":{"@type":"EntryPoint","urlTemplate":"https:\/\/loginfo24.com\/it\/?s={search_term_string}"},"query-input":{"@type":"PropertyValueSpecification","valueRequired":true,"valueName":"search_term_string"}}],"inLanguage":"it-IT"},{"@type":"Organization","@id":"https:\/\/loginfo24.com\/it\/#organization","name":"Logismedia Group AG","url":"https:\/\/loginfo24.com\/it\/","logo":{"@type":"ImageObject","inLanguage":"it-IT","@id":"https:\/\/loginfo24.com\/it\/#\/schema\/logo\/image\/","url":"https:\/\/loginfo24.com\/wp-content\/uploads\/sites\/7\/2026\/01\/Logo_LogInfo24.png","contentUrl":"https:\/\/loginfo24.com\/wp-content\/uploads\/sites\/7\/2026\/01\/Logo_LogInfo24.png","width":938,"height":351,"caption":"Logismedia Group AG"},"image":{"@id":"https:\/\/loginfo24.com\/it\/#\/schema\/logo\/image\/"},"sameAs":["https:\/\/www.facebook.com\/people\/Loginfo24\/100057360583332\/","https:\/\/www.linkedin.com\/company\/lofinfo24\/"]}]}},"_links":{"self":[{"href":"https:\/\/loginfo24.com\/it\/wp-json\/wp\/v2\/posts\/24279","targetHints":{"allow":["GET"]}}],"collection":[{"href":"https:\/\/loginfo24.com\/it\/wp-json\/wp\/v2\/posts"}],"about":[{"href":"https:\/\/loginfo24.com\/it\/wp-json\/wp\/v2\/types\/post"}],"replies":[{"embeddable":true,"href":"https:\/\/loginfo24.com\/it\/wp-json\/wp\/v2\/comments?post=24279"}],"version-history":[{"count":1,"href":"https:\/\/loginfo24.com\/it\/wp-json\/wp\/v2\/posts\/24279\/revisions"}],"predecessor-version":[{"id":44280,"href":"https:\/\/loginfo24.com\/it\/wp-json\/wp\/v2\/posts\/24279\/revisions\/44280"}],"wp:attachment":[{"href":"https:\/\/loginfo24.com\/it\/wp-json\/wp\/v2\/media?parent=24279"}],"wp:term":[{"taxonomy":"category","embeddable":true,"href":"https:\/\/loginfo24.com\/it\/wp-json\/wp\/v2\/categories?post=24279"},{"taxonomy":"post_tag","embeddable":true,"href":"https:\/\/loginfo24.com\/it\/wp-json\/wp\/v2\/tags?post=24279"}],"curies":[{"name":"wp","href":"https:\/\/api.w.org\/{rel}","templated":true}]}}