{"id":23852,"date":"2021-03-11T19:34:28","date_gmt":"2021-03-11T18:34:28","guid":{"rendered":"https:\/\/blog.brand-architecture.at\/2021\/03\/11\/patrick-oestreich-e-il-nuovo-chief-commercial-officer-di-hellmann\/"},"modified":"2025-12-15T12:54:55","modified_gmt":"2025-12-15T11:54:55","slug":"patrick-oestreich-e-il-nuovo-chief-commercial-officer-di-hellmann","status":"publish","type":"post","link":"https:\/\/loginfo24.com\/it\/2021\/03\/11\/patrick-oestreich-e-il-nuovo-chief-commercial-officer-di-hellmann\/","title":{"rendered":"Patrick Oestreich \u00e8 il nuovo Chief Commercial Officer di Hellmann"},"content":{"rendered":"<p>Il fornitore di servizi full-service operante a livello mondiale Hellmann Worldwide Logistics ha nominato Patrick Oestreich nuovo Chief Commercial Officer (CCO). Sostituisce Jens M\u00f6ller, che ha ricoperto la posizione in modo interinale nell&#8217;agosto dello scorso anno. In qualit\u00e0 di CCO e membro del Consiglio Esecutivo, Oestreich sar\u00e0 responsabile del Global Sales Leadership Team a partire dal 1 aprile 2021.<\/p>\n<p><strong>(Osnabr\u00fcck) <\/strong>Patrick Oestreich vanta 20 anni di esperienza internazionale nelle vendite nel settore della logistica. Dopo aver lavorato presso Deutsche Post\/DHL\/Danzas e UTi Deutschland, \u00e8 stato attivo dal 2007 al 2018 in diverse posizioni dirigenziali presso Schenker AG nella regione EMEA, ultima come Senior Vice President Road Brokerage, Trasporto terrestre in Europa. Negli ultimi due anni e mezzo, Patrick Oestreich ha ricoperto il ruolo di Senior Vice President presso XPO Logistics, responsabile delle aree Vendite Strategiche e Gestione Account in Europa.<\/p>\n<h5><strong>Promuovere ulteriormente l&#8217;agenda di crescita<\/strong><\/h5>\n<p>&#8220;Negli ultimi anni ci siamo concentrati sull&#8217;espansione qualitativa e quantitativa dell&#8217;organizzazione vendite a livello globale, creando cos\u00ec una condizione fondamentale per una crescita sostenibile e redditizia in tutti i segmenti di prodotto e mercati. Questa struttura di vendita ottimizzata ha superato con successo il test di stress di un anno 2020 molto impegnativo. Ora dobbiamo, su questa solida base, lavorare insieme a Patrick Oestreich e al team internazionale per promuovere ulteriormente la nostra agenda di crescita. In particolare, ci concentreremo sull&#8217;espansione delle vendite digitali, fornendo risposte ai mercati in evoluzione e alle esigenze dei nostri clienti nei confronti di un fornitore di servizi logistici innovativo&#8221;, afferma Reiner Heiken, Chief Executive Officer di Hellmann Worldwide Logistics.<br \/>Foto: \u00a9 Hellmann<br \/><a href=\"https:\/\/www.hellmann.com\" target=\"_blank\" rel=\"noopener noreferrer\">www.hellmann.com<\/a><\/p>\n","protected":false},"excerpt":{"rendered":"<p>Il fornitore di servizi full-service operante a livello mondiale Hellmann Worldwide Logistics ha nominato Patrick Oestreich nuovo Chief Commercial Officer (CCO). Sostituisce Jens M\u00f6ller, che ha<span class=\"excerpt-hellip\"> [\u2026]<\/span><\/p>\n","protected":false},"author":0,"featured_media":0,"comment_status":"open","ping_status":"open","sticky":false,"template":"","format":"standard","meta":{"_acf_changed":false,"footnotes":""},"categories":[1557,1561],"tags":[],"class_list":["post-23852","post","type-post","status-publish","format-standard","hentry","category-forwarding-logistics","category-regions"],"acf":[],"yoast_head":"<!-- This site is optimized with the Yoast SEO plugin v27.3 - https:\/\/yoast.com\/product\/yoast-seo-wordpress\/ -->\n<title>Patrick Oestreich \u00e8 il nuovo Chief Commercial Officer di Hellmann - Loginfo24<\/title>\n<meta name=\"robots\" content=\"index, follow, max-snippet:-1, max-image-preview:large, max-video-preview:-1\" \/>\n<link rel=\"canonical\" href=\"https:\/\/loginfo24.com\/it\/2021\/03\/11\/patrick-oestreich-e-il-nuovo-chief-commercial-officer-di-hellmann\/\" \/>\n<meta property=\"og:locale\" content=\"it_IT\" \/>\n<meta property=\"og:type\" content=\"article\" \/>\n<meta property=\"og:title\" content=\"Patrick Oestreich \u00e8 il nuovo Chief Commercial Officer di Hellmann - Loginfo24\" \/>\n<meta property=\"og:description\" content=\"Il fornitore di servizi full-service operante a livello mondiale Hellmann Worldwide Logistics ha nominato Patrick Oestreich nuovo Chief Commercial Officer (CCO). Sostituisce Jens M\u00f6ller, che ha [\u2026]\" \/>\n<meta property=\"og:url\" content=\"https:\/\/loginfo24.com\/it\/2021\/03\/11\/patrick-oestreich-e-il-nuovo-chief-commercial-officer-di-hellmann\/\" \/>\n<meta property=\"og:site_name\" content=\"Loginfo24\" \/>\n<meta property=\"article:publisher\" content=\"https:\/\/www.facebook.com\/people\/Loginfo24\/100057360583332\/\" \/>\n<meta property=\"article:published_time\" content=\"2021-03-11T18:34:28+00:00\" \/>\n<meta property=\"article:modified_time\" content=\"2025-12-15T11:54:55+00:00\" \/>\n<meta name=\"twitter:card\" content=\"summary_large_image\" \/>\n<meta name=\"twitter:label1\" content=\"Tempo di lettura stimato\" \/>\n\t<meta name=\"twitter:data1\" content=\"1 minuto\" \/>\n<script type=\"application\/ld+json\" class=\"yoast-schema-graph\">{\"@context\":\"https:\\\/\\\/schema.org\",\"@graph\":[{\"@type\":\"Article\",\"@id\":\"https:\\\/\\\/loginfo24.com\\\/it\\\/2021\\\/03\\\/11\\\/patrick-oestreich-e-il-nuovo-chief-commercial-officer-di-hellmann\\\/#article\",\"isPartOf\":{\"@id\":\"https:\\\/\\\/loginfo24.com\\\/it\\\/2021\\\/03\\\/11\\\/patrick-oestreich-e-il-nuovo-chief-commercial-officer-di-hellmann\\\/\"},\"author\":{\"name\":\"\",\"@id\":\"\"},\"headline\":\"Patrick Oestreich \u00e8 il nuovo Chief Commercial Officer di Hellmann\",\"datePublished\":\"2021-03-11T18:34:28+00:00\",\"dateModified\":\"2025-12-15T11:54:55+00:00\",\"mainEntityOfPage\":{\"@id\":\"https:\\\/\\\/loginfo24.com\\\/it\\\/2021\\\/03\\\/11\\\/patrick-oestreich-e-il-nuovo-chief-commercial-officer-di-hellmann\\\/\"},\"wordCount\":276,\"commentCount\":0,\"publisher\":{\"@id\":\"https:\\\/\\\/loginfo24.com\\\/it\\\/#organization\"},\"articleSection\":[\"Forwarding &amp; Logistics\",\"Regions\"],\"inLanguage\":\"it-IT\",\"potentialAction\":[{\"@type\":\"CommentAction\",\"name\":\"Comment\",\"target\":[\"https:\\\/\\\/loginfo24.com\\\/it\\\/2021\\\/03\\\/11\\\/patrick-oestreich-e-il-nuovo-chief-commercial-officer-di-hellmann\\\/#respond\"]}]},{\"@type\":\"WebPage\",\"@id\":\"https:\\\/\\\/loginfo24.com\\\/it\\\/2021\\\/03\\\/11\\\/patrick-oestreich-e-il-nuovo-chief-commercial-officer-di-hellmann\\\/\",\"url\":\"https:\\\/\\\/loginfo24.com\\\/it\\\/2021\\\/03\\\/11\\\/patrick-oestreich-e-il-nuovo-chief-commercial-officer-di-hellmann\\\/\",\"name\":\"Patrick Oestreich \u00e8 il nuovo Chief Commercial Officer di Hellmann - Loginfo24\",\"isPartOf\":{\"@id\":\"https:\\\/\\\/loginfo24.com\\\/it\\\/#website\"},\"datePublished\":\"2021-03-11T18:34:28+00:00\",\"dateModified\":\"2025-12-15T11:54:55+00:00\",\"breadcrumb\":{\"@id\":\"https:\\\/\\\/loginfo24.com\\\/it\\\/2021\\\/03\\\/11\\\/patrick-oestreich-e-il-nuovo-chief-commercial-officer-di-hellmann\\\/#breadcrumb\"},\"inLanguage\":\"it-IT\",\"potentialAction\":[{\"@type\":\"ReadAction\",\"target\":[\"https:\\\/\\\/loginfo24.com\\\/it\\\/2021\\\/03\\\/11\\\/patrick-oestreich-e-il-nuovo-chief-commercial-officer-di-hellmann\\\/\"]}]},{\"@type\":\"BreadcrumbList\",\"@id\":\"https:\\\/\\\/loginfo24.com\\\/it\\\/2021\\\/03\\\/11\\\/patrick-oestreich-e-il-nuovo-chief-commercial-officer-di-hellmann\\\/#breadcrumb\",\"itemListElement\":[{\"@type\":\"ListItem\",\"position\":1,\"name\":\"Startseite\",\"item\":\"https:\\\/\\\/loginfo24.com\\\/it\\\/\"},{\"@type\":\"ListItem\",\"position\":2,\"name\":\"Patrick Oestreich \u00e8 il nuovo Chief Commercial Officer di Hellmann\"}]},{\"@type\":\"WebSite\",\"@id\":\"https:\\\/\\\/loginfo24.com\\\/it\\\/#website\",\"url\":\"https:\\\/\\\/loginfo24.com\\\/it\\\/\",\"name\":\"Loginfo24\",\"description\":\"Loginfo24 \u00e8 la piattaforma dedicata alla logistica e alle catene di fornitura con informazioni disponibili 24 ore su 24.\",\"publisher\":{\"@id\":\"https:\\\/\\\/loginfo24.com\\\/it\\\/#organization\"},\"potentialAction\":[{\"@type\":\"SearchAction\",\"target\":{\"@type\":\"EntryPoint\",\"urlTemplate\":\"https:\\\/\\\/loginfo24.com\\\/it\\\/?s={search_term_string}\"},\"query-input\":{\"@type\":\"PropertyValueSpecification\",\"valueRequired\":true,\"valueName\":\"search_term_string\"}}],\"inLanguage\":\"it-IT\"},{\"@type\":\"Organization\",\"@id\":\"https:\\\/\\\/loginfo24.com\\\/it\\\/#organization\",\"name\":\"Logismedia Group AG\",\"url\":\"https:\\\/\\\/loginfo24.com\\\/it\\\/\",\"logo\":{\"@type\":\"ImageObject\",\"inLanguage\":\"it-IT\",\"@id\":\"https:\\\/\\\/loginfo24.com\\\/it\\\/#\\\/schema\\\/logo\\\/image\\\/\",\"url\":\"https:\\\/\\\/loginfo24.com\\\/wp-content\\\/uploads\\\/sites\\\/7\\\/2026\\\/01\\\/Logo_LogInfo24.png\",\"contentUrl\":\"https:\\\/\\\/loginfo24.com\\\/wp-content\\\/uploads\\\/sites\\\/7\\\/2026\\\/01\\\/Logo_LogInfo24.png\",\"width\":938,\"height\":351,\"caption\":\"Logismedia Group AG\"},\"image\":{\"@id\":\"https:\\\/\\\/loginfo24.com\\\/it\\\/#\\\/schema\\\/logo\\\/image\\\/\"},\"sameAs\":[\"https:\\\/\\\/www.facebook.com\\\/people\\\/Loginfo24\\\/100057360583332\\\/\",\"https:\\\/\\\/www.linkedin.com\\\/company\\\/lofinfo24\\\/\"]}]}<\/script>\n<!-- \/ Yoast SEO plugin. -->","yoast_head_json":{"title":"Patrick Oestreich \u00e8 il nuovo Chief Commercial Officer di Hellmann - Loginfo24","robots":{"index":"index","follow":"follow","max-snippet":"max-snippet:-1","max-image-preview":"max-image-preview:large","max-video-preview":"max-video-preview:-1"},"canonical":"https:\/\/loginfo24.com\/it\/2021\/03\/11\/patrick-oestreich-e-il-nuovo-chief-commercial-officer-di-hellmann\/","og_locale":"it_IT","og_type":"article","og_title":"Patrick Oestreich \u00e8 il nuovo Chief Commercial Officer di Hellmann - Loginfo24","og_description":"Il fornitore di servizi full-service operante a livello mondiale Hellmann Worldwide Logistics ha nominato Patrick Oestreich nuovo Chief Commercial Officer (CCO). Sostituisce Jens M\u00f6ller, che ha [\u2026]","og_url":"https:\/\/loginfo24.com\/it\/2021\/03\/11\/patrick-oestreich-e-il-nuovo-chief-commercial-officer-di-hellmann\/","og_site_name":"Loginfo24","article_publisher":"https:\/\/www.facebook.com\/people\/Loginfo24\/100057360583332\/","article_published_time":"2021-03-11T18:34:28+00:00","article_modified_time":"2025-12-15T11:54:55+00:00","twitter_card":"summary_large_image","twitter_misc":{"Tempo di lettura stimato":"1 minuto"},"schema":{"@context":"https:\/\/schema.org","@graph":[{"@type":"Article","@id":"https:\/\/loginfo24.com\/it\/2021\/03\/11\/patrick-oestreich-e-il-nuovo-chief-commercial-officer-di-hellmann\/#article","isPartOf":{"@id":"https:\/\/loginfo24.com\/it\/2021\/03\/11\/patrick-oestreich-e-il-nuovo-chief-commercial-officer-di-hellmann\/"},"author":{"name":"","@id":""},"headline":"Patrick Oestreich \u00e8 il nuovo Chief Commercial Officer di Hellmann","datePublished":"2021-03-11T18:34:28+00:00","dateModified":"2025-12-15T11:54:55+00:00","mainEntityOfPage":{"@id":"https:\/\/loginfo24.com\/it\/2021\/03\/11\/patrick-oestreich-e-il-nuovo-chief-commercial-officer-di-hellmann\/"},"wordCount":276,"commentCount":0,"publisher":{"@id":"https:\/\/loginfo24.com\/it\/#organization"},"articleSection":["Forwarding &amp; Logistics","Regions"],"inLanguage":"it-IT","potentialAction":[{"@type":"CommentAction","name":"Comment","target":["https:\/\/loginfo24.com\/it\/2021\/03\/11\/patrick-oestreich-e-il-nuovo-chief-commercial-officer-di-hellmann\/#respond"]}]},{"@type":"WebPage","@id":"https:\/\/loginfo24.com\/it\/2021\/03\/11\/patrick-oestreich-e-il-nuovo-chief-commercial-officer-di-hellmann\/","url":"https:\/\/loginfo24.com\/it\/2021\/03\/11\/patrick-oestreich-e-il-nuovo-chief-commercial-officer-di-hellmann\/","name":"Patrick Oestreich \u00e8 il nuovo Chief Commercial Officer di Hellmann - Loginfo24","isPartOf":{"@id":"https:\/\/loginfo24.com\/it\/#website"},"datePublished":"2021-03-11T18:34:28+00:00","dateModified":"2025-12-15T11:54:55+00:00","breadcrumb":{"@id":"https:\/\/loginfo24.com\/it\/2021\/03\/11\/patrick-oestreich-e-il-nuovo-chief-commercial-officer-di-hellmann\/#breadcrumb"},"inLanguage":"it-IT","potentialAction":[{"@type":"ReadAction","target":["https:\/\/loginfo24.com\/it\/2021\/03\/11\/patrick-oestreich-e-il-nuovo-chief-commercial-officer-di-hellmann\/"]}]},{"@type":"BreadcrumbList","@id":"https:\/\/loginfo24.com\/it\/2021\/03\/11\/patrick-oestreich-e-il-nuovo-chief-commercial-officer-di-hellmann\/#breadcrumb","itemListElement":[{"@type":"ListItem","position":1,"name":"Startseite","item":"https:\/\/loginfo24.com\/it\/"},{"@type":"ListItem","position":2,"name":"Patrick Oestreich \u00e8 il nuovo Chief Commercial Officer di Hellmann"}]},{"@type":"WebSite","@id":"https:\/\/loginfo24.com\/it\/#website","url":"https:\/\/loginfo24.com\/it\/","name":"Loginfo24","description":"Loginfo24 \u00e8 la piattaforma dedicata alla logistica e alle catene di fornitura con informazioni disponibili 24 ore su 24.","publisher":{"@id":"https:\/\/loginfo24.com\/it\/#organization"},"potentialAction":[{"@type":"SearchAction","target":{"@type":"EntryPoint","urlTemplate":"https:\/\/loginfo24.com\/it\/?s={search_term_string}"},"query-input":{"@type":"PropertyValueSpecification","valueRequired":true,"valueName":"search_term_string"}}],"inLanguage":"it-IT"},{"@type":"Organization","@id":"https:\/\/loginfo24.com\/it\/#organization","name":"Logismedia Group AG","url":"https:\/\/loginfo24.com\/it\/","logo":{"@type":"ImageObject","inLanguage":"it-IT","@id":"https:\/\/loginfo24.com\/it\/#\/schema\/logo\/image\/","url":"https:\/\/loginfo24.com\/wp-content\/uploads\/sites\/7\/2026\/01\/Logo_LogInfo24.png","contentUrl":"https:\/\/loginfo24.com\/wp-content\/uploads\/sites\/7\/2026\/01\/Logo_LogInfo24.png","width":938,"height":351,"caption":"Logismedia Group AG"},"image":{"@id":"https:\/\/loginfo24.com\/it\/#\/schema\/logo\/image\/"},"sameAs":["https:\/\/www.facebook.com\/people\/Loginfo24\/100057360583332\/","https:\/\/www.linkedin.com\/company\/lofinfo24\/"]}]}},"_links":{"self":[{"href":"https:\/\/loginfo24.com\/it\/wp-json\/wp\/v2\/posts\/23852","targetHints":{"allow":["GET"]}}],"collection":[{"href":"https:\/\/loginfo24.com\/it\/wp-json\/wp\/v2\/posts"}],"about":[{"href":"https:\/\/loginfo24.com\/it\/wp-json\/wp\/v2\/types\/post"}],"replies":[{"embeddable":true,"href":"https:\/\/loginfo24.com\/it\/wp-json\/wp\/v2\/comments?post=23852"}],"version-history":[{"count":1,"href":"https:\/\/loginfo24.com\/it\/wp-json\/wp\/v2\/posts\/23852\/revisions"}],"predecessor-version":[{"id":43430,"href":"https:\/\/loginfo24.com\/it\/wp-json\/wp\/v2\/posts\/23852\/revisions\/43430"}],"wp:attachment":[{"href":"https:\/\/loginfo24.com\/it\/wp-json\/wp\/v2\/media?parent=23852"}],"wp:term":[{"taxonomy":"category","embeddable":true,"href":"https:\/\/loginfo24.com\/it\/wp-json\/wp\/v2\/categories?post=23852"},{"taxonomy":"post_tag","embeddable":true,"href":"https:\/\/loginfo24.com\/it\/wp-json\/wp\/v2\/tags?post=23852"}],"curies":[{"name":"wp","href":"https:\/\/api.w.org\/{rel}","templated":true}]}}