{"id":23525,"date":"2021-02-22T17:33:19","date_gmt":"2021-02-22T16:33:19","guid":{"rendered":"https:\/\/blog.brand-architecture.at\/2021\/02\/22\/wolfgang-p-albeck-rimane-ceo-di-trans-o-flex-per-altri-tre-anni\/"},"modified":"2025-12-15T12:53:22","modified_gmt":"2025-12-15T11:53:22","slug":"wolfgang-p-albeck-rimane-ceo-di-trans-o-flex-per-altri-tre-anni","status":"publish","type":"post","link":"https:\/\/loginfo24.com\/it\/2021\/02\/22\/wolfgang-p-albeck-rimane-ceo-di-trans-o-flex-per-altri-tre-anni\/","title":{"rendered":"Wolfgang P. Albeck rimane CEO di trans-o-flex per altri tre anni"},"content":{"rendered":"<p>Il fornitore di servizi espressi specializzato in prodotti farmaceutici trans-o-flex ha prorogato anticipatamente il contratto con il CEO Wolfgang P. Albeck fino al 31 marzo 2024. L&#8217;azienda ha registrato utili da quando Albeck \u00e8 entrato in carica e ha aumentato il fatturato nel 2020 a 515 milioni di euro. Albeck \u00e8 CEO di trans-o-flex da aprile 2017.<\/p>\n<p>(Weinheim) Wolfgang P. Albeck rimarr\u00e0 CEO del fornitore di servizi espressi specializzato nei settori farmaceutico, cosmetico e in altri beni sensibili per i prossimi tre anni. Il suo contratto, che scade a marzo 2022, \u00e8 stato prorogato anticipatamente fino al 31 marzo 2024. Albeck \u00e8 presidente della direzione dal aprile 2017. &#8220;\u00c8 stata soprattutto l&#8217;attuazione di due decisioni strategiche da parte di Albeck che ha permesso a trans-o-flex di riconquistare la fiducia dei suoi clienti dopo anni difficili e di dimostrarsi all&#8217;altezza, soprattutto durante la crisi del Corona&#8221;, afferma Christoph Schoeller del gruppo di azionisti di trans-o-flex delle famiglie Amberger e Schoeller. &#8220;Da un lato, c&#8217;\u00e8 stata l&#8217;orientamento intransigente verso la qualit\u00e0.<\/p>\n<p>Dall&#8217;altro, \u00e8 stato affinato il profilo come servizio espresso e fornitore di soluzioni logistiche specifiche per il settore, dimostrando in modo impressionante la rilevanza del sistema per la fornitura di medicinali in Germania.&#8221; L&#8217;azienda ha registrato utili da quando Albeck \u00e8 entrato nella direzione e ha aumentato il fatturato del quattro percento nel difficile anno del Corona 2020, raggiungendo 515 milioni di euro.<\/p>\n<h5><strong>Prepararsi per il futuro<\/strong><\/h5>\n<p>&#8220;Pi\u00f9 a lungo rimango in trans-o-flex, pi\u00f9 mi diventa piacevole lavorare qui, perch\u00e9 vedo quali progressi stiamo facendo&#8221;, afferma Albeck. &#8220;Il mio obiettivo \u00e8 rendere l&#8217;azienda, che quest&#8217;anno compie 50 anni, cos\u00ec pronta per il futuro che trans-o-flex possa continuare a dare soddisfazione ai suoi clienti, dipendenti e azionisti anche nei prossimi 50 anni.&#8221; Prima di entrare in trans-o-flex, Albeck ha lavorato dal 1997 presso Deutsche Post DHL (DPDHL) in numerosi ruoli dirigenziali nell&#8217;organizzazione pacchi e espressi. Prima di ci\u00f2, il diplomato in commercio internazionale ha lavorato per circa dieci anni per TNT Express. Albeck ha iniziato la sua carriera presso aziende di spedizione di medie dimensioni. Oltre ad Albeck, fa parte della direzione di trans-o-flex anche Michael Schmidt, responsabile per le finanze e l&#8217;amministrazione.<\/p>\n<p>Foto: \u00a9 trans-o-flex \/<strong> <em>Didascalia dell&#8217;immagine:<\/em><\/strong><em> I due azionisti di trans-o-flex Peter Amberger (a destra) e Christoph Schoeller (a sinistra) hanno prorogato il contratto con il CEO Wolfgang P. Albeck fino al 2024.<\/em><\/p>\n<p><a href=\"https:\/\/www.trans-o-flex.de\" target=\"_blank\" rel=\"noopener noreferrer\">www.trans-o-flex.de<\/a><\/p>\n","protected":false},"excerpt":{"rendered":"<p>Il fornitore di servizi espressi specializzato in prodotti farmaceutici trans-o-flex ha prorogato anticipatamente il contratto con il CEO Wolfgang P. Albeck fino al 31 marzo 2024.<span class=\"excerpt-hellip\"> [\u2026]<\/span><\/p>\n","protected":false},"author":0,"featured_media":0,"comment_status":"open","ping_status":"open","sticky":false,"template":"","format":"standard","meta":{"_acf_changed":false,"footnotes":""},"categories":[1557,1556,1561],"tags":[],"class_list":["post-23525","post","type-post","status-publish","format-standard","hentry","category-forwarding-logistics","category-intermodal-road","category-regions"],"acf":[],"yoast_head":"<!-- This site is optimized with the Yoast SEO plugin v27.3 - https:\/\/yoast.com\/product\/yoast-seo-wordpress\/ -->\n<title>Wolfgang P. Albeck rimane CEO di trans-o-flex per altri tre anni - Loginfo24<\/title>\n<meta name=\"robots\" content=\"index, follow, max-snippet:-1, max-image-preview:large, max-video-preview:-1\" \/>\n<link rel=\"canonical\" href=\"https:\/\/loginfo24.com\/it\/2021\/02\/22\/wolfgang-p-albeck-rimane-ceo-di-trans-o-flex-per-altri-tre-anni\/\" \/>\n<meta property=\"og:locale\" content=\"it_IT\" \/>\n<meta property=\"og:type\" content=\"article\" \/>\n<meta property=\"og:title\" content=\"Wolfgang P. Albeck rimane CEO di trans-o-flex per altri tre anni - Loginfo24\" \/>\n<meta property=\"og:description\" content=\"Il fornitore di servizi espressi specializzato in prodotti farmaceutici trans-o-flex ha prorogato anticipatamente il contratto con il CEO Wolfgang P. Albeck fino al 31 marzo 2024. [\u2026]\" \/>\n<meta property=\"og:url\" content=\"https:\/\/loginfo24.com\/it\/2021\/02\/22\/wolfgang-p-albeck-rimane-ceo-di-trans-o-flex-per-altri-tre-anni\/\" \/>\n<meta property=\"og:site_name\" content=\"Loginfo24\" \/>\n<meta property=\"article:publisher\" content=\"https:\/\/www.facebook.com\/people\/Loginfo24\/100057360583332\/\" \/>\n<meta property=\"article:published_time\" content=\"2021-02-22T16:33:19+00:00\" \/>\n<meta property=\"article:modified_time\" content=\"2025-12-15T11:53:22+00:00\" \/>\n<meta name=\"twitter:card\" content=\"summary_large_image\" \/>\n<meta name=\"twitter:label1\" content=\"Tempo di lettura stimato\" \/>\n\t<meta name=\"twitter:data1\" content=\"2 minuto\" \/>\n<script type=\"application\/ld+json\" class=\"yoast-schema-graph\">{\"@context\":\"https:\\\/\\\/schema.org\",\"@graph\":[{\"@type\":\"Article\",\"@id\":\"https:\\\/\\\/loginfo24.com\\\/it\\\/2021\\\/02\\\/22\\\/wolfgang-p-albeck-rimane-ceo-di-trans-o-flex-per-altri-tre-anni\\\/#article\",\"isPartOf\":{\"@id\":\"https:\\\/\\\/loginfo24.com\\\/it\\\/2021\\\/02\\\/22\\\/wolfgang-p-albeck-rimane-ceo-di-trans-o-flex-per-altri-tre-anni\\\/\"},\"author\":{\"name\":\"\",\"@id\":\"\"},\"headline\":\"Wolfgang P. Albeck rimane CEO di trans-o-flex per altri tre anni\",\"datePublished\":\"2021-02-22T16:33:19+00:00\",\"dateModified\":\"2025-12-15T11:53:22+00:00\",\"mainEntityOfPage\":{\"@id\":\"https:\\\/\\\/loginfo24.com\\\/it\\\/2021\\\/02\\\/22\\\/wolfgang-p-albeck-rimane-ceo-di-trans-o-flex-per-altri-tre-anni\\\/\"},\"wordCount\":394,\"commentCount\":0,\"publisher\":{\"@id\":\"https:\\\/\\\/loginfo24.com\\\/it\\\/#organization\"},\"articleSection\":[\"Forwarding &amp; Logistics\",\"Intermodal \\\/ Road\",\"Regions\"],\"inLanguage\":\"it-IT\",\"potentialAction\":[{\"@type\":\"CommentAction\",\"name\":\"Comment\",\"target\":[\"https:\\\/\\\/loginfo24.com\\\/it\\\/2021\\\/02\\\/22\\\/wolfgang-p-albeck-rimane-ceo-di-trans-o-flex-per-altri-tre-anni\\\/#respond\"]}]},{\"@type\":\"WebPage\",\"@id\":\"https:\\\/\\\/loginfo24.com\\\/it\\\/2021\\\/02\\\/22\\\/wolfgang-p-albeck-rimane-ceo-di-trans-o-flex-per-altri-tre-anni\\\/\",\"url\":\"https:\\\/\\\/loginfo24.com\\\/it\\\/2021\\\/02\\\/22\\\/wolfgang-p-albeck-rimane-ceo-di-trans-o-flex-per-altri-tre-anni\\\/\",\"name\":\"Wolfgang P. Albeck rimane CEO di trans-o-flex per altri tre anni - Loginfo24\",\"isPartOf\":{\"@id\":\"https:\\\/\\\/loginfo24.com\\\/it\\\/#website\"},\"datePublished\":\"2021-02-22T16:33:19+00:00\",\"dateModified\":\"2025-12-15T11:53:22+00:00\",\"breadcrumb\":{\"@id\":\"https:\\\/\\\/loginfo24.com\\\/it\\\/2021\\\/02\\\/22\\\/wolfgang-p-albeck-rimane-ceo-di-trans-o-flex-per-altri-tre-anni\\\/#breadcrumb\"},\"inLanguage\":\"it-IT\",\"potentialAction\":[{\"@type\":\"ReadAction\",\"target\":[\"https:\\\/\\\/loginfo24.com\\\/it\\\/2021\\\/02\\\/22\\\/wolfgang-p-albeck-rimane-ceo-di-trans-o-flex-per-altri-tre-anni\\\/\"]}]},{\"@type\":\"BreadcrumbList\",\"@id\":\"https:\\\/\\\/loginfo24.com\\\/it\\\/2021\\\/02\\\/22\\\/wolfgang-p-albeck-rimane-ceo-di-trans-o-flex-per-altri-tre-anni\\\/#breadcrumb\",\"itemListElement\":[{\"@type\":\"ListItem\",\"position\":1,\"name\":\"Startseite\",\"item\":\"https:\\\/\\\/loginfo24.com\\\/it\\\/\"},{\"@type\":\"ListItem\",\"position\":2,\"name\":\"Wolfgang P. Albeck rimane CEO di trans-o-flex per altri tre anni\"}]},{\"@type\":\"WebSite\",\"@id\":\"https:\\\/\\\/loginfo24.com\\\/it\\\/#website\",\"url\":\"https:\\\/\\\/loginfo24.com\\\/it\\\/\",\"name\":\"Loginfo24\",\"description\":\"Loginfo24 \u00e8 la piattaforma dedicata alla logistica e alle catene di fornitura con informazioni disponibili 24 ore su 24.\",\"publisher\":{\"@id\":\"https:\\\/\\\/loginfo24.com\\\/it\\\/#organization\"},\"potentialAction\":[{\"@type\":\"SearchAction\",\"target\":{\"@type\":\"EntryPoint\",\"urlTemplate\":\"https:\\\/\\\/loginfo24.com\\\/it\\\/?s={search_term_string}\"},\"query-input\":{\"@type\":\"PropertyValueSpecification\",\"valueRequired\":true,\"valueName\":\"search_term_string\"}}],\"inLanguage\":\"it-IT\"},{\"@type\":\"Organization\",\"@id\":\"https:\\\/\\\/loginfo24.com\\\/it\\\/#organization\",\"name\":\"Logismedia Group AG\",\"url\":\"https:\\\/\\\/loginfo24.com\\\/it\\\/\",\"logo\":{\"@type\":\"ImageObject\",\"inLanguage\":\"it-IT\",\"@id\":\"https:\\\/\\\/loginfo24.com\\\/it\\\/#\\\/schema\\\/logo\\\/image\\\/\",\"url\":\"https:\\\/\\\/loginfo24.com\\\/wp-content\\\/uploads\\\/sites\\\/7\\\/2026\\\/01\\\/Logo_LogInfo24.png\",\"contentUrl\":\"https:\\\/\\\/loginfo24.com\\\/wp-content\\\/uploads\\\/sites\\\/7\\\/2026\\\/01\\\/Logo_LogInfo24.png\",\"width\":938,\"height\":351,\"caption\":\"Logismedia Group AG\"},\"image\":{\"@id\":\"https:\\\/\\\/loginfo24.com\\\/it\\\/#\\\/schema\\\/logo\\\/image\\\/\"},\"sameAs\":[\"https:\\\/\\\/www.facebook.com\\\/people\\\/Loginfo24\\\/100057360583332\\\/\",\"https:\\\/\\\/www.linkedin.com\\\/company\\\/lofinfo24\\\/\"]}]}<\/script>\n<!-- \/ Yoast SEO plugin. -->","yoast_head_json":{"title":"Wolfgang P. Albeck rimane CEO di trans-o-flex per altri tre anni - Loginfo24","robots":{"index":"index","follow":"follow","max-snippet":"max-snippet:-1","max-image-preview":"max-image-preview:large","max-video-preview":"max-video-preview:-1"},"canonical":"https:\/\/loginfo24.com\/it\/2021\/02\/22\/wolfgang-p-albeck-rimane-ceo-di-trans-o-flex-per-altri-tre-anni\/","og_locale":"it_IT","og_type":"article","og_title":"Wolfgang P. Albeck rimane CEO di trans-o-flex per altri tre anni - Loginfo24","og_description":"Il fornitore di servizi espressi specializzato in prodotti farmaceutici trans-o-flex ha prorogato anticipatamente il contratto con il CEO Wolfgang P. Albeck fino al 31 marzo 2024. [\u2026]","og_url":"https:\/\/loginfo24.com\/it\/2021\/02\/22\/wolfgang-p-albeck-rimane-ceo-di-trans-o-flex-per-altri-tre-anni\/","og_site_name":"Loginfo24","article_publisher":"https:\/\/www.facebook.com\/people\/Loginfo24\/100057360583332\/","article_published_time":"2021-02-22T16:33:19+00:00","article_modified_time":"2025-12-15T11:53:22+00:00","twitter_card":"summary_large_image","twitter_misc":{"Tempo di lettura stimato":"2 minuto"},"schema":{"@context":"https:\/\/schema.org","@graph":[{"@type":"Article","@id":"https:\/\/loginfo24.com\/it\/2021\/02\/22\/wolfgang-p-albeck-rimane-ceo-di-trans-o-flex-per-altri-tre-anni\/#article","isPartOf":{"@id":"https:\/\/loginfo24.com\/it\/2021\/02\/22\/wolfgang-p-albeck-rimane-ceo-di-trans-o-flex-per-altri-tre-anni\/"},"author":{"name":"","@id":""},"headline":"Wolfgang P. Albeck rimane CEO di trans-o-flex per altri tre anni","datePublished":"2021-02-22T16:33:19+00:00","dateModified":"2025-12-15T11:53:22+00:00","mainEntityOfPage":{"@id":"https:\/\/loginfo24.com\/it\/2021\/02\/22\/wolfgang-p-albeck-rimane-ceo-di-trans-o-flex-per-altri-tre-anni\/"},"wordCount":394,"commentCount":0,"publisher":{"@id":"https:\/\/loginfo24.com\/it\/#organization"},"articleSection":["Forwarding &amp; Logistics","Intermodal \/ Road","Regions"],"inLanguage":"it-IT","potentialAction":[{"@type":"CommentAction","name":"Comment","target":["https:\/\/loginfo24.com\/it\/2021\/02\/22\/wolfgang-p-albeck-rimane-ceo-di-trans-o-flex-per-altri-tre-anni\/#respond"]}]},{"@type":"WebPage","@id":"https:\/\/loginfo24.com\/it\/2021\/02\/22\/wolfgang-p-albeck-rimane-ceo-di-trans-o-flex-per-altri-tre-anni\/","url":"https:\/\/loginfo24.com\/it\/2021\/02\/22\/wolfgang-p-albeck-rimane-ceo-di-trans-o-flex-per-altri-tre-anni\/","name":"Wolfgang P. Albeck rimane CEO di trans-o-flex per altri tre anni - Loginfo24","isPartOf":{"@id":"https:\/\/loginfo24.com\/it\/#website"},"datePublished":"2021-02-22T16:33:19+00:00","dateModified":"2025-12-15T11:53:22+00:00","breadcrumb":{"@id":"https:\/\/loginfo24.com\/it\/2021\/02\/22\/wolfgang-p-albeck-rimane-ceo-di-trans-o-flex-per-altri-tre-anni\/#breadcrumb"},"inLanguage":"it-IT","potentialAction":[{"@type":"ReadAction","target":["https:\/\/loginfo24.com\/it\/2021\/02\/22\/wolfgang-p-albeck-rimane-ceo-di-trans-o-flex-per-altri-tre-anni\/"]}]},{"@type":"BreadcrumbList","@id":"https:\/\/loginfo24.com\/it\/2021\/02\/22\/wolfgang-p-albeck-rimane-ceo-di-trans-o-flex-per-altri-tre-anni\/#breadcrumb","itemListElement":[{"@type":"ListItem","position":1,"name":"Startseite","item":"https:\/\/loginfo24.com\/it\/"},{"@type":"ListItem","position":2,"name":"Wolfgang P. Albeck rimane CEO di trans-o-flex per altri tre anni"}]},{"@type":"WebSite","@id":"https:\/\/loginfo24.com\/it\/#website","url":"https:\/\/loginfo24.com\/it\/","name":"Loginfo24","description":"Loginfo24 \u00e8 la piattaforma dedicata alla logistica e alle catene di fornitura con informazioni disponibili 24 ore su 24.","publisher":{"@id":"https:\/\/loginfo24.com\/it\/#organization"},"potentialAction":[{"@type":"SearchAction","target":{"@type":"EntryPoint","urlTemplate":"https:\/\/loginfo24.com\/it\/?s={search_term_string}"},"query-input":{"@type":"PropertyValueSpecification","valueRequired":true,"valueName":"search_term_string"}}],"inLanguage":"it-IT"},{"@type":"Organization","@id":"https:\/\/loginfo24.com\/it\/#organization","name":"Logismedia Group AG","url":"https:\/\/loginfo24.com\/it\/","logo":{"@type":"ImageObject","inLanguage":"it-IT","@id":"https:\/\/loginfo24.com\/it\/#\/schema\/logo\/image\/","url":"https:\/\/loginfo24.com\/wp-content\/uploads\/sites\/7\/2026\/01\/Logo_LogInfo24.png","contentUrl":"https:\/\/loginfo24.com\/wp-content\/uploads\/sites\/7\/2026\/01\/Logo_LogInfo24.png","width":938,"height":351,"caption":"Logismedia Group AG"},"image":{"@id":"https:\/\/loginfo24.com\/it\/#\/schema\/logo\/image\/"},"sameAs":["https:\/\/www.facebook.com\/people\/Loginfo24\/100057360583332\/","https:\/\/www.linkedin.com\/company\/lofinfo24\/"]}]}},"_links":{"self":[{"href":"https:\/\/loginfo24.com\/it\/wp-json\/wp\/v2\/posts\/23525","targetHints":{"allow":["GET"]}}],"collection":[{"href":"https:\/\/loginfo24.com\/it\/wp-json\/wp\/v2\/posts"}],"about":[{"href":"https:\/\/loginfo24.com\/it\/wp-json\/wp\/v2\/types\/post"}],"replies":[{"embeddable":true,"href":"https:\/\/loginfo24.com\/it\/wp-json\/wp\/v2\/comments?post=23525"}],"version-history":[{"count":1,"href":"https:\/\/loginfo24.com\/it\/wp-json\/wp\/v2\/posts\/23525\/revisions"}],"predecessor-version":[{"id":42776,"href":"https:\/\/loginfo24.com\/it\/wp-json\/wp\/v2\/posts\/23525\/revisions\/42776"}],"wp:attachment":[{"href":"https:\/\/loginfo24.com\/it\/wp-json\/wp\/v2\/media?parent=23525"}],"wp:term":[{"taxonomy":"category","embeddable":true,"href":"https:\/\/loginfo24.com\/it\/wp-json\/wp\/v2\/categories?post=23525"},{"taxonomy":"post_tag","embeddable":true,"href":"https:\/\/loginfo24.com\/it\/wp-json\/wp\/v2\/tags?post=23525"}],"curies":[{"name":"wp","href":"https:\/\/api.w.org\/{rel}","templated":true}]}}