{"id":22375,"date":"2021-01-06T19:30:07","date_gmt":"2021-01-06T18:30:07","guid":{"rendered":"https:\/\/blog.brand-architecture.at\/2021\/01\/06\/dachser-inizia-il-nuovo-anno-con-burkhard-eling-come-ceo\/"},"modified":"2025-12-15T12:48:55","modified_gmt":"2025-12-15T11:48:55","slug":"dachser-inizia-il-nuovo-anno-con-burkhard-eling-come-ceo","status":"publish","type":"post","link":"https:\/\/loginfo24.com\/it\/2021\/01\/06\/dachser-inizia-il-nuovo-anno-con-burkhard-eling-come-ceo\/","title":{"rendered":"Dachser inizia il nuovo anno con Burkhard Eling come CEO"},"content":{"rendered":"<p>Il cambio generazionale \u00e8 avvenuto presso il fornitore di logistica Dachser. Con un nuovo team di gestione, il gruppo entra nel nuovo anno. Stefan Hohm come Chief Development Officer (CDO) e Alexander Tonn come COO Road Logistics completano il team di leadership.<\/p>\n<p>(Kempten) Burkhard Eling \u00e8 dal 1 gennaio il Chief Executive Officer (CEO) e portavoce del consiglio di amministrazione presso il fornitore di logistica Dachser. \u00c8 responsabile del settore Corporate Strategy, Human Resources, Marketing, che comprende anche il Corporate Key Account Management e l&#8217;area Corporate Governance &amp; Compliance. Eling succede a Bernhard Simon, che assumer\u00e0 la presidenza del consiglio di amministrazione dell&#8217;azienda familiare a partire da met\u00e0 2021.<\/p>\n<p>Insieme a Simon, anche l&#8217;attuale Chief Operations Officer (COO) Road Logistics, Michael Schilling, entra nel consiglio di sorveglianza. Per questo motivo, Dachser ha apportato ulteriori cambiamenti nel consiglio di amministrazione a partire dal 1 gennaio 2021. I manager di lunga data di Dachser, Stefan Hohm come Chief Development Officer (CDO) e Alexander Tonn come COO Road Logistics, sono stati promossi nel comitato esecutivo operativo del fornitore di logistica. Inoltre, Robert Erni, che \u00e8 passato da DSV Panalpina a Dachser il 1 settembre 2020, \u00e8 entrato nel consiglio come Chief Financial Officer (CFO). Il team di cinque membri del consiglio di amministrazione \u00e8 completato da Edoardo Podest\u00e0, che ricopre il ruolo di COO Air &amp; Sea Logistics dal ottobre 2019.<\/p>\n<h5><strong>Carriera come CFO con focus sull&#8217;innovazione<\/strong><\/h5>\n<p>Il 49enne Eling \u00e8 entrato in Dachser nel 2012 come vice capo del settore Finance, Legal and Tax. L&#8217;anno successivo \u00e8 diventato membro del consiglio di amministrazione come Chief Financial Officer (CFO) e dirige anche il programma di gestione strategica delle idee e dell&#8217;innovazione dell&#8217;azienda. L&#8217;ingegnere economico diplomato proviene dal gruppo di ingegneria e servizi Bilfinger SE, dove ha diretto tra l&#8217;altro le aree Controlling e Internal Audit, ed \u00e8 stato CFO di una filiale statunitense e di un fornitore di servizi di gestione immobiliare internazionale. La sua carriera \u00e8 iniziata presso le aziende di costruzione Hochtief AG e Philipp Holzmann AG.<\/p>\n<h5><strong>Con misura e agilit\u00e0<\/strong><\/h5>\n<p>&#8220;I miei colleghi del consiglio e io stiamo assumendo un&#8217;azienda estremamente robusta e in forte crescita, che non si \u00e8 lasciata distogliere dal suo corso nemmeno dalle sfide della crisi del Corona. Le persone di Dachser, con il loro enorme know-how e impegno, sono riuscite a mantenere le catene di approvvigionamento dei nostri clienti in tutto il mondo anche in condizioni avverse&#8221;, spiega Burkhard Eling, CEO di Dachser. &#8220;Con la fiducia e il supporto della famiglia proprietaria, come team di consiglio, preserviamo la cultura unica e orientata alle persone dell&#8217;azienda familiare Dachser e allo stesso tempo svilupperemo l&#8217;azienda con misura e agilit\u00e0 verso il fornitore di logistica pi\u00f9 integrato al mondo&#8221;, continua Eling.<\/p>\n<h5><strong><a href=\"https:\/\/www.adessodigital.ch\/linkedinspedition\/\" target=\"_blank\" rel=\"noopener noreferrer\"><img loading=\"lazy\" decoding=\"async\" class=\"alignleft wp-image-8168 size-large\" src=\"https:\/\/loginfo24.com\/wp-content\/uploads\/sites\/7\/2025\/12\/Banner_Newsletter_Adesso_19.12.20_21.12.20.jpg\" alt=\"\" width=\"1024\" height=\"160\" \/><\/a><\/strong><\/h5>\n<p>Nuovo team di consiglio con molta esperienza<\/p>\n<p>A partire dal 1.1.2021, Alexander Tonn entra nel consiglio di Dachser, assumendo la posizione di COO Road Logistics e quindi responsabile delle reti di trasporto terrestre europee per beni industriali e alimenti. Inoltre, continua a dirigere anche l&#8217;unit\u00e0 aziendale European Logistics Germany in personale unione. Il 47enne Tonn \u00e8 gi\u00e0 da oltre 20 anni nell&#8217;azienda e ha ricoperto, tra l&#8217;altro, posizioni di leadership nel centro logistico Dachser Allg\u00e4u a Memmingen e nella sede centrale dell&#8217;azienda, dove ha gestito per diversi anni l&#8217;attivit\u00e0 globale di logistica contrattuale del fornitore di logistica.<\/p>\n<h5><strong>Nuovo settore del consiglio<\/strong><\/h5>\n<p>Il nuovo settore del consiglio IT &amp; Development \u00e8 guidato da Stefan Hohm (48) come Chief Development Officer (CDO). Hohm \u00e8 in Dachser da 28 anni e ha operato, tra l&#8217;altro, nelle filiali di Erfurt (Turingia) e Hof (Alto Franconia). Ultimamente, \u00e8 stato Corporate Director per la ricerca e lo sviluppo e per le soluzioni aziendali presso Dachser. Oltre a sviluppare ulteriormente l&#8217;IT, ora assume anche la logistica contrattuale globale nel suo ambito di responsabilit\u00e0.<\/p>\n<p>La successione di Burkhard Eling come CFO \u00e8 stata assunta dal manager finanziario logistico Robert Erni, con esperienza internazionale, dopo un periodo di formazione e transizione di quattro mesi, a partire dal 1.1.2021. Prima del suo ingresso in Dachser, il 54enne svizzero ha ricoperto per quasi sette anni il ruolo di Group CFO per il settore finanziario del fornitore di logistica Panalpina.<\/p>\n<p>Non ci sono cambiamenti nel settore del trasporto aereo e marittimo di Dachser. Questo \u00e8 guidato da Edoardo Podest\u00e0 come COO Air &amp; Sea Logistics dal ottobre 2019. L&#8217;italiano 58enne, con sede a Hong Kong, dirige dal 2014 l&#8217;attivit\u00e0 di trasporto aereo e marittimo di Dachser nell&#8217;unit\u00e0 aziendale Asia Pacific. Podest\u00e0 \u00e8 anche un manager di Dachser con molta esperienza. \u00c8 entrato nell&#8217;azienda nel 2003 in seguito all&#8217;acquisizione della joint venture &#8216;Z\u00fcst Ambrosetti Far East Ltd.&#8217;<\/p>\n<p>Foto: \u00a9 Dachser<\/p>\n<p><a href=\"https:\/\/www.dachser.de\" target=\"_blank\" rel=\"noopener noreferrer\">www.dachser.de<\/a><\/p>\n","protected":false},"excerpt":{"rendered":"<p>Il cambio generazionale \u00e8 avvenuto presso il fornitore di logistica Dachser. Con un nuovo team di gestione, il gruppo entra nel nuovo anno. Stefan Hohm come<span class=\"excerpt-hellip\"> [\u2026]<\/span><\/p>\n","protected":false},"author":0,"featured_media":0,"comment_status":"open","ping_status":"open","sticky":false,"template":"","format":"standard","meta":{"_acf_changed":false,"footnotes":""},"categories":[1557,1561],"tags":[],"class_list":["post-22375","post","type-post","status-publish","format-standard","hentry","category-forwarding-logistics","category-regions"],"acf":[],"yoast_head":"<!-- This site is optimized with the Yoast SEO plugin v27.3 - https:\/\/yoast.com\/product\/yoast-seo-wordpress\/ -->\n<title>Dachser inizia il nuovo anno con Burkhard Eling come CEO - Loginfo24<\/title>\n<meta name=\"robots\" content=\"index, follow, max-snippet:-1, max-image-preview:large, max-video-preview:-1\" \/>\n<link rel=\"canonical\" href=\"https:\/\/loginfo24.com\/it\/2021\/01\/06\/dachser-inizia-il-nuovo-anno-con-burkhard-eling-come-ceo\/\" \/>\n<meta property=\"og:locale\" content=\"it_IT\" \/>\n<meta property=\"og:type\" content=\"article\" \/>\n<meta property=\"og:title\" content=\"Dachser inizia il nuovo anno con Burkhard Eling come CEO - Loginfo24\" \/>\n<meta property=\"og:description\" content=\"Il cambio generazionale \u00e8 avvenuto presso il fornitore di logistica Dachser. Con un nuovo team di gestione, il gruppo entra nel nuovo anno. Stefan Hohm come [\u2026]\" \/>\n<meta property=\"og:url\" content=\"https:\/\/loginfo24.com\/it\/2021\/01\/06\/dachser-inizia-il-nuovo-anno-con-burkhard-eling-come-ceo\/\" \/>\n<meta property=\"og:site_name\" content=\"Loginfo24\" \/>\n<meta property=\"article:publisher\" content=\"https:\/\/www.facebook.com\/people\/Loginfo24\/100057360583332\/\" \/>\n<meta property=\"article:published_time\" content=\"2021-01-06T18:30:07+00:00\" \/>\n<meta property=\"article:modified_time\" content=\"2025-12-15T11:48:55+00:00\" \/>\n<meta property=\"og:image\" content=\"https:\/\/loginfo24.com\/wp-content\/uploads\/sites\/7\/2025\/12\/Banner_Newsletter_Adesso_19.12.20_21.12.20.jpg\" \/>\n<meta name=\"twitter:card\" content=\"summary_large_image\" \/>\n<meta name=\"twitter:label1\" content=\"Tempo di lettura stimato\" \/>\n\t<meta name=\"twitter:data1\" content=\"4 minuto\" \/>\n<script type=\"application\/ld+json\" class=\"yoast-schema-graph\">{\"@context\":\"https:\\\/\\\/schema.org\",\"@graph\":[{\"@type\":\"Article\",\"@id\":\"https:\\\/\\\/loginfo24.com\\\/it\\\/2021\\\/01\\\/06\\\/dachser-inizia-il-nuovo-anno-con-burkhard-eling-come-ceo\\\/#article\",\"isPartOf\":{\"@id\":\"https:\\\/\\\/loginfo24.com\\\/it\\\/2021\\\/01\\\/06\\\/dachser-inizia-il-nuovo-anno-con-burkhard-eling-come-ceo\\\/\"},\"author\":{\"name\":\"\",\"@id\":\"\"},\"headline\":\"Dachser inizia il nuovo anno con Burkhard Eling come CEO\",\"datePublished\":\"2021-01-06T18:30:07+00:00\",\"dateModified\":\"2025-12-15T11:48:55+00:00\",\"mainEntityOfPage\":{\"@id\":\"https:\\\/\\\/loginfo24.com\\\/it\\\/2021\\\/01\\\/06\\\/dachser-inizia-il-nuovo-anno-con-burkhard-eling-come-ceo\\\/\"},\"wordCount\":773,\"commentCount\":0,\"publisher\":{\"@id\":\"https:\\\/\\\/loginfo24.com\\\/it\\\/#organization\"},\"image\":{\"@id\":\"https:\\\/\\\/loginfo24.com\\\/it\\\/2021\\\/01\\\/06\\\/dachser-inizia-il-nuovo-anno-con-burkhard-eling-come-ceo\\\/#primaryimage\"},\"thumbnailUrl\":\"https:\\\/\\\/loginfo24.com\\\/wp-content\\\/uploads\\\/sites\\\/7\\\/2025\\\/12\\\/Banner_Newsletter_Adesso_19.12.20_21.12.20.jpg\",\"articleSection\":[\"Forwarding &amp; Logistics\",\"Regions\"],\"inLanguage\":\"it-IT\",\"potentialAction\":[{\"@type\":\"CommentAction\",\"name\":\"Comment\",\"target\":[\"https:\\\/\\\/loginfo24.com\\\/it\\\/2021\\\/01\\\/06\\\/dachser-inizia-il-nuovo-anno-con-burkhard-eling-come-ceo\\\/#respond\"]}]},{\"@type\":\"WebPage\",\"@id\":\"https:\\\/\\\/loginfo24.com\\\/it\\\/2021\\\/01\\\/06\\\/dachser-inizia-il-nuovo-anno-con-burkhard-eling-come-ceo\\\/\",\"url\":\"https:\\\/\\\/loginfo24.com\\\/it\\\/2021\\\/01\\\/06\\\/dachser-inizia-il-nuovo-anno-con-burkhard-eling-come-ceo\\\/\",\"name\":\"Dachser inizia il nuovo anno con Burkhard Eling come CEO - Loginfo24\",\"isPartOf\":{\"@id\":\"https:\\\/\\\/loginfo24.com\\\/it\\\/#website\"},\"primaryImageOfPage\":{\"@id\":\"https:\\\/\\\/loginfo24.com\\\/it\\\/2021\\\/01\\\/06\\\/dachser-inizia-il-nuovo-anno-con-burkhard-eling-come-ceo\\\/#primaryimage\"},\"image\":{\"@id\":\"https:\\\/\\\/loginfo24.com\\\/it\\\/2021\\\/01\\\/06\\\/dachser-inizia-il-nuovo-anno-con-burkhard-eling-come-ceo\\\/#primaryimage\"},\"thumbnailUrl\":\"https:\\\/\\\/loginfo24.com\\\/wp-content\\\/uploads\\\/sites\\\/7\\\/2025\\\/12\\\/Banner_Newsletter_Adesso_19.12.20_21.12.20.jpg\",\"datePublished\":\"2021-01-06T18:30:07+00:00\",\"dateModified\":\"2025-12-15T11:48:55+00:00\",\"breadcrumb\":{\"@id\":\"https:\\\/\\\/loginfo24.com\\\/it\\\/2021\\\/01\\\/06\\\/dachser-inizia-il-nuovo-anno-con-burkhard-eling-come-ceo\\\/#breadcrumb\"},\"inLanguage\":\"it-IT\",\"potentialAction\":[{\"@type\":\"ReadAction\",\"target\":[\"https:\\\/\\\/loginfo24.com\\\/it\\\/2021\\\/01\\\/06\\\/dachser-inizia-il-nuovo-anno-con-burkhard-eling-come-ceo\\\/\"]}]},{\"@type\":\"ImageObject\",\"inLanguage\":\"it-IT\",\"@id\":\"https:\\\/\\\/loginfo24.com\\\/it\\\/2021\\\/01\\\/06\\\/dachser-inizia-il-nuovo-anno-con-burkhard-eling-come-ceo\\\/#primaryimage\",\"url\":\"https:\\\/\\\/loginfo24.com\\\/wp-content\\\/uploads\\\/sites\\\/7\\\/2025\\\/12\\\/Banner_Newsletter_Adesso_19.12.20_21.12.20.jpg\",\"contentUrl\":\"https:\\\/\\\/loginfo24.com\\\/wp-content\\\/uploads\\\/sites\\\/7\\\/2025\\\/12\\\/Banner_Newsletter_Adesso_19.12.20_21.12.20.jpg\"},{\"@type\":\"BreadcrumbList\",\"@id\":\"https:\\\/\\\/loginfo24.com\\\/it\\\/2021\\\/01\\\/06\\\/dachser-inizia-il-nuovo-anno-con-burkhard-eling-come-ceo\\\/#breadcrumb\",\"itemListElement\":[{\"@type\":\"ListItem\",\"position\":1,\"name\":\"Startseite\",\"item\":\"https:\\\/\\\/loginfo24.com\\\/it\\\/\"},{\"@type\":\"ListItem\",\"position\":2,\"name\":\"Dachser inizia il nuovo anno con Burkhard Eling come CEO\"}]},{\"@type\":\"WebSite\",\"@id\":\"https:\\\/\\\/loginfo24.com\\\/it\\\/#website\",\"url\":\"https:\\\/\\\/loginfo24.com\\\/it\\\/\",\"name\":\"Loginfo24\",\"description\":\"Loginfo24 \u00e8 la piattaforma dedicata alla logistica e alle catene di fornitura con informazioni disponibili 24 ore su 24.\",\"publisher\":{\"@id\":\"https:\\\/\\\/loginfo24.com\\\/it\\\/#organization\"},\"potentialAction\":[{\"@type\":\"SearchAction\",\"target\":{\"@type\":\"EntryPoint\",\"urlTemplate\":\"https:\\\/\\\/loginfo24.com\\\/it\\\/?s={search_term_string}\"},\"query-input\":{\"@type\":\"PropertyValueSpecification\",\"valueRequired\":true,\"valueName\":\"search_term_string\"}}],\"inLanguage\":\"it-IT\"},{\"@type\":\"Organization\",\"@id\":\"https:\\\/\\\/loginfo24.com\\\/it\\\/#organization\",\"name\":\"Logismedia Group AG\",\"url\":\"https:\\\/\\\/loginfo24.com\\\/it\\\/\",\"logo\":{\"@type\":\"ImageObject\",\"inLanguage\":\"it-IT\",\"@id\":\"https:\\\/\\\/loginfo24.com\\\/it\\\/#\\\/schema\\\/logo\\\/image\\\/\",\"url\":\"https:\\\/\\\/loginfo24.com\\\/wp-content\\\/uploads\\\/sites\\\/7\\\/2026\\\/01\\\/Logo_LogInfo24.png\",\"contentUrl\":\"https:\\\/\\\/loginfo24.com\\\/wp-content\\\/uploads\\\/sites\\\/7\\\/2026\\\/01\\\/Logo_LogInfo24.png\",\"width\":938,\"height\":351,\"caption\":\"Logismedia Group AG\"},\"image\":{\"@id\":\"https:\\\/\\\/loginfo24.com\\\/it\\\/#\\\/schema\\\/logo\\\/image\\\/\"},\"sameAs\":[\"https:\\\/\\\/www.facebook.com\\\/people\\\/Loginfo24\\\/100057360583332\\\/\",\"https:\\\/\\\/www.linkedin.com\\\/company\\\/lofinfo24\\\/\"]}]}<\/script>\n<!-- \/ Yoast SEO plugin. -->","yoast_head_json":{"title":"Dachser inizia il nuovo anno con Burkhard Eling come CEO - Loginfo24","robots":{"index":"index","follow":"follow","max-snippet":"max-snippet:-1","max-image-preview":"max-image-preview:large","max-video-preview":"max-video-preview:-1"},"canonical":"https:\/\/loginfo24.com\/it\/2021\/01\/06\/dachser-inizia-il-nuovo-anno-con-burkhard-eling-come-ceo\/","og_locale":"it_IT","og_type":"article","og_title":"Dachser inizia il nuovo anno con Burkhard Eling come CEO - Loginfo24","og_description":"Il cambio generazionale \u00e8 avvenuto presso il fornitore di logistica Dachser. Con un nuovo team di gestione, il gruppo entra nel nuovo anno. Stefan Hohm come [\u2026]","og_url":"https:\/\/loginfo24.com\/it\/2021\/01\/06\/dachser-inizia-il-nuovo-anno-con-burkhard-eling-come-ceo\/","og_site_name":"Loginfo24","article_publisher":"https:\/\/www.facebook.com\/people\/Loginfo24\/100057360583332\/","article_published_time":"2021-01-06T18:30:07+00:00","article_modified_time":"2025-12-15T11:48:55+00:00","og_image":[{"url":"https:\/\/loginfo24.com\/wp-content\/uploads\/sites\/7\/2025\/12\/Banner_Newsletter_Adesso_19.12.20_21.12.20.jpg","type":"","width":"","height":""}],"twitter_card":"summary_large_image","twitter_misc":{"Tempo di lettura stimato":"4 minuto"},"schema":{"@context":"https:\/\/schema.org","@graph":[{"@type":"Article","@id":"https:\/\/loginfo24.com\/it\/2021\/01\/06\/dachser-inizia-il-nuovo-anno-con-burkhard-eling-come-ceo\/#article","isPartOf":{"@id":"https:\/\/loginfo24.com\/it\/2021\/01\/06\/dachser-inizia-il-nuovo-anno-con-burkhard-eling-come-ceo\/"},"author":{"name":"","@id":""},"headline":"Dachser inizia il nuovo anno con Burkhard Eling come CEO","datePublished":"2021-01-06T18:30:07+00:00","dateModified":"2025-12-15T11:48:55+00:00","mainEntityOfPage":{"@id":"https:\/\/loginfo24.com\/it\/2021\/01\/06\/dachser-inizia-il-nuovo-anno-con-burkhard-eling-come-ceo\/"},"wordCount":773,"commentCount":0,"publisher":{"@id":"https:\/\/loginfo24.com\/it\/#organization"},"image":{"@id":"https:\/\/loginfo24.com\/it\/2021\/01\/06\/dachser-inizia-il-nuovo-anno-con-burkhard-eling-come-ceo\/#primaryimage"},"thumbnailUrl":"https:\/\/loginfo24.com\/wp-content\/uploads\/sites\/7\/2025\/12\/Banner_Newsletter_Adesso_19.12.20_21.12.20.jpg","articleSection":["Forwarding &amp; Logistics","Regions"],"inLanguage":"it-IT","potentialAction":[{"@type":"CommentAction","name":"Comment","target":["https:\/\/loginfo24.com\/it\/2021\/01\/06\/dachser-inizia-il-nuovo-anno-con-burkhard-eling-come-ceo\/#respond"]}]},{"@type":"WebPage","@id":"https:\/\/loginfo24.com\/it\/2021\/01\/06\/dachser-inizia-il-nuovo-anno-con-burkhard-eling-come-ceo\/","url":"https:\/\/loginfo24.com\/it\/2021\/01\/06\/dachser-inizia-il-nuovo-anno-con-burkhard-eling-come-ceo\/","name":"Dachser inizia il nuovo anno con Burkhard Eling come CEO - Loginfo24","isPartOf":{"@id":"https:\/\/loginfo24.com\/it\/#website"},"primaryImageOfPage":{"@id":"https:\/\/loginfo24.com\/it\/2021\/01\/06\/dachser-inizia-il-nuovo-anno-con-burkhard-eling-come-ceo\/#primaryimage"},"image":{"@id":"https:\/\/loginfo24.com\/it\/2021\/01\/06\/dachser-inizia-il-nuovo-anno-con-burkhard-eling-come-ceo\/#primaryimage"},"thumbnailUrl":"https:\/\/loginfo24.com\/wp-content\/uploads\/sites\/7\/2025\/12\/Banner_Newsletter_Adesso_19.12.20_21.12.20.jpg","datePublished":"2021-01-06T18:30:07+00:00","dateModified":"2025-12-15T11:48:55+00:00","breadcrumb":{"@id":"https:\/\/loginfo24.com\/it\/2021\/01\/06\/dachser-inizia-il-nuovo-anno-con-burkhard-eling-come-ceo\/#breadcrumb"},"inLanguage":"it-IT","potentialAction":[{"@type":"ReadAction","target":["https:\/\/loginfo24.com\/it\/2021\/01\/06\/dachser-inizia-il-nuovo-anno-con-burkhard-eling-come-ceo\/"]}]},{"@type":"ImageObject","inLanguage":"it-IT","@id":"https:\/\/loginfo24.com\/it\/2021\/01\/06\/dachser-inizia-il-nuovo-anno-con-burkhard-eling-come-ceo\/#primaryimage","url":"https:\/\/loginfo24.com\/wp-content\/uploads\/sites\/7\/2025\/12\/Banner_Newsletter_Adesso_19.12.20_21.12.20.jpg","contentUrl":"https:\/\/loginfo24.com\/wp-content\/uploads\/sites\/7\/2025\/12\/Banner_Newsletter_Adesso_19.12.20_21.12.20.jpg"},{"@type":"BreadcrumbList","@id":"https:\/\/loginfo24.com\/it\/2021\/01\/06\/dachser-inizia-il-nuovo-anno-con-burkhard-eling-come-ceo\/#breadcrumb","itemListElement":[{"@type":"ListItem","position":1,"name":"Startseite","item":"https:\/\/loginfo24.com\/it\/"},{"@type":"ListItem","position":2,"name":"Dachser inizia il nuovo anno con Burkhard Eling come CEO"}]},{"@type":"WebSite","@id":"https:\/\/loginfo24.com\/it\/#website","url":"https:\/\/loginfo24.com\/it\/","name":"Loginfo24","description":"Loginfo24 \u00e8 la piattaforma dedicata alla logistica e alle catene di fornitura con informazioni disponibili 24 ore su 24.","publisher":{"@id":"https:\/\/loginfo24.com\/it\/#organization"},"potentialAction":[{"@type":"SearchAction","target":{"@type":"EntryPoint","urlTemplate":"https:\/\/loginfo24.com\/it\/?s={search_term_string}"},"query-input":{"@type":"PropertyValueSpecification","valueRequired":true,"valueName":"search_term_string"}}],"inLanguage":"it-IT"},{"@type":"Organization","@id":"https:\/\/loginfo24.com\/it\/#organization","name":"Logismedia Group AG","url":"https:\/\/loginfo24.com\/it\/","logo":{"@type":"ImageObject","inLanguage":"it-IT","@id":"https:\/\/loginfo24.com\/it\/#\/schema\/logo\/image\/","url":"https:\/\/loginfo24.com\/wp-content\/uploads\/sites\/7\/2026\/01\/Logo_LogInfo24.png","contentUrl":"https:\/\/loginfo24.com\/wp-content\/uploads\/sites\/7\/2026\/01\/Logo_LogInfo24.png","width":938,"height":351,"caption":"Logismedia Group AG"},"image":{"@id":"https:\/\/loginfo24.com\/it\/#\/schema\/logo\/image\/"},"sameAs":["https:\/\/www.facebook.com\/people\/Loginfo24\/100057360583332\/","https:\/\/www.linkedin.com\/company\/lofinfo24\/"]}]}},"_links":{"self":[{"href":"https:\/\/loginfo24.com\/it\/wp-json\/wp\/v2\/posts\/22375","targetHints":{"allow":["GET"]}}],"collection":[{"href":"https:\/\/loginfo24.com\/it\/wp-json\/wp\/v2\/posts"}],"about":[{"href":"https:\/\/loginfo24.com\/it\/wp-json\/wp\/v2\/types\/post"}],"replies":[{"embeddable":true,"href":"https:\/\/loginfo24.com\/it\/wp-json\/wp\/v2\/comments?post=22375"}],"version-history":[{"count":1,"href":"https:\/\/loginfo24.com\/it\/wp-json\/wp\/v2\/posts\/22375\/revisions"}],"predecessor-version":[{"id":40936,"href":"https:\/\/loginfo24.com\/it\/wp-json\/wp\/v2\/posts\/22375\/revisions\/40936"}],"wp:attachment":[{"href":"https:\/\/loginfo24.com\/it\/wp-json\/wp\/v2\/media?parent=22375"}],"wp:term":[{"taxonomy":"category","embeddable":true,"href":"https:\/\/loginfo24.com\/it\/wp-json\/wp\/v2\/categories?post=22375"},{"taxonomy":"post_tag","embeddable":true,"href":"https:\/\/loginfo24.com\/it\/wp-json\/wp\/v2\/tags?post=22375"}],"curies":[{"name":"wp","href":"https:\/\/api.w.org\/{rel}","templated":true}]}}