{"id":21586,"date":"2020-11-26T17:10:55","date_gmt":"2020-11-26T16:10:55","guid":{"rendered":"https:\/\/blog.brand-architecture.at\/2020\/11\/26\/dekra-avverte-i-bambini-devono-essere-sempre-allacciati-in-una-bicicletta-cargo\/"},"modified":"2025-12-15T12:44:48","modified_gmt":"2025-12-15T11:44:48","slug":"dekra-avverte-i-bambini-devono-essere-sempre-allacciati-in-una-bicicletta-cargo","status":"publish","type":"post","link":"https:\/\/loginfo24.com\/it\/2020\/11\/26\/dekra-avverte-i-bambini-devono-essere-sempre-allacciati-in-una-bicicletta-cargo\/","title":{"rendered":"Dekra avverte: I bambini devono essere sempre allacciati in una bicicletta cargo"},"content":{"rendered":"<p>Gli esperti di sicurezza di Dekra avvertono riguardo ai bambini non allacciati nelle biciclette cargo. In particolare, quelle con il piano di carico davanti al manubrio. In un rapporto con video e galleria fotografica, Dekra mostra i pericoli che attendono i bambini che non sono allacciati mentre siedono sul piano di carico. Anche le merci non assicurate possono diventare pericolose.<\/p>\n<p>Ma in ogni caso: i bambini non sono merci!<\/p>\n<p>(Stoccarda) La tendenza verso le biciclette cargo \u00e8 inarrestabile. L&#8217;offerta cresce costantemente e le vendite aumentano. Gli studi affermano che in futuro circa il 50% di tutti i trasporti di merci motorizzati nelle citt\u00e0 potrebbe essere gestito tramite biciclette cargo. Ma non solo i servizi di trasporto e consegna o gli artigiani hanno riconosciuto i vantaggi delle biciclette cargo, anche le famiglie si stanno adattando a questa tendenza. Sempre pi\u00f9 spesso si vedono genitori che trasportano i propri figli non sul seggiolino della bicicletta o nel rimorchio, ma nella bicicletta cargo. I ricercatori di incidenti DEKRA forniscono chiare raccomandazioni in materia di sicurezza.<\/p>\n<h5><strong>Pericoli per i bambini non allacciati<\/strong><\/h5>\n<ul>\n<li>Prova di frenata: un manichino per bambini non allacciato viene sbalzato fuori<\/li>\n<li>Gravi lesioni alla testa sarebbero la conseguenza \u2013 tanto pi\u00f9 senza casco<\/li>\n<li>Appello ai rivenditori di biciclette: mettere la sicurezza al centro della consulenza<\/li>\n<\/ul>\n<p>I vantaggi della bicicletta cargo per genitori e bambini sono evidenti: di solito \u00e8 possibile trasportare senza problemi anche due bambini, a differenza del classico seggiolino per biciclette. Inoltre, i piccoli hanno molto spazio e una vista libera, e sono \u2013 a differenza di un rimorchio \u2013 nel campo visivo dei genitori. Molti fattori parlano quindi a favore della bicicletta cargo, a patto che venga prestata attenzione alla sicurezza.<\/p>\n<p>In questo senso, i risultati di una serie di test per l&#8217;attuale rapporto sulla sicurezza stradale DEKRA &#8220;Mobilit\u00e0 su due ruote&#8221; sono chiari: i bambini sono al sicuro nella bicicletta cargo solo se la bicicletta \u00e8 dotata di un sistema di allacciamento \u2013 e se questo viene utilizzato. Infatti, le prestazioni di frenata delle moderne biciclette cargo sono molto convincenti.<\/p>\n<h5><strong>Test reale al Lausitzring<\/strong><\/h5>\n<p>Nel DEKRA Technology Center al Lausitzring in Brandeburgo, gli esperti hanno testato diversi scenari con un manichino per bambini. In un caso, il manichino era assicurato con il sistema di allacciamento fornito dal produttore, nell&#8217;altro caso era seduto non allacciato sul sedile nella cargo-box. \u00c8 stata effettuata una frenata con il freno della bicicletta a 25 km\/h.<\/p>\n<h4><a href=\"https:\/\/media.dekra.com\/media\/video-dekra-vsr-2020-lastenrad-final.mp4\" target=\"_blank\" rel=\"noopener noreferrer\">Video del test<\/a><\/h4>\n<p>&#8220;Il manichino allacciato ha cambiato posizione di poco durante la frenata&#8221;, afferma Peter R\u00fccker, responsabile della ricerca sugli incidenti DEKRA. &#8220;Al contrario, il manichino non allacciato \u00e8 stato sbalzato fuori dalla scatola e ha colpito la strada con la testa. Gravi lesioni alla testa sarebbero state la conseguenza di un incidente di questo tipo \u2013 tanto pi\u00f9 senza casco.&#8221;Pertanto, il motto secondo gli esperti DEKRA pu\u00f2 essere solo questo: chi trasporta bambini in una bicicletta cargo deve allacciarli a tutti i costi. Per proteggere in caso di collisioni con altri utenti della strada, \u00e8 inoltre fortemente consigliato indossare un casco.<\/p>\n<p>Il consiglio ai rivenditori di biciclette \u00e8 altrettanto chiaro: durante la vendita di biciclette cargo, \u00e8 fondamentale discutere con il cliente l&#8217;uso previsto. Se il trasporto di bambini \u00e8 in questione, il rivenditore dovrebbe insistere nella consulenza sull&#8217;acquisto di un modello adeguato con sistema di allacciamento. &#8220;Le immagini della nostra prova di frenata forniscono argomenti convincenti&#8221;, afferma Peter R\u00fccker.<\/p>\n<h5><strong>Il rapporto sulla sicurezza stradale DEKRA<\/strong><\/h5>\n<p>Dal 2008, DEKRA pubblica annualmente il rapporto sulla sicurezza stradale su un tema specifico. Il rapporto 2020 si occupa della mobilit\u00e0 su due ruote. La sicurezza stradale in relazione a biciclette, Pedelecs, E-scooter e motocicli viene esaminata dagli esperti DEKRA da diverse angolazioni. Alla fine ci sono richieste e raccomandazioni concrete nei settori della tecnologia, infrastruttura e fattore umano.<\/p>\n<p>Il portale online <a href=\"https:\/\/www.dekra-roadsafety.com\">www.dekra-roadsafety.com<\/a> offre i contenuti del rapporto e dei suoi predecessori, nonch\u00e9 informazioni pi\u00f9 dettagliate, ad esempio anche filmati della prova di frenata con la bicicletta cargo. Inoltre, qui \u00e8 possibile scaricare tutti i rapporti sulla sicurezza stradale DEKRA in formato PDF.<\/p>\n<p>Foto\/Video: \u00a9 Dekra<\/p>\n<p><a href=\"https:\/\/www.dekra.de\" target=\"_blank\" rel=\"noopener noreferrer\">www.dekra.de<\/a><\/p>\n","protected":false},"excerpt":{"rendered":"<p>Gli esperti di sicurezza di Dekra avvertono riguardo ai bambini non allacciati nelle biciclette cargo. In particolare, quelle con il piano di carico davanti al manubrio.<span class=\"excerpt-hellip\"> [\u2026]<\/span><\/p>\n","protected":false},"author":0,"featured_media":0,"comment_status":"open","ping_status":"open","sticky":false,"template":"","format":"standard","meta":{"_acf_changed":false,"footnotes":""},"categories":[1557,1561],"tags":[],"class_list":["post-21586","post","type-post","status-publish","format-standard","hentry","category-forwarding-logistics","category-regions"],"acf":[],"yoast_head":"<!-- This site is optimized with the Yoast SEO plugin v27.3 - https:\/\/yoast.com\/product\/yoast-seo-wordpress\/ -->\n<title>Dekra avverte: I bambini devono essere sempre allacciati in una bicicletta cargo - Loginfo24<\/title>\n<meta name=\"robots\" content=\"index, follow, max-snippet:-1, max-image-preview:large, max-video-preview:-1\" \/>\n<link rel=\"canonical\" href=\"https:\/\/loginfo24.com\/it\/2020\/11\/26\/dekra-avverte-i-bambini-devono-essere-sempre-allacciati-in-una-bicicletta-cargo\/\" \/>\n<meta property=\"og:locale\" content=\"it_IT\" \/>\n<meta property=\"og:type\" content=\"article\" \/>\n<meta property=\"og:title\" content=\"Dekra avverte: I bambini devono essere sempre allacciati in una bicicletta cargo - Loginfo24\" \/>\n<meta property=\"og:description\" content=\"Gli esperti di sicurezza di Dekra avvertono riguardo ai bambini non allacciati nelle biciclette cargo. In particolare, quelle con il piano di carico davanti al manubrio. [\u2026]\" \/>\n<meta property=\"og:url\" content=\"https:\/\/loginfo24.com\/it\/2020\/11\/26\/dekra-avverte-i-bambini-devono-essere-sempre-allacciati-in-una-bicicletta-cargo\/\" \/>\n<meta property=\"og:site_name\" content=\"Loginfo24\" \/>\n<meta property=\"article:publisher\" content=\"https:\/\/www.facebook.com\/people\/Loginfo24\/100057360583332\/\" \/>\n<meta property=\"article:published_time\" content=\"2020-11-26T16:10:55+00:00\" \/>\n<meta property=\"article:modified_time\" content=\"2025-12-15T11:44:48+00:00\" \/>\n<meta name=\"twitter:card\" content=\"summary_large_image\" \/>\n<meta name=\"twitter:label1\" content=\"Tempo di lettura stimato\" \/>\n\t<meta name=\"twitter:data1\" content=\"3 minuto\" \/>\n<script type=\"application\/ld+json\" class=\"yoast-schema-graph\">{\"@context\":\"https:\\\/\\\/schema.org\",\"@graph\":[{\"@type\":\"Article\",\"@id\":\"https:\\\/\\\/loginfo24.com\\\/it\\\/2020\\\/11\\\/26\\\/dekra-avverte-i-bambini-devono-essere-sempre-allacciati-in-una-bicicletta-cargo\\\/#article\",\"isPartOf\":{\"@id\":\"https:\\\/\\\/loginfo24.com\\\/it\\\/2020\\\/11\\\/26\\\/dekra-avverte-i-bambini-devono-essere-sempre-allacciati-in-una-bicicletta-cargo\\\/\"},\"author\":{\"name\":\"\",\"@id\":\"\"},\"headline\":\"Dekra avverte: I bambini devono essere sempre allacciati in una bicicletta cargo\",\"datePublished\":\"2020-11-26T16:10:55+00:00\",\"dateModified\":\"2025-12-15T11:44:48+00:00\",\"mainEntityOfPage\":{\"@id\":\"https:\\\/\\\/loginfo24.com\\\/it\\\/2020\\\/11\\\/26\\\/dekra-avverte-i-bambini-devono-essere-sempre-allacciati-in-una-bicicletta-cargo\\\/\"},\"wordCount\":685,\"commentCount\":0,\"publisher\":{\"@id\":\"https:\\\/\\\/loginfo24.com\\\/it\\\/#organization\"},\"articleSection\":[\"Forwarding &amp; Logistics\",\"Regions\"],\"inLanguage\":\"it-IT\",\"potentialAction\":[{\"@type\":\"CommentAction\",\"name\":\"Comment\",\"target\":[\"https:\\\/\\\/loginfo24.com\\\/it\\\/2020\\\/11\\\/26\\\/dekra-avverte-i-bambini-devono-essere-sempre-allacciati-in-una-bicicletta-cargo\\\/#respond\"]}]},{\"@type\":\"WebPage\",\"@id\":\"https:\\\/\\\/loginfo24.com\\\/it\\\/2020\\\/11\\\/26\\\/dekra-avverte-i-bambini-devono-essere-sempre-allacciati-in-una-bicicletta-cargo\\\/\",\"url\":\"https:\\\/\\\/loginfo24.com\\\/it\\\/2020\\\/11\\\/26\\\/dekra-avverte-i-bambini-devono-essere-sempre-allacciati-in-una-bicicletta-cargo\\\/\",\"name\":\"Dekra avverte: I bambini devono essere sempre allacciati in una bicicletta cargo - Loginfo24\",\"isPartOf\":{\"@id\":\"https:\\\/\\\/loginfo24.com\\\/it\\\/#website\"},\"datePublished\":\"2020-11-26T16:10:55+00:00\",\"dateModified\":\"2025-12-15T11:44:48+00:00\",\"breadcrumb\":{\"@id\":\"https:\\\/\\\/loginfo24.com\\\/it\\\/2020\\\/11\\\/26\\\/dekra-avverte-i-bambini-devono-essere-sempre-allacciati-in-una-bicicletta-cargo\\\/#breadcrumb\"},\"inLanguage\":\"it-IT\",\"potentialAction\":[{\"@type\":\"ReadAction\",\"target\":[\"https:\\\/\\\/loginfo24.com\\\/it\\\/2020\\\/11\\\/26\\\/dekra-avverte-i-bambini-devono-essere-sempre-allacciati-in-una-bicicletta-cargo\\\/\"]}]},{\"@type\":\"BreadcrumbList\",\"@id\":\"https:\\\/\\\/loginfo24.com\\\/it\\\/2020\\\/11\\\/26\\\/dekra-avverte-i-bambini-devono-essere-sempre-allacciati-in-una-bicicletta-cargo\\\/#breadcrumb\",\"itemListElement\":[{\"@type\":\"ListItem\",\"position\":1,\"name\":\"Startseite\",\"item\":\"https:\\\/\\\/loginfo24.com\\\/it\\\/\"},{\"@type\":\"ListItem\",\"position\":2,\"name\":\"Dekra avverte: I bambini devono essere sempre allacciati in una bicicletta cargo\"}]},{\"@type\":\"WebSite\",\"@id\":\"https:\\\/\\\/loginfo24.com\\\/it\\\/#website\",\"url\":\"https:\\\/\\\/loginfo24.com\\\/it\\\/\",\"name\":\"Loginfo24\",\"description\":\"Loginfo24 \u00e8 la piattaforma dedicata alla logistica e alle catene di fornitura con informazioni disponibili 24 ore su 24.\",\"publisher\":{\"@id\":\"https:\\\/\\\/loginfo24.com\\\/it\\\/#organization\"},\"potentialAction\":[{\"@type\":\"SearchAction\",\"target\":{\"@type\":\"EntryPoint\",\"urlTemplate\":\"https:\\\/\\\/loginfo24.com\\\/it\\\/?s={search_term_string}\"},\"query-input\":{\"@type\":\"PropertyValueSpecification\",\"valueRequired\":true,\"valueName\":\"search_term_string\"}}],\"inLanguage\":\"it-IT\"},{\"@type\":\"Organization\",\"@id\":\"https:\\\/\\\/loginfo24.com\\\/it\\\/#organization\",\"name\":\"Logismedia Group AG\",\"url\":\"https:\\\/\\\/loginfo24.com\\\/it\\\/\",\"logo\":{\"@type\":\"ImageObject\",\"inLanguage\":\"it-IT\",\"@id\":\"https:\\\/\\\/loginfo24.com\\\/it\\\/#\\\/schema\\\/logo\\\/image\\\/\",\"url\":\"https:\\\/\\\/loginfo24.com\\\/wp-content\\\/uploads\\\/sites\\\/7\\\/2026\\\/01\\\/Logo_LogInfo24.png\",\"contentUrl\":\"https:\\\/\\\/loginfo24.com\\\/wp-content\\\/uploads\\\/sites\\\/7\\\/2026\\\/01\\\/Logo_LogInfo24.png\",\"width\":938,\"height\":351,\"caption\":\"Logismedia Group AG\"},\"image\":{\"@id\":\"https:\\\/\\\/loginfo24.com\\\/it\\\/#\\\/schema\\\/logo\\\/image\\\/\"},\"sameAs\":[\"https:\\\/\\\/www.facebook.com\\\/people\\\/Loginfo24\\\/100057360583332\\\/\",\"https:\\\/\\\/www.linkedin.com\\\/company\\\/lofinfo24\\\/\"]}]}<\/script>\n<!-- \/ Yoast SEO plugin. -->","yoast_head_json":{"title":"Dekra avverte: I bambini devono essere sempre allacciati in una bicicletta cargo - Loginfo24","robots":{"index":"index","follow":"follow","max-snippet":"max-snippet:-1","max-image-preview":"max-image-preview:large","max-video-preview":"max-video-preview:-1"},"canonical":"https:\/\/loginfo24.com\/it\/2020\/11\/26\/dekra-avverte-i-bambini-devono-essere-sempre-allacciati-in-una-bicicletta-cargo\/","og_locale":"it_IT","og_type":"article","og_title":"Dekra avverte: I bambini devono essere sempre allacciati in una bicicletta cargo - Loginfo24","og_description":"Gli esperti di sicurezza di Dekra avvertono riguardo ai bambini non allacciati nelle biciclette cargo. In particolare, quelle con il piano di carico davanti al manubrio. [\u2026]","og_url":"https:\/\/loginfo24.com\/it\/2020\/11\/26\/dekra-avverte-i-bambini-devono-essere-sempre-allacciati-in-una-bicicletta-cargo\/","og_site_name":"Loginfo24","article_publisher":"https:\/\/www.facebook.com\/people\/Loginfo24\/100057360583332\/","article_published_time":"2020-11-26T16:10:55+00:00","article_modified_time":"2025-12-15T11:44:48+00:00","twitter_card":"summary_large_image","twitter_misc":{"Tempo di lettura stimato":"3 minuto"},"schema":{"@context":"https:\/\/schema.org","@graph":[{"@type":"Article","@id":"https:\/\/loginfo24.com\/it\/2020\/11\/26\/dekra-avverte-i-bambini-devono-essere-sempre-allacciati-in-una-bicicletta-cargo\/#article","isPartOf":{"@id":"https:\/\/loginfo24.com\/it\/2020\/11\/26\/dekra-avverte-i-bambini-devono-essere-sempre-allacciati-in-una-bicicletta-cargo\/"},"author":{"name":"","@id":""},"headline":"Dekra avverte: I bambini devono essere sempre allacciati in una bicicletta cargo","datePublished":"2020-11-26T16:10:55+00:00","dateModified":"2025-12-15T11:44:48+00:00","mainEntityOfPage":{"@id":"https:\/\/loginfo24.com\/it\/2020\/11\/26\/dekra-avverte-i-bambini-devono-essere-sempre-allacciati-in-una-bicicletta-cargo\/"},"wordCount":685,"commentCount":0,"publisher":{"@id":"https:\/\/loginfo24.com\/it\/#organization"},"articleSection":["Forwarding &amp; Logistics","Regions"],"inLanguage":"it-IT","potentialAction":[{"@type":"CommentAction","name":"Comment","target":["https:\/\/loginfo24.com\/it\/2020\/11\/26\/dekra-avverte-i-bambini-devono-essere-sempre-allacciati-in-una-bicicletta-cargo\/#respond"]}]},{"@type":"WebPage","@id":"https:\/\/loginfo24.com\/it\/2020\/11\/26\/dekra-avverte-i-bambini-devono-essere-sempre-allacciati-in-una-bicicletta-cargo\/","url":"https:\/\/loginfo24.com\/it\/2020\/11\/26\/dekra-avverte-i-bambini-devono-essere-sempre-allacciati-in-una-bicicletta-cargo\/","name":"Dekra avverte: I bambini devono essere sempre allacciati in una bicicletta cargo - Loginfo24","isPartOf":{"@id":"https:\/\/loginfo24.com\/it\/#website"},"datePublished":"2020-11-26T16:10:55+00:00","dateModified":"2025-12-15T11:44:48+00:00","breadcrumb":{"@id":"https:\/\/loginfo24.com\/it\/2020\/11\/26\/dekra-avverte-i-bambini-devono-essere-sempre-allacciati-in-una-bicicletta-cargo\/#breadcrumb"},"inLanguage":"it-IT","potentialAction":[{"@type":"ReadAction","target":["https:\/\/loginfo24.com\/it\/2020\/11\/26\/dekra-avverte-i-bambini-devono-essere-sempre-allacciati-in-una-bicicletta-cargo\/"]}]},{"@type":"BreadcrumbList","@id":"https:\/\/loginfo24.com\/it\/2020\/11\/26\/dekra-avverte-i-bambini-devono-essere-sempre-allacciati-in-una-bicicletta-cargo\/#breadcrumb","itemListElement":[{"@type":"ListItem","position":1,"name":"Startseite","item":"https:\/\/loginfo24.com\/it\/"},{"@type":"ListItem","position":2,"name":"Dekra avverte: I bambini devono essere sempre allacciati in una bicicletta cargo"}]},{"@type":"WebSite","@id":"https:\/\/loginfo24.com\/it\/#website","url":"https:\/\/loginfo24.com\/it\/","name":"Loginfo24","description":"Loginfo24 \u00e8 la piattaforma dedicata alla logistica e alle catene di fornitura con informazioni disponibili 24 ore su 24.","publisher":{"@id":"https:\/\/loginfo24.com\/it\/#organization"},"potentialAction":[{"@type":"SearchAction","target":{"@type":"EntryPoint","urlTemplate":"https:\/\/loginfo24.com\/it\/?s={search_term_string}"},"query-input":{"@type":"PropertyValueSpecification","valueRequired":true,"valueName":"search_term_string"}}],"inLanguage":"it-IT"},{"@type":"Organization","@id":"https:\/\/loginfo24.com\/it\/#organization","name":"Logismedia Group AG","url":"https:\/\/loginfo24.com\/it\/","logo":{"@type":"ImageObject","inLanguage":"it-IT","@id":"https:\/\/loginfo24.com\/it\/#\/schema\/logo\/image\/","url":"https:\/\/loginfo24.com\/wp-content\/uploads\/sites\/7\/2026\/01\/Logo_LogInfo24.png","contentUrl":"https:\/\/loginfo24.com\/wp-content\/uploads\/sites\/7\/2026\/01\/Logo_LogInfo24.png","width":938,"height":351,"caption":"Logismedia Group AG"},"image":{"@id":"https:\/\/loginfo24.com\/it\/#\/schema\/logo\/image\/"},"sameAs":["https:\/\/www.facebook.com\/people\/Loginfo24\/100057360583332\/","https:\/\/www.linkedin.com\/company\/lofinfo24\/"]}]}},"_links":{"self":[{"href":"https:\/\/loginfo24.com\/it\/wp-json\/wp\/v2\/posts\/21586","targetHints":{"allow":["GET"]}}],"collection":[{"href":"https:\/\/loginfo24.com\/it\/wp-json\/wp\/v2\/posts"}],"about":[{"href":"https:\/\/loginfo24.com\/it\/wp-json\/wp\/v2\/types\/post"}],"replies":[{"embeddable":true,"href":"https:\/\/loginfo24.com\/it\/wp-json\/wp\/v2\/comments?post=21586"}],"version-history":[{"count":1,"href":"https:\/\/loginfo24.com\/it\/wp-json\/wp\/v2\/posts\/21586\/revisions"}],"predecessor-version":[{"id":39366,"href":"https:\/\/loginfo24.com\/it\/wp-json\/wp\/v2\/posts\/21586\/revisions\/39366"}],"wp:attachment":[{"href":"https:\/\/loginfo24.com\/it\/wp-json\/wp\/v2\/media?parent=21586"}],"wp:term":[{"taxonomy":"category","embeddable":true,"href":"https:\/\/loginfo24.com\/it\/wp-json\/wp\/v2\/categories?post=21586"},{"taxonomy":"post_tag","embeddable":true,"href":"https:\/\/loginfo24.com\/it\/wp-json\/wp\/v2\/tags?post=21586"}],"curies":[{"name":"wp","href":"https:\/\/api.w.org\/{rel}","templated":true}]}}