{"id":20270,"date":"2020-10-06T20:17:41","date_gmt":"2020-10-06T18:17:41","guid":{"rendered":"https:\/\/blog.brand-architecture.at\/2020\/10\/06\/dsv-amplia-le-sue-capacita-logistiche-a-dresda\/"},"modified":"2025-12-15T12:38:54","modified_gmt":"2025-12-15T11:38:54","slug":"dsv-amplia-le-sue-capacita-logistiche-a-dresda","status":"publish","type":"post","link":"https:\/\/loginfo24.com\/it\/2020\/10\/06\/dsv-amplia-le-sue-capacita-logistiche-a-dresda\/","title":{"rendered":"DSV amplia le sue capacit\u00e0 logistiche a Dresda"},"content":{"rendered":"<p>A causa dell&#8217;alta domanda dei clienti, il fornitore di trasporti e logistica danese DSV amplia le sue capacit\u00e0 di magazzino a Dresda di circa 1.800 m\u00b2. Con la moderna costruzione del capannone, l&#8217;ex sede di Panalpina colma il vuoto nella regione e offre alle industrie locali nuove opportunit\u00e0.<\/p>\n<p>(Bremen\/Dresda) I direttori Frank Sobotka, il direttore finanziario Nicolai Knudsen, il responsabile della spedizione marittima Marcus Musiol e il responsabile del sito Kai Schw\u00e4rig hanno inaugurato ufficialmente il nuovo magazzino logistico presso la sede DSV di Dresda. Un&#8217;ampia occupazione delle aree esistenti ha reso necessaria l&#8217;espansione. &#8220;Riceviamo sempre pi\u00f9 richieste da parte dei clienti della regione, a cui ora possiamo rispondere grazie all&#8217;ampliamento. In particolare, nel nord di Dresda, le aree di magazzino esistenti non soddisfano la reale domanda. Vogliamo colmare questo vuoto e distinguerci dalla concorrenza&#8221;, spiega Kai Schw\u00e4rig.<\/p>\n<h5><strong>Rafforzare la regione<\/strong><\/h5>\n<p> Prima dell&#8217;espansione, la DSV Air &amp; Sea Germany GmbH presente in loco disponeva di 1.600 m\u00b2 di spazio di magazzino, che \u00e8 stato ampliato a una capacit\u00e0 totale di 3.400 m\u00b2 grazie al nuovo magazzino logistico. Il direttore Frank Sobotka ha dichiarato: &#8220;Abbiamo scelto consapevolmente di espandere questo sito perch\u00e9 vediamo un grande potenziale. Dresda sta crescendo - e con l&#8217;aumento della popolazione, cresce anche la performance economica della regione. Vogliamo offrire alle aziende locali l&#8217;ambiente logistico necessario e supportarle nell&#8217;ottimizzazione delle loro catene di approvvigionamento&#8221;. Elevati standard di sicurezza, una moderna gestione della temperatura e l&#8217;ampia dotazione del nuovo edificio consentono la movimentazione di diversi gruppi merceologici, come ad esempio quelli dell&#8217;industria dei semiconduttori regionale. Il sito dispone delle condizioni necessarie per inoltrare immediatamente le spedizioni marittime urgenti come spedizioni aeree o per commissionare e gestire le consegne nel proprio magazzino a scaffale alto. Il passaggio tra i diversi mezzi di trasporto \u00e8 reso possibile anche grazie al collegamento con la rete DSV Road, in modo che tutti i servizi siano gestiti centralmente.<\/p>\n<h5><strong>Espansione dei servizi<\/strong><\/h5>\n<p> Oltre allo stoccaggio e alla commissione delle merci, DSV a Dresda gestisce anche la classica elaborazione delle spedizioni aeree e marittime, nonch\u00e9 servizi di corriere. Grazie alla fusione tra Panalpina e DSV all&#8217;inizio dell&#8217;anno, il sito ha potuto ampliare il suo portafoglio con servizi aggiuntivi come DSV XPress. Il servizio di corriere offre una selezione di modalit\u00e0 di spedizione espressa, con cui le merci possono arrivare a destinazione in modo rapido e personalizzato. DSV \u00e8 presente in Germania con tre divisioni, suddivise nei settori di attivit\u00e0 di trasporto aereo e marittimo (DSV Air &amp; Sea), trasporti terrestri (DSV Road) e logistica contrattuale (DSV Solutions). A livello globale, DSV cresce grazie all&#8217;acquisizione di Panalpina nell&#8217;agosto 2019, diventando uno dei pi\u00f9 grandi fornitori di trasporti e logistica con 55.000 dipendenti in oltre 80 paesi. Dall&#8217;inizio del 2020, Panalpina opera anche in Germania con un nuovo nome.<strong> <\/strong> Foto: \u00a9 DSV \/ <strong><em>Didascalia dell&#8217;immagine:<\/em><\/strong><em> Da sinistra a destra: Nicolai Knudsen, Frank Sobotka, Marcus Musiol e Kai Schw\u00e4rig<\/em> <a href=\"https:\/\/www.de.dsv.com\" target=\"_blank\" rel=\"noopener noreferrer\">www.de.dsv.com<\/a><\/p>\n","protected":false},"excerpt":{"rendered":"<p>A causa dell&#8217;alta domanda dei clienti, il fornitore di trasporti e logistica danese DSV amplia le sue capacit\u00e0 di magazzino a Dresda di circa 1.800 m\u00b2.<span class=\"excerpt-hellip\"> [\u2026]<\/span><\/p>\n","protected":false},"author":0,"featured_media":0,"comment_status":"open","ping_status":"open","sticky":false,"template":"","format":"standard","meta":{"_acf_changed":false,"footnotes":""},"categories":[1557,1560,1561],"tags":[],"class_list":["post-20270","post","type-post","status-publish","format-standard","hentry","category-forwarding-logistics","category-intralogistics","category-regions"],"acf":[],"yoast_head":"<!-- This site is optimized with the Yoast SEO plugin v27.3 - https:\/\/yoast.com\/product\/yoast-seo-wordpress\/ -->\n<title>DSV amplia le sue capacit\u00e0 logistiche a Dresda - Loginfo24<\/title>\n<meta name=\"robots\" content=\"index, follow, max-snippet:-1, max-image-preview:large, max-video-preview:-1\" \/>\n<link rel=\"canonical\" href=\"https:\/\/loginfo24.com\/it\/2020\/10\/06\/dsv-amplia-le-sue-capacita-logistiche-a-dresda\/\" \/>\n<meta property=\"og:locale\" content=\"it_IT\" \/>\n<meta property=\"og:type\" content=\"article\" \/>\n<meta property=\"og:title\" content=\"DSV amplia le sue capacit\u00e0 logistiche a Dresda - Loginfo24\" \/>\n<meta property=\"og:description\" content=\"A causa dell&#8217;alta domanda dei clienti, il fornitore di trasporti e logistica danese DSV amplia le sue capacit\u00e0 di magazzino a Dresda di circa 1.800 m\u00b2. [\u2026]\" \/>\n<meta property=\"og:url\" content=\"https:\/\/loginfo24.com\/it\/2020\/10\/06\/dsv-amplia-le-sue-capacita-logistiche-a-dresda\/\" \/>\n<meta property=\"og:site_name\" content=\"Loginfo24\" \/>\n<meta property=\"article:publisher\" content=\"https:\/\/www.facebook.com\/people\/Loginfo24\/100057360583332\/\" \/>\n<meta property=\"article:published_time\" content=\"2020-10-06T18:17:41+00:00\" \/>\n<meta property=\"article:modified_time\" content=\"2025-12-15T11:38:54+00:00\" \/>\n<meta name=\"twitter:card\" content=\"summary_large_image\" \/>\n<meta name=\"twitter:label1\" content=\"Tempo di lettura stimato\" \/>\n\t<meta name=\"twitter:data1\" content=\"2 minuto\" \/>\n<script type=\"application\/ld+json\" class=\"yoast-schema-graph\">{\"@context\":\"https:\\\/\\\/schema.org\",\"@graph\":[{\"@type\":\"Article\",\"@id\":\"https:\\\/\\\/loginfo24.com\\\/it\\\/2020\\\/10\\\/06\\\/dsv-amplia-le-sue-capacita-logistiche-a-dresda\\\/#article\",\"isPartOf\":{\"@id\":\"https:\\\/\\\/loginfo24.com\\\/it\\\/2020\\\/10\\\/06\\\/dsv-amplia-le-sue-capacita-logistiche-a-dresda\\\/\"},\"author\":{\"name\":\"\",\"@id\":\"\"},\"headline\":\"DSV amplia le sue capacit\u00e0 logistiche a Dresda\",\"datePublished\":\"2020-10-06T18:17:41+00:00\",\"dateModified\":\"2025-12-15T11:38:54+00:00\",\"mainEntityOfPage\":{\"@id\":\"https:\\\/\\\/loginfo24.com\\\/it\\\/2020\\\/10\\\/06\\\/dsv-amplia-le-sue-capacita-logistiche-a-dresda\\\/\"},\"wordCount\":502,\"commentCount\":0,\"publisher\":{\"@id\":\"https:\\\/\\\/loginfo24.com\\\/it\\\/#organization\"},\"articleSection\":[\"Forwarding &amp; Logistics\",\"Intralogistics\",\"Regions\"],\"inLanguage\":\"it-IT\",\"potentialAction\":[{\"@type\":\"CommentAction\",\"name\":\"Comment\",\"target\":[\"https:\\\/\\\/loginfo24.com\\\/it\\\/2020\\\/10\\\/06\\\/dsv-amplia-le-sue-capacita-logistiche-a-dresda\\\/#respond\"]}]},{\"@type\":\"WebPage\",\"@id\":\"https:\\\/\\\/loginfo24.com\\\/it\\\/2020\\\/10\\\/06\\\/dsv-amplia-le-sue-capacita-logistiche-a-dresda\\\/\",\"url\":\"https:\\\/\\\/loginfo24.com\\\/it\\\/2020\\\/10\\\/06\\\/dsv-amplia-le-sue-capacita-logistiche-a-dresda\\\/\",\"name\":\"DSV amplia le sue capacit\u00e0 logistiche a Dresda - Loginfo24\",\"isPartOf\":{\"@id\":\"https:\\\/\\\/loginfo24.com\\\/it\\\/#website\"},\"datePublished\":\"2020-10-06T18:17:41+00:00\",\"dateModified\":\"2025-12-15T11:38:54+00:00\",\"breadcrumb\":{\"@id\":\"https:\\\/\\\/loginfo24.com\\\/it\\\/2020\\\/10\\\/06\\\/dsv-amplia-le-sue-capacita-logistiche-a-dresda\\\/#breadcrumb\"},\"inLanguage\":\"it-IT\",\"potentialAction\":[{\"@type\":\"ReadAction\",\"target\":[\"https:\\\/\\\/loginfo24.com\\\/it\\\/2020\\\/10\\\/06\\\/dsv-amplia-le-sue-capacita-logistiche-a-dresda\\\/\"]}]},{\"@type\":\"BreadcrumbList\",\"@id\":\"https:\\\/\\\/loginfo24.com\\\/it\\\/2020\\\/10\\\/06\\\/dsv-amplia-le-sue-capacita-logistiche-a-dresda\\\/#breadcrumb\",\"itemListElement\":[{\"@type\":\"ListItem\",\"position\":1,\"name\":\"Startseite\",\"item\":\"https:\\\/\\\/loginfo24.com\\\/it\\\/\"},{\"@type\":\"ListItem\",\"position\":2,\"name\":\"DSV amplia le sue capacit\u00e0 logistiche a Dresda\"}]},{\"@type\":\"WebSite\",\"@id\":\"https:\\\/\\\/loginfo24.com\\\/it\\\/#website\",\"url\":\"https:\\\/\\\/loginfo24.com\\\/it\\\/\",\"name\":\"Loginfo24\",\"description\":\"Loginfo24 \u00e8 la piattaforma dedicata alla logistica e alle catene di fornitura con informazioni disponibili 24 ore su 24.\",\"publisher\":{\"@id\":\"https:\\\/\\\/loginfo24.com\\\/it\\\/#organization\"},\"potentialAction\":[{\"@type\":\"SearchAction\",\"target\":{\"@type\":\"EntryPoint\",\"urlTemplate\":\"https:\\\/\\\/loginfo24.com\\\/it\\\/?s={search_term_string}\"},\"query-input\":{\"@type\":\"PropertyValueSpecification\",\"valueRequired\":true,\"valueName\":\"search_term_string\"}}],\"inLanguage\":\"it-IT\"},{\"@type\":\"Organization\",\"@id\":\"https:\\\/\\\/loginfo24.com\\\/it\\\/#organization\",\"name\":\"Logismedia Group AG\",\"url\":\"https:\\\/\\\/loginfo24.com\\\/it\\\/\",\"logo\":{\"@type\":\"ImageObject\",\"inLanguage\":\"it-IT\",\"@id\":\"https:\\\/\\\/loginfo24.com\\\/it\\\/#\\\/schema\\\/logo\\\/image\\\/\",\"url\":\"https:\\\/\\\/loginfo24.com\\\/wp-content\\\/uploads\\\/sites\\\/7\\\/2026\\\/01\\\/Logo_LogInfo24.png\",\"contentUrl\":\"https:\\\/\\\/loginfo24.com\\\/wp-content\\\/uploads\\\/sites\\\/7\\\/2026\\\/01\\\/Logo_LogInfo24.png\",\"width\":938,\"height\":351,\"caption\":\"Logismedia Group AG\"},\"image\":{\"@id\":\"https:\\\/\\\/loginfo24.com\\\/it\\\/#\\\/schema\\\/logo\\\/image\\\/\"},\"sameAs\":[\"https:\\\/\\\/www.facebook.com\\\/people\\\/Loginfo24\\\/100057360583332\\\/\",\"https:\\\/\\\/www.linkedin.com\\\/company\\\/lofinfo24\\\/\"]}]}<\/script>\n<!-- \/ Yoast SEO plugin. -->","yoast_head_json":{"title":"DSV amplia le sue capacit\u00e0 logistiche a Dresda - Loginfo24","robots":{"index":"index","follow":"follow","max-snippet":"max-snippet:-1","max-image-preview":"max-image-preview:large","max-video-preview":"max-video-preview:-1"},"canonical":"https:\/\/loginfo24.com\/it\/2020\/10\/06\/dsv-amplia-le-sue-capacita-logistiche-a-dresda\/","og_locale":"it_IT","og_type":"article","og_title":"DSV amplia le sue capacit\u00e0 logistiche a Dresda - Loginfo24","og_description":"A causa dell&#8217;alta domanda dei clienti, il fornitore di trasporti e logistica danese DSV amplia le sue capacit\u00e0 di magazzino a Dresda di circa 1.800 m\u00b2. [\u2026]","og_url":"https:\/\/loginfo24.com\/it\/2020\/10\/06\/dsv-amplia-le-sue-capacita-logistiche-a-dresda\/","og_site_name":"Loginfo24","article_publisher":"https:\/\/www.facebook.com\/people\/Loginfo24\/100057360583332\/","article_published_time":"2020-10-06T18:17:41+00:00","article_modified_time":"2025-12-15T11:38:54+00:00","twitter_card":"summary_large_image","twitter_misc":{"Tempo di lettura stimato":"2 minuto"},"schema":{"@context":"https:\/\/schema.org","@graph":[{"@type":"Article","@id":"https:\/\/loginfo24.com\/it\/2020\/10\/06\/dsv-amplia-le-sue-capacita-logistiche-a-dresda\/#article","isPartOf":{"@id":"https:\/\/loginfo24.com\/it\/2020\/10\/06\/dsv-amplia-le-sue-capacita-logistiche-a-dresda\/"},"author":{"name":"","@id":""},"headline":"DSV amplia le sue capacit\u00e0 logistiche a Dresda","datePublished":"2020-10-06T18:17:41+00:00","dateModified":"2025-12-15T11:38:54+00:00","mainEntityOfPage":{"@id":"https:\/\/loginfo24.com\/it\/2020\/10\/06\/dsv-amplia-le-sue-capacita-logistiche-a-dresda\/"},"wordCount":502,"commentCount":0,"publisher":{"@id":"https:\/\/loginfo24.com\/it\/#organization"},"articleSection":["Forwarding &amp; Logistics","Intralogistics","Regions"],"inLanguage":"it-IT","potentialAction":[{"@type":"CommentAction","name":"Comment","target":["https:\/\/loginfo24.com\/it\/2020\/10\/06\/dsv-amplia-le-sue-capacita-logistiche-a-dresda\/#respond"]}]},{"@type":"WebPage","@id":"https:\/\/loginfo24.com\/it\/2020\/10\/06\/dsv-amplia-le-sue-capacita-logistiche-a-dresda\/","url":"https:\/\/loginfo24.com\/it\/2020\/10\/06\/dsv-amplia-le-sue-capacita-logistiche-a-dresda\/","name":"DSV amplia le sue capacit\u00e0 logistiche a Dresda - Loginfo24","isPartOf":{"@id":"https:\/\/loginfo24.com\/it\/#website"},"datePublished":"2020-10-06T18:17:41+00:00","dateModified":"2025-12-15T11:38:54+00:00","breadcrumb":{"@id":"https:\/\/loginfo24.com\/it\/2020\/10\/06\/dsv-amplia-le-sue-capacita-logistiche-a-dresda\/#breadcrumb"},"inLanguage":"it-IT","potentialAction":[{"@type":"ReadAction","target":["https:\/\/loginfo24.com\/it\/2020\/10\/06\/dsv-amplia-le-sue-capacita-logistiche-a-dresda\/"]}]},{"@type":"BreadcrumbList","@id":"https:\/\/loginfo24.com\/it\/2020\/10\/06\/dsv-amplia-le-sue-capacita-logistiche-a-dresda\/#breadcrumb","itemListElement":[{"@type":"ListItem","position":1,"name":"Startseite","item":"https:\/\/loginfo24.com\/it\/"},{"@type":"ListItem","position":2,"name":"DSV amplia le sue capacit\u00e0 logistiche a Dresda"}]},{"@type":"WebSite","@id":"https:\/\/loginfo24.com\/it\/#website","url":"https:\/\/loginfo24.com\/it\/","name":"Loginfo24","description":"Loginfo24 \u00e8 la piattaforma dedicata alla logistica e alle catene di fornitura con informazioni disponibili 24 ore su 24.","publisher":{"@id":"https:\/\/loginfo24.com\/it\/#organization"},"potentialAction":[{"@type":"SearchAction","target":{"@type":"EntryPoint","urlTemplate":"https:\/\/loginfo24.com\/it\/?s={search_term_string}"},"query-input":{"@type":"PropertyValueSpecification","valueRequired":true,"valueName":"search_term_string"}}],"inLanguage":"it-IT"},{"@type":"Organization","@id":"https:\/\/loginfo24.com\/it\/#organization","name":"Logismedia Group AG","url":"https:\/\/loginfo24.com\/it\/","logo":{"@type":"ImageObject","inLanguage":"it-IT","@id":"https:\/\/loginfo24.com\/it\/#\/schema\/logo\/image\/","url":"https:\/\/loginfo24.com\/wp-content\/uploads\/sites\/7\/2026\/01\/Logo_LogInfo24.png","contentUrl":"https:\/\/loginfo24.com\/wp-content\/uploads\/sites\/7\/2026\/01\/Logo_LogInfo24.png","width":938,"height":351,"caption":"Logismedia Group AG"},"image":{"@id":"https:\/\/loginfo24.com\/it\/#\/schema\/logo\/image\/"},"sameAs":["https:\/\/www.facebook.com\/people\/Loginfo24\/100057360583332\/","https:\/\/www.linkedin.com\/company\/lofinfo24\/"]}]}},"_links":{"self":[{"href":"https:\/\/loginfo24.com\/it\/wp-json\/wp\/v2\/posts\/20270","targetHints":{"allow":["GET"]}}],"collection":[{"href":"https:\/\/loginfo24.com\/it\/wp-json\/wp\/v2\/posts"}],"about":[{"href":"https:\/\/loginfo24.com\/it\/wp-json\/wp\/v2\/types\/post"}],"replies":[{"embeddable":true,"href":"https:\/\/loginfo24.com\/it\/wp-json\/wp\/v2\/comments?post=20270"}],"version-history":[{"count":1,"href":"https:\/\/loginfo24.com\/it\/wp-json\/wp\/v2\/posts\/20270\/revisions"}],"predecessor-version":[{"id":36744,"href":"https:\/\/loginfo24.com\/it\/wp-json\/wp\/v2\/posts\/20270\/revisions\/36744"}],"wp:attachment":[{"href":"https:\/\/loginfo24.com\/it\/wp-json\/wp\/v2\/media?parent=20270"}],"wp:term":[{"taxonomy":"category","embeddable":true,"href":"https:\/\/loginfo24.com\/it\/wp-json\/wp\/v2\/categories?post=20270"},{"taxonomy":"post_tag","embeddable":true,"href":"https:\/\/loginfo24.com\/it\/wp-json\/wp\/v2\/tags?post=20270"}],"curies":[{"name":"wp","href":"https:\/\/api.w.org\/{rel}","templated":true}]}}