{"id":19705,"date":"2020-05-28T10:05:39","date_gmt":"2020-05-28T08:05:39","guid":{"rendered":"https:\/\/blog.brand-architecture.at\/2020\/05\/28\/la-trasformazione-strutturale-nel-porto-di-amburgo-e-gia-iniziata\/"},"modified":"2025-12-15T12:36:28","modified_gmt":"2025-12-15T11:36:28","slug":"la-trasformazione-strutturale-nel-porto-di-amburgo-e-gia-iniziata","status":"publish","type":"post","link":"https:\/\/loginfo24.com\/it\/2020\/05\/28\/la-trasformazione-strutturale-nel-porto-di-amburgo-e-gia-iniziata\/","title":{"rendered":"La trasformazione strutturale nel porto di Amburgo \u00e8 gi\u00e0 iniziata"},"content":{"rendered":"<p>Nella crisi del mais, molti vedono un&#8217;opportunit\u00e0 per accelerare la trasformazione strutturale. In molti casi, come nel porto di Amburgo, questo \u00e8 iniziato molto prima del coronavirus, come sottolineato esplicitamente da Ingo Egloff, membro del consiglio di Hafen Hamburg Marketing.<\/p>\n<p>(Amburgo) La discussione sul cambiamento delle vie di trasporto e sul futuro della globalizzazione ha ricevuto nuovo impulso a causa della crisi del coronavirus. Si parla ripetutamente della fine della globalizzazione e della divisione internazionale del lavoro. La modifica della struttura, richiamata ora in un documento di posizione dell&#8217;Istituto di economia mondiale di Amburgo (HWWI) dal professor Dr. Henning V\u00f6pel, \u00e8 gi\u00e0 in corso da tempo secondo Ingo Egloff, membro del consiglio di Hafen Hamburg Marketing.<\/p>\n<p>\u201eLa trasformazione strutturale nel porto \u00e8 gi\u00e0 iniziata. Ogni azienda ha la responsabilit\u00e0, per proprio interesse, di mantenere il proprio modello di business di successo e competitivo. Chi non lo fa, \u00e8 rapidamente fuori dal mercato\u201c, afferma Egloff. Aggiunge: \u201eGrazie alle nostre relazioni internazionali e alle nostre rappresentanze, abbiamo una buona panoramica di ci\u00f2 che accade a livello internazionale nel settore dei trasporti e della logistica. Da questa conoscenza dobbiamo constatare: il porto di Amburgo \u00e8 tra i leader internazionali per quanto riguarda la digitalizzazione, il coordinamento e il miglioramento dei processi logistici.\u201c<\/p>\n<p>Questi sono in intenso scambio, ad esempio attraverso la rete \u201echain\u00adPORT\u201c. L&#8217;Autorit\u00e0 portuale di Amburgo (HPA) ha avviato questa partnership transnazionale tra i porti leader a livello mondiale. I membri scambiano conoscenze, innovazioni e promuovono temi strategici. L&#8217;obiettivo \u00e8 imparare gli uni dagli altri e creare innovazioni. Si mira a un dibattito ampio e fondato sugli effetti della rivoluzione digitale e sull&#8217;evitare investimenti futuri non necessari attraverso un utilizzo pi\u00f9 efficiente delle infrastrutture esistenti. Poich\u00e9 la logistica \u00e8 un processo complesso con innumerevoli partner provenienti da diversi paesi, le azioni unilaterali sono inefficaci e poco efficienti.<\/p>\n<p>La strategia di digitalizzazione della HPA e delle aziende portuali conferisce ad Amburgo un ruolo di leadership in vari settori come sostenibilit\u00e0, realt\u00e0 virtuale o utilizzo di droni sia sott&#8217;acqua che in aria. Nessun altro porto ha un sistema come il Hamburg Vessel Coordination Center (HVCC), che coordina gli arrivi delle navi e consiglia le compagnie di navigazione su come accedere al porto senza problemi e risparmiando anche carburante costoso. Questo riduce anche le emissioni di CO2. L&#8217;HVCC \u00e8 ormai un modello a livello mondiale per la gestione del traffico. Nuovi aspetti dello standard 5G sono stati testati con successo nel porto di Amburgo nell&#8217;ambito del progetto UE 5G-MoNArch con diverse applicazioni. Con il nuovo concetto tecnologico \u201eNetwork-Slicing\u201c, in futuro non ci sar\u00e0 pi\u00f9 \u201euna rete unica\u201c sotto il 5G, ma reti virtuali operate in parallelo su una infrastruttura comune.<\/p>\n<p>\u201eChi continua a pensare che le operazioni portuali siano semplici &#8216;spostatori di casse&#8217; non si rende conto che ora si tratta di catene logistiche altamente complesse che le aziende organizzano\u201c, continua Egloff. Ad Amburgo questo avviene in modo particolarmente sostenibile, poich\u00e9 quasi il 50% dei container viene trasportato per ferrovia nell&#8217;entroterra e la percentuale sar\u00e0 ulteriormente aumentata. Tra i quattro grandi porti della Nordrange, Amburgo trasporta quasi tanti container per ferrovia quanto gli altri tre messi insieme. \u201eQuesta \u00e8 sostenibilit\u00e0 concreta e non un castello in aria\u201c, afferma Egloff.<\/p>\n<p>Inoltre, il porto, che comprende una delle pi\u00f9 grandi aree industriali d&#8217;Europa, sta organizzando la trasformazione strutturale. La produzione di idrogeno verde nel porto, la transizione verso la tecnologia dell&#8217;idrogeno anche nel settore dell&#8217;industria di base, ad esempio nell&#8217;acciaio, \u00e8 sostenuta dall&#8217;industria e supportata in modo sostenibile dalla politica economica. Nella gestione di aree ancora libere o che si liberano, Amburgo \u00e8 sempre alla ricerca di nuove tecnologie. \u201eAmburgo ha dimostrato, rispetto ad altri porti, che l&#8217;industria e l&#8217;economia portuale possono crescere in modo sostenibile su una superficie ridotta. Grandi aree portuali un tempo utilizzate sono oggi spazi abitativi pi\u00f9 attraenti e sono state convertite in un utilizzo urbano, migliorando al contempo la qualit\u00e0 del porto\u201c, afferma Egloff.<\/p>\n<p>\u201eTuttavia, non possiamo e non dobbiamo rinunciare all&#8217;adattamento dei fondali dell&#8217;Elba. In primo luogo, l&#8217;intervento \u00e8 quasi completato e in secondo luogo, \u00e8 necessario per le navi attualmente in navigazione. Questo non ha nulla a che fare con il fatto che non raggiungeremo i 30 milioni di TEU previsti anni fa \u2013 dove tutti gli esperti a livello mondiale si sono sbagliati. Il trasporto di container su grandi navi fino all&#8217;entroterra \u00e8 vantaggioso anche dal punto di vista ecologico, se si considera il bilancio di CO2 per container trasportato e si include anche il trasporto ferroviario nell&#8217;analisi. E questo potr\u00e0 migliorare ulteriormente, quando i motori delle navi cambieranno, sia attraverso LNG, tecnologia a celle a combustibile a idrogeno o scrubber\u201c, spiega il membro del consiglio di HHM.<\/p>\n<p>Un grande punto interrogativo lo pone Egloff riguardo al canto del cigno dello studio breve dell&#8217;HWWI sulla globalizzazione. \u201eLa politica sicuramente si chieder\u00e0 quali produzioni, per motivi di approvvigionamento di base, dovranno essere presenti in futuro in Germania o in Europa. Questa sar\u00e0 una lezione dalla pandemia di coronavirus. Ma in realt\u00e0 questo riguarda solo una piccola parte dell&#8217;economia e dell&#8217;industria.\u201c<\/p>\n<p>Inoltre, rimane compito del mercato decidere come si orienter\u00e0 riguardo ai luoghi di produzione. I costi del lavoro e la sicurezza delle catene di trasporto giocano un ruolo. Potrebbero esserci alcune delocalizzazioni, ma sicuramente non un ritorno a \u201etutto fatto in Germania\u201c. Questo \u00e8 un pensiero irrealistico. E finch\u00e9 una scarpa da ginnastica in Cina o altrove in Asia coster\u00e0 ancora molte volte meno di quella prodotta con la stampa 3D in Germania, ci sar\u00e0 ancora trasporto.<\/p>\n<p>\u201eNon dobbiamo dimenticare che siamo una delle maggiori nazioni esportatrici e quindi dobbiamo avere anche un interesse a continuare a commerciare a livello internazionale. La nostra industria vive in gran parte di questo. Quando si parla con noi, spieghiamo volentieri quanto sia gi\u00e0 avanzato il porto e dove si trovano i potenziali futuri. Siamo sempre aperti a buone proposte nel porto. \u00c8 cos\u00ec da 831 anni e per questo motivo giochiamo ancora nella massima serie\u201c, conclude Egloff.<\/p>\n<p>Foto: Hafen Hamburg Marketing \/ Achim Multhaupt<\/p>\n<p>Fotolegend: Ingo Egloff, membro del consiglio di Hafen Hamburg Marketing<\/p>\n<p><a href=\"https:\/\/www.hafen-hamburg.de\" target=\"_blank\" rel=\"noopener noreferrer\">www.hafen-hamburg.de<\/a><\/p>\n","protected":false},"excerpt":{"rendered":"<p>Nella crisi del mais, molti vedono un&#8217;opportunit\u00e0 per accelerare la trasformazione strutturale. In molti casi, come nel porto di Amburgo, questo \u00e8 iniziato molto prima del<span class=\"excerpt-hellip\"> [\u2026]<\/span><\/p>\n","protected":false},"author":0,"featured_media":0,"comment_status":"open","ping_status":"open","sticky":false,"template":"","format":"standard","meta":{"_acf_changed":false,"footnotes":""},"categories":[1665,1557,1561,1559],"tags":[],"class_list":["post-19705","post","type-post","status-publish","format-standard","hentry","category-categories","category-forwarding-logistics","category-regions","category-shipping-ports"],"acf":[],"yoast_head":"<!-- This site is optimized with the Yoast SEO plugin v27.3 - https:\/\/yoast.com\/product\/yoast-seo-wordpress\/ -->\n<title>La trasformazione strutturale nel porto di Amburgo \u00e8 gi\u00e0 iniziata - Loginfo24<\/title>\n<meta name=\"robots\" content=\"index, follow, max-snippet:-1, max-image-preview:large, max-video-preview:-1\" \/>\n<link rel=\"canonical\" href=\"https:\/\/loginfo24.com\/it\/2020\/05\/28\/la-trasformazione-strutturale-nel-porto-di-amburgo-e-gia-iniziata\/\" \/>\n<meta property=\"og:locale\" content=\"it_IT\" \/>\n<meta property=\"og:type\" content=\"article\" \/>\n<meta property=\"og:title\" content=\"La trasformazione strutturale nel porto di Amburgo \u00e8 gi\u00e0 iniziata - Loginfo24\" \/>\n<meta property=\"og:description\" content=\"Nella crisi del mais, molti vedono un&#8217;opportunit\u00e0 per accelerare la trasformazione strutturale. In molti casi, come nel porto di Amburgo, questo \u00e8 iniziato molto prima del [\u2026]\" \/>\n<meta property=\"og:url\" content=\"https:\/\/loginfo24.com\/it\/2020\/05\/28\/la-trasformazione-strutturale-nel-porto-di-amburgo-e-gia-iniziata\/\" \/>\n<meta property=\"og:site_name\" content=\"Loginfo24\" \/>\n<meta property=\"article:publisher\" content=\"https:\/\/www.facebook.com\/people\/Loginfo24\/100057360583332\/\" \/>\n<meta property=\"article:published_time\" content=\"2020-05-28T08:05:39+00:00\" \/>\n<meta property=\"article:modified_time\" content=\"2025-12-15T11:36:28+00:00\" \/>\n<meta name=\"twitter:card\" content=\"summary_large_image\" \/>\n<meta name=\"twitter:label1\" content=\"Tempo di lettura stimato\" \/>\n\t<meta name=\"twitter:data1\" content=\"5 minuto\" \/>\n<script type=\"application\/ld+json\" class=\"yoast-schema-graph\">{\"@context\":\"https:\\\/\\\/schema.org\",\"@graph\":[{\"@type\":\"Article\",\"@id\":\"https:\\\/\\\/loginfo24.com\\\/it\\\/2020\\\/05\\\/28\\\/la-trasformazione-strutturale-nel-porto-di-amburgo-e-gia-iniziata\\\/#article\",\"isPartOf\":{\"@id\":\"https:\\\/\\\/loginfo24.com\\\/it\\\/2020\\\/05\\\/28\\\/la-trasformazione-strutturale-nel-porto-di-amburgo-e-gia-iniziata\\\/\"},\"author\":{\"name\":\"\",\"@id\":\"\"},\"headline\":\"La trasformazione strutturale nel porto di Amburgo \u00e8 gi\u00e0 iniziata\",\"datePublished\":\"2020-05-28T08:05:39+00:00\",\"dateModified\":\"2025-12-15T11:36:28+00:00\",\"mainEntityOfPage\":{\"@id\":\"https:\\\/\\\/loginfo24.com\\\/it\\\/2020\\\/05\\\/28\\\/la-trasformazione-strutturale-nel-porto-di-amburgo-e-gia-iniziata\\\/\"},\"wordCount\":1028,\"commentCount\":0,\"publisher\":{\"@id\":\"https:\\\/\\\/loginfo24.com\\\/it\\\/#organization\"},\"articleSection\":[\"Categories\",\"Forwarding &amp; Logistics\",\"Regions\",\"Shipping &amp; Ports\"],\"inLanguage\":\"it-IT\",\"potentialAction\":[{\"@type\":\"CommentAction\",\"name\":\"Comment\",\"target\":[\"https:\\\/\\\/loginfo24.com\\\/it\\\/2020\\\/05\\\/28\\\/la-trasformazione-strutturale-nel-porto-di-amburgo-e-gia-iniziata\\\/#respond\"]}]},{\"@type\":\"WebPage\",\"@id\":\"https:\\\/\\\/loginfo24.com\\\/it\\\/2020\\\/05\\\/28\\\/la-trasformazione-strutturale-nel-porto-di-amburgo-e-gia-iniziata\\\/\",\"url\":\"https:\\\/\\\/loginfo24.com\\\/it\\\/2020\\\/05\\\/28\\\/la-trasformazione-strutturale-nel-porto-di-amburgo-e-gia-iniziata\\\/\",\"name\":\"La trasformazione strutturale nel porto di Amburgo \u00e8 gi\u00e0 iniziata - Loginfo24\",\"isPartOf\":{\"@id\":\"https:\\\/\\\/loginfo24.com\\\/it\\\/#website\"},\"datePublished\":\"2020-05-28T08:05:39+00:00\",\"dateModified\":\"2025-12-15T11:36:28+00:00\",\"breadcrumb\":{\"@id\":\"https:\\\/\\\/loginfo24.com\\\/it\\\/2020\\\/05\\\/28\\\/la-trasformazione-strutturale-nel-porto-di-amburgo-e-gia-iniziata\\\/#breadcrumb\"},\"inLanguage\":\"it-IT\",\"potentialAction\":[{\"@type\":\"ReadAction\",\"target\":[\"https:\\\/\\\/loginfo24.com\\\/it\\\/2020\\\/05\\\/28\\\/la-trasformazione-strutturale-nel-porto-di-amburgo-e-gia-iniziata\\\/\"]}]},{\"@type\":\"BreadcrumbList\",\"@id\":\"https:\\\/\\\/loginfo24.com\\\/it\\\/2020\\\/05\\\/28\\\/la-trasformazione-strutturale-nel-porto-di-amburgo-e-gia-iniziata\\\/#breadcrumb\",\"itemListElement\":[{\"@type\":\"ListItem\",\"position\":1,\"name\":\"Startseite\",\"item\":\"https:\\\/\\\/loginfo24.com\\\/it\\\/\"},{\"@type\":\"ListItem\",\"position\":2,\"name\":\"La trasformazione strutturale nel porto di Amburgo \u00e8 gi\u00e0 iniziata\"}]},{\"@type\":\"WebSite\",\"@id\":\"https:\\\/\\\/loginfo24.com\\\/it\\\/#website\",\"url\":\"https:\\\/\\\/loginfo24.com\\\/it\\\/\",\"name\":\"Loginfo24\",\"description\":\"Loginfo24 \u00e8 la piattaforma dedicata alla logistica e alle catene di fornitura con informazioni disponibili 24 ore su 24.\",\"publisher\":{\"@id\":\"https:\\\/\\\/loginfo24.com\\\/it\\\/#organization\"},\"potentialAction\":[{\"@type\":\"SearchAction\",\"target\":{\"@type\":\"EntryPoint\",\"urlTemplate\":\"https:\\\/\\\/loginfo24.com\\\/it\\\/?s={search_term_string}\"},\"query-input\":{\"@type\":\"PropertyValueSpecification\",\"valueRequired\":true,\"valueName\":\"search_term_string\"}}],\"inLanguage\":\"it-IT\"},{\"@type\":\"Organization\",\"@id\":\"https:\\\/\\\/loginfo24.com\\\/it\\\/#organization\",\"name\":\"Logismedia Group AG\",\"url\":\"https:\\\/\\\/loginfo24.com\\\/it\\\/\",\"logo\":{\"@type\":\"ImageObject\",\"inLanguage\":\"it-IT\",\"@id\":\"https:\\\/\\\/loginfo24.com\\\/it\\\/#\\\/schema\\\/logo\\\/image\\\/\",\"url\":\"https:\\\/\\\/loginfo24.com\\\/wp-content\\\/uploads\\\/sites\\\/7\\\/2026\\\/01\\\/Logo_LogInfo24.png\",\"contentUrl\":\"https:\\\/\\\/loginfo24.com\\\/wp-content\\\/uploads\\\/sites\\\/7\\\/2026\\\/01\\\/Logo_LogInfo24.png\",\"width\":938,\"height\":351,\"caption\":\"Logismedia Group AG\"},\"image\":{\"@id\":\"https:\\\/\\\/loginfo24.com\\\/it\\\/#\\\/schema\\\/logo\\\/image\\\/\"},\"sameAs\":[\"https:\\\/\\\/www.facebook.com\\\/people\\\/Loginfo24\\\/100057360583332\\\/\",\"https:\\\/\\\/www.linkedin.com\\\/company\\\/lofinfo24\\\/\"]}]}<\/script>\n<!-- \/ Yoast SEO plugin. -->","yoast_head_json":{"title":"La trasformazione strutturale nel porto di Amburgo \u00e8 gi\u00e0 iniziata - Loginfo24","robots":{"index":"index","follow":"follow","max-snippet":"max-snippet:-1","max-image-preview":"max-image-preview:large","max-video-preview":"max-video-preview:-1"},"canonical":"https:\/\/loginfo24.com\/it\/2020\/05\/28\/la-trasformazione-strutturale-nel-porto-di-amburgo-e-gia-iniziata\/","og_locale":"it_IT","og_type":"article","og_title":"La trasformazione strutturale nel porto di Amburgo \u00e8 gi\u00e0 iniziata - Loginfo24","og_description":"Nella crisi del mais, molti vedono un&#8217;opportunit\u00e0 per accelerare la trasformazione strutturale. In molti casi, come nel porto di Amburgo, questo \u00e8 iniziato molto prima del [\u2026]","og_url":"https:\/\/loginfo24.com\/it\/2020\/05\/28\/la-trasformazione-strutturale-nel-porto-di-amburgo-e-gia-iniziata\/","og_site_name":"Loginfo24","article_publisher":"https:\/\/www.facebook.com\/people\/Loginfo24\/100057360583332\/","article_published_time":"2020-05-28T08:05:39+00:00","article_modified_time":"2025-12-15T11:36:28+00:00","twitter_card":"summary_large_image","twitter_misc":{"Tempo di lettura stimato":"5 minuto"},"schema":{"@context":"https:\/\/schema.org","@graph":[{"@type":"Article","@id":"https:\/\/loginfo24.com\/it\/2020\/05\/28\/la-trasformazione-strutturale-nel-porto-di-amburgo-e-gia-iniziata\/#article","isPartOf":{"@id":"https:\/\/loginfo24.com\/it\/2020\/05\/28\/la-trasformazione-strutturale-nel-porto-di-amburgo-e-gia-iniziata\/"},"author":{"name":"","@id":""},"headline":"La trasformazione strutturale nel porto di Amburgo \u00e8 gi\u00e0 iniziata","datePublished":"2020-05-28T08:05:39+00:00","dateModified":"2025-12-15T11:36:28+00:00","mainEntityOfPage":{"@id":"https:\/\/loginfo24.com\/it\/2020\/05\/28\/la-trasformazione-strutturale-nel-porto-di-amburgo-e-gia-iniziata\/"},"wordCount":1028,"commentCount":0,"publisher":{"@id":"https:\/\/loginfo24.com\/it\/#organization"},"articleSection":["Categories","Forwarding &amp; Logistics","Regions","Shipping &amp; Ports"],"inLanguage":"it-IT","potentialAction":[{"@type":"CommentAction","name":"Comment","target":["https:\/\/loginfo24.com\/it\/2020\/05\/28\/la-trasformazione-strutturale-nel-porto-di-amburgo-e-gia-iniziata\/#respond"]}]},{"@type":"WebPage","@id":"https:\/\/loginfo24.com\/it\/2020\/05\/28\/la-trasformazione-strutturale-nel-porto-di-amburgo-e-gia-iniziata\/","url":"https:\/\/loginfo24.com\/it\/2020\/05\/28\/la-trasformazione-strutturale-nel-porto-di-amburgo-e-gia-iniziata\/","name":"La trasformazione strutturale nel porto di Amburgo \u00e8 gi\u00e0 iniziata - Loginfo24","isPartOf":{"@id":"https:\/\/loginfo24.com\/it\/#website"},"datePublished":"2020-05-28T08:05:39+00:00","dateModified":"2025-12-15T11:36:28+00:00","breadcrumb":{"@id":"https:\/\/loginfo24.com\/it\/2020\/05\/28\/la-trasformazione-strutturale-nel-porto-di-amburgo-e-gia-iniziata\/#breadcrumb"},"inLanguage":"it-IT","potentialAction":[{"@type":"ReadAction","target":["https:\/\/loginfo24.com\/it\/2020\/05\/28\/la-trasformazione-strutturale-nel-porto-di-amburgo-e-gia-iniziata\/"]}]},{"@type":"BreadcrumbList","@id":"https:\/\/loginfo24.com\/it\/2020\/05\/28\/la-trasformazione-strutturale-nel-porto-di-amburgo-e-gia-iniziata\/#breadcrumb","itemListElement":[{"@type":"ListItem","position":1,"name":"Startseite","item":"https:\/\/loginfo24.com\/it\/"},{"@type":"ListItem","position":2,"name":"La trasformazione strutturale nel porto di Amburgo \u00e8 gi\u00e0 iniziata"}]},{"@type":"WebSite","@id":"https:\/\/loginfo24.com\/it\/#website","url":"https:\/\/loginfo24.com\/it\/","name":"Loginfo24","description":"Loginfo24 \u00e8 la piattaforma dedicata alla logistica e alle catene di fornitura con informazioni disponibili 24 ore su 24.","publisher":{"@id":"https:\/\/loginfo24.com\/it\/#organization"},"potentialAction":[{"@type":"SearchAction","target":{"@type":"EntryPoint","urlTemplate":"https:\/\/loginfo24.com\/it\/?s={search_term_string}"},"query-input":{"@type":"PropertyValueSpecification","valueRequired":true,"valueName":"search_term_string"}}],"inLanguage":"it-IT"},{"@type":"Organization","@id":"https:\/\/loginfo24.com\/it\/#organization","name":"Logismedia Group AG","url":"https:\/\/loginfo24.com\/it\/","logo":{"@type":"ImageObject","inLanguage":"it-IT","@id":"https:\/\/loginfo24.com\/it\/#\/schema\/logo\/image\/","url":"https:\/\/loginfo24.com\/wp-content\/uploads\/sites\/7\/2026\/01\/Logo_LogInfo24.png","contentUrl":"https:\/\/loginfo24.com\/wp-content\/uploads\/sites\/7\/2026\/01\/Logo_LogInfo24.png","width":938,"height":351,"caption":"Logismedia Group AG"},"image":{"@id":"https:\/\/loginfo24.com\/it\/#\/schema\/logo\/image\/"},"sameAs":["https:\/\/www.facebook.com\/people\/Loginfo24\/100057360583332\/","https:\/\/www.linkedin.com\/company\/lofinfo24\/"]}]}},"_links":{"self":[{"href":"https:\/\/loginfo24.com\/it\/wp-json\/wp\/v2\/posts\/19705","targetHints":{"allow":["GET"]}}],"collection":[{"href":"https:\/\/loginfo24.com\/it\/wp-json\/wp\/v2\/posts"}],"about":[{"href":"https:\/\/loginfo24.com\/it\/wp-json\/wp\/v2\/types\/post"}],"replies":[{"embeddable":true,"href":"https:\/\/loginfo24.com\/it\/wp-json\/wp\/v2\/comments?post=19705"}],"version-history":[{"count":1,"href":"https:\/\/loginfo24.com\/it\/wp-json\/wp\/v2\/posts\/19705\/revisions"}],"predecessor-version":[{"id":35683,"href":"https:\/\/loginfo24.com\/it\/wp-json\/wp\/v2\/posts\/19705\/revisions\/35683"}],"wp:attachment":[{"href":"https:\/\/loginfo24.com\/it\/wp-json\/wp\/v2\/media?parent=19705"}],"wp:term":[{"taxonomy":"category","embeddable":true,"href":"https:\/\/loginfo24.com\/it\/wp-json\/wp\/v2\/categories?post=19705"},{"taxonomy":"post_tag","embeddable":true,"href":"https:\/\/loginfo24.com\/it\/wp-json\/wp\/v2\/tags?post=19705"}],"curies":[{"name":"wp","href":"https:\/\/api.w.org\/{rel}","templated":true}]}}