{"id":19658,"date":"2020-09-11T20:02:39","date_gmt":"2020-09-11T18:02:39","guid":{"rendered":"https:\/\/blog.brand-architecture.at\/2020\/09\/11\/dachser-amplia-la-superficie-del-suo-centro-logistico-a-rheine\/"},"modified":"2025-12-15T12:36:17","modified_gmt":"2025-12-15T11:36:17","slug":"dachser-amplia-la-superficie-del-suo-centro-logistico-a-rheine","status":"publish","type":"post","link":"https:\/\/loginfo24.com\/it\/2020\/09\/11\/dachser-amplia-la-superficie-del-suo-centro-logistico-a-rheine\/","title":{"rendered":"Dachser amplia la superficie del suo centro logistico a Rheine"},"content":{"rendered":"<p>Il fornitore di servizi logistici Dachser sta ampliando il suo centro logistico a Rheine. Verr\u00e0 costruito un centro di distribuzione che entrer\u00e0 in funzione nell&#8217;ottobre 2020. Il nuovo edificio comprende 20.800 m2 di superficie logistica e dispone di 36.800 posti pallet, serviti da 26 porte per camion.<\/p>\n<p>(Rheine) Il centro logistico Dachser di Rheine crea pi\u00f9 spazio per lo stoccaggio e i servizi a valore aggiunto. Vicino alla sede dell&#8217;azienda, \u00e8 attualmente in costruzione un nuovo centro di distribuzione che sar\u00e0 operativo nell&#8217;ottobre 2020. Il cuore dell&#8217;impianto in Sandkampstra\u00dfe \u00e8 un magazzino logistico di 20.800 metri quadrati con 26 porte per camion e fino a 36.800 posti pallet. A ci\u00f2 si aggiungono spazi per uffici di circa 1.200 metri quadrati.<\/p>\n<p>Nella nuova e moderna struttura, Dachser Rheine consolida le attuali sedi di stoccaggio nelle vicinanze e garantisce ulteriori capacit\u00e0 per la crescita futura. In questo modo, il fornitore di servizi logistici ottimizza i flussi di traffico e le condizioni di produzione. Il nuovo centro di distribuzione sar\u00e0 gestito per clienti di vari settori, tra cui l&#8217;industria manifatturiera, il settore sanitario, il settore del bricolage e il commercio tessile. Oltre allo stoccaggio delle merci, alla preparazione degli ordini e alla spedizione, i dipendenti forniscono, a seconda delle esigenze dei clienti, servizi aggiuntivi come costruzione di display, imballaggio, etichettatura speciale, lavori di montaggio e gestione dei resi.<\/p>\n<p>&#8220;Nel settore del magazzinaggio registriamo una crescita continua e una domanda in aumento nella regione,&#8221; afferma Markus Dodt, direttore generale del centro logistico Dachser di Rheine. &#8220;Rheine e il M\u00fcnsterland, con la loro forte economia, la disponibilit\u00e0 di manodopera qualificata e la posizione favorevole dal punto di vista dei trasporti, sono un luogo ideale per servizi logistici integrati.&#8221;<\/p>\n<p>Dachser \u00e8 presente a Rheine dal 1990 e attualmente impiega 390 persone. Di queste, 60 lavoreranno in futuro nella nuova sede. A medio termine, verranno creati ulteriori 60 posti di lavoro.<\/p>\n<p>Foto: \u00a9 Dachser<\/p>\n<p><a href=\"https:\/\/www.dachser.de\" target=\"_blank\" rel=\"noopener noreferrer\">www.dachser.de<\/a><\/p>\n","protected":false},"excerpt":{"rendered":"<p>Il fornitore di servizi logistici Dachser sta ampliando il suo centro logistico a Rheine. Verr\u00e0 costruito un centro di distribuzione che entrer\u00e0 in funzione nell&#8217;ottobre 2020.<span class=\"excerpt-hellip\"> [\u2026]<\/span><\/p>\n","protected":false},"author":0,"featured_media":0,"comment_status":"open","ping_status":"open","sticky":false,"template":"","format":"standard","meta":{"_acf_changed":false,"footnotes":""},"categories":[1557,1560,1561],"tags":[],"class_list":["post-19658","post","type-post","status-publish","format-standard","hentry","category-forwarding-logistics","category-intralogistics","category-regions"],"acf":[],"yoast_head":"<!-- This site is optimized with the Yoast SEO plugin v27.3 - https:\/\/yoast.com\/product\/yoast-seo-wordpress\/ -->\n<title>Dachser amplia la superficie del suo centro logistico a Rheine - Loginfo24<\/title>\n<meta name=\"robots\" content=\"index, follow, max-snippet:-1, max-image-preview:large, max-video-preview:-1\" \/>\n<link rel=\"canonical\" href=\"https:\/\/loginfo24.com\/it\/2020\/09\/11\/dachser-amplia-la-superficie-del-suo-centro-logistico-a-rheine\/\" \/>\n<meta property=\"og:locale\" content=\"it_IT\" \/>\n<meta property=\"og:type\" content=\"article\" \/>\n<meta property=\"og:title\" content=\"Dachser amplia la superficie del suo centro logistico a Rheine - Loginfo24\" \/>\n<meta property=\"og:description\" content=\"Il fornitore di servizi logistici Dachser sta ampliando il suo centro logistico a Rheine. Verr\u00e0 costruito un centro di distribuzione che entrer\u00e0 in funzione nell&#8217;ottobre 2020. [\u2026]\" \/>\n<meta property=\"og:url\" content=\"https:\/\/loginfo24.com\/it\/2020\/09\/11\/dachser-amplia-la-superficie-del-suo-centro-logistico-a-rheine\/\" \/>\n<meta property=\"og:site_name\" content=\"Loginfo24\" \/>\n<meta property=\"article:publisher\" content=\"https:\/\/www.facebook.com\/people\/Loginfo24\/100057360583332\/\" \/>\n<meta property=\"article:published_time\" content=\"2020-09-11T18:02:39+00:00\" \/>\n<meta property=\"article:modified_time\" content=\"2025-12-15T11:36:17+00:00\" \/>\n<meta name=\"twitter:card\" content=\"summary_large_image\" \/>\n<meta name=\"twitter:label1\" content=\"Tempo di lettura stimato\" \/>\n\t<meta name=\"twitter:data1\" content=\"2 minuto\" \/>\n<script type=\"application\/ld+json\" class=\"yoast-schema-graph\">{\"@context\":\"https:\\\/\\\/schema.org\",\"@graph\":[{\"@type\":\"Article\",\"@id\":\"https:\\\/\\\/loginfo24.com\\\/it\\\/2020\\\/09\\\/11\\\/dachser-amplia-la-superficie-del-suo-centro-logistico-a-rheine\\\/#article\",\"isPartOf\":{\"@id\":\"https:\\\/\\\/loginfo24.com\\\/it\\\/2020\\\/09\\\/11\\\/dachser-amplia-la-superficie-del-suo-centro-logistico-a-rheine\\\/\"},\"author\":{\"name\":\"\",\"@id\":\"\"},\"headline\":\"Dachser amplia la superficie del suo centro logistico a Rheine\",\"datePublished\":\"2020-09-11T18:02:39+00:00\",\"dateModified\":\"2025-12-15T11:36:17+00:00\",\"mainEntityOfPage\":{\"@id\":\"https:\\\/\\\/loginfo24.com\\\/it\\\/2020\\\/09\\\/11\\\/dachser-amplia-la-superficie-del-suo-centro-logistico-a-rheine\\\/\"},\"wordCount\":320,\"commentCount\":0,\"publisher\":{\"@id\":\"https:\\\/\\\/loginfo24.com\\\/it\\\/#organization\"},\"articleSection\":[\"Forwarding &amp; Logistics\",\"Intralogistics\",\"Regions\"],\"inLanguage\":\"it-IT\",\"potentialAction\":[{\"@type\":\"CommentAction\",\"name\":\"Comment\",\"target\":[\"https:\\\/\\\/loginfo24.com\\\/it\\\/2020\\\/09\\\/11\\\/dachser-amplia-la-superficie-del-suo-centro-logistico-a-rheine\\\/#respond\"]}]},{\"@type\":\"WebPage\",\"@id\":\"https:\\\/\\\/loginfo24.com\\\/it\\\/2020\\\/09\\\/11\\\/dachser-amplia-la-superficie-del-suo-centro-logistico-a-rheine\\\/\",\"url\":\"https:\\\/\\\/loginfo24.com\\\/it\\\/2020\\\/09\\\/11\\\/dachser-amplia-la-superficie-del-suo-centro-logistico-a-rheine\\\/\",\"name\":\"Dachser amplia la superficie del suo centro logistico a Rheine - Loginfo24\",\"isPartOf\":{\"@id\":\"https:\\\/\\\/loginfo24.com\\\/it\\\/#website\"},\"datePublished\":\"2020-09-11T18:02:39+00:00\",\"dateModified\":\"2025-12-15T11:36:17+00:00\",\"breadcrumb\":{\"@id\":\"https:\\\/\\\/loginfo24.com\\\/it\\\/2020\\\/09\\\/11\\\/dachser-amplia-la-superficie-del-suo-centro-logistico-a-rheine\\\/#breadcrumb\"},\"inLanguage\":\"it-IT\",\"potentialAction\":[{\"@type\":\"ReadAction\",\"target\":[\"https:\\\/\\\/loginfo24.com\\\/it\\\/2020\\\/09\\\/11\\\/dachser-amplia-la-superficie-del-suo-centro-logistico-a-rheine\\\/\"]}]},{\"@type\":\"BreadcrumbList\",\"@id\":\"https:\\\/\\\/loginfo24.com\\\/it\\\/2020\\\/09\\\/11\\\/dachser-amplia-la-superficie-del-suo-centro-logistico-a-rheine\\\/#breadcrumb\",\"itemListElement\":[{\"@type\":\"ListItem\",\"position\":1,\"name\":\"Startseite\",\"item\":\"https:\\\/\\\/loginfo24.com\\\/it\\\/\"},{\"@type\":\"ListItem\",\"position\":2,\"name\":\"Dachser amplia la superficie del suo centro logistico a Rheine\"}]},{\"@type\":\"WebSite\",\"@id\":\"https:\\\/\\\/loginfo24.com\\\/it\\\/#website\",\"url\":\"https:\\\/\\\/loginfo24.com\\\/it\\\/\",\"name\":\"Loginfo24\",\"description\":\"Loginfo24 \u00e8 la piattaforma dedicata alla logistica e alle catene di fornitura con informazioni disponibili 24 ore su 24.\",\"publisher\":{\"@id\":\"https:\\\/\\\/loginfo24.com\\\/it\\\/#organization\"},\"potentialAction\":[{\"@type\":\"SearchAction\",\"target\":{\"@type\":\"EntryPoint\",\"urlTemplate\":\"https:\\\/\\\/loginfo24.com\\\/it\\\/?s={search_term_string}\"},\"query-input\":{\"@type\":\"PropertyValueSpecification\",\"valueRequired\":true,\"valueName\":\"search_term_string\"}}],\"inLanguage\":\"it-IT\"},{\"@type\":\"Organization\",\"@id\":\"https:\\\/\\\/loginfo24.com\\\/it\\\/#organization\",\"name\":\"Logismedia Group AG\",\"url\":\"https:\\\/\\\/loginfo24.com\\\/it\\\/\",\"logo\":{\"@type\":\"ImageObject\",\"inLanguage\":\"it-IT\",\"@id\":\"https:\\\/\\\/loginfo24.com\\\/it\\\/#\\\/schema\\\/logo\\\/image\\\/\",\"url\":\"https:\\\/\\\/loginfo24.com\\\/wp-content\\\/uploads\\\/sites\\\/7\\\/2026\\\/01\\\/Logo_LogInfo24.png\",\"contentUrl\":\"https:\\\/\\\/loginfo24.com\\\/wp-content\\\/uploads\\\/sites\\\/7\\\/2026\\\/01\\\/Logo_LogInfo24.png\",\"width\":938,\"height\":351,\"caption\":\"Logismedia Group AG\"},\"image\":{\"@id\":\"https:\\\/\\\/loginfo24.com\\\/it\\\/#\\\/schema\\\/logo\\\/image\\\/\"},\"sameAs\":[\"https:\\\/\\\/www.facebook.com\\\/people\\\/Loginfo24\\\/100057360583332\\\/\",\"https:\\\/\\\/www.linkedin.com\\\/company\\\/lofinfo24\\\/\"]}]}<\/script>\n<!-- \/ Yoast SEO plugin. -->","yoast_head_json":{"title":"Dachser amplia la superficie del suo centro logistico a Rheine - Loginfo24","robots":{"index":"index","follow":"follow","max-snippet":"max-snippet:-1","max-image-preview":"max-image-preview:large","max-video-preview":"max-video-preview:-1"},"canonical":"https:\/\/loginfo24.com\/it\/2020\/09\/11\/dachser-amplia-la-superficie-del-suo-centro-logistico-a-rheine\/","og_locale":"it_IT","og_type":"article","og_title":"Dachser amplia la superficie del suo centro logistico a Rheine - Loginfo24","og_description":"Il fornitore di servizi logistici Dachser sta ampliando il suo centro logistico a Rheine. Verr\u00e0 costruito un centro di distribuzione che entrer\u00e0 in funzione nell&#8217;ottobre 2020. [\u2026]","og_url":"https:\/\/loginfo24.com\/it\/2020\/09\/11\/dachser-amplia-la-superficie-del-suo-centro-logistico-a-rheine\/","og_site_name":"Loginfo24","article_publisher":"https:\/\/www.facebook.com\/people\/Loginfo24\/100057360583332\/","article_published_time":"2020-09-11T18:02:39+00:00","article_modified_time":"2025-12-15T11:36:17+00:00","twitter_card":"summary_large_image","twitter_misc":{"Tempo di lettura stimato":"2 minuto"},"schema":{"@context":"https:\/\/schema.org","@graph":[{"@type":"Article","@id":"https:\/\/loginfo24.com\/it\/2020\/09\/11\/dachser-amplia-la-superficie-del-suo-centro-logistico-a-rheine\/#article","isPartOf":{"@id":"https:\/\/loginfo24.com\/it\/2020\/09\/11\/dachser-amplia-la-superficie-del-suo-centro-logistico-a-rheine\/"},"author":{"name":"","@id":""},"headline":"Dachser amplia la superficie del suo centro logistico a Rheine","datePublished":"2020-09-11T18:02:39+00:00","dateModified":"2025-12-15T11:36:17+00:00","mainEntityOfPage":{"@id":"https:\/\/loginfo24.com\/it\/2020\/09\/11\/dachser-amplia-la-superficie-del-suo-centro-logistico-a-rheine\/"},"wordCount":320,"commentCount":0,"publisher":{"@id":"https:\/\/loginfo24.com\/it\/#organization"},"articleSection":["Forwarding &amp; Logistics","Intralogistics","Regions"],"inLanguage":"it-IT","potentialAction":[{"@type":"CommentAction","name":"Comment","target":["https:\/\/loginfo24.com\/it\/2020\/09\/11\/dachser-amplia-la-superficie-del-suo-centro-logistico-a-rheine\/#respond"]}]},{"@type":"WebPage","@id":"https:\/\/loginfo24.com\/it\/2020\/09\/11\/dachser-amplia-la-superficie-del-suo-centro-logistico-a-rheine\/","url":"https:\/\/loginfo24.com\/it\/2020\/09\/11\/dachser-amplia-la-superficie-del-suo-centro-logistico-a-rheine\/","name":"Dachser amplia la superficie del suo centro logistico a Rheine - Loginfo24","isPartOf":{"@id":"https:\/\/loginfo24.com\/it\/#website"},"datePublished":"2020-09-11T18:02:39+00:00","dateModified":"2025-12-15T11:36:17+00:00","breadcrumb":{"@id":"https:\/\/loginfo24.com\/it\/2020\/09\/11\/dachser-amplia-la-superficie-del-suo-centro-logistico-a-rheine\/#breadcrumb"},"inLanguage":"it-IT","potentialAction":[{"@type":"ReadAction","target":["https:\/\/loginfo24.com\/it\/2020\/09\/11\/dachser-amplia-la-superficie-del-suo-centro-logistico-a-rheine\/"]}]},{"@type":"BreadcrumbList","@id":"https:\/\/loginfo24.com\/it\/2020\/09\/11\/dachser-amplia-la-superficie-del-suo-centro-logistico-a-rheine\/#breadcrumb","itemListElement":[{"@type":"ListItem","position":1,"name":"Startseite","item":"https:\/\/loginfo24.com\/it\/"},{"@type":"ListItem","position":2,"name":"Dachser amplia la superficie del suo centro logistico a Rheine"}]},{"@type":"WebSite","@id":"https:\/\/loginfo24.com\/it\/#website","url":"https:\/\/loginfo24.com\/it\/","name":"Loginfo24","description":"Loginfo24 \u00e8 la piattaforma dedicata alla logistica e alle catene di fornitura con informazioni disponibili 24 ore su 24.","publisher":{"@id":"https:\/\/loginfo24.com\/it\/#organization"},"potentialAction":[{"@type":"SearchAction","target":{"@type":"EntryPoint","urlTemplate":"https:\/\/loginfo24.com\/it\/?s={search_term_string}"},"query-input":{"@type":"PropertyValueSpecification","valueRequired":true,"valueName":"search_term_string"}}],"inLanguage":"it-IT"},{"@type":"Organization","@id":"https:\/\/loginfo24.com\/it\/#organization","name":"Logismedia Group AG","url":"https:\/\/loginfo24.com\/it\/","logo":{"@type":"ImageObject","inLanguage":"it-IT","@id":"https:\/\/loginfo24.com\/it\/#\/schema\/logo\/image\/","url":"https:\/\/loginfo24.com\/wp-content\/uploads\/sites\/7\/2026\/01\/Logo_LogInfo24.png","contentUrl":"https:\/\/loginfo24.com\/wp-content\/uploads\/sites\/7\/2026\/01\/Logo_LogInfo24.png","width":938,"height":351,"caption":"Logismedia Group AG"},"image":{"@id":"https:\/\/loginfo24.com\/it\/#\/schema\/logo\/image\/"},"sameAs":["https:\/\/www.facebook.com\/people\/Loginfo24\/100057360583332\/","https:\/\/www.linkedin.com\/company\/lofinfo24\/"]}]}},"_links":{"self":[{"href":"https:\/\/loginfo24.com\/it\/wp-json\/wp\/v2\/posts\/19658","targetHints":{"allow":["GET"]}}],"collection":[{"href":"https:\/\/loginfo24.com\/it\/wp-json\/wp\/v2\/posts"}],"about":[{"href":"https:\/\/loginfo24.com\/it\/wp-json\/wp\/v2\/types\/post"}],"replies":[{"embeddable":true,"href":"https:\/\/loginfo24.com\/it\/wp-json\/wp\/v2\/comments?post=19658"}],"version-history":[{"count":1,"href":"https:\/\/loginfo24.com\/it\/wp-json\/wp\/v2\/posts\/19658\/revisions"}],"predecessor-version":[{"id":35598,"href":"https:\/\/loginfo24.com\/it\/wp-json\/wp\/v2\/posts\/19658\/revisions\/35598"}],"wp:attachment":[{"href":"https:\/\/loginfo24.com\/it\/wp-json\/wp\/v2\/media?parent=19658"}],"wp:term":[{"taxonomy":"category","embeddable":true,"href":"https:\/\/loginfo24.com\/it\/wp-json\/wp\/v2\/categories?post=19658"},{"taxonomy":"post_tag","embeddable":true,"href":"https:\/\/loginfo24.com\/it\/wp-json\/wp\/v2\/tags?post=19658"}],"curies":[{"name":"wp","href":"https:\/\/api.w.org\/{rel}","templated":true}]}}