{"id":19591,"date":"2020-09-08T11:14:25","date_gmt":"2020-09-08T09:14:25","guid":{"rendered":"https:\/\/blog.brand-architecture.at\/2020\/09\/08\/i-ministri-dei-trasporti-dellue-si-riuniscono-ad-amburgo-segnali-per-la-navigazione\/"},"modified":"2025-12-15T12:36:01","modified_gmt":"2025-12-15T11:36:01","slug":"i-ministri-dei-trasporti-dellue-si-riuniscono-ad-amburgo-segnali-per-la-navigazione","status":"publish","type":"post","link":"https:\/\/loginfo24.com\/it\/2020\/09\/08\/i-ministri-dei-trasporti-dellue-si-riuniscono-ad-amburgo-segnali-per-la-navigazione\/","title":{"rendered":"I ministri dei trasporti dell&#8217;UE si riuniscono ad Amburgo - Segnali per la navigazione"},"content":{"rendered":"<p>Oggi si svolge la conferenza dei ministri dei trasporti dell&#8217;UE ad Amburgo. L&#8217;associazione degli armatori accoglie il luogo della conferenza ed \u00e8 lieta dell&#8217;importanza della navigazione. Gli armatori tedeschi chiedono con forza obiettivi globali di CO2. L&#8217;ospite ufficiale \u00e8 il ministro dei trasporti federale Andreas Scheuer.<\/p>\n<p>(Amburgo) Oggi, marted\u00ec, i ministri dei trasporti dell&#8217;UE discuteranno ad Amburgo, nell&#8217;ambito della presidenza tedesca dell&#8217;UE, misure concrete per una navigazione marittima ecologica e innovativa. Il ministro dei trasporti federale Andreas Scheuer, in qualit\u00e0 di ospite, si aspetta a questo incontro di alto livello, oltre ai colleghi ministri e ai rappresentanti di spicco dell&#8217;industria, anche la commissaria europea ai trasporti Adina V\u00e3lean.<\/p>\n<p>Alfred Hartmann, presidente dell&#8217;Associazione degli armatori tedeschi (VDR), che sar\u00e0 presente insieme al CEO di Hapag-Lloyd Rolf Habben Jansen, ha accolto con favore l&#8217;iniziativa del governo federale: &#8220;Molti eventi pianificati nell&#8217;ambito della presidenza tedesca sono stati purtroppo annullati a causa della pandemia. Il fatto che il ministro dei trasporti federale inviti comunque ad Amburgo dimostra l&#8217;importanza che la navigazione merita.&#8221; <\/p>\n<h5>Il trasporto marittimo \u00e8 una colonna portante dell&#8217;economia europea<\/h5>\n<p>Il trasporto marittimo, ha affermato Hartmann, \u00e8 una colonna portante dell&#8217;economia europea: circa il novanta percento del commercio estero dell&#8217;UE e il quaranta percento del traffico merci intra-europeo vengono gestiti via mare. Le compagnie di navigazione europee controllano il 40 percento della flotta commerciale globale, contribuiscono annualmente con circa 150 miliardi di euro al PIL dell&#8217;UE e offrono a 2,1 milioni di europei a terra e in mare un posto di lavoro orientato al futuro.<\/p>\n<p>Il presidente del VDR ha sottolineato quanto sia importante un dialogo costruttivo tra la politica europea e l&#8217;industria sul tema della protezione climatica: &#8220;Per la navigazione marittima tedesca non si tratta pi\u00f9 di chiedersi se essa faccia parte di un processo di decarbonizzazione, ma quale sia il modo migliore per rendere il trasporto marittimo il pi\u00f9 ecologico possibile, il pi\u00f9 rapidamente e in modo completo&#8221;, ha dichiarato Hartmann: &#8220;La sfida per la navigazione e gli Stati \u00e8 ridurre le emissioni di CO2 senza limitare il commercio marittimo necessario. Vogliamo contribuire attivamente e in modo costruttivo.&#8221; <\/p>\n<h5>Europa deve diventare un laboratorio per la navigazione climaneutrale<\/h5>\n<p>In questo contesto, il VDR considera l&#8217;attuazione del &#8220;Green Deal&#8221; della Commissione Europea nei prossimi anni una sfida per il settore, ma anche un&#8217;enorme opportunit\u00e0: &#8220;L&#8217;Europa dovrebbe diventare un laboratorio per una navigazione climaneutrale grazie al Green Deal. Fondamentali sono nuovi combustibili climaticamente neutri per le navi. L&#8217;UE sar\u00e0 innovativa se questi combustibili verranno sviluppati qui con alta pressione, resi pronti per l&#8217;uso e commercializzabili.&#8221; <\/p>\n<p>Hartmann ha nuovamente sottolineato in questo contesto l&#8217;importanza degli obiettivi globali di CO2: &#8220;Dobbiamo impegnarci con forza per regole climatiche globali: la protezione del clima non deve essere un pretesto per inventare solo nuove tasse per risanare i bilanci. Le normative regionali non aiutano sufficientemente il clima e danneggiano l&#8217;industria del continente nella dura concorrenza globale.&#8221; <\/p>\n<p>Il presidente del VDR ha concluso: &#8220;Il tempo stringe. Abbiamo bisogno presto di soluzioni per raggiungere gli obiettivi dell&#8217;IMO che ci siamo posti insieme. Dobbiamo ora cambiare rotta insieme.&#8221; <\/p>\n<p>Foto: Adobe Stock<\/p>\n<p><a href=\"https:\/\/www.reederverband.de\" target=\"_blank\" rel=\"noopener noreferrer\">www.reederverband.de<\/a><\/p>\n<p>&nbsp;<\/p>\n<p>&nbsp;<\/p>\n","protected":false},"excerpt":{"rendered":"<p>Oggi si svolge la conferenza dei ministri dei trasporti dell&#8217;UE ad Amburgo. L&#8217;associazione degli armatori accoglie il luogo della conferenza ed \u00e8 lieta dell&#8217;importanza della navigazione.<span class=\"excerpt-hellip\"> [\u2026]<\/span><\/p>\n","protected":false},"author":0,"featured_media":0,"comment_status":"open","ping_status":"open","sticky":false,"template":"","format":"standard","meta":{"_acf_changed":false,"footnotes":""},"categories":[1557,1561,1559],"tags":[],"class_list":["post-19591","post","type-post","status-publish","format-standard","hentry","category-forwarding-logistics","category-regions","category-shipping-ports"],"acf":[],"yoast_head":"<!-- This site is optimized with the Yoast SEO plugin v27.3 - https:\/\/yoast.com\/product\/yoast-seo-wordpress\/ -->\n<title>I ministri dei trasporti dell&#039;UE si riuniscono ad Amburgo - Segnali per la navigazione - Loginfo24<\/title>\n<meta name=\"robots\" content=\"index, follow, max-snippet:-1, max-image-preview:large, max-video-preview:-1\" \/>\n<link rel=\"canonical\" href=\"https:\/\/loginfo24.com\/it\/2020\/09\/08\/i-ministri-dei-trasporti-dellue-si-riuniscono-ad-amburgo-segnali-per-la-navigazione\/\" \/>\n<meta property=\"og:locale\" content=\"it_IT\" \/>\n<meta property=\"og:type\" content=\"article\" \/>\n<meta property=\"og:title\" content=\"I ministri dei trasporti dell&#039;UE si riuniscono ad Amburgo - Segnali per la navigazione - Loginfo24\" \/>\n<meta property=\"og:description\" content=\"Oggi si svolge la conferenza dei ministri dei trasporti dell&#8217;UE ad Amburgo. L&#8217;associazione degli armatori accoglie il luogo della conferenza ed \u00e8 lieta dell&#8217;importanza della navigazione. [\u2026]\" \/>\n<meta property=\"og:url\" content=\"https:\/\/loginfo24.com\/it\/2020\/09\/08\/i-ministri-dei-trasporti-dellue-si-riuniscono-ad-amburgo-segnali-per-la-navigazione\/\" \/>\n<meta property=\"og:site_name\" content=\"Loginfo24\" \/>\n<meta property=\"article:publisher\" content=\"https:\/\/www.facebook.com\/people\/Loginfo24\/100057360583332\/\" \/>\n<meta property=\"article:published_time\" content=\"2020-09-08T09:14:25+00:00\" \/>\n<meta property=\"article:modified_time\" content=\"2025-12-15T11:36:01+00:00\" \/>\n<meta name=\"twitter:card\" content=\"summary_large_image\" \/>\n<meta name=\"twitter:label1\" content=\"Tempo di lettura stimato\" \/>\n\t<meta name=\"twitter:data1\" content=\"3 minuto\" \/>\n<script type=\"application\/ld+json\" class=\"yoast-schema-graph\">{\"@context\":\"https:\\\/\\\/schema.org\",\"@graph\":[{\"@type\":\"Article\",\"@id\":\"https:\\\/\\\/loginfo24.com\\\/it\\\/2020\\\/09\\\/08\\\/i-ministri-dei-trasporti-dellue-si-riuniscono-ad-amburgo-segnali-per-la-navigazione\\\/#article\",\"isPartOf\":{\"@id\":\"https:\\\/\\\/loginfo24.com\\\/it\\\/2020\\\/09\\\/08\\\/i-ministri-dei-trasporti-dellue-si-riuniscono-ad-amburgo-segnali-per-la-navigazione\\\/\"},\"author\":{\"name\":\"\",\"@id\":\"\"},\"headline\":\"I ministri dei trasporti dell&#8217;UE si riuniscono ad Amburgo - Segnali per la navigazione\",\"datePublished\":\"2020-09-08T09:14:25+00:00\",\"dateModified\":\"2025-12-15T11:36:01+00:00\",\"mainEntityOfPage\":{\"@id\":\"https:\\\/\\\/loginfo24.com\\\/it\\\/2020\\\/09\\\/08\\\/i-ministri-dei-trasporti-dellue-si-riuniscono-ad-amburgo-segnali-per-la-navigazione\\\/\"},\"wordCount\":547,\"commentCount\":0,\"publisher\":{\"@id\":\"https:\\\/\\\/loginfo24.com\\\/it\\\/#organization\"},\"articleSection\":[\"Forwarding &amp; Logistics\",\"Regions\",\"Shipping &amp; Ports\"],\"inLanguage\":\"it-IT\",\"potentialAction\":[{\"@type\":\"CommentAction\",\"name\":\"Comment\",\"target\":[\"https:\\\/\\\/loginfo24.com\\\/it\\\/2020\\\/09\\\/08\\\/i-ministri-dei-trasporti-dellue-si-riuniscono-ad-amburgo-segnali-per-la-navigazione\\\/#respond\"]}]},{\"@type\":\"WebPage\",\"@id\":\"https:\\\/\\\/loginfo24.com\\\/it\\\/2020\\\/09\\\/08\\\/i-ministri-dei-trasporti-dellue-si-riuniscono-ad-amburgo-segnali-per-la-navigazione\\\/\",\"url\":\"https:\\\/\\\/loginfo24.com\\\/it\\\/2020\\\/09\\\/08\\\/i-ministri-dei-trasporti-dellue-si-riuniscono-ad-amburgo-segnali-per-la-navigazione\\\/\",\"name\":\"I ministri dei trasporti dell'UE si riuniscono ad Amburgo - Segnali per la navigazione - Loginfo24\",\"isPartOf\":{\"@id\":\"https:\\\/\\\/loginfo24.com\\\/it\\\/#website\"},\"datePublished\":\"2020-09-08T09:14:25+00:00\",\"dateModified\":\"2025-12-15T11:36:01+00:00\",\"breadcrumb\":{\"@id\":\"https:\\\/\\\/loginfo24.com\\\/it\\\/2020\\\/09\\\/08\\\/i-ministri-dei-trasporti-dellue-si-riuniscono-ad-amburgo-segnali-per-la-navigazione\\\/#breadcrumb\"},\"inLanguage\":\"it-IT\",\"potentialAction\":[{\"@type\":\"ReadAction\",\"target\":[\"https:\\\/\\\/loginfo24.com\\\/it\\\/2020\\\/09\\\/08\\\/i-ministri-dei-trasporti-dellue-si-riuniscono-ad-amburgo-segnali-per-la-navigazione\\\/\"]}]},{\"@type\":\"BreadcrumbList\",\"@id\":\"https:\\\/\\\/loginfo24.com\\\/it\\\/2020\\\/09\\\/08\\\/i-ministri-dei-trasporti-dellue-si-riuniscono-ad-amburgo-segnali-per-la-navigazione\\\/#breadcrumb\",\"itemListElement\":[{\"@type\":\"ListItem\",\"position\":1,\"name\":\"Startseite\",\"item\":\"https:\\\/\\\/loginfo24.com\\\/it\\\/\"},{\"@type\":\"ListItem\",\"position\":2,\"name\":\"I ministri dei trasporti dell&#8217;UE si riuniscono ad Amburgo &#8211; Segnali per la navigazione\"}]},{\"@type\":\"WebSite\",\"@id\":\"https:\\\/\\\/loginfo24.com\\\/it\\\/#website\",\"url\":\"https:\\\/\\\/loginfo24.com\\\/it\\\/\",\"name\":\"Loginfo24\",\"description\":\"Loginfo24 \u00e8 la piattaforma dedicata alla logistica e alle catene di fornitura con informazioni disponibili 24 ore su 24.\",\"publisher\":{\"@id\":\"https:\\\/\\\/loginfo24.com\\\/it\\\/#organization\"},\"potentialAction\":[{\"@type\":\"SearchAction\",\"target\":{\"@type\":\"EntryPoint\",\"urlTemplate\":\"https:\\\/\\\/loginfo24.com\\\/it\\\/?s={search_term_string}\"},\"query-input\":{\"@type\":\"PropertyValueSpecification\",\"valueRequired\":true,\"valueName\":\"search_term_string\"}}],\"inLanguage\":\"it-IT\"},{\"@type\":\"Organization\",\"@id\":\"https:\\\/\\\/loginfo24.com\\\/it\\\/#organization\",\"name\":\"Logismedia Group AG\",\"url\":\"https:\\\/\\\/loginfo24.com\\\/it\\\/\",\"logo\":{\"@type\":\"ImageObject\",\"inLanguage\":\"it-IT\",\"@id\":\"https:\\\/\\\/loginfo24.com\\\/it\\\/#\\\/schema\\\/logo\\\/image\\\/\",\"url\":\"https:\\\/\\\/loginfo24.com\\\/wp-content\\\/uploads\\\/sites\\\/7\\\/2026\\\/01\\\/Logo_LogInfo24.png\",\"contentUrl\":\"https:\\\/\\\/loginfo24.com\\\/wp-content\\\/uploads\\\/sites\\\/7\\\/2026\\\/01\\\/Logo_LogInfo24.png\",\"width\":938,\"height\":351,\"caption\":\"Logismedia Group AG\"},\"image\":{\"@id\":\"https:\\\/\\\/loginfo24.com\\\/it\\\/#\\\/schema\\\/logo\\\/image\\\/\"},\"sameAs\":[\"https:\\\/\\\/www.facebook.com\\\/people\\\/Loginfo24\\\/100057360583332\\\/\",\"https:\\\/\\\/www.linkedin.com\\\/company\\\/lofinfo24\\\/\"]}]}<\/script>\n<!-- \/ Yoast SEO plugin. -->","yoast_head_json":{"title":"I ministri dei trasporti dell'UE si riuniscono ad Amburgo - Segnali per la navigazione - Loginfo24","robots":{"index":"index","follow":"follow","max-snippet":"max-snippet:-1","max-image-preview":"max-image-preview:large","max-video-preview":"max-video-preview:-1"},"canonical":"https:\/\/loginfo24.com\/it\/2020\/09\/08\/i-ministri-dei-trasporti-dellue-si-riuniscono-ad-amburgo-segnali-per-la-navigazione\/","og_locale":"it_IT","og_type":"article","og_title":"I ministri dei trasporti dell'UE si riuniscono ad Amburgo - Segnali per la navigazione - Loginfo24","og_description":"Oggi si svolge la conferenza dei ministri dei trasporti dell&#8217;UE ad Amburgo. L&#8217;associazione degli armatori accoglie il luogo della conferenza ed \u00e8 lieta dell&#8217;importanza della navigazione. [\u2026]","og_url":"https:\/\/loginfo24.com\/it\/2020\/09\/08\/i-ministri-dei-trasporti-dellue-si-riuniscono-ad-amburgo-segnali-per-la-navigazione\/","og_site_name":"Loginfo24","article_publisher":"https:\/\/www.facebook.com\/people\/Loginfo24\/100057360583332\/","article_published_time":"2020-09-08T09:14:25+00:00","article_modified_time":"2025-12-15T11:36:01+00:00","twitter_card":"summary_large_image","twitter_misc":{"Tempo di lettura stimato":"3 minuto"},"schema":{"@context":"https:\/\/schema.org","@graph":[{"@type":"Article","@id":"https:\/\/loginfo24.com\/it\/2020\/09\/08\/i-ministri-dei-trasporti-dellue-si-riuniscono-ad-amburgo-segnali-per-la-navigazione\/#article","isPartOf":{"@id":"https:\/\/loginfo24.com\/it\/2020\/09\/08\/i-ministri-dei-trasporti-dellue-si-riuniscono-ad-amburgo-segnali-per-la-navigazione\/"},"author":{"name":"","@id":""},"headline":"I ministri dei trasporti dell&#8217;UE si riuniscono ad Amburgo - Segnali per la navigazione","datePublished":"2020-09-08T09:14:25+00:00","dateModified":"2025-12-15T11:36:01+00:00","mainEntityOfPage":{"@id":"https:\/\/loginfo24.com\/it\/2020\/09\/08\/i-ministri-dei-trasporti-dellue-si-riuniscono-ad-amburgo-segnali-per-la-navigazione\/"},"wordCount":547,"commentCount":0,"publisher":{"@id":"https:\/\/loginfo24.com\/it\/#organization"},"articleSection":["Forwarding &amp; Logistics","Regions","Shipping &amp; Ports"],"inLanguage":"it-IT","potentialAction":[{"@type":"CommentAction","name":"Comment","target":["https:\/\/loginfo24.com\/it\/2020\/09\/08\/i-ministri-dei-trasporti-dellue-si-riuniscono-ad-amburgo-segnali-per-la-navigazione\/#respond"]}]},{"@type":"WebPage","@id":"https:\/\/loginfo24.com\/it\/2020\/09\/08\/i-ministri-dei-trasporti-dellue-si-riuniscono-ad-amburgo-segnali-per-la-navigazione\/","url":"https:\/\/loginfo24.com\/it\/2020\/09\/08\/i-ministri-dei-trasporti-dellue-si-riuniscono-ad-amburgo-segnali-per-la-navigazione\/","name":"I ministri dei trasporti dell'UE si riuniscono ad Amburgo - Segnali per la navigazione - Loginfo24","isPartOf":{"@id":"https:\/\/loginfo24.com\/it\/#website"},"datePublished":"2020-09-08T09:14:25+00:00","dateModified":"2025-12-15T11:36:01+00:00","breadcrumb":{"@id":"https:\/\/loginfo24.com\/it\/2020\/09\/08\/i-ministri-dei-trasporti-dellue-si-riuniscono-ad-amburgo-segnali-per-la-navigazione\/#breadcrumb"},"inLanguage":"it-IT","potentialAction":[{"@type":"ReadAction","target":["https:\/\/loginfo24.com\/it\/2020\/09\/08\/i-ministri-dei-trasporti-dellue-si-riuniscono-ad-amburgo-segnali-per-la-navigazione\/"]}]},{"@type":"BreadcrumbList","@id":"https:\/\/loginfo24.com\/it\/2020\/09\/08\/i-ministri-dei-trasporti-dellue-si-riuniscono-ad-amburgo-segnali-per-la-navigazione\/#breadcrumb","itemListElement":[{"@type":"ListItem","position":1,"name":"Startseite","item":"https:\/\/loginfo24.com\/it\/"},{"@type":"ListItem","position":2,"name":"I ministri dei trasporti dell&#8217;UE si riuniscono ad Amburgo &#8211; Segnali per la navigazione"}]},{"@type":"WebSite","@id":"https:\/\/loginfo24.com\/it\/#website","url":"https:\/\/loginfo24.com\/it\/","name":"Loginfo24","description":"Loginfo24 \u00e8 la piattaforma dedicata alla logistica e alle catene di fornitura con informazioni disponibili 24 ore su 24.","publisher":{"@id":"https:\/\/loginfo24.com\/it\/#organization"},"potentialAction":[{"@type":"SearchAction","target":{"@type":"EntryPoint","urlTemplate":"https:\/\/loginfo24.com\/it\/?s={search_term_string}"},"query-input":{"@type":"PropertyValueSpecification","valueRequired":true,"valueName":"search_term_string"}}],"inLanguage":"it-IT"},{"@type":"Organization","@id":"https:\/\/loginfo24.com\/it\/#organization","name":"Logismedia Group AG","url":"https:\/\/loginfo24.com\/it\/","logo":{"@type":"ImageObject","inLanguage":"it-IT","@id":"https:\/\/loginfo24.com\/it\/#\/schema\/logo\/image\/","url":"https:\/\/loginfo24.com\/wp-content\/uploads\/sites\/7\/2026\/01\/Logo_LogInfo24.png","contentUrl":"https:\/\/loginfo24.com\/wp-content\/uploads\/sites\/7\/2026\/01\/Logo_LogInfo24.png","width":938,"height":351,"caption":"Logismedia Group AG"},"image":{"@id":"https:\/\/loginfo24.com\/it\/#\/schema\/logo\/image\/"},"sameAs":["https:\/\/www.facebook.com\/people\/Loginfo24\/100057360583332\/","https:\/\/www.linkedin.com\/company\/lofinfo24\/"]}]}},"_links":{"self":[{"href":"https:\/\/loginfo24.com\/it\/wp-json\/wp\/v2\/posts\/19591","targetHints":{"allow":["GET"]}}],"collection":[{"href":"https:\/\/loginfo24.com\/it\/wp-json\/wp\/v2\/posts"}],"about":[{"href":"https:\/\/loginfo24.com\/it\/wp-json\/wp\/v2\/types\/post"}],"replies":[{"embeddable":true,"href":"https:\/\/loginfo24.com\/it\/wp-json\/wp\/v2\/comments?post=19591"}],"version-history":[{"count":1,"href":"https:\/\/loginfo24.com\/it\/wp-json\/wp\/v2\/posts\/19591\/revisions"}],"predecessor-version":[{"id":35464,"href":"https:\/\/loginfo24.com\/it\/wp-json\/wp\/v2\/posts\/19591\/revisions\/35464"}],"wp:attachment":[{"href":"https:\/\/loginfo24.com\/it\/wp-json\/wp\/v2\/media?parent=19591"}],"wp:term":[{"taxonomy":"category","embeddable":true,"href":"https:\/\/loginfo24.com\/it\/wp-json\/wp\/v2\/categories?post=19591"},{"taxonomy":"post_tag","embeddable":true,"href":"https:\/\/loginfo24.com\/it\/wp-json\/wp\/v2\/tags?post=19591"}],"curies":[{"name":"wp","href":"https:\/\/api.w.org\/{rel}","templated":true}]}}