{"id":19537,"date":"2020-09-05T18:38:58","date_gmt":"2020-09-05T16:38:58","guid":{"rendered":"https:\/\/blog.brand-architecture.at\/2020\/09\/05\/lapertura-del-tunnel-di-base-del-ceneri-e-un-ulteriore-traguardo-nellalptransit\/"},"modified":"2025-12-15T12:35:48","modified_gmt":"2025-12-15T11:35:48","slug":"lapertura-del-tunnel-di-base-del-ceneri-e-un-ulteriore-traguardo-nellalptransit","status":"publish","type":"post","link":"https:\/\/loginfo24.com\/it\/2020\/09\/05\/lapertura-del-tunnel-di-base-del-ceneri-e-un-ulteriore-traguardo-nellalptransit\/","title":{"rendered":"L&#8217;apertura del tunnel di base del Ceneri \u00e8 un ulteriore traguardo nell&#8217;Alptransit"},"content":{"rendered":"<p>L&#8217;apertura del tunnel di base del Ceneri per il traffico ferroviario rappresenta un ulteriore traguardo per l&#8217;Alptransit. Anche per il trasporto merci ferroviario si tratta di un momento importante, poich\u00e9 anche per questo settore i tempi di percorrenza si accorciano. Tuttavia, il cosiddetto corridoio di 4 metri dovr\u00e0 attendere fino alla fine dell&#8217;anno per la sua continuit\u00e0, fino all&#8217;apertura del tunnel del B\u00f6zberg a dicembre.<\/p>\n<p>(Bellinzona) La presidente della Confederazione Simonetta Sommaruga ha ufficialmente inaugurato il tunnel di base del Ceneri insieme al consigliere federale Ignazio Cassis e al presidente del Consiglio di Stato ticinese Norman Gobbi. Con questo, la Nuova Ferrovia Transalpina (NEAT), decisa nel 1992, viene completata. Con quest&#8217;opera secolare, la Svizzera rafforza la sua politica di trasferimento e la protezione delle Alpi. I viaggiatori possono spostarsi pi\u00f9 rapidamente da nord a sud \u2013 e il Ticino ottiene grazie al Ceneri una S-Bahn attraente. Anche il CEO delle Ferrovie Federali Svizzere (SBB) Vincent Ducrot e il CEO di Alptransit Gotthard AG (ATG) Dieter Schwank hanno sottolineato durante la cerimonia l&#8217;importanza della NEAT per la Svizzera e il traffico ferroviario.<\/p>\n<p>Da quando, nel 1992, si \u00e8 tenuto il referendum popolare sulla NEAT, molte persone si sono impegnate per la nuova linea ferroviaria attraverso le Alpi. Con il tunnel di base del Ceneri, essa viene completata. Questo rafforza la politica di trasferimento svizzera e la protezione delle Alpi. Grazie alla NEAT \u2013 il cuore del importante corridoio ferroviario europeo per le merci da Rotterdam a Genova \u2013 \u00e8 possibile trasportare pi\u00f9 merci su rotaia anzich\u00e9 su strada. Per il traffico passeggeri ci sono collegamenti pi\u00f9 frequenti tra nord e sud, e il Ticino ottiene grazie al Ceneri una S-Bahn efficiente: i tempi di percorrenza tra le tre citt\u00e0 di Lugano, Locarno e Bellinzona si dimezzano.<\/p>\n<h5>Il voto positivo per la NEAT \u00e8 stato lungimirante<\/h5>\n<p>\u00abLa NEAT \u00e8 stata l&#8217;inizio di una politica di trasferimento intelligente, di cui possiamo essere orgogliosi fino ad oggi\u00bb, ha dichiarato la presidente della Confederazione Sommaruga nel suo discorso. Ha ringraziato la popolazione, che con il s\u00ec alla NEAT ha reso possibile quest&#8217;opera secolare. \u00abQuesta decisione \u00e8 stata coraggiosa e lungimirante: per il nostro paese e per la protezione delle Alpi. Grazie al Ceneri, la nostra politica di trasferimento riceve un nuovo slancio.\u00bb<br \/>\nIl consigliere federale Ignazio Cassis ha evidenziato l&#8217;importanza della NEAT sia per il suo cantone d&#8217;origine, il Ticino, sia per la Svizzera e il continente europeo: essa rafforza il corridoio ferroviario merci nord-sud europeo e consente trasporti merci ecologici. \u00abCon quest&#8217;opera orientata al futuro sottolineiamo il nostro legame con il continente europeo, che ieri come oggi \u00e8 una condizione fondamentale per il nostro benessere\u00bb, ha affermato il capo del Dipartimento federale degli affari esteri.<\/p>\n<h5>Anche il trasporto locale in Ticino ne beneficia<\/h5>\n<p>Il presidente del governo ticinese Norman Gobbi ha espresso la sua gioia per il salto di qualit\u00e0 nel trasporto pubblico, reso possibile dalla nuova S-Bahn e dalla connessione diretta tra Locarno e Lugano. \u00abIl tunnel del Ceneri cambier\u00e0 la nostra identit\u00e0 ticinese. Grazie ai collegamenti rapidi all&#8217;interno del nostro cantone, il Ticino diventer\u00e0 una grande citt\u00e0 con importanti &#8220;quartieri&#8221; nel Sopra- e nel Sottoceneri\u00bb, ha affermato Gobbi.<\/p>\n<p>Il CEO delle SBB Vincent Ducrot e Dieter Schwank, CEO di Alptransit Gotthard AG (ATG), hanno anche elogiato nei loro discorsi l&#8217;importanza della NEAT. Tra gli ospiti presenti alla cerimonia c&#8217;erano anche i membri del governo ticinese, il presidente del Consiglio degli Stati Hans St\u00f6ckli, nonch\u00e9 delegazioni dell&#8217;ATG, che ha costruito il tunnel, e delle SBB, che gestiranno il tunnel. A causa del Covid, la cerimonia di inaugurazione si \u00e8 potuta svolgere solo in forma ridotta.<\/p>\n<p>Con il taglio del nastro inaugurale, la presidente della Confederazione Sommaruga ha aperto il tunnel di base del Ceneri al traffico. Successivamente, un treno merci \u00e8 passato verso sud attraverso la nuova opera. I relatori erano arrivati dal sud con un treno della S-Bahn ticinese e dal nord con un treno a lunga percorrenza delle SBB. La cerimonia di inaugurazione ha cos\u00ec messo in evidenza il ruolo importante del tunnel di base del Ceneri per il trasporto passeggeri regionale, il trasporto a lunga percorrenza e il trasporto merci.<\/p>\n<p>Immagine: \u00a9 Alptransit<\/p>\n<p><a href=\"https:\/\/www.alptransit.ch\" target=\"_blank\" rel=\"noopener noreferrer\">www.alptransit.ch<\/a>\u00a0\u00a0 <a href=\"https:\/\/www.sbb.ch\" target=\"_blank\" rel=\"noopener noreferrer\">www.sbb.ch<\/a>\u00a0\u00a0\u00a0 <a href=\"https:\/\/www.sbbcargo.com\" target=\"_blank\" rel=\"noopener noreferrer\">www.sbbcargo.com<\/a><\/p>\n","protected":false},"excerpt":{"rendered":"<p>L&#8217;apertura del tunnel di base del Ceneri per il traffico ferroviario rappresenta un ulteriore traguardo per l&#8217;Alptransit. Anche per il trasporto merci ferroviario si tratta di<span class=\"excerpt-hellip\"> [\u2026]<\/span><\/p>\n","protected":false},"author":0,"featured_media":0,"comment_status":"open","ping_status":"open","sticky":false,"template":"","format":"standard","meta":{"_acf_changed":false,"footnotes":""},"categories":[1557,1561],"tags":[],"class_list":["post-19537","post","type-post","status-publish","format-standard","hentry","category-forwarding-logistics","category-regions"],"acf":[],"yoast_head":"<!-- This site is optimized with the Yoast SEO plugin v27.3 - https:\/\/yoast.com\/product\/yoast-seo-wordpress\/ -->\n<title>L&#039;apertura del tunnel di base del Ceneri \u00e8 un ulteriore traguardo nell&#039;Alptransit - Loginfo24<\/title>\n<meta name=\"robots\" content=\"index, follow, max-snippet:-1, max-image-preview:large, max-video-preview:-1\" \/>\n<link rel=\"canonical\" href=\"https:\/\/loginfo24.com\/it\/2020\/09\/05\/lapertura-del-tunnel-di-base-del-ceneri-e-un-ulteriore-traguardo-nellalptransit\/\" \/>\n<meta property=\"og:locale\" content=\"it_IT\" \/>\n<meta property=\"og:type\" content=\"article\" \/>\n<meta property=\"og:title\" content=\"L&#039;apertura del tunnel di base del Ceneri \u00e8 un ulteriore traguardo nell&#039;Alptransit - Loginfo24\" \/>\n<meta property=\"og:description\" content=\"L&#8217;apertura del tunnel di base del Ceneri per il traffico ferroviario rappresenta un ulteriore traguardo per l&#8217;Alptransit. Anche per il trasporto merci ferroviario si tratta di [\u2026]\" \/>\n<meta property=\"og:url\" content=\"https:\/\/loginfo24.com\/it\/2020\/09\/05\/lapertura-del-tunnel-di-base-del-ceneri-e-un-ulteriore-traguardo-nellalptransit\/\" \/>\n<meta property=\"og:site_name\" content=\"Loginfo24\" \/>\n<meta property=\"article:publisher\" content=\"https:\/\/www.facebook.com\/people\/Loginfo24\/100057360583332\/\" \/>\n<meta property=\"article:published_time\" content=\"2020-09-05T16:38:58+00:00\" \/>\n<meta property=\"article:modified_time\" content=\"2025-12-15T11:35:48+00:00\" \/>\n<meta name=\"twitter:card\" content=\"summary_large_image\" \/>\n<meta name=\"twitter:label1\" content=\"Tempo di lettura stimato\" \/>\n\t<meta name=\"twitter:data1\" content=\"3 minuto\" \/>\n<script type=\"application\/ld+json\" class=\"yoast-schema-graph\">{\"@context\":\"https:\\\/\\\/schema.org\",\"@graph\":[{\"@type\":\"Article\",\"@id\":\"https:\\\/\\\/loginfo24.com\\\/it\\\/2020\\\/09\\\/05\\\/lapertura-del-tunnel-di-base-del-ceneri-e-un-ulteriore-traguardo-nellalptransit\\\/#article\",\"isPartOf\":{\"@id\":\"https:\\\/\\\/loginfo24.com\\\/it\\\/2020\\\/09\\\/05\\\/lapertura-del-tunnel-di-base-del-ceneri-e-un-ulteriore-traguardo-nellalptransit\\\/\"},\"author\":{\"name\":\"\",\"@id\":\"\"},\"headline\":\"L&#8217;apertura del tunnel di base del Ceneri \u00e8 un ulteriore traguardo nell&#8217;Alptransit\",\"datePublished\":\"2020-09-05T16:38:58+00:00\",\"dateModified\":\"2025-12-15T11:35:48+00:00\",\"mainEntityOfPage\":{\"@id\":\"https:\\\/\\\/loginfo24.com\\\/it\\\/2020\\\/09\\\/05\\\/lapertura-del-tunnel-di-base-del-ceneri-e-un-ulteriore-traguardo-nellalptransit\\\/\"},\"wordCount\":717,\"commentCount\":0,\"publisher\":{\"@id\":\"https:\\\/\\\/loginfo24.com\\\/it\\\/#organization\"},\"articleSection\":[\"Forwarding &amp; Logistics\",\"Regions\"],\"inLanguage\":\"it-IT\",\"potentialAction\":[{\"@type\":\"CommentAction\",\"name\":\"Comment\",\"target\":[\"https:\\\/\\\/loginfo24.com\\\/it\\\/2020\\\/09\\\/05\\\/lapertura-del-tunnel-di-base-del-ceneri-e-un-ulteriore-traguardo-nellalptransit\\\/#respond\"]}]},{\"@type\":\"WebPage\",\"@id\":\"https:\\\/\\\/loginfo24.com\\\/it\\\/2020\\\/09\\\/05\\\/lapertura-del-tunnel-di-base-del-ceneri-e-un-ulteriore-traguardo-nellalptransit\\\/\",\"url\":\"https:\\\/\\\/loginfo24.com\\\/it\\\/2020\\\/09\\\/05\\\/lapertura-del-tunnel-di-base-del-ceneri-e-un-ulteriore-traguardo-nellalptransit\\\/\",\"name\":\"L'apertura del tunnel di base del Ceneri \u00e8 un ulteriore traguardo nell'Alptransit - Loginfo24\",\"isPartOf\":{\"@id\":\"https:\\\/\\\/loginfo24.com\\\/it\\\/#website\"},\"datePublished\":\"2020-09-05T16:38:58+00:00\",\"dateModified\":\"2025-12-15T11:35:48+00:00\",\"breadcrumb\":{\"@id\":\"https:\\\/\\\/loginfo24.com\\\/it\\\/2020\\\/09\\\/05\\\/lapertura-del-tunnel-di-base-del-ceneri-e-un-ulteriore-traguardo-nellalptransit\\\/#breadcrumb\"},\"inLanguage\":\"it-IT\",\"potentialAction\":[{\"@type\":\"ReadAction\",\"target\":[\"https:\\\/\\\/loginfo24.com\\\/it\\\/2020\\\/09\\\/05\\\/lapertura-del-tunnel-di-base-del-ceneri-e-un-ulteriore-traguardo-nellalptransit\\\/\"]}]},{\"@type\":\"BreadcrumbList\",\"@id\":\"https:\\\/\\\/loginfo24.com\\\/it\\\/2020\\\/09\\\/05\\\/lapertura-del-tunnel-di-base-del-ceneri-e-un-ulteriore-traguardo-nellalptransit\\\/#breadcrumb\",\"itemListElement\":[{\"@type\":\"ListItem\",\"position\":1,\"name\":\"Startseite\",\"item\":\"https:\\\/\\\/loginfo24.com\\\/it\\\/\"},{\"@type\":\"ListItem\",\"position\":2,\"name\":\"L&#8217;apertura del tunnel di base del Ceneri \u00e8 un ulteriore traguardo nell&#8217;Alptransit\"}]},{\"@type\":\"WebSite\",\"@id\":\"https:\\\/\\\/loginfo24.com\\\/it\\\/#website\",\"url\":\"https:\\\/\\\/loginfo24.com\\\/it\\\/\",\"name\":\"Loginfo24\",\"description\":\"Loginfo24 \u00e8 la piattaforma dedicata alla logistica e alle catene di fornitura con informazioni disponibili 24 ore su 24.\",\"publisher\":{\"@id\":\"https:\\\/\\\/loginfo24.com\\\/it\\\/#organization\"},\"potentialAction\":[{\"@type\":\"SearchAction\",\"target\":{\"@type\":\"EntryPoint\",\"urlTemplate\":\"https:\\\/\\\/loginfo24.com\\\/it\\\/?s={search_term_string}\"},\"query-input\":{\"@type\":\"PropertyValueSpecification\",\"valueRequired\":true,\"valueName\":\"search_term_string\"}}],\"inLanguage\":\"it-IT\"},{\"@type\":\"Organization\",\"@id\":\"https:\\\/\\\/loginfo24.com\\\/it\\\/#organization\",\"name\":\"Logismedia Group AG\",\"url\":\"https:\\\/\\\/loginfo24.com\\\/it\\\/\",\"logo\":{\"@type\":\"ImageObject\",\"inLanguage\":\"it-IT\",\"@id\":\"https:\\\/\\\/loginfo24.com\\\/it\\\/#\\\/schema\\\/logo\\\/image\\\/\",\"url\":\"https:\\\/\\\/loginfo24.com\\\/wp-content\\\/uploads\\\/sites\\\/7\\\/2026\\\/01\\\/Logo_LogInfo24.png\",\"contentUrl\":\"https:\\\/\\\/loginfo24.com\\\/wp-content\\\/uploads\\\/sites\\\/7\\\/2026\\\/01\\\/Logo_LogInfo24.png\",\"width\":938,\"height\":351,\"caption\":\"Logismedia Group AG\"},\"image\":{\"@id\":\"https:\\\/\\\/loginfo24.com\\\/it\\\/#\\\/schema\\\/logo\\\/image\\\/\"},\"sameAs\":[\"https:\\\/\\\/www.facebook.com\\\/people\\\/Loginfo24\\\/100057360583332\\\/\",\"https:\\\/\\\/www.linkedin.com\\\/company\\\/lofinfo24\\\/\"]}]}<\/script>\n<!-- \/ Yoast SEO plugin. -->","yoast_head_json":{"title":"L'apertura del tunnel di base del Ceneri \u00e8 un ulteriore traguardo nell'Alptransit - Loginfo24","robots":{"index":"index","follow":"follow","max-snippet":"max-snippet:-1","max-image-preview":"max-image-preview:large","max-video-preview":"max-video-preview:-1"},"canonical":"https:\/\/loginfo24.com\/it\/2020\/09\/05\/lapertura-del-tunnel-di-base-del-ceneri-e-un-ulteriore-traguardo-nellalptransit\/","og_locale":"it_IT","og_type":"article","og_title":"L'apertura del tunnel di base del Ceneri \u00e8 un ulteriore traguardo nell'Alptransit - Loginfo24","og_description":"L&#8217;apertura del tunnel di base del Ceneri per il traffico ferroviario rappresenta un ulteriore traguardo per l&#8217;Alptransit. Anche per il trasporto merci ferroviario si tratta di [\u2026]","og_url":"https:\/\/loginfo24.com\/it\/2020\/09\/05\/lapertura-del-tunnel-di-base-del-ceneri-e-un-ulteriore-traguardo-nellalptransit\/","og_site_name":"Loginfo24","article_publisher":"https:\/\/www.facebook.com\/people\/Loginfo24\/100057360583332\/","article_published_time":"2020-09-05T16:38:58+00:00","article_modified_time":"2025-12-15T11:35:48+00:00","twitter_card":"summary_large_image","twitter_misc":{"Tempo di lettura stimato":"3 minuto"},"schema":{"@context":"https:\/\/schema.org","@graph":[{"@type":"Article","@id":"https:\/\/loginfo24.com\/it\/2020\/09\/05\/lapertura-del-tunnel-di-base-del-ceneri-e-un-ulteriore-traguardo-nellalptransit\/#article","isPartOf":{"@id":"https:\/\/loginfo24.com\/it\/2020\/09\/05\/lapertura-del-tunnel-di-base-del-ceneri-e-un-ulteriore-traguardo-nellalptransit\/"},"author":{"name":"","@id":""},"headline":"L&#8217;apertura del tunnel di base del Ceneri \u00e8 un ulteriore traguardo nell&#8217;Alptransit","datePublished":"2020-09-05T16:38:58+00:00","dateModified":"2025-12-15T11:35:48+00:00","mainEntityOfPage":{"@id":"https:\/\/loginfo24.com\/it\/2020\/09\/05\/lapertura-del-tunnel-di-base-del-ceneri-e-un-ulteriore-traguardo-nellalptransit\/"},"wordCount":717,"commentCount":0,"publisher":{"@id":"https:\/\/loginfo24.com\/it\/#organization"},"articleSection":["Forwarding &amp; Logistics","Regions"],"inLanguage":"it-IT","potentialAction":[{"@type":"CommentAction","name":"Comment","target":["https:\/\/loginfo24.com\/it\/2020\/09\/05\/lapertura-del-tunnel-di-base-del-ceneri-e-un-ulteriore-traguardo-nellalptransit\/#respond"]}]},{"@type":"WebPage","@id":"https:\/\/loginfo24.com\/it\/2020\/09\/05\/lapertura-del-tunnel-di-base-del-ceneri-e-un-ulteriore-traguardo-nellalptransit\/","url":"https:\/\/loginfo24.com\/it\/2020\/09\/05\/lapertura-del-tunnel-di-base-del-ceneri-e-un-ulteriore-traguardo-nellalptransit\/","name":"L'apertura del tunnel di base del Ceneri \u00e8 un ulteriore traguardo nell'Alptransit - Loginfo24","isPartOf":{"@id":"https:\/\/loginfo24.com\/it\/#website"},"datePublished":"2020-09-05T16:38:58+00:00","dateModified":"2025-12-15T11:35:48+00:00","breadcrumb":{"@id":"https:\/\/loginfo24.com\/it\/2020\/09\/05\/lapertura-del-tunnel-di-base-del-ceneri-e-un-ulteriore-traguardo-nellalptransit\/#breadcrumb"},"inLanguage":"it-IT","potentialAction":[{"@type":"ReadAction","target":["https:\/\/loginfo24.com\/it\/2020\/09\/05\/lapertura-del-tunnel-di-base-del-ceneri-e-un-ulteriore-traguardo-nellalptransit\/"]}]},{"@type":"BreadcrumbList","@id":"https:\/\/loginfo24.com\/it\/2020\/09\/05\/lapertura-del-tunnel-di-base-del-ceneri-e-un-ulteriore-traguardo-nellalptransit\/#breadcrumb","itemListElement":[{"@type":"ListItem","position":1,"name":"Startseite","item":"https:\/\/loginfo24.com\/it\/"},{"@type":"ListItem","position":2,"name":"L&#8217;apertura del tunnel di base del Ceneri \u00e8 un ulteriore traguardo nell&#8217;Alptransit"}]},{"@type":"WebSite","@id":"https:\/\/loginfo24.com\/it\/#website","url":"https:\/\/loginfo24.com\/it\/","name":"Loginfo24","description":"Loginfo24 \u00e8 la piattaforma dedicata alla logistica e alle catene di fornitura con informazioni disponibili 24 ore su 24.","publisher":{"@id":"https:\/\/loginfo24.com\/it\/#organization"},"potentialAction":[{"@type":"SearchAction","target":{"@type":"EntryPoint","urlTemplate":"https:\/\/loginfo24.com\/it\/?s={search_term_string}"},"query-input":{"@type":"PropertyValueSpecification","valueRequired":true,"valueName":"search_term_string"}}],"inLanguage":"it-IT"},{"@type":"Organization","@id":"https:\/\/loginfo24.com\/it\/#organization","name":"Logismedia Group AG","url":"https:\/\/loginfo24.com\/it\/","logo":{"@type":"ImageObject","inLanguage":"it-IT","@id":"https:\/\/loginfo24.com\/it\/#\/schema\/logo\/image\/","url":"https:\/\/loginfo24.com\/wp-content\/uploads\/sites\/7\/2026\/01\/Logo_LogInfo24.png","contentUrl":"https:\/\/loginfo24.com\/wp-content\/uploads\/sites\/7\/2026\/01\/Logo_LogInfo24.png","width":938,"height":351,"caption":"Logismedia Group AG"},"image":{"@id":"https:\/\/loginfo24.com\/it\/#\/schema\/logo\/image\/"},"sameAs":["https:\/\/www.facebook.com\/people\/Loginfo24\/100057360583332\/","https:\/\/www.linkedin.com\/company\/lofinfo24\/"]}]}},"_links":{"self":[{"href":"https:\/\/loginfo24.com\/it\/wp-json\/wp\/v2\/posts\/19537","targetHints":{"allow":["GET"]}}],"collection":[{"href":"https:\/\/loginfo24.com\/it\/wp-json\/wp\/v2\/posts"}],"about":[{"href":"https:\/\/loginfo24.com\/it\/wp-json\/wp\/v2\/types\/post"}],"replies":[{"embeddable":true,"href":"https:\/\/loginfo24.com\/it\/wp-json\/wp\/v2\/comments?post=19537"}],"version-history":[{"count":1,"href":"https:\/\/loginfo24.com\/it\/wp-json\/wp\/v2\/posts\/19537\/revisions"}],"predecessor-version":[{"id":35356,"href":"https:\/\/loginfo24.com\/it\/wp-json\/wp\/v2\/posts\/19537\/revisions\/35356"}],"wp:attachment":[{"href":"https:\/\/loginfo24.com\/it\/wp-json\/wp\/v2\/media?parent=19537"}],"wp:term":[{"taxonomy":"category","embeddable":true,"href":"https:\/\/loginfo24.com\/it\/wp-json\/wp\/v2\/categories?post=19537"},{"taxonomy":"post_tag","embeddable":true,"href":"https:\/\/loginfo24.com\/it\/wp-json\/wp\/v2\/tags?post=19537"}],"curies":[{"name":"wp","href":"https:\/\/api.w.org\/{rel}","templated":true}]}}