{"id":19411,"date":"2020-09-01T07:02:38","date_gmt":"2020-09-01T05:02:38","guid":{"rendered":"https:\/\/blog.brand-architecture.at\/2020\/09\/01\/le-sbb-assumono-la-responsabilita-per-il-tunnel-di-base-del-ceneri\/"},"modified":"2025-12-15T12:35:16","modified_gmt":"2025-12-15T11:35:16","slug":"le-sbb-assumono-la-responsabilita-per-il-tunnel-di-base-del-ceneri","status":"publish","type":"post","link":"https:\/\/loginfo24.com\/it\/2020\/09\/01\/le-sbb-assumono-la-responsabilita-per-il-tunnel-di-base-del-ceneri\/","title":{"rendered":"Le SBB assumono la responsabilit\u00e0 per il tunnel di base del Ceneri"},"content":{"rendered":"<p>Nella notte tra ieri e oggi, il tunnel di base del Ceneri, l&#8217;ultimo elemento della NEAT, \u00e8 stato trasferito dalla creatrice AlpTransit Gotthard AG alle SBB come operatore. Le SBB invieranno successivamente, nell&#8217;ambito della cosiddetta fase di prova, circa 4000-5000 treni con passeggeri o merci attraverso il tunnel, prima di mettere in servizio il tunnel in modo regolare a dicembre 2020.<\/p>\n<p>(Berna) Il passaggio legale da AlpTransit Gotthard AG (ATG) alle SBB segna l&#8217;inizio delle celebrazioni per l&#8217;apertura del tunnel di base del Ceneri e il completamento delle nuove trasversali ferroviarie alpine NEAT. Durante una conferenza stampa presso il portale nord di Camorino (TI), i rappresentanti dell&#8217;ATG, delle SBB e dell&#8217;Ufficio federale dei trasporti (UFT) hanno informato sullo stato attuale dei lavori.<\/p>\n<h5>2&#8217;000 test di guida<\/h5>\n<p>Dieter Schwank, CEO dell&#8217;ATG, ha fornito informazioni sugli ultimi lavori nel tunnel di base del Ceneri e sullo stato della fase di prova. Dal 1\u00b0 marzo 2020 fino alla fine di agosto 2020 sono stati effettuati oltre 2000 test di guida con una distanza di percorrenza di circa 40&#8217;000 km. Tali test vengono eseguiti senza passeggeri o merci per verificare il funzionamento sicuro di tutte le attrezzature e sistemi nel nuovo tunnel. A causa degli effetti della pandemia di Corona, la fase di prova \u00e8 stata interrotta per quattro settimane. \u00c8 stata ripresa il 20 aprile, rispettando le indicazioni dell&#8217;Ufficio federale della sanit\u00e0. Nella prima mattinata del 1\u00b0 maggio, un treno di prova ICE-S ha percorso il tunnel a 275 km\/h.<\/p>\n<h5>Tre mesi di fase di prova<\/h5>\n<p>Il responsabile dell&#8217;organizzazione del progetto dell&#8217;asse Nord-Sud Gotthard delle SBB, Daniel Salzmann, ha illustrato come il servizio ferroviario verr\u00e0 gradualmente aumentato dopo il passaggio del tunnel alle SBB durante la fase di prova. Sono pianificate in totale 4000-5000 corse di treni regolari con passeggeri o merci a bordo attraverso il tunnel. Le SBB utilizzano la fase di prova di poco pi\u00f9 di tre mesi come &#8220;prova generale&#8221; prima del cambio di orario, per esercitarsi nella gestione, nella manutenzione e nell&#8217;intervento.<\/p>\n<h5>Celebrazione di apertura il 4 settembre 2020<\/h5>\n<p>Gregor Saladin, co-responsabile del progetto per le celebrazioni del completamento della NEAT (&#8220;Ceneri 2020&#8221;) presso l&#8217;UFT, ha fornito uno sguardo agli eventi del 3 e 4 settembre. Il 3 settembre, su invito della presidente della Confederazione Simonetta Sommaruga, si riuniranno a Locarno delegazioni dei ministeri dei trasporti dei paesi vicini. Si parler\u00e0 del trasporto ferroviario merci attraverso le Alpi, dei treni internazionali e di una politica dei trasporti ecologica. Il 4 settembre si svolger\u00e0 la celebrazione per l&#8217;apertura del tunnel e il completamento della NEAT. La presidente della Confederazione Simonetta Sommaruga, il consigliere federale Ignazio Cassis e il presidente del Consiglio di Stato ticinese Norman Gobbi terranno i discorsi di apertura. Il completamento del tunnel sar\u00e0 segnato dal tradizionale taglio del nastro. Durante la cerimonia avverr\u00e0 il primo viaggio ufficiale di un treno merci attraverso il tunnel di base del Ceneri.<br \/>Foto: \u00a9 SBB<a href=\"https:\/\/www.sbb.ch\" target=\"_blank\" rel=\"noopener noreferrer\">www.sbb.ch<\/a><\/p>\n","protected":false},"excerpt":{"rendered":"<p>Nella notte tra ieri e oggi, il tunnel di base del Ceneri, l&#8217;ultimo elemento della NEAT, \u00e8 stato trasferito dalla creatrice AlpTransit Gotthard AG alle SBB<span class=\"excerpt-hellip\"> [\u2026]<\/span><\/p>\n","protected":false},"author":0,"featured_media":0,"comment_status":"open","ping_status":"open","sticky":false,"template":"","format":"standard","meta":{"_acf_changed":false,"footnotes":""},"categories":[1557,1561],"tags":[],"class_list":["post-19411","post","type-post","status-publish","format-standard","hentry","category-forwarding-logistics","category-regions"],"acf":[],"yoast_head":"<!-- This site is optimized with the Yoast SEO plugin v27.3 - https:\/\/yoast.com\/product\/yoast-seo-wordpress\/ -->\n<title>Le SBB assumono la responsabilit\u00e0 per il tunnel di base del Ceneri - Loginfo24<\/title>\n<meta name=\"robots\" content=\"index, follow, max-snippet:-1, max-image-preview:large, max-video-preview:-1\" \/>\n<link rel=\"canonical\" href=\"https:\/\/loginfo24.com\/it\/2020\/09\/01\/le-sbb-assumono-la-responsabilita-per-il-tunnel-di-base-del-ceneri\/\" \/>\n<meta property=\"og:locale\" content=\"it_IT\" \/>\n<meta property=\"og:type\" content=\"article\" \/>\n<meta property=\"og:title\" content=\"Le SBB assumono la responsabilit\u00e0 per il tunnel di base del Ceneri - Loginfo24\" \/>\n<meta property=\"og:description\" content=\"Nella notte tra ieri e oggi, il tunnel di base del Ceneri, l&#8217;ultimo elemento della NEAT, \u00e8 stato trasferito dalla creatrice AlpTransit Gotthard AG alle SBB [\u2026]\" \/>\n<meta property=\"og:url\" content=\"https:\/\/loginfo24.com\/it\/2020\/09\/01\/le-sbb-assumono-la-responsabilita-per-il-tunnel-di-base-del-ceneri\/\" \/>\n<meta property=\"og:site_name\" content=\"Loginfo24\" \/>\n<meta property=\"article:publisher\" content=\"https:\/\/www.facebook.com\/people\/Loginfo24\/100057360583332\/\" \/>\n<meta property=\"article:published_time\" content=\"2020-09-01T05:02:38+00:00\" \/>\n<meta property=\"article:modified_time\" content=\"2025-12-15T11:35:16+00:00\" \/>\n<meta name=\"twitter:card\" content=\"summary_large_image\" \/>\n<meta name=\"twitter:label1\" content=\"Tempo di lettura stimato\" \/>\n\t<meta name=\"twitter:data1\" content=\"2 minuto\" \/>\n<script type=\"application\/ld+json\" class=\"yoast-schema-graph\">{\"@context\":\"https:\\\/\\\/schema.org\",\"@graph\":[{\"@type\":\"Article\",\"@id\":\"https:\\\/\\\/loginfo24.com\\\/it\\\/2020\\\/09\\\/01\\\/le-sbb-assumono-la-responsabilita-per-il-tunnel-di-base-del-ceneri\\\/#article\",\"isPartOf\":{\"@id\":\"https:\\\/\\\/loginfo24.com\\\/it\\\/2020\\\/09\\\/01\\\/le-sbb-assumono-la-responsabilita-per-il-tunnel-di-base-del-ceneri\\\/\"},\"author\":{\"name\":\"\",\"@id\":\"\"},\"headline\":\"Le SBB assumono la responsabilit\u00e0 per il tunnel di base del Ceneri\",\"datePublished\":\"2020-09-01T05:02:38+00:00\",\"dateModified\":\"2025-12-15T11:35:16+00:00\",\"mainEntityOfPage\":{\"@id\":\"https:\\\/\\\/loginfo24.com\\\/it\\\/2020\\\/09\\\/01\\\/le-sbb-assumono-la-responsabilita-per-il-tunnel-di-base-del-ceneri\\\/\"},\"wordCount\":489,\"commentCount\":0,\"publisher\":{\"@id\":\"https:\\\/\\\/loginfo24.com\\\/it\\\/#organization\"},\"articleSection\":[\"Forwarding &amp; Logistics\",\"Regions\"],\"inLanguage\":\"it-IT\",\"potentialAction\":[{\"@type\":\"CommentAction\",\"name\":\"Comment\",\"target\":[\"https:\\\/\\\/loginfo24.com\\\/it\\\/2020\\\/09\\\/01\\\/le-sbb-assumono-la-responsabilita-per-il-tunnel-di-base-del-ceneri\\\/#respond\"]}]},{\"@type\":\"WebPage\",\"@id\":\"https:\\\/\\\/loginfo24.com\\\/it\\\/2020\\\/09\\\/01\\\/le-sbb-assumono-la-responsabilita-per-il-tunnel-di-base-del-ceneri\\\/\",\"url\":\"https:\\\/\\\/loginfo24.com\\\/it\\\/2020\\\/09\\\/01\\\/le-sbb-assumono-la-responsabilita-per-il-tunnel-di-base-del-ceneri\\\/\",\"name\":\"Le SBB assumono la responsabilit\u00e0 per il tunnel di base del Ceneri - Loginfo24\",\"isPartOf\":{\"@id\":\"https:\\\/\\\/loginfo24.com\\\/it\\\/#website\"},\"datePublished\":\"2020-09-01T05:02:38+00:00\",\"dateModified\":\"2025-12-15T11:35:16+00:00\",\"breadcrumb\":{\"@id\":\"https:\\\/\\\/loginfo24.com\\\/it\\\/2020\\\/09\\\/01\\\/le-sbb-assumono-la-responsabilita-per-il-tunnel-di-base-del-ceneri\\\/#breadcrumb\"},\"inLanguage\":\"it-IT\",\"potentialAction\":[{\"@type\":\"ReadAction\",\"target\":[\"https:\\\/\\\/loginfo24.com\\\/it\\\/2020\\\/09\\\/01\\\/le-sbb-assumono-la-responsabilita-per-il-tunnel-di-base-del-ceneri\\\/\"]}]},{\"@type\":\"BreadcrumbList\",\"@id\":\"https:\\\/\\\/loginfo24.com\\\/it\\\/2020\\\/09\\\/01\\\/le-sbb-assumono-la-responsabilita-per-il-tunnel-di-base-del-ceneri\\\/#breadcrumb\",\"itemListElement\":[{\"@type\":\"ListItem\",\"position\":1,\"name\":\"Startseite\",\"item\":\"https:\\\/\\\/loginfo24.com\\\/it\\\/\"},{\"@type\":\"ListItem\",\"position\":2,\"name\":\"Le SBB assumono la responsabilit\u00e0 per il tunnel di base del Ceneri\"}]},{\"@type\":\"WebSite\",\"@id\":\"https:\\\/\\\/loginfo24.com\\\/it\\\/#website\",\"url\":\"https:\\\/\\\/loginfo24.com\\\/it\\\/\",\"name\":\"Loginfo24\",\"description\":\"Loginfo24 \u00e8 la piattaforma dedicata alla logistica e alle catene di fornitura con informazioni disponibili 24 ore su 24.\",\"publisher\":{\"@id\":\"https:\\\/\\\/loginfo24.com\\\/it\\\/#organization\"},\"potentialAction\":[{\"@type\":\"SearchAction\",\"target\":{\"@type\":\"EntryPoint\",\"urlTemplate\":\"https:\\\/\\\/loginfo24.com\\\/it\\\/?s={search_term_string}\"},\"query-input\":{\"@type\":\"PropertyValueSpecification\",\"valueRequired\":true,\"valueName\":\"search_term_string\"}}],\"inLanguage\":\"it-IT\"},{\"@type\":\"Organization\",\"@id\":\"https:\\\/\\\/loginfo24.com\\\/it\\\/#organization\",\"name\":\"Logismedia Group AG\",\"url\":\"https:\\\/\\\/loginfo24.com\\\/it\\\/\",\"logo\":{\"@type\":\"ImageObject\",\"inLanguage\":\"it-IT\",\"@id\":\"https:\\\/\\\/loginfo24.com\\\/it\\\/#\\\/schema\\\/logo\\\/image\\\/\",\"url\":\"https:\\\/\\\/loginfo24.com\\\/wp-content\\\/uploads\\\/sites\\\/7\\\/2026\\\/01\\\/Logo_LogInfo24.png\",\"contentUrl\":\"https:\\\/\\\/loginfo24.com\\\/wp-content\\\/uploads\\\/sites\\\/7\\\/2026\\\/01\\\/Logo_LogInfo24.png\",\"width\":938,\"height\":351,\"caption\":\"Logismedia Group AG\"},\"image\":{\"@id\":\"https:\\\/\\\/loginfo24.com\\\/it\\\/#\\\/schema\\\/logo\\\/image\\\/\"},\"sameAs\":[\"https:\\\/\\\/www.facebook.com\\\/people\\\/Loginfo24\\\/100057360583332\\\/\",\"https:\\\/\\\/www.linkedin.com\\\/company\\\/lofinfo24\\\/\"]}]}<\/script>\n<!-- \/ Yoast SEO plugin. -->","yoast_head_json":{"title":"Le SBB assumono la responsabilit\u00e0 per il tunnel di base del Ceneri - Loginfo24","robots":{"index":"index","follow":"follow","max-snippet":"max-snippet:-1","max-image-preview":"max-image-preview:large","max-video-preview":"max-video-preview:-1"},"canonical":"https:\/\/loginfo24.com\/it\/2020\/09\/01\/le-sbb-assumono-la-responsabilita-per-il-tunnel-di-base-del-ceneri\/","og_locale":"it_IT","og_type":"article","og_title":"Le SBB assumono la responsabilit\u00e0 per il tunnel di base del Ceneri - Loginfo24","og_description":"Nella notte tra ieri e oggi, il tunnel di base del Ceneri, l&#8217;ultimo elemento della NEAT, \u00e8 stato trasferito dalla creatrice AlpTransit Gotthard AG alle SBB [\u2026]","og_url":"https:\/\/loginfo24.com\/it\/2020\/09\/01\/le-sbb-assumono-la-responsabilita-per-il-tunnel-di-base-del-ceneri\/","og_site_name":"Loginfo24","article_publisher":"https:\/\/www.facebook.com\/people\/Loginfo24\/100057360583332\/","article_published_time":"2020-09-01T05:02:38+00:00","article_modified_time":"2025-12-15T11:35:16+00:00","twitter_card":"summary_large_image","twitter_misc":{"Tempo di lettura stimato":"2 minuto"},"schema":{"@context":"https:\/\/schema.org","@graph":[{"@type":"Article","@id":"https:\/\/loginfo24.com\/it\/2020\/09\/01\/le-sbb-assumono-la-responsabilita-per-il-tunnel-di-base-del-ceneri\/#article","isPartOf":{"@id":"https:\/\/loginfo24.com\/it\/2020\/09\/01\/le-sbb-assumono-la-responsabilita-per-il-tunnel-di-base-del-ceneri\/"},"author":{"name":"","@id":""},"headline":"Le SBB assumono la responsabilit\u00e0 per il tunnel di base del Ceneri","datePublished":"2020-09-01T05:02:38+00:00","dateModified":"2025-12-15T11:35:16+00:00","mainEntityOfPage":{"@id":"https:\/\/loginfo24.com\/it\/2020\/09\/01\/le-sbb-assumono-la-responsabilita-per-il-tunnel-di-base-del-ceneri\/"},"wordCount":489,"commentCount":0,"publisher":{"@id":"https:\/\/loginfo24.com\/it\/#organization"},"articleSection":["Forwarding &amp; Logistics","Regions"],"inLanguage":"it-IT","potentialAction":[{"@type":"CommentAction","name":"Comment","target":["https:\/\/loginfo24.com\/it\/2020\/09\/01\/le-sbb-assumono-la-responsabilita-per-il-tunnel-di-base-del-ceneri\/#respond"]}]},{"@type":"WebPage","@id":"https:\/\/loginfo24.com\/it\/2020\/09\/01\/le-sbb-assumono-la-responsabilita-per-il-tunnel-di-base-del-ceneri\/","url":"https:\/\/loginfo24.com\/it\/2020\/09\/01\/le-sbb-assumono-la-responsabilita-per-il-tunnel-di-base-del-ceneri\/","name":"Le SBB assumono la responsabilit\u00e0 per il tunnel di base del Ceneri - Loginfo24","isPartOf":{"@id":"https:\/\/loginfo24.com\/it\/#website"},"datePublished":"2020-09-01T05:02:38+00:00","dateModified":"2025-12-15T11:35:16+00:00","breadcrumb":{"@id":"https:\/\/loginfo24.com\/it\/2020\/09\/01\/le-sbb-assumono-la-responsabilita-per-il-tunnel-di-base-del-ceneri\/#breadcrumb"},"inLanguage":"it-IT","potentialAction":[{"@type":"ReadAction","target":["https:\/\/loginfo24.com\/it\/2020\/09\/01\/le-sbb-assumono-la-responsabilita-per-il-tunnel-di-base-del-ceneri\/"]}]},{"@type":"BreadcrumbList","@id":"https:\/\/loginfo24.com\/it\/2020\/09\/01\/le-sbb-assumono-la-responsabilita-per-il-tunnel-di-base-del-ceneri\/#breadcrumb","itemListElement":[{"@type":"ListItem","position":1,"name":"Startseite","item":"https:\/\/loginfo24.com\/it\/"},{"@type":"ListItem","position":2,"name":"Le SBB assumono la responsabilit\u00e0 per il tunnel di base del Ceneri"}]},{"@type":"WebSite","@id":"https:\/\/loginfo24.com\/it\/#website","url":"https:\/\/loginfo24.com\/it\/","name":"Loginfo24","description":"Loginfo24 \u00e8 la piattaforma dedicata alla logistica e alle catene di fornitura con informazioni disponibili 24 ore su 24.","publisher":{"@id":"https:\/\/loginfo24.com\/it\/#organization"},"potentialAction":[{"@type":"SearchAction","target":{"@type":"EntryPoint","urlTemplate":"https:\/\/loginfo24.com\/it\/?s={search_term_string}"},"query-input":{"@type":"PropertyValueSpecification","valueRequired":true,"valueName":"search_term_string"}}],"inLanguage":"it-IT"},{"@type":"Organization","@id":"https:\/\/loginfo24.com\/it\/#organization","name":"Logismedia Group AG","url":"https:\/\/loginfo24.com\/it\/","logo":{"@type":"ImageObject","inLanguage":"it-IT","@id":"https:\/\/loginfo24.com\/it\/#\/schema\/logo\/image\/","url":"https:\/\/loginfo24.com\/wp-content\/uploads\/sites\/7\/2026\/01\/Logo_LogInfo24.png","contentUrl":"https:\/\/loginfo24.com\/wp-content\/uploads\/sites\/7\/2026\/01\/Logo_LogInfo24.png","width":938,"height":351,"caption":"Logismedia Group AG"},"image":{"@id":"https:\/\/loginfo24.com\/it\/#\/schema\/logo\/image\/"},"sameAs":["https:\/\/www.facebook.com\/people\/Loginfo24\/100057360583332\/","https:\/\/www.linkedin.com\/company\/lofinfo24\/"]}]}},"_links":{"self":[{"href":"https:\/\/loginfo24.com\/it\/wp-json\/wp\/v2\/posts\/19411","targetHints":{"allow":["GET"]}}],"collection":[{"href":"https:\/\/loginfo24.com\/it\/wp-json\/wp\/v2\/posts"}],"about":[{"href":"https:\/\/loginfo24.com\/it\/wp-json\/wp\/v2\/types\/post"}],"replies":[{"embeddable":true,"href":"https:\/\/loginfo24.com\/it\/wp-json\/wp\/v2\/comments?post=19411"}],"version-history":[{"count":1,"href":"https:\/\/loginfo24.com\/it\/wp-json\/wp\/v2\/posts\/19411\/revisions"}],"predecessor-version":[{"id":35110,"href":"https:\/\/loginfo24.com\/it\/wp-json\/wp\/v2\/posts\/19411\/revisions\/35110"}],"wp:attachment":[{"href":"https:\/\/loginfo24.com\/it\/wp-json\/wp\/v2\/media?parent=19411"}],"wp:term":[{"taxonomy":"category","embeddable":true,"href":"https:\/\/loginfo24.com\/it\/wp-json\/wp\/v2\/categories?post=19411"},{"taxonomy":"post_tag","embeddable":true,"href":"https:\/\/loginfo24.com\/it\/wp-json\/wp\/v2\/tags?post=19411"}],"curies":[{"name":"wp","href":"https:\/\/api.w.org\/{rel}","templated":true}]}}