{"id":18966,"date":"2020-08-05T07:00:34","date_gmt":"2020-08-05T05:00:34","guid":{"rendered":"https:\/\/blog.brand-architecture.at\/2020\/08\/05\/fiege-con-la-posa-della-prima-pietra-per-un-nuovo-centro-logistico-a-zulpich\/"},"modified":"2025-12-15T12:33:26","modified_gmt":"2025-12-15T11:33:26","slug":"fiege-con-la-posa-della-prima-pietra-per-un-nuovo-centro-logistico-a-zulpich","status":"publish","type":"post","link":"https:\/\/loginfo24.com\/it\/2020\/08\/05\/fiege-con-la-posa-della-prima-pietra-per-un-nuovo-centro-logistico-a-zulpich\/","title":{"rendered":"Fiege con la posa della prima pietra per un nuovo centro logistico a Z\u00fclpich"},"content":{"rendered":"<p>Il fornitore di servizi logistici Fiege sta costruendo un nuovo centro logistico a Z\u00fclpich, nella Renania Settentrionale-Vestfalia. Con una cerimonia di posa della prima pietra \u00e8 stato celebrato l&#8217;inizio dei lavori. I 54.000 m2 di superficie logistica dovrebbero essere messi in funzione gi\u00e0 nell&#8217;estate del 2021. L&#8217;importo dell&#8217;investimento \u00e8 di 50 milioni di euro. L&#8217;immobile \u00e8 previsto per il settore Healthcare di Fiege.<\/p>\n<p>Z\u00fclpich, 03.08.2020. L&#8217;azienda Fiege sta realizzando un nuovo centro logistico a Z\u00fclpich, nella Renania Settentrionale-Vestfalia. Situato centralmente nel triangolo delle citt\u00e0 di Colonia-Bonn-Aquisgrana, sta nascendo un Multi-User-Center con 54.000 metri quadrati di superficie logistica, composto da spazi per magazzini, uffici e aree sociali. Il 3 agosto 2020, Fiege ha celebrato l&#8217;inizio dei lavori alla presenza del Ministro dei Trasporti della NRW Hendrik W\u00fcst, del Presidente della Contea G\u00fcnter Rosenke, del Sindaco Ulf H\u00fcrtgen e di altri rappresentanti della citt\u00e0 di Z\u00fclpich, dell&#8217;investitore LIP Invest, dello studio di architettura J\u00fcrgen Schlake e dell&#8217;appaltatore generale Goldbeck International. L&#8217;immobile logistico dovrebbe essere completato gi\u00e0 nell&#8217;estate del 2021. Fiege gestir\u00e0 l&#8217;impianto per diversi clienti. L&#8217;importo dell&#8217;investimento per il progetto di nuova costruzione \u00e8 di circa 50 milioni di euro.<\/p>\n<h5>Fornitura di strutture sanitarie in tutta Europa<\/h5>\n<p> &#8220;La costruzione sar\u00e0 completata in meno di un anno. Allora Z\u00fclpich sar\u00e0 una nuova importante sede per il nostro crescente settore Healthcare&#8221;, afferma Jan Fiege, Managing Director Real Estate. &#8220;Il terreno a Z\u00fclpich si adattava molto bene al nostro profilo di requisiti. \u00c8 situato in una posizione favorevole, vicino alle autostrade A1 e A61.&#8221; Da Z\u00fclpich, Fiege fornir\u00e0 in tutta Europa strutture sanitarie, come ospedali o rivenditori specializzati in prodotti medicali, con i prodotti di vari clienti del settore farmaceutico. Per la realizzazione della prima fase di costruzione, Fiege ha acquisito un&#8217;area commerciale di 100.000 metri quadrati nell&#8217;area industriale di Z\u00fclpich &#8220;An der R\u00f6merallee&#8221;.<\/p>\n<h5><strong>Almeno 250 posti di lavoro<\/strong><\/h5>\n<p> &#8220;Siamo felici che l&#8217;azienda Fiege, uno dei principali fornitori di logistica europei, si stabilisca a Z\u00fclpich con questo grande progetto ad alta intensit\u00e0 di lavoro, al quale la politica di Z\u00fclpich ha gi\u00e0 dato il suo consenso unanime nella seduta del consiglio del 28 novembre 2019&#8221;, sottolinea il sindaco Ulf H\u00fcrtgen. &#8220;\u00c8 anche positivo che l&#8217;azienda abbia riconosciuto le opportunit\u00e0 esistenti per ulteriori attivit\u00e0 logistiche nella localit\u00e0 economica di Z\u00fclpich e che con il progetto di insediamento dell&#8217;azienda Fiege sia stata trovata una sostituzione pi\u00f9 che adeguata per la costruzione originariamente prevista di un magazzino e-commerce sull&#8217;area&#8221;, continua H\u00fcrtgen. La simbolica prima pietra segna l&#8217;inizio di un progetto di insediamento che nella prima fase di costruzione a Z\u00fclpich creer\u00e0 almeno 250 posti di lavoro a tempo pieno. L&#8217;opzione concessa all&#8217;azienda Fiege per l&#8217;acquisto di un&#8217;ulteriore area commerciale adiacente offre alla localit\u00e0 di Z\u00fclpich la prospettiva che il numero di posti di lavoro possa aumentare complessivamente a pi\u00f9 di 500 nei prossimi anni. Foto: \u00a9 Fiege <a href=\"https:\/\/www.fiege.com\" target=\"_blank\" rel=\"noopener noreferrer\">www.fiege.com<\/a><\/p>\n","protected":false},"excerpt":{"rendered":"<p>Il fornitore di servizi logistici Fiege sta costruendo un nuovo centro logistico a Z\u00fclpich, nella Renania Settentrionale-Vestfalia. Con una cerimonia di posa della prima pietra \u00e8<span class=\"excerpt-hellip\"> [\u2026]<\/span><\/p>\n","protected":false},"author":0,"featured_media":0,"comment_status":"open","ping_status":"open","sticky":false,"template":"","format":"standard","meta":{"_acf_changed":false,"footnotes":""},"categories":[1557,1560,1561],"tags":[],"class_list":["post-18966","post","type-post","status-publish","format-standard","hentry","category-forwarding-logistics","category-intralogistics","category-regions"],"acf":[],"yoast_head":"<!-- This site is optimized with the Yoast SEO plugin v27.3 - https:\/\/yoast.com\/product\/yoast-seo-wordpress\/ -->\n<title>Fiege con la posa della prima pietra per un nuovo centro logistico a Z\u00fclpich - Loginfo24<\/title>\n<meta name=\"robots\" content=\"index, follow, max-snippet:-1, max-image-preview:large, max-video-preview:-1\" \/>\n<link rel=\"canonical\" href=\"https:\/\/loginfo24.com\/it\/2020\/08\/05\/fiege-con-la-posa-della-prima-pietra-per-un-nuovo-centro-logistico-a-zulpich\/\" \/>\n<meta property=\"og:locale\" content=\"it_IT\" \/>\n<meta property=\"og:type\" content=\"article\" \/>\n<meta property=\"og:title\" content=\"Fiege con la posa della prima pietra per un nuovo centro logistico a Z\u00fclpich - Loginfo24\" \/>\n<meta property=\"og:description\" content=\"Il fornitore di servizi logistici Fiege sta costruendo un nuovo centro logistico a Z\u00fclpich, nella Renania Settentrionale-Vestfalia. Con una cerimonia di posa della prima pietra \u00e8 [\u2026]\" \/>\n<meta property=\"og:url\" content=\"https:\/\/loginfo24.com\/it\/2020\/08\/05\/fiege-con-la-posa-della-prima-pietra-per-un-nuovo-centro-logistico-a-zulpich\/\" \/>\n<meta property=\"og:site_name\" content=\"Loginfo24\" \/>\n<meta property=\"article:publisher\" content=\"https:\/\/www.facebook.com\/people\/Loginfo24\/100057360583332\/\" \/>\n<meta property=\"article:published_time\" content=\"2020-08-05T05:00:34+00:00\" \/>\n<meta property=\"article:modified_time\" content=\"2025-12-15T11:33:26+00:00\" \/>\n<meta name=\"twitter:card\" content=\"summary_large_image\" \/>\n<meta name=\"twitter:label1\" content=\"Tempo di lettura stimato\" \/>\n\t<meta name=\"twitter:data1\" content=\"2 minuto\" \/>\n<script type=\"application\/ld+json\" class=\"yoast-schema-graph\">{\"@context\":\"https:\\\/\\\/schema.org\",\"@graph\":[{\"@type\":\"Article\",\"@id\":\"https:\\\/\\\/loginfo24.com\\\/it\\\/2020\\\/08\\\/05\\\/fiege-con-la-posa-della-prima-pietra-per-un-nuovo-centro-logistico-a-zulpich\\\/#article\",\"isPartOf\":{\"@id\":\"https:\\\/\\\/loginfo24.com\\\/it\\\/2020\\\/08\\\/05\\\/fiege-con-la-posa-della-prima-pietra-per-un-nuovo-centro-logistico-a-zulpich\\\/\"},\"author\":{\"name\":\"\",\"@id\":\"\"},\"headline\":\"Fiege con la posa della prima pietra per un nuovo centro logistico a Z\u00fclpich\",\"datePublished\":\"2020-08-05T05:00:34+00:00\",\"dateModified\":\"2025-12-15T11:33:26+00:00\",\"mainEntityOfPage\":{\"@id\":\"https:\\\/\\\/loginfo24.com\\\/it\\\/2020\\\/08\\\/05\\\/fiege-con-la-posa-della-prima-pietra-per-un-nuovo-centro-logistico-a-zulpich\\\/\"},\"wordCount\":510,\"commentCount\":0,\"publisher\":{\"@id\":\"https:\\\/\\\/loginfo24.com\\\/it\\\/#organization\"},\"articleSection\":[\"Forwarding &amp; Logistics\",\"Intralogistics\",\"Regions\"],\"inLanguage\":\"it-IT\",\"potentialAction\":[{\"@type\":\"CommentAction\",\"name\":\"Comment\",\"target\":[\"https:\\\/\\\/loginfo24.com\\\/it\\\/2020\\\/08\\\/05\\\/fiege-con-la-posa-della-prima-pietra-per-un-nuovo-centro-logistico-a-zulpich\\\/#respond\"]}]},{\"@type\":\"WebPage\",\"@id\":\"https:\\\/\\\/loginfo24.com\\\/it\\\/2020\\\/08\\\/05\\\/fiege-con-la-posa-della-prima-pietra-per-un-nuovo-centro-logistico-a-zulpich\\\/\",\"url\":\"https:\\\/\\\/loginfo24.com\\\/it\\\/2020\\\/08\\\/05\\\/fiege-con-la-posa-della-prima-pietra-per-un-nuovo-centro-logistico-a-zulpich\\\/\",\"name\":\"Fiege con la posa della prima pietra per un nuovo centro logistico a Z\u00fclpich - Loginfo24\",\"isPartOf\":{\"@id\":\"https:\\\/\\\/loginfo24.com\\\/it\\\/#website\"},\"datePublished\":\"2020-08-05T05:00:34+00:00\",\"dateModified\":\"2025-12-15T11:33:26+00:00\",\"breadcrumb\":{\"@id\":\"https:\\\/\\\/loginfo24.com\\\/it\\\/2020\\\/08\\\/05\\\/fiege-con-la-posa-della-prima-pietra-per-un-nuovo-centro-logistico-a-zulpich\\\/#breadcrumb\"},\"inLanguage\":\"it-IT\",\"potentialAction\":[{\"@type\":\"ReadAction\",\"target\":[\"https:\\\/\\\/loginfo24.com\\\/it\\\/2020\\\/08\\\/05\\\/fiege-con-la-posa-della-prima-pietra-per-un-nuovo-centro-logistico-a-zulpich\\\/\"]}]},{\"@type\":\"BreadcrumbList\",\"@id\":\"https:\\\/\\\/loginfo24.com\\\/it\\\/2020\\\/08\\\/05\\\/fiege-con-la-posa-della-prima-pietra-per-un-nuovo-centro-logistico-a-zulpich\\\/#breadcrumb\",\"itemListElement\":[{\"@type\":\"ListItem\",\"position\":1,\"name\":\"Startseite\",\"item\":\"https:\\\/\\\/loginfo24.com\\\/it\\\/\"},{\"@type\":\"ListItem\",\"position\":2,\"name\":\"Fiege con la posa della prima pietra per un nuovo centro logistico a Z\u00fclpich\"}]},{\"@type\":\"WebSite\",\"@id\":\"https:\\\/\\\/loginfo24.com\\\/it\\\/#website\",\"url\":\"https:\\\/\\\/loginfo24.com\\\/it\\\/\",\"name\":\"Loginfo24\",\"description\":\"Loginfo24 \u00e8 la piattaforma dedicata alla logistica e alle catene di fornitura con informazioni disponibili 24 ore su 24.\",\"publisher\":{\"@id\":\"https:\\\/\\\/loginfo24.com\\\/it\\\/#organization\"},\"potentialAction\":[{\"@type\":\"SearchAction\",\"target\":{\"@type\":\"EntryPoint\",\"urlTemplate\":\"https:\\\/\\\/loginfo24.com\\\/it\\\/?s={search_term_string}\"},\"query-input\":{\"@type\":\"PropertyValueSpecification\",\"valueRequired\":true,\"valueName\":\"search_term_string\"}}],\"inLanguage\":\"it-IT\"},{\"@type\":\"Organization\",\"@id\":\"https:\\\/\\\/loginfo24.com\\\/it\\\/#organization\",\"name\":\"Logismedia Group AG\",\"url\":\"https:\\\/\\\/loginfo24.com\\\/it\\\/\",\"logo\":{\"@type\":\"ImageObject\",\"inLanguage\":\"it-IT\",\"@id\":\"https:\\\/\\\/loginfo24.com\\\/it\\\/#\\\/schema\\\/logo\\\/image\\\/\",\"url\":\"https:\\\/\\\/loginfo24.com\\\/wp-content\\\/uploads\\\/sites\\\/7\\\/2026\\\/01\\\/Logo_LogInfo24.png\",\"contentUrl\":\"https:\\\/\\\/loginfo24.com\\\/wp-content\\\/uploads\\\/sites\\\/7\\\/2026\\\/01\\\/Logo_LogInfo24.png\",\"width\":938,\"height\":351,\"caption\":\"Logismedia Group AG\"},\"image\":{\"@id\":\"https:\\\/\\\/loginfo24.com\\\/it\\\/#\\\/schema\\\/logo\\\/image\\\/\"},\"sameAs\":[\"https:\\\/\\\/www.facebook.com\\\/people\\\/Loginfo24\\\/100057360583332\\\/\",\"https:\\\/\\\/www.linkedin.com\\\/company\\\/lofinfo24\\\/\"]}]}<\/script>\n<!-- \/ Yoast SEO plugin. -->","yoast_head_json":{"title":"Fiege con la posa della prima pietra per un nuovo centro logistico a Z\u00fclpich - Loginfo24","robots":{"index":"index","follow":"follow","max-snippet":"max-snippet:-1","max-image-preview":"max-image-preview:large","max-video-preview":"max-video-preview:-1"},"canonical":"https:\/\/loginfo24.com\/it\/2020\/08\/05\/fiege-con-la-posa-della-prima-pietra-per-un-nuovo-centro-logistico-a-zulpich\/","og_locale":"it_IT","og_type":"article","og_title":"Fiege con la posa della prima pietra per un nuovo centro logistico a Z\u00fclpich - Loginfo24","og_description":"Il fornitore di servizi logistici Fiege sta costruendo un nuovo centro logistico a Z\u00fclpich, nella Renania Settentrionale-Vestfalia. Con una cerimonia di posa della prima pietra \u00e8 [\u2026]","og_url":"https:\/\/loginfo24.com\/it\/2020\/08\/05\/fiege-con-la-posa-della-prima-pietra-per-un-nuovo-centro-logistico-a-zulpich\/","og_site_name":"Loginfo24","article_publisher":"https:\/\/www.facebook.com\/people\/Loginfo24\/100057360583332\/","article_published_time":"2020-08-05T05:00:34+00:00","article_modified_time":"2025-12-15T11:33:26+00:00","twitter_card":"summary_large_image","twitter_misc":{"Tempo di lettura stimato":"2 minuto"},"schema":{"@context":"https:\/\/schema.org","@graph":[{"@type":"Article","@id":"https:\/\/loginfo24.com\/it\/2020\/08\/05\/fiege-con-la-posa-della-prima-pietra-per-un-nuovo-centro-logistico-a-zulpich\/#article","isPartOf":{"@id":"https:\/\/loginfo24.com\/it\/2020\/08\/05\/fiege-con-la-posa-della-prima-pietra-per-un-nuovo-centro-logistico-a-zulpich\/"},"author":{"name":"","@id":""},"headline":"Fiege con la posa della prima pietra per un nuovo centro logistico a Z\u00fclpich","datePublished":"2020-08-05T05:00:34+00:00","dateModified":"2025-12-15T11:33:26+00:00","mainEntityOfPage":{"@id":"https:\/\/loginfo24.com\/it\/2020\/08\/05\/fiege-con-la-posa-della-prima-pietra-per-un-nuovo-centro-logistico-a-zulpich\/"},"wordCount":510,"commentCount":0,"publisher":{"@id":"https:\/\/loginfo24.com\/it\/#organization"},"articleSection":["Forwarding &amp; Logistics","Intralogistics","Regions"],"inLanguage":"it-IT","potentialAction":[{"@type":"CommentAction","name":"Comment","target":["https:\/\/loginfo24.com\/it\/2020\/08\/05\/fiege-con-la-posa-della-prima-pietra-per-un-nuovo-centro-logistico-a-zulpich\/#respond"]}]},{"@type":"WebPage","@id":"https:\/\/loginfo24.com\/it\/2020\/08\/05\/fiege-con-la-posa-della-prima-pietra-per-un-nuovo-centro-logistico-a-zulpich\/","url":"https:\/\/loginfo24.com\/it\/2020\/08\/05\/fiege-con-la-posa-della-prima-pietra-per-un-nuovo-centro-logistico-a-zulpich\/","name":"Fiege con la posa della prima pietra per un nuovo centro logistico a Z\u00fclpich - Loginfo24","isPartOf":{"@id":"https:\/\/loginfo24.com\/it\/#website"},"datePublished":"2020-08-05T05:00:34+00:00","dateModified":"2025-12-15T11:33:26+00:00","breadcrumb":{"@id":"https:\/\/loginfo24.com\/it\/2020\/08\/05\/fiege-con-la-posa-della-prima-pietra-per-un-nuovo-centro-logistico-a-zulpich\/#breadcrumb"},"inLanguage":"it-IT","potentialAction":[{"@type":"ReadAction","target":["https:\/\/loginfo24.com\/it\/2020\/08\/05\/fiege-con-la-posa-della-prima-pietra-per-un-nuovo-centro-logistico-a-zulpich\/"]}]},{"@type":"BreadcrumbList","@id":"https:\/\/loginfo24.com\/it\/2020\/08\/05\/fiege-con-la-posa-della-prima-pietra-per-un-nuovo-centro-logistico-a-zulpich\/#breadcrumb","itemListElement":[{"@type":"ListItem","position":1,"name":"Startseite","item":"https:\/\/loginfo24.com\/it\/"},{"@type":"ListItem","position":2,"name":"Fiege con la posa della prima pietra per un nuovo centro logistico a Z\u00fclpich"}]},{"@type":"WebSite","@id":"https:\/\/loginfo24.com\/it\/#website","url":"https:\/\/loginfo24.com\/it\/","name":"Loginfo24","description":"Loginfo24 \u00e8 la piattaforma dedicata alla logistica e alle catene di fornitura con informazioni disponibili 24 ore su 24.","publisher":{"@id":"https:\/\/loginfo24.com\/it\/#organization"},"potentialAction":[{"@type":"SearchAction","target":{"@type":"EntryPoint","urlTemplate":"https:\/\/loginfo24.com\/it\/?s={search_term_string}"},"query-input":{"@type":"PropertyValueSpecification","valueRequired":true,"valueName":"search_term_string"}}],"inLanguage":"it-IT"},{"@type":"Organization","@id":"https:\/\/loginfo24.com\/it\/#organization","name":"Logismedia Group AG","url":"https:\/\/loginfo24.com\/it\/","logo":{"@type":"ImageObject","inLanguage":"it-IT","@id":"https:\/\/loginfo24.com\/it\/#\/schema\/logo\/image\/","url":"https:\/\/loginfo24.com\/wp-content\/uploads\/sites\/7\/2026\/01\/Logo_LogInfo24.png","contentUrl":"https:\/\/loginfo24.com\/wp-content\/uploads\/sites\/7\/2026\/01\/Logo_LogInfo24.png","width":938,"height":351,"caption":"Logismedia Group AG"},"image":{"@id":"https:\/\/loginfo24.com\/it\/#\/schema\/logo\/image\/"},"sameAs":["https:\/\/www.facebook.com\/people\/Loginfo24\/100057360583332\/","https:\/\/www.linkedin.com\/company\/lofinfo24\/"]}]}},"_links":{"self":[{"href":"https:\/\/loginfo24.com\/it\/wp-json\/wp\/v2\/posts\/18966","targetHints":{"allow":["GET"]}}],"collection":[{"href":"https:\/\/loginfo24.com\/it\/wp-json\/wp\/v2\/posts"}],"about":[{"href":"https:\/\/loginfo24.com\/it\/wp-json\/wp\/v2\/types\/post"}],"replies":[{"embeddable":true,"href":"https:\/\/loginfo24.com\/it\/wp-json\/wp\/v2\/comments?post=18966"}],"version-history":[{"count":1,"href":"https:\/\/loginfo24.com\/it\/wp-json\/wp\/v2\/posts\/18966\/revisions"}],"predecessor-version":[{"id":34231,"href":"https:\/\/loginfo24.com\/it\/wp-json\/wp\/v2\/posts\/18966\/revisions\/34231"}],"wp:attachment":[{"href":"https:\/\/loginfo24.com\/it\/wp-json\/wp\/v2\/media?parent=18966"}],"wp:term":[{"taxonomy":"category","embeddable":true,"href":"https:\/\/loginfo24.com\/it\/wp-json\/wp\/v2\/categories?post=18966"},{"taxonomy":"post_tag","embeddable":true,"href":"https:\/\/loginfo24.com\/it\/wp-json\/wp\/v2\/tags?post=18966"}],"curies":[{"name":"wp","href":"https:\/\/api.w.org\/{rel}","templated":true}]}}