{"id":18912,"date":"2020-08-03T07:02:09","date_gmt":"2020-08-03T05:02:09","guid":{"rendered":"https:\/\/blog.brand-architecture.at\/2020\/08\/03\/il-ceo-ralf-wieland-di-emons-diventa-senatore-delliws\/"},"modified":"2025-12-15T12:33:13","modified_gmt":"2025-12-15T11:33:13","slug":"il-ceo-ralf-wieland-di-emons-diventa-senatore-delliws","status":"publish","type":"post","link":"https:\/\/loginfo24.com\/it\/2020\/08\/03\/il-ceo-ralf-wieland-di-emons-diventa-senatore-delliws\/","title":{"rendered":"Il CEO Ralf Wieland di Emons diventa Senatore dell&#8217;IWS"},"content":{"rendered":"<p>Il CEO di Emons, Ralf Wieland, ha avuto l&#8217;onore di essere nominato Senatore dell&#8217;International Economic Senate e.V. (IWS). In questo modo, il Senato guadagna un membro esperto nel settore della spedizione internazionale. L&#8217;IWS funge da collegamento tra economia e scienza.<\/p>\n<p>(PresseBox, Berlino) Ralf Wieland, CEO di Emons, \u00e8 stato nominato Senatore dell&#8217;International Economic Senate e.V. (IWS). Con questo, l&#8217;IWS guadagna \u2013 soprattutto in relazione alla crescente globalizzazione \u2013 un membro esperto nel campo della spedizione internazionale.<\/p>\n<p>I nuovi senatori non si uniscono, ma vengono nominati nella rete di esperti indipendenti. L&#8217;IWS ha scelto Ralf Wieland per la sua esperienza nel settore dei trasporti internazionali e per la sua affinit\u00e0 all&#8217;innovazione e alla digitalizzazione.<\/p>\n<p>L&#8217;IWS funge da collegamento tra economia e scienza. L&#8217;obiettivo \u00e8 influenzare la politica tedesca ed europea in modo apartitico, fornendo impulsi a beneficio della collettivit\u00e0. Il Senato rappresenta le PMI \u2013 il fattore di successo dell&#8217;economia tedesca. Il 99% delle aziende tedesche appartiene al settore delle PMI, che fornisce il 60% dei posti di lavoro e oltre l&#8217;80% dei posti di apprendistato. L&#8217;IWS opera con i valori del &#8220;commerciante onorevole&#8221;. Rappresenta sostenibilit\u00e0, responsabilit\u00e0 sociale, etica e morale. Educazione, promozione dei giovani e orientamento internazionale sono i pilastri dell&#8217;IWS.<\/p>\n<h5>Wieland \u00e8 un&#8217;ottima integrazione<\/h5>\n<p>&#8220;La globalizzazione non avviene sulla carta&#8221;, afferma il Segretario Generale Peter Nu\u00dfbaum, che ha fondato l&#8217;IWS nel 2013. Personalit\u00e0 di spicco provenienti da economia, politica e scienza sono unite nella rete. Wieland, un esperto riconosciuto nel settore della spedizione, rafforza in modo ottimale la rete. Dal 2017, Ralf Wieland guida le societ\u00e0 Emons come portavoce della direzione. Emons offre \u2013 con oltre 100 sedi \u2013 trasporti su strada e ferrovia, via aerea e marittima, oltre a soluzioni logistiche. 3.117 dipendenti garantiscono un trasporto merci fluido e globale. Emons gestisce proprie societ\u00e0 in 18 paesi.<\/p>\n<p>&#8220;Appartenere ora all&#8217;IWS come senatore economico \u00e8 per me un grande onore e una sfida per rafforzare l&#8217;influenza del trasporto merci, che \u00e8 uno dei settori pi\u00f9 redditizi della Germania, ma \u00e8 poco percepito&#8221;, sottolinea Wieland.<\/p>\n<p>Foto: \u00a9 Emons<\/p>\n<p><a href=\"https:\/\/www.emons.de\" target=\"_blank\" rel=\"noopener noreferrer\">www.emons.de<\/a>\u00a0\u00a0\u00a0 <a href=\"https:\/\/www.wec-iws.de\/de\" target=\"_blank\" rel=\"noopener noreferrer\">www.wec-iws.de\/de<\/a><\/p>\n","protected":false},"excerpt":{"rendered":"<p>Il CEO di Emons, Ralf Wieland, ha avuto l&#8217;onore di essere nominato Senatore dell&#8217;International Economic Senate e.V. (IWS). In questo modo, il Senato guadagna un membro<span class=\"excerpt-hellip\"> [\u2026]<\/span><\/p>\n","protected":false},"author":0,"featured_media":0,"comment_status":"open","ping_status":"open","sticky":false,"template":"","format":"standard","meta":{"_acf_changed":false,"footnotes":""},"categories":[1557,1561],"tags":[],"class_list":["post-18912","post","type-post","status-publish","format-standard","hentry","category-forwarding-logistics","category-regions"],"acf":[],"yoast_head":"<!-- This site is optimized with the Yoast SEO plugin v27.3 - https:\/\/yoast.com\/product\/yoast-seo-wordpress\/ -->\n<title>Il CEO Ralf Wieland di Emons diventa Senatore dell&#039;IWS - Loginfo24<\/title>\n<meta name=\"robots\" content=\"index, follow, max-snippet:-1, max-image-preview:large, max-video-preview:-1\" \/>\n<link rel=\"canonical\" href=\"https:\/\/loginfo24.com\/it\/2020\/08\/03\/il-ceo-ralf-wieland-di-emons-diventa-senatore-delliws\/\" \/>\n<meta property=\"og:locale\" content=\"it_IT\" \/>\n<meta property=\"og:type\" content=\"article\" \/>\n<meta property=\"og:title\" content=\"Il CEO Ralf Wieland di Emons diventa Senatore dell&#039;IWS - Loginfo24\" \/>\n<meta property=\"og:description\" content=\"Il CEO di Emons, Ralf Wieland, ha avuto l&#8217;onore di essere nominato Senatore dell&#8217;International Economic Senate e.V. (IWS). In questo modo, il Senato guadagna un membro [\u2026]\" \/>\n<meta property=\"og:url\" content=\"https:\/\/loginfo24.com\/it\/2020\/08\/03\/il-ceo-ralf-wieland-di-emons-diventa-senatore-delliws\/\" \/>\n<meta property=\"og:site_name\" content=\"Loginfo24\" \/>\n<meta property=\"article:publisher\" content=\"https:\/\/www.facebook.com\/people\/Loginfo24\/100057360583332\/\" \/>\n<meta property=\"article:published_time\" content=\"2020-08-03T05:02:09+00:00\" \/>\n<meta property=\"article:modified_time\" content=\"2025-12-15T11:33:13+00:00\" \/>\n<meta name=\"twitter:card\" content=\"summary_large_image\" \/>\n<meta name=\"twitter:label1\" content=\"Tempo di lettura stimato\" \/>\n\t<meta name=\"twitter:data1\" content=\"2 minuto\" \/>\n<script type=\"application\/ld+json\" class=\"yoast-schema-graph\">{\"@context\":\"https:\\\/\\\/schema.org\",\"@graph\":[{\"@type\":\"Article\",\"@id\":\"https:\\\/\\\/loginfo24.com\\\/it\\\/2020\\\/08\\\/03\\\/il-ceo-ralf-wieland-di-emons-diventa-senatore-delliws\\\/#article\",\"isPartOf\":{\"@id\":\"https:\\\/\\\/loginfo24.com\\\/it\\\/2020\\\/08\\\/03\\\/il-ceo-ralf-wieland-di-emons-diventa-senatore-delliws\\\/\"},\"author\":{\"name\":\"\",\"@id\":\"\"},\"headline\":\"Il CEO Ralf Wieland di Emons diventa Senatore dell&#8217;IWS\",\"datePublished\":\"2020-08-03T05:02:09+00:00\",\"dateModified\":\"2025-12-15T11:33:13+00:00\",\"mainEntityOfPage\":{\"@id\":\"https:\\\/\\\/loginfo24.com\\\/it\\\/2020\\\/08\\\/03\\\/il-ceo-ralf-wieland-di-emons-diventa-senatore-delliws\\\/\"},\"wordCount\":355,\"commentCount\":0,\"publisher\":{\"@id\":\"https:\\\/\\\/loginfo24.com\\\/it\\\/#organization\"},\"articleSection\":[\"Forwarding &amp; Logistics\",\"Regions\"],\"inLanguage\":\"it-IT\",\"potentialAction\":[{\"@type\":\"CommentAction\",\"name\":\"Comment\",\"target\":[\"https:\\\/\\\/loginfo24.com\\\/it\\\/2020\\\/08\\\/03\\\/il-ceo-ralf-wieland-di-emons-diventa-senatore-delliws\\\/#respond\"]}]},{\"@type\":\"WebPage\",\"@id\":\"https:\\\/\\\/loginfo24.com\\\/it\\\/2020\\\/08\\\/03\\\/il-ceo-ralf-wieland-di-emons-diventa-senatore-delliws\\\/\",\"url\":\"https:\\\/\\\/loginfo24.com\\\/it\\\/2020\\\/08\\\/03\\\/il-ceo-ralf-wieland-di-emons-diventa-senatore-delliws\\\/\",\"name\":\"Il CEO Ralf Wieland di Emons diventa Senatore dell'IWS - Loginfo24\",\"isPartOf\":{\"@id\":\"https:\\\/\\\/loginfo24.com\\\/it\\\/#website\"},\"datePublished\":\"2020-08-03T05:02:09+00:00\",\"dateModified\":\"2025-12-15T11:33:13+00:00\",\"breadcrumb\":{\"@id\":\"https:\\\/\\\/loginfo24.com\\\/it\\\/2020\\\/08\\\/03\\\/il-ceo-ralf-wieland-di-emons-diventa-senatore-delliws\\\/#breadcrumb\"},\"inLanguage\":\"it-IT\",\"potentialAction\":[{\"@type\":\"ReadAction\",\"target\":[\"https:\\\/\\\/loginfo24.com\\\/it\\\/2020\\\/08\\\/03\\\/il-ceo-ralf-wieland-di-emons-diventa-senatore-delliws\\\/\"]}]},{\"@type\":\"BreadcrumbList\",\"@id\":\"https:\\\/\\\/loginfo24.com\\\/it\\\/2020\\\/08\\\/03\\\/il-ceo-ralf-wieland-di-emons-diventa-senatore-delliws\\\/#breadcrumb\",\"itemListElement\":[{\"@type\":\"ListItem\",\"position\":1,\"name\":\"Startseite\",\"item\":\"https:\\\/\\\/loginfo24.com\\\/it\\\/\"},{\"@type\":\"ListItem\",\"position\":2,\"name\":\"Il CEO Ralf Wieland di Emons diventa Senatore dell&#8217;IWS\"}]},{\"@type\":\"WebSite\",\"@id\":\"https:\\\/\\\/loginfo24.com\\\/it\\\/#website\",\"url\":\"https:\\\/\\\/loginfo24.com\\\/it\\\/\",\"name\":\"Loginfo24\",\"description\":\"Loginfo24 \u00e8 la piattaforma dedicata alla logistica e alle catene di fornitura con informazioni disponibili 24 ore su 24.\",\"publisher\":{\"@id\":\"https:\\\/\\\/loginfo24.com\\\/it\\\/#organization\"},\"potentialAction\":[{\"@type\":\"SearchAction\",\"target\":{\"@type\":\"EntryPoint\",\"urlTemplate\":\"https:\\\/\\\/loginfo24.com\\\/it\\\/?s={search_term_string}\"},\"query-input\":{\"@type\":\"PropertyValueSpecification\",\"valueRequired\":true,\"valueName\":\"search_term_string\"}}],\"inLanguage\":\"it-IT\"},{\"@type\":\"Organization\",\"@id\":\"https:\\\/\\\/loginfo24.com\\\/it\\\/#organization\",\"name\":\"Logismedia Group AG\",\"url\":\"https:\\\/\\\/loginfo24.com\\\/it\\\/\",\"logo\":{\"@type\":\"ImageObject\",\"inLanguage\":\"it-IT\",\"@id\":\"https:\\\/\\\/loginfo24.com\\\/it\\\/#\\\/schema\\\/logo\\\/image\\\/\",\"url\":\"https:\\\/\\\/loginfo24.com\\\/wp-content\\\/uploads\\\/sites\\\/7\\\/2026\\\/01\\\/Logo_LogInfo24.png\",\"contentUrl\":\"https:\\\/\\\/loginfo24.com\\\/wp-content\\\/uploads\\\/sites\\\/7\\\/2026\\\/01\\\/Logo_LogInfo24.png\",\"width\":938,\"height\":351,\"caption\":\"Logismedia Group AG\"},\"image\":{\"@id\":\"https:\\\/\\\/loginfo24.com\\\/it\\\/#\\\/schema\\\/logo\\\/image\\\/\"},\"sameAs\":[\"https:\\\/\\\/www.facebook.com\\\/people\\\/Loginfo24\\\/100057360583332\\\/\",\"https:\\\/\\\/www.linkedin.com\\\/company\\\/lofinfo24\\\/\"]}]}<\/script>\n<!-- \/ Yoast SEO plugin. -->","yoast_head_json":{"title":"Il CEO Ralf Wieland di Emons diventa Senatore dell'IWS - Loginfo24","robots":{"index":"index","follow":"follow","max-snippet":"max-snippet:-1","max-image-preview":"max-image-preview:large","max-video-preview":"max-video-preview:-1"},"canonical":"https:\/\/loginfo24.com\/it\/2020\/08\/03\/il-ceo-ralf-wieland-di-emons-diventa-senatore-delliws\/","og_locale":"it_IT","og_type":"article","og_title":"Il CEO Ralf Wieland di Emons diventa Senatore dell'IWS - Loginfo24","og_description":"Il CEO di Emons, Ralf Wieland, ha avuto l&#8217;onore di essere nominato Senatore dell&#8217;International Economic Senate e.V. (IWS). In questo modo, il Senato guadagna un membro [\u2026]","og_url":"https:\/\/loginfo24.com\/it\/2020\/08\/03\/il-ceo-ralf-wieland-di-emons-diventa-senatore-delliws\/","og_site_name":"Loginfo24","article_publisher":"https:\/\/www.facebook.com\/people\/Loginfo24\/100057360583332\/","article_published_time":"2020-08-03T05:02:09+00:00","article_modified_time":"2025-12-15T11:33:13+00:00","twitter_card":"summary_large_image","twitter_misc":{"Tempo di lettura stimato":"2 minuto"},"schema":{"@context":"https:\/\/schema.org","@graph":[{"@type":"Article","@id":"https:\/\/loginfo24.com\/it\/2020\/08\/03\/il-ceo-ralf-wieland-di-emons-diventa-senatore-delliws\/#article","isPartOf":{"@id":"https:\/\/loginfo24.com\/it\/2020\/08\/03\/il-ceo-ralf-wieland-di-emons-diventa-senatore-delliws\/"},"author":{"name":"","@id":""},"headline":"Il CEO Ralf Wieland di Emons diventa Senatore dell&#8217;IWS","datePublished":"2020-08-03T05:02:09+00:00","dateModified":"2025-12-15T11:33:13+00:00","mainEntityOfPage":{"@id":"https:\/\/loginfo24.com\/it\/2020\/08\/03\/il-ceo-ralf-wieland-di-emons-diventa-senatore-delliws\/"},"wordCount":355,"commentCount":0,"publisher":{"@id":"https:\/\/loginfo24.com\/it\/#organization"},"articleSection":["Forwarding &amp; Logistics","Regions"],"inLanguage":"it-IT","potentialAction":[{"@type":"CommentAction","name":"Comment","target":["https:\/\/loginfo24.com\/it\/2020\/08\/03\/il-ceo-ralf-wieland-di-emons-diventa-senatore-delliws\/#respond"]}]},{"@type":"WebPage","@id":"https:\/\/loginfo24.com\/it\/2020\/08\/03\/il-ceo-ralf-wieland-di-emons-diventa-senatore-delliws\/","url":"https:\/\/loginfo24.com\/it\/2020\/08\/03\/il-ceo-ralf-wieland-di-emons-diventa-senatore-delliws\/","name":"Il CEO Ralf Wieland di Emons diventa Senatore dell'IWS - Loginfo24","isPartOf":{"@id":"https:\/\/loginfo24.com\/it\/#website"},"datePublished":"2020-08-03T05:02:09+00:00","dateModified":"2025-12-15T11:33:13+00:00","breadcrumb":{"@id":"https:\/\/loginfo24.com\/it\/2020\/08\/03\/il-ceo-ralf-wieland-di-emons-diventa-senatore-delliws\/#breadcrumb"},"inLanguage":"it-IT","potentialAction":[{"@type":"ReadAction","target":["https:\/\/loginfo24.com\/it\/2020\/08\/03\/il-ceo-ralf-wieland-di-emons-diventa-senatore-delliws\/"]}]},{"@type":"BreadcrumbList","@id":"https:\/\/loginfo24.com\/it\/2020\/08\/03\/il-ceo-ralf-wieland-di-emons-diventa-senatore-delliws\/#breadcrumb","itemListElement":[{"@type":"ListItem","position":1,"name":"Startseite","item":"https:\/\/loginfo24.com\/it\/"},{"@type":"ListItem","position":2,"name":"Il CEO Ralf Wieland di Emons diventa Senatore dell&#8217;IWS"}]},{"@type":"WebSite","@id":"https:\/\/loginfo24.com\/it\/#website","url":"https:\/\/loginfo24.com\/it\/","name":"Loginfo24","description":"Loginfo24 \u00e8 la piattaforma dedicata alla logistica e alle catene di fornitura con informazioni disponibili 24 ore su 24.","publisher":{"@id":"https:\/\/loginfo24.com\/it\/#organization"},"potentialAction":[{"@type":"SearchAction","target":{"@type":"EntryPoint","urlTemplate":"https:\/\/loginfo24.com\/it\/?s={search_term_string}"},"query-input":{"@type":"PropertyValueSpecification","valueRequired":true,"valueName":"search_term_string"}}],"inLanguage":"it-IT"},{"@type":"Organization","@id":"https:\/\/loginfo24.com\/it\/#organization","name":"Logismedia Group AG","url":"https:\/\/loginfo24.com\/it\/","logo":{"@type":"ImageObject","inLanguage":"it-IT","@id":"https:\/\/loginfo24.com\/it\/#\/schema\/logo\/image\/","url":"https:\/\/loginfo24.com\/wp-content\/uploads\/sites\/7\/2026\/01\/Logo_LogInfo24.png","contentUrl":"https:\/\/loginfo24.com\/wp-content\/uploads\/sites\/7\/2026\/01\/Logo_LogInfo24.png","width":938,"height":351,"caption":"Logismedia Group AG"},"image":{"@id":"https:\/\/loginfo24.com\/it\/#\/schema\/logo\/image\/"},"sameAs":["https:\/\/www.facebook.com\/people\/Loginfo24\/100057360583332\/","https:\/\/www.linkedin.com\/company\/lofinfo24\/"]}]}},"_links":{"self":[{"href":"https:\/\/loginfo24.com\/it\/wp-json\/wp\/v2\/posts\/18912","targetHints":{"allow":["GET"]}}],"collection":[{"href":"https:\/\/loginfo24.com\/it\/wp-json\/wp\/v2\/posts"}],"about":[{"href":"https:\/\/loginfo24.com\/it\/wp-json\/wp\/v2\/types\/post"}],"replies":[{"embeddable":true,"href":"https:\/\/loginfo24.com\/it\/wp-json\/wp\/v2\/comments?post=18912"}],"version-history":[{"count":1,"href":"https:\/\/loginfo24.com\/it\/wp-json\/wp\/v2\/posts\/18912\/revisions"}],"predecessor-version":[{"id":34129,"href":"https:\/\/loginfo24.com\/it\/wp-json\/wp\/v2\/posts\/18912\/revisions\/34129"}],"wp:attachment":[{"href":"https:\/\/loginfo24.com\/it\/wp-json\/wp\/v2\/media?parent=18912"}],"wp:term":[{"taxonomy":"category","embeddable":true,"href":"https:\/\/loginfo24.com\/it\/wp-json\/wp\/v2\/categories?post=18912"},{"taxonomy":"post_tag","embeddable":true,"href":"https:\/\/loginfo24.com\/it\/wp-json\/wp\/v2\/tags?post=18912"}],"curies":[{"name":"wp","href":"https:\/\/api.w.org\/{rel}","templated":true}]}}