{"id":17840,"date":"2020-06-09T06:30:00","date_gmt":"2020-06-09T04:30:00","guid":{"rendered":"https:\/\/blog.brand-architecture.at\/2020\/06\/09\/infineon-e-kuhnenagel-riducono-le-emissioni-di-co2-a-regensburg\/"},"modified":"2025-12-15T12:28:50","modified_gmt":"2025-12-15T11:28:50","slug":"infineon-e-kuhnenagel-riducono-le-emissioni-di-co2-a-regensburg","status":"publish","type":"post","link":"https:\/\/loginfo24.com\/it\/2020\/06\/09\/infineon-e-kuhnenagel-riducono-le-emissioni-di-co2-a-regensburg\/","title":{"rendered":"Infineon e K\u00fchne+Nagel riducono le emissioni di CO2 a Regensburg"},"content":{"rendered":"<p>Infineon e K\u00fchne+Nagel utilizzeranno un eLKW nella loro collaborazione a Regensburg. Questo effettuer\u00e0 quattro viaggi al giorno tra la produzione e un centro di approvvigionamento esterno. Si prevede di risparmiare 18 tonnellate di CO2 all&#8217;anno.<\/p>\n<p>(Monaco\/Regensburg) Infineon Technologies AG compie un ulteriore passo verso la neutralit\u00e0 del CO <sub>2<\/sub> e punta sulla mobilit\u00e0 elettrica per le soluzioni logistiche. In occasione della Giornata Mondiale dell&#8217;Ambiente (05.06.), dopo due settimane di test, un camion elettrico entrer\u00e0 in funzione regolare presso il sito di Regensburg. Il veicolo del partner logistico K\u00fchne+Nagel percorrer\u00e0 quattro volte al giorno il tragitto tra il sito produttivo e un centro di approvvigionamento esterno a est della citt\u00e0. L&#8217;eLKW percorre circa 100 km al giorno; grazie alla trazione elettrica, risparmia circa 18 tonnellate di CO <sub>2<\/sub> all&#8217;anno.<\/p>\n<p>&#8220;Durante la nostra assemblea generale di febbraio, abbiamo fissato per Infineon l&#8217;obiettivo di essere CO <sub>2<\/sub>-neutri entro il 2030&#8243;, ha dichiarato Jochen Hanebeck, Chief Operations Officer del consiglio di amministrazione di Infineon. &#8220;Non esiste una grande misura unica, ma molti piccoli passi. La transizione dal diesel alla mobilit\u00e0 elettrica per i servizi di trasporto nei nostri stabilimenti \u00e8 uno di questi. Ci\u00f2 che possiamo apprendere ora a Regensburg lo applicheremo anche negli altri siti \u2013 a beneficio dell&#8217;ambiente.&#8221;<\/p>\n<h5>Risparmio del 60-100% delle emissioni di CO2<\/h5>\n<p>Il camion da 7,5 tonnellate del produttore di eLKW Framo risparmia dal 60 al 100% delle emissioni di CO <sub>2<\/sub> di un veicolo diesel comparabile \u2013 a seconda del modo in cui viene prodotta l&#8217;energia utilizzata. K\u00fchne+Nagel prevede di caricare le batterie con energia verde. Con l&#8217;energia proveniente da fonti rinnovabili, le emissioni di CO <sub>2<\/sub> vengono completamente evitate.<\/p>\n<p>La batteria sviluppata da Framo ha una capacit\u00e0 di 115,6 kWh. Ci\u00f2 consente all&#8217;eLKW di percorrere 115 km \u2013 quindi \u00e8 sufficiente per il tragitto giornaliero. Infineon utilizza il veicolo per trasportare materiali come imballaggi e materiali, ma anche prodotti. Il centro di approvvigionamento che il camion raggiunge \u00e8 stato occupato da Infineon alla fine del 2019 per espandere la capacit\u00e0 produttiva presso il sito di Regensburg. L&#8217;eLKW \u00e8 l&#8217;inizio di uno sviluppo a lungo termine. Presso il sito di Regensburg, i veicoli utilizzati nella logistica, come camion, carrelli elevatori e altri, saranno progressivamente convertiti a energie alternative.<\/p>\n<p>In qualit\u00e0 di produttore di semiconduttori di potenza, sensori e microcontrollori, che sono necessari anche per l&#8217;alimentazione dei camion elettrici, Infineon beneficia di questa tendenza. Secondo uno studio della societ\u00e0 di consulenza Boston Consulting di ottobre 2019, anche il settore della logistica sar\u00e0 elettrificato. Si prevede che entro il 2030 circa il 35% dei nuovi camion leggeri fino a sei tonnellate e il 26% dei camion pesanti oltre 15 tonnellate saranno dotati di propulsori alternativi. Anche l&#8217;eLKW di Framo utilizzato a Regensburg \u00e8 equipaggiato con componenti di Infineon. Ad esempio, i microcontrollori gestiscono la trazione e regolano la gestione della batteria.<\/p>\n<p>Foto: \u00a9 Infineon<\/p>\n<p><a href=\"https:\/\/www.infineon.com\" target=\"_blank\" rel=\"noopener noreferrer\">www.infineon.com<\/a> - <a href=\"https:\/\/www.kuehne-nagel.com\" target=\"_blank\" rel=\"noopener noreferrer\">www.kuehne-nagel.com<\/a><\/p>\n","protected":false},"excerpt":{"rendered":"<p>Infineon e K\u00fchne+Nagel utilizzeranno un eLKW nella loro collaborazione a Regensburg. Questo effettuer\u00e0 quattro viaggi al giorno tra la produzione e un centro di approvvigionamento esterno.<span class=\"excerpt-hellip\"> [\u2026]<\/span><\/p>\n","protected":false},"author":0,"featured_media":0,"comment_status":"open","ping_status":"open","sticky":false,"template":"","format":"standard","meta":{"_acf_changed":false,"footnotes":""},"categories":[1557,1556,1561],"tags":[],"class_list":["post-17840","post","type-post","status-publish","format-standard","hentry","category-forwarding-logistics","category-intermodal-road","category-regions"],"acf":[],"yoast_head":"<!-- This site is optimized with the Yoast SEO plugin v27.3 - https:\/\/yoast.com\/product\/yoast-seo-wordpress\/ -->\n<title>Infineon e K\u00fchne+Nagel riducono le emissioni di CO2 a Regensburg - Loginfo24<\/title>\n<meta name=\"robots\" content=\"index, follow, max-snippet:-1, max-image-preview:large, max-video-preview:-1\" \/>\n<link rel=\"canonical\" href=\"https:\/\/loginfo24.com\/it\/2020\/06\/09\/infineon-e-kuhnenagel-riducono-le-emissioni-di-co2-a-regensburg\/\" \/>\n<meta property=\"og:locale\" content=\"it_IT\" \/>\n<meta property=\"og:type\" content=\"article\" \/>\n<meta property=\"og:title\" content=\"Infineon e K\u00fchne+Nagel riducono le emissioni di CO2 a Regensburg - Loginfo24\" \/>\n<meta property=\"og:description\" content=\"Infineon e K\u00fchne+Nagel utilizzeranno un eLKW nella loro collaborazione a Regensburg. Questo effettuer\u00e0 quattro viaggi al giorno tra la produzione e un centro di approvvigionamento esterno. [\u2026]\" \/>\n<meta property=\"og:url\" content=\"https:\/\/loginfo24.com\/it\/2020\/06\/09\/infineon-e-kuhnenagel-riducono-le-emissioni-di-co2-a-regensburg\/\" \/>\n<meta property=\"og:site_name\" content=\"Loginfo24\" \/>\n<meta property=\"article:publisher\" content=\"https:\/\/www.facebook.com\/people\/Loginfo24\/100057360583332\/\" \/>\n<meta property=\"article:published_time\" content=\"2020-06-09T04:30:00+00:00\" \/>\n<meta property=\"article:modified_time\" content=\"2025-12-15T11:28:50+00:00\" \/>\n<meta name=\"twitter:card\" content=\"summary_large_image\" \/>\n<meta name=\"twitter:label1\" content=\"Tempo di lettura stimato\" \/>\n\t<meta name=\"twitter:data1\" content=\"2 minuto\" \/>\n<script type=\"application\/ld+json\" class=\"yoast-schema-graph\">{\"@context\":\"https:\\\/\\\/schema.org\",\"@graph\":[{\"@type\":\"Article\",\"@id\":\"https:\\\/\\\/loginfo24.com\\\/it\\\/2020\\\/06\\\/09\\\/infineon-e-kuhnenagel-riducono-le-emissioni-di-co2-a-regensburg\\\/#article\",\"isPartOf\":{\"@id\":\"https:\\\/\\\/loginfo24.com\\\/it\\\/2020\\\/06\\\/09\\\/infineon-e-kuhnenagel-riducono-le-emissioni-di-co2-a-regensburg\\\/\"},\"author\":{\"name\":\"\",\"@id\":\"\"},\"headline\":\"Infineon e K\u00fchne+Nagel riducono le emissioni di CO2 a Regensburg\",\"datePublished\":\"2020-06-09T04:30:00+00:00\",\"dateModified\":\"2025-12-15T11:28:50+00:00\",\"mainEntityOfPage\":{\"@id\":\"https:\\\/\\\/loginfo24.com\\\/it\\\/2020\\\/06\\\/09\\\/infineon-e-kuhnenagel-riducono-le-emissioni-di-co2-a-regensburg\\\/\"},\"wordCount\":484,\"commentCount\":0,\"publisher\":{\"@id\":\"https:\\\/\\\/loginfo24.com\\\/it\\\/#organization\"},\"articleSection\":[\"Forwarding &amp; Logistics\",\"Intermodal \\\/ Road\",\"Regions\"],\"inLanguage\":\"it-IT\",\"potentialAction\":[{\"@type\":\"CommentAction\",\"name\":\"Comment\",\"target\":[\"https:\\\/\\\/loginfo24.com\\\/it\\\/2020\\\/06\\\/09\\\/infineon-e-kuhnenagel-riducono-le-emissioni-di-co2-a-regensburg\\\/#respond\"]}]},{\"@type\":\"WebPage\",\"@id\":\"https:\\\/\\\/loginfo24.com\\\/it\\\/2020\\\/06\\\/09\\\/infineon-e-kuhnenagel-riducono-le-emissioni-di-co2-a-regensburg\\\/\",\"url\":\"https:\\\/\\\/loginfo24.com\\\/it\\\/2020\\\/06\\\/09\\\/infineon-e-kuhnenagel-riducono-le-emissioni-di-co2-a-regensburg\\\/\",\"name\":\"Infineon e K\u00fchne+Nagel riducono le emissioni di CO2 a Regensburg - Loginfo24\",\"isPartOf\":{\"@id\":\"https:\\\/\\\/loginfo24.com\\\/it\\\/#website\"},\"datePublished\":\"2020-06-09T04:30:00+00:00\",\"dateModified\":\"2025-12-15T11:28:50+00:00\",\"breadcrumb\":{\"@id\":\"https:\\\/\\\/loginfo24.com\\\/it\\\/2020\\\/06\\\/09\\\/infineon-e-kuhnenagel-riducono-le-emissioni-di-co2-a-regensburg\\\/#breadcrumb\"},\"inLanguage\":\"it-IT\",\"potentialAction\":[{\"@type\":\"ReadAction\",\"target\":[\"https:\\\/\\\/loginfo24.com\\\/it\\\/2020\\\/06\\\/09\\\/infineon-e-kuhnenagel-riducono-le-emissioni-di-co2-a-regensburg\\\/\"]}]},{\"@type\":\"BreadcrumbList\",\"@id\":\"https:\\\/\\\/loginfo24.com\\\/it\\\/2020\\\/06\\\/09\\\/infineon-e-kuhnenagel-riducono-le-emissioni-di-co2-a-regensburg\\\/#breadcrumb\",\"itemListElement\":[{\"@type\":\"ListItem\",\"position\":1,\"name\":\"Startseite\",\"item\":\"https:\\\/\\\/loginfo24.com\\\/it\\\/\"},{\"@type\":\"ListItem\",\"position\":2,\"name\":\"Infineon e K\u00fchne+Nagel riducono le emissioni di CO2 a Regensburg\"}]},{\"@type\":\"WebSite\",\"@id\":\"https:\\\/\\\/loginfo24.com\\\/it\\\/#website\",\"url\":\"https:\\\/\\\/loginfo24.com\\\/it\\\/\",\"name\":\"Loginfo24\",\"description\":\"Loginfo24 \u00e8 la piattaforma dedicata alla logistica e alle catene di fornitura con informazioni disponibili 24 ore su 24.\",\"publisher\":{\"@id\":\"https:\\\/\\\/loginfo24.com\\\/it\\\/#organization\"},\"potentialAction\":[{\"@type\":\"SearchAction\",\"target\":{\"@type\":\"EntryPoint\",\"urlTemplate\":\"https:\\\/\\\/loginfo24.com\\\/it\\\/?s={search_term_string}\"},\"query-input\":{\"@type\":\"PropertyValueSpecification\",\"valueRequired\":true,\"valueName\":\"search_term_string\"}}],\"inLanguage\":\"it-IT\"},{\"@type\":\"Organization\",\"@id\":\"https:\\\/\\\/loginfo24.com\\\/it\\\/#organization\",\"name\":\"Logismedia Group AG\",\"url\":\"https:\\\/\\\/loginfo24.com\\\/it\\\/\",\"logo\":{\"@type\":\"ImageObject\",\"inLanguage\":\"it-IT\",\"@id\":\"https:\\\/\\\/loginfo24.com\\\/it\\\/#\\\/schema\\\/logo\\\/image\\\/\",\"url\":\"https:\\\/\\\/loginfo24.com\\\/wp-content\\\/uploads\\\/sites\\\/7\\\/2026\\\/01\\\/Logo_LogInfo24.png\",\"contentUrl\":\"https:\\\/\\\/loginfo24.com\\\/wp-content\\\/uploads\\\/sites\\\/7\\\/2026\\\/01\\\/Logo_LogInfo24.png\",\"width\":938,\"height\":351,\"caption\":\"Logismedia Group AG\"},\"image\":{\"@id\":\"https:\\\/\\\/loginfo24.com\\\/it\\\/#\\\/schema\\\/logo\\\/image\\\/\"},\"sameAs\":[\"https:\\\/\\\/www.facebook.com\\\/people\\\/Loginfo24\\\/100057360583332\\\/\",\"https:\\\/\\\/www.linkedin.com\\\/company\\\/lofinfo24\\\/\"]}]}<\/script>\n<!-- \/ Yoast SEO plugin. -->","yoast_head_json":{"title":"Infineon e K\u00fchne+Nagel riducono le emissioni di CO2 a Regensburg - Loginfo24","robots":{"index":"index","follow":"follow","max-snippet":"max-snippet:-1","max-image-preview":"max-image-preview:large","max-video-preview":"max-video-preview:-1"},"canonical":"https:\/\/loginfo24.com\/it\/2020\/06\/09\/infineon-e-kuhnenagel-riducono-le-emissioni-di-co2-a-regensburg\/","og_locale":"it_IT","og_type":"article","og_title":"Infineon e K\u00fchne+Nagel riducono le emissioni di CO2 a Regensburg - Loginfo24","og_description":"Infineon e K\u00fchne+Nagel utilizzeranno un eLKW nella loro collaborazione a Regensburg. Questo effettuer\u00e0 quattro viaggi al giorno tra la produzione e un centro di approvvigionamento esterno. [\u2026]","og_url":"https:\/\/loginfo24.com\/it\/2020\/06\/09\/infineon-e-kuhnenagel-riducono-le-emissioni-di-co2-a-regensburg\/","og_site_name":"Loginfo24","article_publisher":"https:\/\/www.facebook.com\/people\/Loginfo24\/100057360583332\/","article_published_time":"2020-06-09T04:30:00+00:00","article_modified_time":"2025-12-15T11:28:50+00:00","twitter_card":"summary_large_image","twitter_misc":{"Tempo di lettura stimato":"2 minuto"},"schema":{"@context":"https:\/\/schema.org","@graph":[{"@type":"Article","@id":"https:\/\/loginfo24.com\/it\/2020\/06\/09\/infineon-e-kuhnenagel-riducono-le-emissioni-di-co2-a-regensburg\/#article","isPartOf":{"@id":"https:\/\/loginfo24.com\/it\/2020\/06\/09\/infineon-e-kuhnenagel-riducono-le-emissioni-di-co2-a-regensburg\/"},"author":{"name":"","@id":""},"headline":"Infineon e K\u00fchne+Nagel riducono le emissioni di CO2 a Regensburg","datePublished":"2020-06-09T04:30:00+00:00","dateModified":"2025-12-15T11:28:50+00:00","mainEntityOfPage":{"@id":"https:\/\/loginfo24.com\/it\/2020\/06\/09\/infineon-e-kuhnenagel-riducono-le-emissioni-di-co2-a-regensburg\/"},"wordCount":484,"commentCount":0,"publisher":{"@id":"https:\/\/loginfo24.com\/it\/#organization"},"articleSection":["Forwarding &amp; Logistics","Intermodal \/ Road","Regions"],"inLanguage":"it-IT","potentialAction":[{"@type":"CommentAction","name":"Comment","target":["https:\/\/loginfo24.com\/it\/2020\/06\/09\/infineon-e-kuhnenagel-riducono-le-emissioni-di-co2-a-regensburg\/#respond"]}]},{"@type":"WebPage","@id":"https:\/\/loginfo24.com\/it\/2020\/06\/09\/infineon-e-kuhnenagel-riducono-le-emissioni-di-co2-a-regensburg\/","url":"https:\/\/loginfo24.com\/it\/2020\/06\/09\/infineon-e-kuhnenagel-riducono-le-emissioni-di-co2-a-regensburg\/","name":"Infineon e K\u00fchne+Nagel riducono le emissioni di CO2 a Regensburg - Loginfo24","isPartOf":{"@id":"https:\/\/loginfo24.com\/it\/#website"},"datePublished":"2020-06-09T04:30:00+00:00","dateModified":"2025-12-15T11:28:50+00:00","breadcrumb":{"@id":"https:\/\/loginfo24.com\/it\/2020\/06\/09\/infineon-e-kuhnenagel-riducono-le-emissioni-di-co2-a-regensburg\/#breadcrumb"},"inLanguage":"it-IT","potentialAction":[{"@type":"ReadAction","target":["https:\/\/loginfo24.com\/it\/2020\/06\/09\/infineon-e-kuhnenagel-riducono-le-emissioni-di-co2-a-regensburg\/"]}]},{"@type":"BreadcrumbList","@id":"https:\/\/loginfo24.com\/it\/2020\/06\/09\/infineon-e-kuhnenagel-riducono-le-emissioni-di-co2-a-regensburg\/#breadcrumb","itemListElement":[{"@type":"ListItem","position":1,"name":"Startseite","item":"https:\/\/loginfo24.com\/it\/"},{"@type":"ListItem","position":2,"name":"Infineon e K\u00fchne+Nagel riducono le emissioni di CO2 a Regensburg"}]},{"@type":"WebSite","@id":"https:\/\/loginfo24.com\/it\/#website","url":"https:\/\/loginfo24.com\/it\/","name":"Loginfo24","description":"Loginfo24 \u00e8 la piattaforma dedicata alla logistica e alle catene di fornitura con informazioni disponibili 24 ore su 24.","publisher":{"@id":"https:\/\/loginfo24.com\/it\/#organization"},"potentialAction":[{"@type":"SearchAction","target":{"@type":"EntryPoint","urlTemplate":"https:\/\/loginfo24.com\/it\/?s={search_term_string}"},"query-input":{"@type":"PropertyValueSpecification","valueRequired":true,"valueName":"search_term_string"}}],"inLanguage":"it-IT"},{"@type":"Organization","@id":"https:\/\/loginfo24.com\/it\/#organization","name":"Logismedia Group AG","url":"https:\/\/loginfo24.com\/it\/","logo":{"@type":"ImageObject","inLanguage":"it-IT","@id":"https:\/\/loginfo24.com\/it\/#\/schema\/logo\/image\/","url":"https:\/\/loginfo24.com\/wp-content\/uploads\/sites\/7\/2026\/01\/Logo_LogInfo24.png","contentUrl":"https:\/\/loginfo24.com\/wp-content\/uploads\/sites\/7\/2026\/01\/Logo_LogInfo24.png","width":938,"height":351,"caption":"Logismedia Group AG"},"image":{"@id":"https:\/\/loginfo24.com\/it\/#\/schema\/logo\/image\/"},"sameAs":["https:\/\/www.facebook.com\/people\/Loginfo24\/100057360583332\/","https:\/\/www.linkedin.com\/company\/lofinfo24\/"]}]}},"_links":{"self":[{"href":"https:\/\/loginfo24.com\/it\/wp-json\/wp\/v2\/posts\/17840","targetHints":{"allow":["GET"]}}],"collection":[{"href":"https:\/\/loginfo24.com\/it\/wp-json\/wp\/v2\/posts"}],"about":[{"href":"https:\/\/loginfo24.com\/it\/wp-json\/wp\/v2\/types\/post"}],"replies":[{"embeddable":true,"href":"https:\/\/loginfo24.com\/it\/wp-json\/wp\/v2\/comments?post=17840"}],"version-history":[{"count":1,"href":"https:\/\/loginfo24.com\/it\/wp-json\/wp\/v2\/posts\/17840\/revisions"}],"predecessor-version":[{"id":32022,"href":"https:\/\/loginfo24.com\/it\/wp-json\/wp\/v2\/posts\/17840\/revisions\/32022"}],"wp:attachment":[{"href":"https:\/\/loginfo24.com\/it\/wp-json\/wp\/v2\/media?parent=17840"}],"wp:term":[{"taxonomy":"category","embeddable":true,"href":"https:\/\/loginfo24.com\/it\/wp-json\/wp\/v2\/categories?post=17840"},{"taxonomy":"post_tag","embeddable":true,"href":"https:\/\/loginfo24.com\/it\/wp-json\/wp\/v2\/tags?post=17840"}],"curies":[{"name":"wp","href":"https:\/\/api.w.org\/{rel}","templated":true}]}}