{"id":17776,"date":"2020-06-04T17:30:25","date_gmt":"2020-06-04T15:30:25","guid":{"rendered":"https:\/\/blog.brand-architecture.at\/2020\/06\/04\/andre-heim-nuovo-amministratore-delegato-della-seaports-of-niedersachsen-gmbh\/"},"modified":"2025-12-15T12:28:35","modified_gmt":"2025-12-15T11:28:35","slug":"andre-heim-nuovo-amministratore-delegato-della-seaports-of-niedersachsen-gmbh","status":"publish","type":"post","link":"https:\/\/loginfo24.com\/it\/2020\/06\/04\/andre-heim-nuovo-amministratore-delegato-della-seaports-of-niedersachsen-gmbh\/","title":{"rendered":"Andr\u00e9 Heim nuovo amministratore delegato della Seaports of Niedersachsen GmbH"},"content":{"rendered":"<p>La societ\u00e0 di marketing Seaports of Niedersachsen ha un nuovo amministratore delegato, Andr\u00e9 Heim, dal 1\u00b0 giugno. Sostituisce Timo Sch\u00f6n, che ha lasciato la societ\u00e0 su richiesta personale.<\/p>\n<p><span class=\"headline04\"><span style=\"font-family: 'Cambria',serif\">(Oldenburg) La societ\u00e0 di marketing portuale &#8220;Seaports of Niedersachsen GmbH&#8221;, attiva dal 2004, \u00e8 una partnership di successo tra il settore portuale privato della Bassa Sassonia e il Ministero dell&#8217;Economia, del Lavoro, dei Trasporti e della Digitalizzazione della Bassa Sassonia.<\/span><\/span><\/p>\n<p><span style=\"font-family: 'Cambria',serif\">Con effetto dal 01 giugno 2020, Andr\u00e9 Heim ha assunto la direzione della Seaports of Niedersachsen GmbH. &#8220;Sono entusiasta di questa nuova sfida professionale e grato per la fiducia del consiglio di sorveglianza. Insieme al team di Seaports, voglio impegnarmi intensamente per le esigenze dei nostri nove porti marittimi della Bassa Sassonia. Un nuovo focus sar\u00e0 lo sviluppo digitale del marchio ombrello Seaports of Niedersachsen per la commercializzazione globale dei porti&#8221;, ha dichiarato Heim.<\/span><\/p>\n<p>Il presidente del consiglio di sorveglianza Karsten Dirks sottolinea: &#8220;Siamo lieti di aver trovato in Andr\u00e9 Heim un esperto di marketing con esperienza internazionale, che conosce perfettamente i processi e ha costruito una vasta rete all&#8217;interno del settore portuale e della politica durante il suo tempo presso Seaports&#8221;.<\/p>\n<p>Il 41enne diplomato in economia \u00e8 originario di Oldenburg ed \u00e8 stato responsabile del marketing e della comunicazione dal novembre 2013. Ha collaborato fin dall&#8217;inizio a stretto contatto con la direzione e ha contribuito in modo significativo alla commercializzazione dei porti marittimi della Bassa Sassonia. Prima della sua attivit\u00e0 presso Seaports, Andr\u00e9 Heim ha lavorato per quasi 5 anni come marketing manager presso la JadeWeserPort Realisierungsgesellschaft a Wilhelmshaven.<\/p>\n<p>L&#8217;attuale amministratore delegato della Seaports of Niedersachsen GmbH, Timo Sch\u00f6n, ha lasciato l&#8217;azienda su richiesta personale il 31 maggio 2020 e si dedicher\u00e0 a un nuovo compito professionale all&#8217;interno del settore. Oltre ad Andr\u00e9 Heim, Felix Jahn continuer\u00e0 a occuparsi della rete della societ\u00e0 di marketing come secondo amministratore delegato, in particolare tra la camera di commercio e i gruppi politici. Jahn \u00e8 amministratore delegato del settore trasporti della camera di commercio di Oldenburg.<\/p>\n<p><span style=\"font-family: 'Cambria',serif\">Foto: \u00a9 Seaports of Niedersachsen<\/span><\/p>\n<p style=\"text-align: justify\"><span style=\"font-family: 'Cambria',serif\"><a href=\"https:\/\/www.seaports.de\" target=\"_blank\" rel=\"noopener noreferrer\">www.seaports.de<\/a>  <\/span><\/p>\n","protected":false},"excerpt":{"rendered":"<p>La societ\u00e0 di marketing Seaports of Niedersachsen ha un nuovo amministratore delegato, Andr\u00e9 Heim, dal 1\u00b0 giugno. Sostituisce Timo Sch\u00f6n, che ha lasciato la societ\u00e0 su<span class=\"excerpt-hellip\"> [\u2026]<\/span><\/p>\n","protected":false},"author":0,"featured_media":0,"comment_status":"open","ping_status":"open","sticky":false,"template":"","format":"standard","meta":{"_acf_changed":false,"footnotes":""},"categories":[1557,1561,1559],"tags":[],"class_list":["post-17776","post","type-post","status-publish","format-standard","hentry","category-forwarding-logistics","category-regions","category-shipping-ports"],"acf":[],"yoast_head":"<!-- This site is optimized with the Yoast SEO plugin v27.3 - https:\/\/yoast.com\/product\/yoast-seo-wordpress\/ -->\n<title>Andr\u00e9 Heim nuovo amministratore delegato della Seaports of Niedersachsen GmbH - Loginfo24<\/title>\n<meta name=\"robots\" content=\"index, follow, max-snippet:-1, max-image-preview:large, max-video-preview:-1\" \/>\n<link rel=\"canonical\" href=\"https:\/\/loginfo24.com\/it\/2020\/06\/04\/andre-heim-nuovo-amministratore-delegato-della-seaports-of-niedersachsen-gmbh\/\" \/>\n<meta property=\"og:locale\" content=\"it_IT\" \/>\n<meta property=\"og:type\" content=\"article\" \/>\n<meta property=\"og:title\" content=\"Andr\u00e9 Heim nuovo amministratore delegato della Seaports of Niedersachsen GmbH - Loginfo24\" \/>\n<meta property=\"og:description\" content=\"La societ\u00e0 di marketing Seaports of Niedersachsen ha un nuovo amministratore delegato, Andr\u00e9 Heim, dal 1\u00b0 giugno. Sostituisce Timo Sch\u00f6n, che ha lasciato la societ\u00e0 su [\u2026]\" \/>\n<meta property=\"og:url\" content=\"https:\/\/loginfo24.com\/it\/2020\/06\/04\/andre-heim-nuovo-amministratore-delegato-della-seaports-of-niedersachsen-gmbh\/\" \/>\n<meta property=\"og:site_name\" content=\"Loginfo24\" \/>\n<meta property=\"article:publisher\" content=\"https:\/\/www.facebook.com\/people\/Loginfo24\/100057360583332\/\" \/>\n<meta property=\"article:published_time\" content=\"2020-06-04T15:30:25+00:00\" \/>\n<meta property=\"article:modified_time\" content=\"2025-12-15T11:28:35+00:00\" \/>\n<meta name=\"twitter:card\" content=\"summary_large_image\" \/>\n<meta name=\"twitter:label1\" content=\"Tempo di lettura stimato\" \/>\n\t<meta name=\"twitter:data1\" content=\"2 minuto\" \/>\n<script type=\"application\/ld+json\" class=\"yoast-schema-graph\">{\"@context\":\"https:\\\/\\\/schema.org\",\"@graph\":[{\"@type\":\"Article\",\"@id\":\"https:\\\/\\\/loginfo24.com\\\/it\\\/2020\\\/06\\\/04\\\/andre-heim-nuovo-amministratore-delegato-della-seaports-of-niedersachsen-gmbh\\\/#article\",\"isPartOf\":{\"@id\":\"https:\\\/\\\/loginfo24.com\\\/it\\\/2020\\\/06\\\/04\\\/andre-heim-nuovo-amministratore-delegato-della-seaports-of-niedersachsen-gmbh\\\/\"},\"author\":{\"name\":\"\",\"@id\":\"\"},\"headline\":\"Andr\u00e9 Heim nuovo amministratore delegato della Seaports of Niedersachsen GmbH\",\"datePublished\":\"2020-06-04T15:30:25+00:00\",\"dateModified\":\"2025-12-15T11:28:35+00:00\",\"mainEntityOfPage\":{\"@id\":\"https:\\\/\\\/loginfo24.com\\\/it\\\/2020\\\/06\\\/04\\\/andre-heim-nuovo-amministratore-delegato-della-seaports-of-niedersachsen-gmbh\\\/\"},\"wordCount\":345,\"commentCount\":0,\"publisher\":{\"@id\":\"https:\\\/\\\/loginfo24.com\\\/it\\\/#organization\"},\"articleSection\":[\"Forwarding &amp; Logistics\",\"Regions\",\"Shipping &amp; Ports\"],\"inLanguage\":\"it-IT\",\"potentialAction\":[{\"@type\":\"CommentAction\",\"name\":\"Comment\",\"target\":[\"https:\\\/\\\/loginfo24.com\\\/it\\\/2020\\\/06\\\/04\\\/andre-heim-nuovo-amministratore-delegato-della-seaports-of-niedersachsen-gmbh\\\/#respond\"]}]},{\"@type\":\"WebPage\",\"@id\":\"https:\\\/\\\/loginfo24.com\\\/it\\\/2020\\\/06\\\/04\\\/andre-heim-nuovo-amministratore-delegato-della-seaports-of-niedersachsen-gmbh\\\/\",\"url\":\"https:\\\/\\\/loginfo24.com\\\/it\\\/2020\\\/06\\\/04\\\/andre-heim-nuovo-amministratore-delegato-della-seaports-of-niedersachsen-gmbh\\\/\",\"name\":\"Andr\u00e9 Heim nuovo amministratore delegato della Seaports of Niedersachsen GmbH - Loginfo24\",\"isPartOf\":{\"@id\":\"https:\\\/\\\/loginfo24.com\\\/it\\\/#website\"},\"datePublished\":\"2020-06-04T15:30:25+00:00\",\"dateModified\":\"2025-12-15T11:28:35+00:00\",\"breadcrumb\":{\"@id\":\"https:\\\/\\\/loginfo24.com\\\/it\\\/2020\\\/06\\\/04\\\/andre-heim-nuovo-amministratore-delegato-della-seaports-of-niedersachsen-gmbh\\\/#breadcrumb\"},\"inLanguage\":\"it-IT\",\"potentialAction\":[{\"@type\":\"ReadAction\",\"target\":[\"https:\\\/\\\/loginfo24.com\\\/it\\\/2020\\\/06\\\/04\\\/andre-heim-nuovo-amministratore-delegato-della-seaports-of-niedersachsen-gmbh\\\/\"]}]},{\"@type\":\"BreadcrumbList\",\"@id\":\"https:\\\/\\\/loginfo24.com\\\/it\\\/2020\\\/06\\\/04\\\/andre-heim-nuovo-amministratore-delegato-della-seaports-of-niedersachsen-gmbh\\\/#breadcrumb\",\"itemListElement\":[{\"@type\":\"ListItem\",\"position\":1,\"name\":\"Startseite\",\"item\":\"https:\\\/\\\/loginfo24.com\\\/it\\\/\"},{\"@type\":\"ListItem\",\"position\":2,\"name\":\"Andr\u00e9 Heim nuovo amministratore delegato della Seaports of Niedersachsen GmbH\"}]},{\"@type\":\"WebSite\",\"@id\":\"https:\\\/\\\/loginfo24.com\\\/it\\\/#website\",\"url\":\"https:\\\/\\\/loginfo24.com\\\/it\\\/\",\"name\":\"Loginfo24\",\"description\":\"Loginfo24 \u00e8 la piattaforma dedicata alla logistica e alle catene di fornitura con informazioni disponibili 24 ore su 24.\",\"publisher\":{\"@id\":\"https:\\\/\\\/loginfo24.com\\\/it\\\/#organization\"},\"potentialAction\":[{\"@type\":\"SearchAction\",\"target\":{\"@type\":\"EntryPoint\",\"urlTemplate\":\"https:\\\/\\\/loginfo24.com\\\/it\\\/?s={search_term_string}\"},\"query-input\":{\"@type\":\"PropertyValueSpecification\",\"valueRequired\":true,\"valueName\":\"search_term_string\"}}],\"inLanguage\":\"it-IT\"},{\"@type\":\"Organization\",\"@id\":\"https:\\\/\\\/loginfo24.com\\\/it\\\/#organization\",\"name\":\"Logismedia Group AG\",\"url\":\"https:\\\/\\\/loginfo24.com\\\/it\\\/\",\"logo\":{\"@type\":\"ImageObject\",\"inLanguage\":\"it-IT\",\"@id\":\"https:\\\/\\\/loginfo24.com\\\/it\\\/#\\\/schema\\\/logo\\\/image\\\/\",\"url\":\"https:\\\/\\\/loginfo24.com\\\/wp-content\\\/uploads\\\/sites\\\/7\\\/2026\\\/01\\\/Logo_LogInfo24.png\",\"contentUrl\":\"https:\\\/\\\/loginfo24.com\\\/wp-content\\\/uploads\\\/sites\\\/7\\\/2026\\\/01\\\/Logo_LogInfo24.png\",\"width\":938,\"height\":351,\"caption\":\"Logismedia Group AG\"},\"image\":{\"@id\":\"https:\\\/\\\/loginfo24.com\\\/it\\\/#\\\/schema\\\/logo\\\/image\\\/\"},\"sameAs\":[\"https:\\\/\\\/www.facebook.com\\\/people\\\/Loginfo24\\\/100057360583332\\\/\",\"https:\\\/\\\/www.linkedin.com\\\/company\\\/lofinfo24\\\/\"]}]}<\/script>\n<!-- \/ Yoast SEO plugin. -->","yoast_head_json":{"title":"Andr\u00e9 Heim nuovo amministratore delegato della Seaports of Niedersachsen GmbH - Loginfo24","robots":{"index":"index","follow":"follow","max-snippet":"max-snippet:-1","max-image-preview":"max-image-preview:large","max-video-preview":"max-video-preview:-1"},"canonical":"https:\/\/loginfo24.com\/it\/2020\/06\/04\/andre-heim-nuovo-amministratore-delegato-della-seaports-of-niedersachsen-gmbh\/","og_locale":"it_IT","og_type":"article","og_title":"Andr\u00e9 Heim nuovo amministratore delegato della Seaports of Niedersachsen GmbH - Loginfo24","og_description":"La societ\u00e0 di marketing Seaports of Niedersachsen ha un nuovo amministratore delegato, Andr\u00e9 Heim, dal 1\u00b0 giugno. Sostituisce Timo Sch\u00f6n, che ha lasciato la societ\u00e0 su [\u2026]","og_url":"https:\/\/loginfo24.com\/it\/2020\/06\/04\/andre-heim-nuovo-amministratore-delegato-della-seaports-of-niedersachsen-gmbh\/","og_site_name":"Loginfo24","article_publisher":"https:\/\/www.facebook.com\/people\/Loginfo24\/100057360583332\/","article_published_time":"2020-06-04T15:30:25+00:00","article_modified_time":"2025-12-15T11:28:35+00:00","twitter_card":"summary_large_image","twitter_misc":{"Tempo di lettura stimato":"2 minuto"},"schema":{"@context":"https:\/\/schema.org","@graph":[{"@type":"Article","@id":"https:\/\/loginfo24.com\/it\/2020\/06\/04\/andre-heim-nuovo-amministratore-delegato-della-seaports-of-niedersachsen-gmbh\/#article","isPartOf":{"@id":"https:\/\/loginfo24.com\/it\/2020\/06\/04\/andre-heim-nuovo-amministratore-delegato-della-seaports-of-niedersachsen-gmbh\/"},"author":{"name":"","@id":""},"headline":"Andr\u00e9 Heim nuovo amministratore delegato della Seaports of Niedersachsen GmbH","datePublished":"2020-06-04T15:30:25+00:00","dateModified":"2025-12-15T11:28:35+00:00","mainEntityOfPage":{"@id":"https:\/\/loginfo24.com\/it\/2020\/06\/04\/andre-heim-nuovo-amministratore-delegato-della-seaports-of-niedersachsen-gmbh\/"},"wordCount":345,"commentCount":0,"publisher":{"@id":"https:\/\/loginfo24.com\/it\/#organization"},"articleSection":["Forwarding &amp; Logistics","Regions","Shipping &amp; Ports"],"inLanguage":"it-IT","potentialAction":[{"@type":"CommentAction","name":"Comment","target":["https:\/\/loginfo24.com\/it\/2020\/06\/04\/andre-heim-nuovo-amministratore-delegato-della-seaports-of-niedersachsen-gmbh\/#respond"]}]},{"@type":"WebPage","@id":"https:\/\/loginfo24.com\/it\/2020\/06\/04\/andre-heim-nuovo-amministratore-delegato-della-seaports-of-niedersachsen-gmbh\/","url":"https:\/\/loginfo24.com\/it\/2020\/06\/04\/andre-heim-nuovo-amministratore-delegato-della-seaports-of-niedersachsen-gmbh\/","name":"Andr\u00e9 Heim nuovo amministratore delegato della Seaports of Niedersachsen GmbH - Loginfo24","isPartOf":{"@id":"https:\/\/loginfo24.com\/it\/#website"},"datePublished":"2020-06-04T15:30:25+00:00","dateModified":"2025-12-15T11:28:35+00:00","breadcrumb":{"@id":"https:\/\/loginfo24.com\/it\/2020\/06\/04\/andre-heim-nuovo-amministratore-delegato-della-seaports-of-niedersachsen-gmbh\/#breadcrumb"},"inLanguage":"it-IT","potentialAction":[{"@type":"ReadAction","target":["https:\/\/loginfo24.com\/it\/2020\/06\/04\/andre-heim-nuovo-amministratore-delegato-della-seaports-of-niedersachsen-gmbh\/"]}]},{"@type":"BreadcrumbList","@id":"https:\/\/loginfo24.com\/it\/2020\/06\/04\/andre-heim-nuovo-amministratore-delegato-della-seaports-of-niedersachsen-gmbh\/#breadcrumb","itemListElement":[{"@type":"ListItem","position":1,"name":"Startseite","item":"https:\/\/loginfo24.com\/it\/"},{"@type":"ListItem","position":2,"name":"Andr\u00e9 Heim nuovo amministratore delegato della Seaports of Niedersachsen GmbH"}]},{"@type":"WebSite","@id":"https:\/\/loginfo24.com\/it\/#website","url":"https:\/\/loginfo24.com\/it\/","name":"Loginfo24","description":"Loginfo24 \u00e8 la piattaforma dedicata alla logistica e alle catene di fornitura con informazioni disponibili 24 ore su 24.","publisher":{"@id":"https:\/\/loginfo24.com\/it\/#organization"},"potentialAction":[{"@type":"SearchAction","target":{"@type":"EntryPoint","urlTemplate":"https:\/\/loginfo24.com\/it\/?s={search_term_string}"},"query-input":{"@type":"PropertyValueSpecification","valueRequired":true,"valueName":"search_term_string"}}],"inLanguage":"it-IT"},{"@type":"Organization","@id":"https:\/\/loginfo24.com\/it\/#organization","name":"Logismedia Group AG","url":"https:\/\/loginfo24.com\/it\/","logo":{"@type":"ImageObject","inLanguage":"it-IT","@id":"https:\/\/loginfo24.com\/it\/#\/schema\/logo\/image\/","url":"https:\/\/loginfo24.com\/wp-content\/uploads\/sites\/7\/2026\/01\/Logo_LogInfo24.png","contentUrl":"https:\/\/loginfo24.com\/wp-content\/uploads\/sites\/7\/2026\/01\/Logo_LogInfo24.png","width":938,"height":351,"caption":"Logismedia Group AG"},"image":{"@id":"https:\/\/loginfo24.com\/it\/#\/schema\/logo\/image\/"},"sameAs":["https:\/\/www.facebook.com\/people\/Loginfo24\/100057360583332\/","https:\/\/www.linkedin.com\/company\/lofinfo24\/"]}]}},"_links":{"self":[{"href":"https:\/\/loginfo24.com\/it\/wp-json\/wp\/v2\/posts\/17776","targetHints":{"allow":["GET"]}}],"collection":[{"href":"https:\/\/loginfo24.com\/it\/wp-json\/wp\/v2\/posts"}],"about":[{"href":"https:\/\/loginfo24.com\/it\/wp-json\/wp\/v2\/types\/post"}],"replies":[{"embeddable":true,"href":"https:\/\/loginfo24.com\/it\/wp-json\/wp\/v2\/comments?post=17776"}],"version-history":[{"count":1,"href":"https:\/\/loginfo24.com\/it\/wp-json\/wp\/v2\/posts\/17776\/revisions"}],"predecessor-version":[{"id":31894,"href":"https:\/\/loginfo24.com\/it\/wp-json\/wp\/v2\/posts\/17776\/revisions\/31894"}],"wp:attachment":[{"href":"https:\/\/loginfo24.com\/it\/wp-json\/wp\/v2\/media?parent=17776"}],"wp:term":[{"taxonomy":"category","embeddable":true,"href":"https:\/\/loginfo24.com\/it\/wp-json\/wp\/v2\/categories?post=17776"},{"taxonomy":"post_tag","embeddable":true,"href":"https:\/\/loginfo24.com\/it\/wp-json\/wp\/v2\/tags?post=17776"}],"curies":[{"name":"wp","href":"https:\/\/api.w.org\/{rel}","templated":true}]}}