{"id":17651,"date":"2020-05-27T07:00:18","date_gmt":"2020-05-27T05:00:18","guid":{"rendered":"https:\/\/blog.brand-architecture.at\/2020\/05\/27\/i-porti-di-brema-aumentano-il-traffico-totale-nel-primo-trimestre\/"},"modified":"2025-12-15T12:28:05","modified_gmt":"2025-12-15T11:28:05","slug":"i-porti-di-brema-aumentano-il-traffico-totale-nel-primo-trimestre","status":"publish","type":"post","link":"https:\/\/loginfo24.com\/it\/2020\/05\/27\/i-porti-di-brema-aumentano-il-traffico-totale-nel-primo-trimestre\/","title":{"rendered":"I porti di Brema aumentano il traffico totale nel primo trimestre"},"content":{"rendered":"<p><p>I porti di Brema hanno aumentato il traffico totale nel primo trimestre di quest&#8217;anno dell&#8217;1,1 percento, nonostante l&#8217;inizio della crisi da Coronavirus. Il traffico di veicoli ha subito la maggiore flessione, con un calo del 15,8 percento rispetto all&#8217;anno precedente.<\/p>\n<p>(Bremen) I porti di Brema sono riusciti ad aumentare il traffico totale nel primo trimestre di quest&#8217;anno dell&#8217;1,1 percento, raggiungendo 17,8 milioni di tonnellate, rispetto allo stesso periodo dell&#8217;anno precedente, nonostante l&#8217;inizio della crisi da Coronavirus. In particolare, il commercio delle esportazioni \u00e8 aumentato del 4,7 percento, raggiungendo 9 milioni di tonnellate. Ci sono stati anche incrementi nel traffico di merci convenzionali, che \u00e8 aumentato del 2,6 percento (15,8 milioni di tonnellate), mentre le merci non containerizzate sono aumentate dell&#8217;11,9 percento (2,4 milioni di tonnellate). Anche il traffico dei container \u00e8 rimasto relativamente stabile nei primi tre mesi, con una leggera flessione del 2,8 percento (1,2 milioni di TEU).<\/p>\n<p>La senatrice per la scienza e i porti, Dr. Claudia Schilling: &#8220;Lo sviluppo nel primo trimestre mi mostra che la situazione generale dei nostri porti \u00e8 buona e robusta. Questa \u00e8 una buona base per il periodo dopo la pandemia.&#8221;<\/p>\n<p>A causa della sospensione anticipata della produzione di alcune aziende fornitrici per i produttori di automobili, causata dalla pandemia di Covid-19, il traffico di veicoli \u00e8 diminuito del 15,8 percento, raggiungendo 455.000 veicoli rispetto allo stesso periodo dell&#8217;anno precedente. Anche il traffico delle merci in massa \u00e8 diminuito del 9,4 percento, raggiungendo circa 2 milioni di tonnellate, con il calo maggiore dovuto al forte ridimensionamento del traffico di carbone e coke. Tuttavia, la quantit\u00e0 di merci liquide \u00e8 aumentata dell&#8217;11,8 percento, raggiungendo 494.000 tonnellate. Anche il traffico di cereali e mangimi \u00e8 aumentato del 17,4 percento, raggiungendo 135.000 tonnellate, e le importazioni ed esportazioni di prodotti forestali sono aumentate del 6,7 percento, raggiungendo 176.000 tonnellate.<\/p>\n<p>Schilling: &#8220;I prodotti forestali giocano un ruolo importante, tra l&#8217;altro, per il porto di Neustadt. Non \u00e8 solo il porto marittimo pi\u00f9 meridionale della Germania, ma anche uno dei porti di transito pi\u00f9 importanti per merci convenzionali e carichi di progetto in Europa.&#8221;<\/p>\n<p>Nei risultati del secondo trimestre, la crisi da Coronavirus potrebbe riflettersi in modo pi\u00f9 evidente nei dati portuali. Per supportare l&#8217;industria portuale e logistica in questo periodo difficile, la senatrice per la scienza e i porti ha gi\u00e0 avviato le possibilit\u00e0 di sospensione dei pagamenti di affitti, canoni e diritti di superficie, per le quali il Senato ha adottato le necessarie delibere nella sua seduta del 31.03.2020. Anche la sospensione delle tasse portuali \u00e8 possibile come misura immediata. Inoltre, l&#8217;aumento periodico degli affitti e dei diritti di superficie \u00e8 sospeso.<\/p>\n<p><img loading=\"lazy\" decoding=\"async\" class=\"alignnone wp-image-2852 size-full\" src=\"https:\/\/loginfo24.com\/wp-content\/uploads\/sites\/7\/2025\/12\/2020-05-19-PM_Quartalszahlen-Hafen-1-768x564-1.jpg\" alt=\"\" width=\"768\" height=\"564\" \/><\/p>\n<p>Schilling: &#8220;Ci aspettiamo che il traffico diminuisca nel secondo trimestre. Tuttavia, ci\u00f2 non accadr\u00e0 in modo uniforme in tutti i terminal, ma dipender\u00e0 dalle specifiche condizioni di mercato e dalle strutture dei clienti. Per il resto dell&#8217;anno, abbiamo speranza che il traffico riprenda. Pertanto, \u00e8 estremamente importante in questo periodo continuare a investire nei nostri porti e nei collegamenti con l&#8217;entroterra e con i nostri clienti, per rimanere competitivi. Vogliamo continuare a portare avanti le misure gi\u00e0 pianificate e non perdere di vista la pianificazione di nuovi progetti infrastrutturali.&#8221;<\/p>\n<p>Un messaggio importante che la senatrice Dr. Schilling ha sottolineato nuovamente nella presentazione dei dati trimestrali \u00e8 che i porti di Brema sono stati pienamente operativi durante le settimane di sostanziale fermo della vita pubblica e tutte le navi sono state elaborate in modo sicuro ed efficiente, come di consueto. &#8220;Questo \u00e8 un grande merito di tutti i dipendenti dei porti. Per questo, il mio sincero ringraziamento,&#8221; ha affermato Schilling.<\/p>\n<p>Foto: bremenports GmbH<\/p>\n<p><a href=\"https:\/\/bremenports.de\">https:\/\/bremenports.de<\/a><\/p>\n","protected":false},"excerpt":{"rendered":"<p>I porti di Brema hanno aumentato il traffico totale nel primo trimestre di quest&#8217;anno dell&#8217;1,1 percento, nonostante l&#8217;inizio della crisi da Coronavirus. Il traffico di veicoli<span class=\"excerpt-hellip\"> [\u2026]<\/span><\/p>\n","protected":false},"author":0,"featured_media":0,"comment_status":"open","ping_status":"open","sticky":false,"template":"","format":"standard","meta":{"_acf_changed":false,"footnotes":""},"categories":[1557,1561,1559],"tags":[],"class_list":["post-17651","post","type-post","status-publish","format-standard","hentry","category-forwarding-logistics","category-regions","category-shipping-ports"],"acf":[],"yoast_head":"<!-- This site is optimized with the Yoast SEO plugin v27.3 - https:\/\/yoast.com\/product\/yoast-seo-wordpress\/ -->\n<title>I porti di Brema aumentano il traffico totale nel primo trimestre - Loginfo24<\/title>\n<meta name=\"robots\" content=\"index, follow, max-snippet:-1, max-image-preview:large, max-video-preview:-1\" \/>\n<link rel=\"canonical\" href=\"https:\/\/loginfo24.com\/it\/2020\/05\/27\/i-porti-di-brema-aumentano-il-traffico-totale-nel-primo-trimestre\/\" \/>\n<meta property=\"og:locale\" content=\"it_IT\" \/>\n<meta property=\"og:type\" content=\"article\" \/>\n<meta property=\"og:title\" content=\"I porti di Brema aumentano il traffico totale nel primo trimestre - Loginfo24\" \/>\n<meta property=\"og:description\" content=\"I porti di Brema hanno aumentato il traffico totale nel primo trimestre di quest&#8217;anno dell&#8217;1,1 percento, nonostante l&#8217;inizio della crisi da Coronavirus. Il traffico di veicoli [\u2026]\" \/>\n<meta property=\"og:url\" content=\"https:\/\/loginfo24.com\/it\/2020\/05\/27\/i-porti-di-brema-aumentano-il-traffico-totale-nel-primo-trimestre\/\" \/>\n<meta property=\"og:site_name\" content=\"Loginfo24\" \/>\n<meta property=\"article:publisher\" content=\"https:\/\/www.facebook.com\/people\/Loginfo24\/100057360583332\/\" \/>\n<meta property=\"article:published_time\" content=\"2020-05-27T05:00:18+00:00\" \/>\n<meta property=\"article:modified_time\" content=\"2025-12-15T11:28:05+00:00\" \/>\n<meta property=\"og:image\" content=\"https:\/\/loginfo24.com\/wp-content\/uploads\/sites\/7\/2025\/12\/2020-05-19-PM_Quartalszahlen-Hafen-1-768x564-1.jpg\" \/>\n<meta name=\"twitter:card\" content=\"summary_large_image\" \/>\n<meta name=\"twitter:label1\" content=\"Tempo di lettura stimato\" \/>\n\t<meta name=\"twitter:data1\" content=\"3 minuto\" \/>\n<script type=\"application\/ld+json\" class=\"yoast-schema-graph\">{\"@context\":\"https:\\\/\\\/schema.org\",\"@graph\":[{\"@type\":\"Article\",\"@id\":\"https:\\\/\\\/loginfo24.com\\\/it\\\/2020\\\/05\\\/27\\\/i-porti-di-brema-aumentano-il-traffico-totale-nel-primo-trimestre\\\/#article\",\"isPartOf\":{\"@id\":\"https:\\\/\\\/loginfo24.com\\\/it\\\/2020\\\/05\\\/27\\\/i-porti-di-brema-aumentano-il-traffico-totale-nel-primo-trimestre\\\/\"},\"author\":{\"name\":\"\",\"@id\":\"\"},\"headline\":\"I porti di Brema aumentano il traffico totale nel primo trimestre\",\"datePublished\":\"2020-05-27T05:00:18+00:00\",\"dateModified\":\"2025-12-15T11:28:05+00:00\",\"mainEntityOfPage\":{\"@id\":\"https:\\\/\\\/loginfo24.com\\\/it\\\/2020\\\/05\\\/27\\\/i-porti-di-brema-aumentano-il-traffico-totale-nel-primo-trimestre\\\/\"},\"wordCount\":591,\"commentCount\":0,\"publisher\":{\"@id\":\"https:\\\/\\\/loginfo24.com\\\/it\\\/#organization\"},\"image\":{\"@id\":\"https:\\\/\\\/loginfo24.com\\\/it\\\/2020\\\/05\\\/27\\\/i-porti-di-brema-aumentano-il-traffico-totale-nel-primo-trimestre\\\/#primaryimage\"},\"thumbnailUrl\":\"https:\\\/\\\/loginfo24.com\\\/wp-content\\\/uploads\\\/sites\\\/7\\\/2025\\\/12\\\/2020-05-19-PM_Quartalszahlen-Hafen-1-768x564-1.jpg\",\"articleSection\":[\"Forwarding &amp; Logistics\",\"Regions\",\"Shipping &amp; Ports\"],\"inLanguage\":\"it-IT\",\"potentialAction\":[{\"@type\":\"CommentAction\",\"name\":\"Comment\",\"target\":[\"https:\\\/\\\/loginfo24.com\\\/it\\\/2020\\\/05\\\/27\\\/i-porti-di-brema-aumentano-il-traffico-totale-nel-primo-trimestre\\\/#respond\"]}]},{\"@type\":\"WebPage\",\"@id\":\"https:\\\/\\\/loginfo24.com\\\/it\\\/2020\\\/05\\\/27\\\/i-porti-di-brema-aumentano-il-traffico-totale-nel-primo-trimestre\\\/\",\"url\":\"https:\\\/\\\/loginfo24.com\\\/it\\\/2020\\\/05\\\/27\\\/i-porti-di-brema-aumentano-il-traffico-totale-nel-primo-trimestre\\\/\",\"name\":\"I porti di Brema aumentano il traffico totale nel primo trimestre - Loginfo24\",\"isPartOf\":{\"@id\":\"https:\\\/\\\/loginfo24.com\\\/it\\\/#website\"},\"primaryImageOfPage\":{\"@id\":\"https:\\\/\\\/loginfo24.com\\\/it\\\/2020\\\/05\\\/27\\\/i-porti-di-brema-aumentano-il-traffico-totale-nel-primo-trimestre\\\/#primaryimage\"},\"image\":{\"@id\":\"https:\\\/\\\/loginfo24.com\\\/it\\\/2020\\\/05\\\/27\\\/i-porti-di-brema-aumentano-il-traffico-totale-nel-primo-trimestre\\\/#primaryimage\"},\"thumbnailUrl\":\"https:\\\/\\\/loginfo24.com\\\/wp-content\\\/uploads\\\/sites\\\/7\\\/2025\\\/12\\\/2020-05-19-PM_Quartalszahlen-Hafen-1-768x564-1.jpg\",\"datePublished\":\"2020-05-27T05:00:18+00:00\",\"dateModified\":\"2025-12-15T11:28:05+00:00\",\"breadcrumb\":{\"@id\":\"https:\\\/\\\/loginfo24.com\\\/it\\\/2020\\\/05\\\/27\\\/i-porti-di-brema-aumentano-il-traffico-totale-nel-primo-trimestre\\\/#breadcrumb\"},\"inLanguage\":\"it-IT\",\"potentialAction\":[{\"@type\":\"ReadAction\",\"target\":[\"https:\\\/\\\/loginfo24.com\\\/it\\\/2020\\\/05\\\/27\\\/i-porti-di-brema-aumentano-il-traffico-totale-nel-primo-trimestre\\\/\"]}]},{\"@type\":\"ImageObject\",\"inLanguage\":\"it-IT\",\"@id\":\"https:\\\/\\\/loginfo24.com\\\/it\\\/2020\\\/05\\\/27\\\/i-porti-di-brema-aumentano-il-traffico-totale-nel-primo-trimestre\\\/#primaryimage\",\"url\":\"https:\\\/\\\/loginfo24.com\\\/wp-content\\\/uploads\\\/sites\\\/7\\\/2025\\\/12\\\/2020-05-19-PM_Quartalszahlen-Hafen-1-768x564-1.jpg\",\"contentUrl\":\"https:\\\/\\\/loginfo24.com\\\/wp-content\\\/uploads\\\/sites\\\/7\\\/2025\\\/12\\\/2020-05-19-PM_Quartalszahlen-Hafen-1-768x564-1.jpg\"},{\"@type\":\"BreadcrumbList\",\"@id\":\"https:\\\/\\\/loginfo24.com\\\/it\\\/2020\\\/05\\\/27\\\/i-porti-di-brema-aumentano-il-traffico-totale-nel-primo-trimestre\\\/#breadcrumb\",\"itemListElement\":[{\"@type\":\"ListItem\",\"position\":1,\"name\":\"Startseite\",\"item\":\"https:\\\/\\\/loginfo24.com\\\/it\\\/\"},{\"@type\":\"ListItem\",\"position\":2,\"name\":\"I porti di Brema aumentano il traffico totale nel primo trimestre\"}]},{\"@type\":\"WebSite\",\"@id\":\"https:\\\/\\\/loginfo24.com\\\/it\\\/#website\",\"url\":\"https:\\\/\\\/loginfo24.com\\\/it\\\/\",\"name\":\"Loginfo24\",\"description\":\"Loginfo24 \u00e8 la piattaforma dedicata alla logistica e alle catene di fornitura con informazioni disponibili 24 ore su 24.\",\"publisher\":{\"@id\":\"https:\\\/\\\/loginfo24.com\\\/it\\\/#organization\"},\"potentialAction\":[{\"@type\":\"SearchAction\",\"target\":{\"@type\":\"EntryPoint\",\"urlTemplate\":\"https:\\\/\\\/loginfo24.com\\\/it\\\/?s={search_term_string}\"},\"query-input\":{\"@type\":\"PropertyValueSpecification\",\"valueRequired\":true,\"valueName\":\"search_term_string\"}}],\"inLanguage\":\"it-IT\"},{\"@type\":\"Organization\",\"@id\":\"https:\\\/\\\/loginfo24.com\\\/it\\\/#organization\",\"name\":\"Logismedia Group AG\",\"url\":\"https:\\\/\\\/loginfo24.com\\\/it\\\/\",\"logo\":{\"@type\":\"ImageObject\",\"inLanguage\":\"it-IT\",\"@id\":\"https:\\\/\\\/loginfo24.com\\\/it\\\/#\\\/schema\\\/logo\\\/image\\\/\",\"url\":\"https:\\\/\\\/loginfo24.com\\\/wp-content\\\/uploads\\\/sites\\\/7\\\/2026\\\/01\\\/Logo_LogInfo24.png\",\"contentUrl\":\"https:\\\/\\\/loginfo24.com\\\/wp-content\\\/uploads\\\/sites\\\/7\\\/2026\\\/01\\\/Logo_LogInfo24.png\",\"width\":938,\"height\":351,\"caption\":\"Logismedia Group AG\"},\"image\":{\"@id\":\"https:\\\/\\\/loginfo24.com\\\/it\\\/#\\\/schema\\\/logo\\\/image\\\/\"},\"sameAs\":[\"https:\\\/\\\/www.facebook.com\\\/people\\\/Loginfo24\\\/100057360583332\\\/\",\"https:\\\/\\\/www.linkedin.com\\\/company\\\/lofinfo24\\\/\"]}]}<\/script>\n<!-- \/ Yoast SEO plugin. -->","yoast_head_json":{"title":"I porti di Brema aumentano il traffico totale nel primo trimestre - Loginfo24","robots":{"index":"index","follow":"follow","max-snippet":"max-snippet:-1","max-image-preview":"max-image-preview:large","max-video-preview":"max-video-preview:-1"},"canonical":"https:\/\/loginfo24.com\/it\/2020\/05\/27\/i-porti-di-brema-aumentano-il-traffico-totale-nel-primo-trimestre\/","og_locale":"it_IT","og_type":"article","og_title":"I porti di Brema aumentano il traffico totale nel primo trimestre - Loginfo24","og_description":"I porti di Brema hanno aumentato il traffico totale nel primo trimestre di quest&#8217;anno dell&#8217;1,1 percento, nonostante l&#8217;inizio della crisi da Coronavirus. Il traffico di veicoli [\u2026]","og_url":"https:\/\/loginfo24.com\/it\/2020\/05\/27\/i-porti-di-brema-aumentano-il-traffico-totale-nel-primo-trimestre\/","og_site_name":"Loginfo24","article_publisher":"https:\/\/www.facebook.com\/people\/Loginfo24\/100057360583332\/","article_published_time":"2020-05-27T05:00:18+00:00","article_modified_time":"2025-12-15T11:28:05+00:00","og_image":[{"url":"https:\/\/loginfo24.com\/wp-content\/uploads\/sites\/7\/2025\/12\/2020-05-19-PM_Quartalszahlen-Hafen-1-768x564-1.jpg","type":"","width":"","height":""}],"twitter_card":"summary_large_image","twitter_misc":{"Tempo di lettura stimato":"3 minuto"},"schema":{"@context":"https:\/\/schema.org","@graph":[{"@type":"Article","@id":"https:\/\/loginfo24.com\/it\/2020\/05\/27\/i-porti-di-brema-aumentano-il-traffico-totale-nel-primo-trimestre\/#article","isPartOf":{"@id":"https:\/\/loginfo24.com\/it\/2020\/05\/27\/i-porti-di-brema-aumentano-il-traffico-totale-nel-primo-trimestre\/"},"author":{"name":"","@id":""},"headline":"I porti di Brema aumentano il traffico totale nel primo trimestre","datePublished":"2020-05-27T05:00:18+00:00","dateModified":"2025-12-15T11:28:05+00:00","mainEntityOfPage":{"@id":"https:\/\/loginfo24.com\/it\/2020\/05\/27\/i-porti-di-brema-aumentano-il-traffico-totale-nel-primo-trimestre\/"},"wordCount":591,"commentCount":0,"publisher":{"@id":"https:\/\/loginfo24.com\/it\/#organization"},"image":{"@id":"https:\/\/loginfo24.com\/it\/2020\/05\/27\/i-porti-di-brema-aumentano-il-traffico-totale-nel-primo-trimestre\/#primaryimage"},"thumbnailUrl":"https:\/\/loginfo24.com\/wp-content\/uploads\/sites\/7\/2025\/12\/2020-05-19-PM_Quartalszahlen-Hafen-1-768x564-1.jpg","articleSection":["Forwarding &amp; Logistics","Regions","Shipping &amp; Ports"],"inLanguage":"it-IT","potentialAction":[{"@type":"CommentAction","name":"Comment","target":["https:\/\/loginfo24.com\/it\/2020\/05\/27\/i-porti-di-brema-aumentano-il-traffico-totale-nel-primo-trimestre\/#respond"]}]},{"@type":"WebPage","@id":"https:\/\/loginfo24.com\/it\/2020\/05\/27\/i-porti-di-brema-aumentano-il-traffico-totale-nel-primo-trimestre\/","url":"https:\/\/loginfo24.com\/it\/2020\/05\/27\/i-porti-di-brema-aumentano-il-traffico-totale-nel-primo-trimestre\/","name":"I porti di Brema aumentano il traffico totale nel primo trimestre - Loginfo24","isPartOf":{"@id":"https:\/\/loginfo24.com\/it\/#website"},"primaryImageOfPage":{"@id":"https:\/\/loginfo24.com\/it\/2020\/05\/27\/i-porti-di-brema-aumentano-il-traffico-totale-nel-primo-trimestre\/#primaryimage"},"image":{"@id":"https:\/\/loginfo24.com\/it\/2020\/05\/27\/i-porti-di-brema-aumentano-il-traffico-totale-nel-primo-trimestre\/#primaryimage"},"thumbnailUrl":"https:\/\/loginfo24.com\/wp-content\/uploads\/sites\/7\/2025\/12\/2020-05-19-PM_Quartalszahlen-Hafen-1-768x564-1.jpg","datePublished":"2020-05-27T05:00:18+00:00","dateModified":"2025-12-15T11:28:05+00:00","breadcrumb":{"@id":"https:\/\/loginfo24.com\/it\/2020\/05\/27\/i-porti-di-brema-aumentano-il-traffico-totale-nel-primo-trimestre\/#breadcrumb"},"inLanguage":"it-IT","potentialAction":[{"@type":"ReadAction","target":["https:\/\/loginfo24.com\/it\/2020\/05\/27\/i-porti-di-brema-aumentano-il-traffico-totale-nel-primo-trimestre\/"]}]},{"@type":"ImageObject","inLanguage":"it-IT","@id":"https:\/\/loginfo24.com\/it\/2020\/05\/27\/i-porti-di-brema-aumentano-il-traffico-totale-nel-primo-trimestre\/#primaryimage","url":"https:\/\/loginfo24.com\/wp-content\/uploads\/sites\/7\/2025\/12\/2020-05-19-PM_Quartalszahlen-Hafen-1-768x564-1.jpg","contentUrl":"https:\/\/loginfo24.com\/wp-content\/uploads\/sites\/7\/2025\/12\/2020-05-19-PM_Quartalszahlen-Hafen-1-768x564-1.jpg"},{"@type":"BreadcrumbList","@id":"https:\/\/loginfo24.com\/it\/2020\/05\/27\/i-porti-di-brema-aumentano-il-traffico-totale-nel-primo-trimestre\/#breadcrumb","itemListElement":[{"@type":"ListItem","position":1,"name":"Startseite","item":"https:\/\/loginfo24.com\/it\/"},{"@type":"ListItem","position":2,"name":"I porti di Brema aumentano il traffico totale nel primo trimestre"}]},{"@type":"WebSite","@id":"https:\/\/loginfo24.com\/it\/#website","url":"https:\/\/loginfo24.com\/it\/","name":"Loginfo24","description":"Loginfo24 \u00e8 la piattaforma dedicata alla logistica e alle catene di fornitura con informazioni disponibili 24 ore su 24.","publisher":{"@id":"https:\/\/loginfo24.com\/it\/#organization"},"potentialAction":[{"@type":"SearchAction","target":{"@type":"EntryPoint","urlTemplate":"https:\/\/loginfo24.com\/it\/?s={search_term_string}"},"query-input":{"@type":"PropertyValueSpecification","valueRequired":true,"valueName":"search_term_string"}}],"inLanguage":"it-IT"},{"@type":"Organization","@id":"https:\/\/loginfo24.com\/it\/#organization","name":"Logismedia Group AG","url":"https:\/\/loginfo24.com\/it\/","logo":{"@type":"ImageObject","inLanguage":"it-IT","@id":"https:\/\/loginfo24.com\/it\/#\/schema\/logo\/image\/","url":"https:\/\/loginfo24.com\/wp-content\/uploads\/sites\/7\/2026\/01\/Logo_LogInfo24.png","contentUrl":"https:\/\/loginfo24.com\/wp-content\/uploads\/sites\/7\/2026\/01\/Logo_LogInfo24.png","width":938,"height":351,"caption":"Logismedia Group AG"},"image":{"@id":"https:\/\/loginfo24.com\/it\/#\/schema\/logo\/image\/"},"sameAs":["https:\/\/www.facebook.com\/people\/Loginfo24\/100057360583332\/","https:\/\/www.linkedin.com\/company\/lofinfo24\/"]}]}},"_links":{"self":[{"href":"https:\/\/loginfo24.com\/it\/wp-json\/wp\/v2\/posts\/17651","targetHints":{"allow":["GET"]}}],"collection":[{"href":"https:\/\/loginfo24.com\/it\/wp-json\/wp\/v2\/posts"}],"about":[{"href":"https:\/\/loginfo24.com\/it\/wp-json\/wp\/v2\/types\/post"}],"replies":[{"embeddable":true,"href":"https:\/\/loginfo24.com\/it\/wp-json\/wp\/v2\/comments?post=17651"}],"version-history":[{"count":1,"href":"https:\/\/loginfo24.com\/it\/wp-json\/wp\/v2\/posts\/17651\/revisions"}],"predecessor-version":[{"id":31650,"href":"https:\/\/loginfo24.com\/it\/wp-json\/wp\/v2\/posts\/17651\/revisions\/31650"}],"wp:attachment":[{"href":"https:\/\/loginfo24.com\/it\/wp-json\/wp\/v2\/media?parent=17651"}],"wp:term":[{"taxonomy":"category","embeddable":true,"href":"https:\/\/loginfo24.com\/it\/wp-json\/wp\/v2\/categories?post=17651"},{"taxonomy":"post_tag","embeddable":true,"href":"https:\/\/loginfo24.com\/it\/wp-json\/wp\/v2\/tags?post=17651"}],"curies":[{"name":"wp","href":"https:\/\/api.w.org\/{rel}","templated":true}]}}