{"id":17621,"date":"2020-05-25T08:52:49","date_gmt":"2020-05-25T06:52:49","guid":{"rendered":"https:\/\/blog.brand-architecture.at\/2020\/05\/25\/il-gruppo-sieber-acquisisce-lattivita-operativa-della-dst-combitrans-ag\/"},"modified":"2025-12-15T12:27:57","modified_gmt":"2025-12-15T11:27:57","slug":"il-gruppo-sieber-acquisisce-lattivita-operativa-della-dst-combitrans-ag","status":"publish","type":"post","link":"https:\/\/loginfo24.com\/it\/2020\/05\/25\/il-gruppo-sieber-acquisisce-lattivita-operativa-della-dst-combitrans-ag\/","title":{"rendered":"Il gruppo Sieber acquisisce l&#8217;attivit\u00e0 operativa della DST Combitrans AG"},"content":{"rendered":"<p>Il gruppo Sieber sta ulteriormente espandendo la sua posizione nel mercato della logistica per mobili in Svizzera e acquisisce l&#8217;attivit\u00e0 operativa della DST Combitrans AG. Le attivit\u00e0 logistiche della DST saranno completamente integrate nelle sedi della Sieber Solutions AG. La DST Combitrans AG \u00e8 una filiale della Inderm\u00fchle Holding AG.<\/p>\n<p>(Rekingen\/Berneck) La Sieber Solutions AG con sede a Berneck ha acquisito il 19 maggio 2020 l&#8217;attivit\u00e0 operativa e il know-how di processo della DST Combitrans AG a Rekingen. Grazie all&#8217;esperienza pluriennale delle due aziende nel settore della logistica per mobili, possono essere offerte soluzioni di collegamento integrate ai clienti della DST. La maggior parte dei circa 45 dipendenti ricever\u00e0 nuove assunzioni presso le sedi del gruppo Sieber a Dietikon e Pratteln. La sede aziendale attuale a Rekingen sar\u00e0 chiusa. L&#8217;agenzia doganale di Waldshut-Tiengen non \u00e8 interessata dalla transazione.<\/p>\n<p>Fondata nel 1988, la DST Combitrans AG con sede a Rekingen operava come partner di servizi completi nei settori del trasporto, stoccaggio e sdoganamento. L&#8217;offerta di servizi della DST garantiva una logistica completa per mobili, elettrodomestici e accessori per clienti aziendali e privati in tutta la Svizzera, Germania e Austria. La DST era dal 2014 una filiale al 100% della Inderm\u00fchle Holding AG e disponeva di una flotta di circa 20 veicoli.<\/p>\n<p>L&#8217;attivit\u00e0 operativa della DST \u00e8 un&#8217;integrazione ideale delle attivit\u00e0 del gruppo Sieber, che dispone di una rete di distribuzione completa con centri logistici moderni in tutta la Svizzera e nei paesi limitrofi.<\/p>\n<p><strong>La transazione rafforza ulteriormente il settore del trasporto di mobili di Sieber<\/strong><\/p>\n<p>L&#8217;integrazione del portafoglio della DST in Sieber Solutions aumenter\u00e0 ulteriormente la presenza nel mercato del trasporto di mobili e amplier\u00e0 sistematicamente il modello di business del gruppo Sieber. Sieber Solutions \u00e8 gi\u00e0 oggi una delle aziende leader nel settore delle consegne con due persone per mobili, elettrodomestici e altri gruppi di prodotti. &#8220;Con l&#8217;acquisizione dell&#8217;attivit\u00e0 operativa della DST possiamo sfruttare opportunit\u00e0 di mercato attraenti per espandere ulteriormente la nostra attivit\u00e0 nel settore del trasporto di mobili&#8221;, afferma Christian Sieber, presidente della direzione del gruppo Sieber. &#8220;Questo \u00e8 un ulteriore passo importante nella nostra strategia di sviluppo.&#8221;<\/p>\n<p><strong>Il gruppo Inderm\u00fchle si concentra sul core business<\/strong><\/p>\n<p>Per Sandra Traxler-Inderm\u00fchle, presidente del consiglio di amministrazione della Inderm\u00fchle Holding AG, la vendita della DST \u00e8 un passo importante per un ulteriore affinamento strategico del gruppo aziendale. &#8220;Come gruppo Inderm\u00fchle, concentriamo le forze nella situazione economica attuale, che \u00e8 impegnativa, nel nostro core business. Questo in vista della responsabilit\u00e0 aziendale complessiva e anche per rimanere competitivi e continuare a crescere nel core business. Con il passaggio dell&#8217;attivit\u00e0 operativa della DST al gruppo Sieber, non solo abbiamo trovato una soluzione ottimale per i dipendenti e i clienti, ma anche un partner che condivide incondizionatamente la nostra lunga tradizione aziendale e le nostre aspettative di qualit\u00e0.&#8221;<\/p>\n<p>Le due parti hanno concordato di mantenere riservati i contenuti del contratto di transazione.<\/p>\n<p><strong>Informazioni sul gruppo Sieber<\/strong><\/p>\n<p>La Sieber Solutions AG \u00e8 una societ\u00e0 del gruppo Sieber con sede principale a Berneck, nel cantone di San Gallo. Il gruppo Sieber \u00e8 un fornitore di servizi logistici a conduzione familiare, guidato da Christian Sieber e Michael Sieber, con soluzioni trimodali nel traffico merci nazionale e internazionale. L&#8217;azienda familiare \u00e8 stata fondata nel 1974. Negli 17 siti in Svizzera, Austria, USA e Vietnam, il gruppo Sieber conta circa 700 dipendenti.<\/p>\n<p><strong>Informazioni sulla Inderm\u00fchle Holding AG<\/strong><\/p>\n<p>Il gruppo Inderm\u00fchle con sede a Rekingen AG riunisce sotto un unico tetto competenze nei settori della logistica (merci pericolose), viaggi in autobus e trasporto pubblico, nonch\u00e9 riparazione e manutenzione di veicoli commerciali. Fondata nel 1953, l&#8217;azienda familiare \u00e8 gestita dalla terza generazione e impiega complessivamente 230 dipendenti in quattro sedi in Svizzera.<\/p>\n<p>Foto: gruppo Inderm\u00fchle<\/p>\n<p><a href=\"https:\/\/www.indermuehle.ch\" target=\"_blank\" rel=\"noopener noreferrer\">www.indermuehle.ch<\/a>\u00a0\u00a0 -\u00a0\u00a0 <a href=\"https:\/\/www.sieber.ch\" target=\"_blank\" rel=\"noopener noreferrer\">www.sieber.ch<\/a><\/p>\n","protected":false},"excerpt":{"rendered":"<p>Il gruppo Sieber sta ulteriormente espandendo la sua posizione nel mercato della logistica per mobili in Svizzera e acquisisce l&#8217;attivit\u00e0 operativa della DST Combitrans AG. Le<span class=\"excerpt-hellip\"> [\u2026]<\/span><\/p>\n","protected":false},"author":0,"featured_media":0,"comment_status":"open","ping_status":"open","sticky":false,"template":"","format":"standard","meta":{"_acf_changed":false,"footnotes":""},"categories":[1557,1560,1561],"tags":[],"class_list":["post-17621","post","type-post","status-publish","format-standard","hentry","category-forwarding-logistics","category-intralogistics","category-regions"],"acf":[],"yoast_head":"<!-- This site is optimized with the Yoast SEO plugin v27.3 - https:\/\/yoast.com\/product\/yoast-seo-wordpress\/ -->\n<title>Il gruppo Sieber acquisisce l&#039;attivit\u00e0 operativa della DST Combitrans AG - Loginfo24<\/title>\n<meta name=\"robots\" content=\"index, follow, max-snippet:-1, max-image-preview:large, max-video-preview:-1\" \/>\n<link rel=\"canonical\" href=\"https:\/\/loginfo24.com\/it\/2020\/05\/25\/il-gruppo-sieber-acquisisce-lattivita-operativa-della-dst-combitrans-ag\/\" \/>\n<meta property=\"og:locale\" content=\"it_IT\" \/>\n<meta property=\"og:type\" content=\"article\" \/>\n<meta property=\"og:title\" content=\"Il gruppo Sieber acquisisce l&#039;attivit\u00e0 operativa della DST Combitrans AG - Loginfo24\" \/>\n<meta property=\"og:description\" content=\"Il gruppo Sieber sta ulteriormente espandendo la sua posizione nel mercato della logistica per mobili in Svizzera e acquisisce l&#8217;attivit\u00e0 operativa della DST Combitrans AG. Le [\u2026]\" \/>\n<meta property=\"og:url\" content=\"https:\/\/loginfo24.com\/it\/2020\/05\/25\/il-gruppo-sieber-acquisisce-lattivita-operativa-della-dst-combitrans-ag\/\" \/>\n<meta property=\"og:site_name\" content=\"Loginfo24\" \/>\n<meta property=\"article:publisher\" content=\"https:\/\/www.facebook.com\/people\/Loginfo24\/100057360583332\/\" \/>\n<meta property=\"article:published_time\" content=\"2020-05-25T06:52:49+00:00\" \/>\n<meta property=\"article:modified_time\" content=\"2025-12-15T11:27:57+00:00\" \/>\n<meta name=\"twitter:card\" content=\"summary_large_image\" \/>\n<meta name=\"twitter:label1\" content=\"Tempo di lettura stimato\" \/>\n\t<meta name=\"twitter:data1\" content=\"3 minuto\" \/>\n<script type=\"application\/ld+json\" class=\"yoast-schema-graph\">{\"@context\":\"https:\\\/\\\/schema.org\",\"@graph\":[{\"@type\":\"Article\",\"@id\":\"https:\\\/\\\/loginfo24.com\\\/it\\\/2020\\\/05\\\/25\\\/il-gruppo-sieber-acquisisce-lattivita-operativa-della-dst-combitrans-ag\\\/#article\",\"isPartOf\":{\"@id\":\"https:\\\/\\\/loginfo24.com\\\/it\\\/2020\\\/05\\\/25\\\/il-gruppo-sieber-acquisisce-lattivita-operativa-della-dst-combitrans-ag\\\/\"},\"author\":{\"name\":\"\",\"@id\":\"\"},\"headline\":\"Il gruppo Sieber acquisisce l&#8217;attivit\u00e0 operativa della DST Combitrans AG\",\"datePublished\":\"2020-05-25T06:52:49+00:00\",\"dateModified\":\"2025-12-15T11:27:57+00:00\",\"mainEntityOfPage\":{\"@id\":\"https:\\\/\\\/loginfo24.com\\\/it\\\/2020\\\/05\\\/25\\\/il-gruppo-sieber-acquisisce-lattivita-operativa-della-dst-combitrans-ag\\\/\"},\"wordCount\":631,\"commentCount\":0,\"publisher\":{\"@id\":\"https:\\\/\\\/loginfo24.com\\\/it\\\/#organization\"},\"articleSection\":[\"Forwarding &amp; Logistics\",\"Intralogistics\",\"Regions\"],\"inLanguage\":\"it-IT\",\"potentialAction\":[{\"@type\":\"CommentAction\",\"name\":\"Comment\",\"target\":[\"https:\\\/\\\/loginfo24.com\\\/it\\\/2020\\\/05\\\/25\\\/il-gruppo-sieber-acquisisce-lattivita-operativa-della-dst-combitrans-ag\\\/#respond\"]}]},{\"@type\":\"WebPage\",\"@id\":\"https:\\\/\\\/loginfo24.com\\\/it\\\/2020\\\/05\\\/25\\\/il-gruppo-sieber-acquisisce-lattivita-operativa-della-dst-combitrans-ag\\\/\",\"url\":\"https:\\\/\\\/loginfo24.com\\\/it\\\/2020\\\/05\\\/25\\\/il-gruppo-sieber-acquisisce-lattivita-operativa-della-dst-combitrans-ag\\\/\",\"name\":\"Il gruppo Sieber acquisisce l'attivit\u00e0 operativa della DST Combitrans AG - Loginfo24\",\"isPartOf\":{\"@id\":\"https:\\\/\\\/loginfo24.com\\\/it\\\/#website\"},\"datePublished\":\"2020-05-25T06:52:49+00:00\",\"dateModified\":\"2025-12-15T11:27:57+00:00\",\"breadcrumb\":{\"@id\":\"https:\\\/\\\/loginfo24.com\\\/it\\\/2020\\\/05\\\/25\\\/il-gruppo-sieber-acquisisce-lattivita-operativa-della-dst-combitrans-ag\\\/#breadcrumb\"},\"inLanguage\":\"it-IT\",\"potentialAction\":[{\"@type\":\"ReadAction\",\"target\":[\"https:\\\/\\\/loginfo24.com\\\/it\\\/2020\\\/05\\\/25\\\/il-gruppo-sieber-acquisisce-lattivita-operativa-della-dst-combitrans-ag\\\/\"]}]},{\"@type\":\"BreadcrumbList\",\"@id\":\"https:\\\/\\\/loginfo24.com\\\/it\\\/2020\\\/05\\\/25\\\/il-gruppo-sieber-acquisisce-lattivita-operativa-della-dst-combitrans-ag\\\/#breadcrumb\",\"itemListElement\":[{\"@type\":\"ListItem\",\"position\":1,\"name\":\"Startseite\",\"item\":\"https:\\\/\\\/loginfo24.com\\\/it\\\/\"},{\"@type\":\"ListItem\",\"position\":2,\"name\":\"Il gruppo Sieber acquisisce l&#8217;attivit\u00e0 operativa della DST Combitrans AG\"}]},{\"@type\":\"WebSite\",\"@id\":\"https:\\\/\\\/loginfo24.com\\\/it\\\/#website\",\"url\":\"https:\\\/\\\/loginfo24.com\\\/it\\\/\",\"name\":\"Loginfo24\",\"description\":\"Loginfo24 \u00e8 la piattaforma dedicata alla logistica e alle catene di fornitura con informazioni disponibili 24 ore su 24.\",\"publisher\":{\"@id\":\"https:\\\/\\\/loginfo24.com\\\/it\\\/#organization\"},\"potentialAction\":[{\"@type\":\"SearchAction\",\"target\":{\"@type\":\"EntryPoint\",\"urlTemplate\":\"https:\\\/\\\/loginfo24.com\\\/it\\\/?s={search_term_string}\"},\"query-input\":{\"@type\":\"PropertyValueSpecification\",\"valueRequired\":true,\"valueName\":\"search_term_string\"}}],\"inLanguage\":\"it-IT\"},{\"@type\":\"Organization\",\"@id\":\"https:\\\/\\\/loginfo24.com\\\/it\\\/#organization\",\"name\":\"Logismedia Group AG\",\"url\":\"https:\\\/\\\/loginfo24.com\\\/it\\\/\",\"logo\":{\"@type\":\"ImageObject\",\"inLanguage\":\"it-IT\",\"@id\":\"https:\\\/\\\/loginfo24.com\\\/it\\\/#\\\/schema\\\/logo\\\/image\\\/\",\"url\":\"https:\\\/\\\/loginfo24.com\\\/wp-content\\\/uploads\\\/sites\\\/7\\\/2026\\\/01\\\/Logo_LogInfo24.png\",\"contentUrl\":\"https:\\\/\\\/loginfo24.com\\\/wp-content\\\/uploads\\\/sites\\\/7\\\/2026\\\/01\\\/Logo_LogInfo24.png\",\"width\":938,\"height\":351,\"caption\":\"Logismedia Group AG\"},\"image\":{\"@id\":\"https:\\\/\\\/loginfo24.com\\\/it\\\/#\\\/schema\\\/logo\\\/image\\\/\"},\"sameAs\":[\"https:\\\/\\\/www.facebook.com\\\/people\\\/Loginfo24\\\/100057360583332\\\/\",\"https:\\\/\\\/www.linkedin.com\\\/company\\\/lofinfo24\\\/\"]}]}<\/script>\n<!-- \/ Yoast SEO plugin. -->","yoast_head_json":{"title":"Il gruppo Sieber acquisisce l'attivit\u00e0 operativa della DST Combitrans AG - Loginfo24","robots":{"index":"index","follow":"follow","max-snippet":"max-snippet:-1","max-image-preview":"max-image-preview:large","max-video-preview":"max-video-preview:-1"},"canonical":"https:\/\/loginfo24.com\/it\/2020\/05\/25\/il-gruppo-sieber-acquisisce-lattivita-operativa-della-dst-combitrans-ag\/","og_locale":"it_IT","og_type":"article","og_title":"Il gruppo Sieber acquisisce l'attivit\u00e0 operativa della DST Combitrans AG - Loginfo24","og_description":"Il gruppo Sieber sta ulteriormente espandendo la sua posizione nel mercato della logistica per mobili in Svizzera e acquisisce l&#8217;attivit\u00e0 operativa della DST Combitrans AG. Le [\u2026]","og_url":"https:\/\/loginfo24.com\/it\/2020\/05\/25\/il-gruppo-sieber-acquisisce-lattivita-operativa-della-dst-combitrans-ag\/","og_site_name":"Loginfo24","article_publisher":"https:\/\/www.facebook.com\/people\/Loginfo24\/100057360583332\/","article_published_time":"2020-05-25T06:52:49+00:00","article_modified_time":"2025-12-15T11:27:57+00:00","twitter_card":"summary_large_image","twitter_misc":{"Tempo di lettura stimato":"3 minuto"},"schema":{"@context":"https:\/\/schema.org","@graph":[{"@type":"Article","@id":"https:\/\/loginfo24.com\/it\/2020\/05\/25\/il-gruppo-sieber-acquisisce-lattivita-operativa-della-dst-combitrans-ag\/#article","isPartOf":{"@id":"https:\/\/loginfo24.com\/it\/2020\/05\/25\/il-gruppo-sieber-acquisisce-lattivita-operativa-della-dst-combitrans-ag\/"},"author":{"name":"","@id":""},"headline":"Il gruppo Sieber acquisisce l&#8217;attivit\u00e0 operativa della DST Combitrans AG","datePublished":"2020-05-25T06:52:49+00:00","dateModified":"2025-12-15T11:27:57+00:00","mainEntityOfPage":{"@id":"https:\/\/loginfo24.com\/it\/2020\/05\/25\/il-gruppo-sieber-acquisisce-lattivita-operativa-della-dst-combitrans-ag\/"},"wordCount":631,"commentCount":0,"publisher":{"@id":"https:\/\/loginfo24.com\/it\/#organization"},"articleSection":["Forwarding &amp; Logistics","Intralogistics","Regions"],"inLanguage":"it-IT","potentialAction":[{"@type":"CommentAction","name":"Comment","target":["https:\/\/loginfo24.com\/it\/2020\/05\/25\/il-gruppo-sieber-acquisisce-lattivita-operativa-della-dst-combitrans-ag\/#respond"]}]},{"@type":"WebPage","@id":"https:\/\/loginfo24.com\/it\/2020\/05\/25\/il-gruppo-sieber-acquisisce-lattivita-operativa-della-dst-combitrans-ag\/","url":"https:\/\/loginfo24.com\/it\/2020\/05\/25\/il-gruppo-sieber-acquisisce-lattivita-operativa-della-dst-combitrans-ag\/","name":"Il gruppo Sieber acquisisce l'attivit\u00e0 operativa della DST Combitrans AG - Loginfo24","isPartOf":{"@id":"https:\/\/loginfo24.com\/it\/#website"},"datePublished":"2020-05-25T06:52:49+00:00","dateModified":"2025-12-15T11:27:57+00:00","breadcrumb":{"@id":"https:\/\/loginfo24.com\/it\/2020\/05\/25\/il-gruppo-sieber-acquisisce-lattivita-operativa-della-dst-combitrans-ag\/#breadcrumb"},"inLanguage":"it-IT","potentialAction":[{"@type":"ReadAction","target":["https:\/\/loginfo24.com\/it\/2020\/05\/25\/il-gruppo-sieber-acquisisce-lattivita-operativa-della-dst-combitrans-ag\/"]}]},{"@type":"BreadcrumbList","@id":"https:\/\/loginfo24.com\/it\/2020\/05\/25\/il-gruppo-sieber-acquisisce-lattivita-operativa-della-dst-combitrans-ag\/#breadcrumb","itemListElement":[{"@type":"ListItem","position":1,"name":"Startseite","item":"https:\/\/loginfo24.com\/it\/"},{"@type":"ListItem","position":2,"name":"Il gruppo Sieber acquisisce l&#8217;attivit\u00e0 operativa della DST Combitrans AG"}]},{"@type":"WebSite","@id":"https:\/\/loginfo24.com\/it\/#website","url":"https:\/\/loginfo24.com\/it\/","name":"Loginfo24","description":"Loginfo24 \u00e8 la piattaforma dedicata alla logistica e alle catene di fornitura con informazioni disponibili 24 ore su 24.","publisher":{"@id":"https:\/\/loginfo24.com\/it\/#organization"},"potentialAction":[{"@type":"SearchAction","target":{"@type":"EntryPoint","urlTemplate":"https:\/\/loginfo24.com\/it\/?s={search_term_string}"},"query-input":{"@type":"PropertyValueSpecification","valueRequired":true,"valueName":"search_term_string"}}],"inLanguage":"it-IT"},{"@type":"Organization","@id":"https:\/\/loginfo24.com\/it\/#organization","name":"Logismedia Group AG","url":"https:\/\/loginfo24.com\/it\/","logo":{"@type":"ImageObject","inLanguage":"it-IT","@id":"https:\/\/loginfo24.com\/it\/#\/schema\/logo\/image\/","url":"https:\/\/loginfo24.com\/wp-content\/uploads\/sites\/7\/2026\/01\/Logo_LogInfo24.png","contentUrl":"https:\/\/loginfo24.com\/wp-content\/uploads\/sites\/7\/2026\/01\/Logo_LogInfo24.png","width":938,"height":351,"caption":"Logismedia Group AG"},"image":{"@id":"https:\/\/loginfo24.com\/it\/#\/schema\/logo\/image\/"},"sameAs":["https:\/\/www.facebook.com\/people\/Loginfo24\/100057360583332\/","https:\/\/www.linkedin.com\/company\/lofinfo24\/"]}]}},"_links":{"self":[{"href":"https:\/\/loginfo24.com\/it\/wp-json\/wp\/v2\/posts\/17621","targetHints":{"allow":["GET"]}}],"collection":[{"href":"https:\/\/loginfo24.com\/it\/wp-json\/wp\/v2\/posts"}],"about":[{"href":"https:\/\/loginfo24.com\/it\/wp-json\/wp\/v2\/types\/post"}],"replies":[{"embeddable":true,"href":"https:\/\/loginfo24.com\/it\/wp-json\/wp\/v2\/comments?post=17621"}],"version-history":[{"count":1,"href":"https:\/\/loginfo24.com\/it\/wp-json\/wp\/v2\/posts\/17621\/revisions"}],"predecessor-version":[{"id":31590,"href":"https:\/\/loginfo24.com\/it\/wp-json\/wp\/v2\/posts\/17621\/revisions\/31590"}],"wp:attachment":[{"href":"https:\/\/loginfo24.com\/it\/wp-json\/wp\/v2\/media?parent=17621"}],"wp:term":[{"taxonomy":"category","embeddable":true,"href":"https:\/\/loginfo24.com\/it\/wp-json\/wp\/v2\/categories?post=17621"},{"taxonomy":"post_tag","embeddable":true,"href":"https:\/\/loginfo24.com\/it\/wp-json\/wp\/v2\/tags?post=17621"}],"curies":[{"name":"wp","href":"https:\/\/api.w.org\/{rel}","templated":true}]}}