{"id":17442,"date":"2020-04-27T22:09:12","date_gmt":"2020-04-27T20:09:12","guid":{"rendered":"https:\/\/blog.brand-architecture.at\/2020\/04\/27\/le-associazioni-del-trasporto-stradale-chiedono-lapprovazione-del-pacchetto-mobilita-1\/"},"modified":"2025-12-15T12:27:17","modified_gmt":"2025-12-15T11:27:17","slug":"le-associazioni-del-trasporto-stradale-chiedono-lapprovazione-del-pacchetto-mobilita-1","status":"publish","type":"post","link":"https:\/\/loginfo24.com\/it\/2020\/04\/27\/le-associazioni-del-trasporto-stradale-chiedono-lapprovazione-del-pacchetto-mobilita-1\/","title":{"rendered":"Le associazioni del trasporto stradale chiedono l&#8217;approvazione del pacchetto mobilit\u00e0 1"},"content":{"rendered":"<p>16 associazioni del trasporto stradale dell&#8217;UE chiedono al Parlamento europeo di approvare urgentemente il completamento della procedura legislativa per il pacchetto mobilit\u00e0 1. Si tratta di garantire una concorrenza pi\u00f9 equa tra le aziende di trasporto su strada nell&#8217;UE.<\/p>\n<p>(Bruxelles\/Francoforte) La richiesta testuale:<\/p>\n<p><em>Noi, le associazioni dei trasporti di: FNTR (Francia), BGL (Germania), NLA (Stati nordici) DTL, ITD (entrambe Danimarca), SA (Svezia), NLF (Norvegia), Fin Mobility (Finlandia), CESMAD Bohemia (Repubblica Ceca), CESMAD Slovacchia (Slovacchia), TLN (Paesi Bassi), CONFTRASPORTO, FAI (entrambe Italia), ASTIC, CETM (entrambe Spagna) e ANTRAM (Portogallo) chiedono urgentemente il completamento della procedura legislativa per il pacchetto mobilit\u00e0 1.<\/em><\/p>\n<p><em>Dopo tre anni di lavoro legislativo, il pacchetto attende l&#8217;approvazione finale del Parlamento europeo. \u00c8 ora essenziale che anche i deputati pongano fine alle <\/em><\/p>\n<p><em>distorsioni della concorrenza nel mercato europeo del trasporto su strada, con molti approcci diversi da parte degli Stati membri. Il pacchetto garantir\u00e0 un quadro europeo meglio armonizzato, condizioni di concorrenza pi\u00f9 efficienti e una concorrenza pi\u00f9 equa tra le aziende di trasporto su strada nell&#8217;UE.<\/em><\/p>\n<p><em>Non possiamo pi\u00f9 permetterci di perdere ulteriore tempo, mentre altre grandi sfide come la digitalizzazione, l&#8217;energia pulita e il trasporto pulito ci attendono! L&#8217;attuale crisi COVID-19 \u00e8 ancora pi\u00f9 motivo per approvare il pacchetto mobilit\u00e0 1, per garantire chiarezza e regole armonizzate per il trasporto merci su strada in Europa.<\/em><\/p>\n<p><em>La crisi attuale dimostra chiaramente che mercati ben funzionanti per il trasporto merci nazionale sono tanto necessari quanto il trasporto transfrontaliero, per mantenere la catena logistica e garantire l&#8217;approvvigionamento della nostra popolazione.<\/em><\/p>\n<p><a href=\"https:\/\/www.bgl-ev.de\" target=\"_blank\" rel=\"noopener noreferrer\">https:\/\/www.bgl-ev.de<\/a><\/p>\n<p>&nbsp;<\/p>\n","protected":false},"excerpt":{"rendered":"<p>16 associazioni del trasporto stradale dell&#8217;UE chiedono al Parlamento europeo di approvare urgentemente il completamento della procedura legislativa per il pacchetto mobilit\u00e0 1. Si tratta di<span class=\"excerpt-hellip\"> [\u2026]<\/span><\/p>\n","protected":false},"author":0,"featured_media":0,"comment_status":"open","ping_status":"open","sticky":false,"template":"","format":"standard","meta":{"_acf_changed":false,"footnotes":""},"categories":[1557,1561],"tags":[],"class_list":["post-17442","post","type-post","status-publish","format-standard","hentry","category-forwarding-logistics","category-regions"],"acf":[],"yoast_head":"<!-- This site is optimized with the Yoast SEO plugin v27.3 - https:\/\/yoast.com\/product\/yoast-seo-wordpress\/ -->\n<title>Le associazioni del trasporto stradale chiedono l&#039;approvazione del pacchetto mobilit\u00e0 1 - Loginfo24<\/title>\n<meta name=\"robots\" content=\"index, follow, max-snippet:-1, max-image-preview:large, max-video-preview:-1\" \/>\n<link rel=\"canonical\" href=\"https:\/\/loginfo24.com\/it\/2020\/04\/27\/le-associazioni-del-trasporto-stradale-chiedono-lapprovazione-del-pacchetto-mobilita-1\/\" \/>\n<meta property=\"og:locale\" content=\"it_IT\" \/>\n<meta property=\"og:type\" content=\"article\" \/>\n<meta property=\"og:title\" content=\"Le associazioni del trasporto stradale chiedono l&#039;approvazione del pacchetto mobilit\u00e0 1 - Loginfo24\" \/>\n<meta property=\"og:description\" content=\"16 associazioni del trasporto stradale dell&#8217;UE chiedono al Parlamento europeo di approvare urgentemente il completamento della procedura legislativa per il pacchetto mobilit\u00e0 1. Si tratta di [\u2026]\" \/>\n<meta property=\"og:url\" content=\"https:\/\/loginfo24.com\/it\/2020\/04\/27\/le-associazioni-del-trasporto-stradale-chiedono-lapprovazione-del-pacchetto-mobilita-1\/\" \/>\n<meta property=\"og:site_name\" content=\"Loginfo24\" \/>\n<meta property=\"article:publisher\" content=\"https:\/\/www.facebook.com\/people\/Loginfo24\/100057360583332\/\" \/>\n<meta property=\"article:published_time\" content=\"2020-04-27T20:09:12+00:00\" \/>\n<meta property=\"article:modified_time\" content=\"2025-12-15T11:27:17+00:00\" \/>\n<meta name=\"twitter:card\" content=\"summary_large_image\" \/>\n<meta name=\"twitter:label1\" content=\"Tempo di lettura stimato\" \/>\n\t<meta name=\"twitter:data1\" content=\"1 minuto\" \/>\n<script type=\"application\/ld+json\" class=\"yoast-schema-graph\">{\"@context\":\"https:\\\/\\\/schema.org\",\"@graph\":[{\"@type\":\"Article\",\"@id\":\"https:\\\/\\\/loginfo24.com\\\/it\\\/2020\\\/04\\\/27\\\/le-associazioni-del-trasporto-stradale-chiedono-lapprovazione-del-pacchetto-mobilita-1\\\/#article\",\"isPartOf\":{\"@id\":\"https:\\\/\\\/loginfo24.com\\\/it\\\/2020\\\/04\\\/27\\\/le-associazioni-del-trasporto-stradale-chiedono-lapprovazione-del-pacchetto-mobilita-1\\\/\"},\"author\":{\"name\":\"\",\"@id\":\"\"},\"headline\":\"Le associazioni del trasporto stradale chiedono l&#8217;approvazione del pacchetto mobilit\u00e0 1\",\"datePublished\":\"2020-04-27T20:09:12+00:00\",\"dateModified\":\"2025-12-15T11:27:17+00:00\",\"mainEntityOfPage\":{\"@id\":\"https:\\\/\\\/loginfo24.com\\\/it\\\/2020\\\/04\\\/27\\\/le-associazioni-del-trasporto-stradale-chiedono-lapprovazione-del-pacchetto-mobilita-1\\\/\"},\"wordCount\":269,\"commentCount\":0,\"publisher\":{\"@id\":\"https:\\\/\\\/loginfo24.com\\\/it\\\/#organization\"},\"articleSection\":[\"Forwarding &amp; Logistics\",\"Regions\"],\"inLanguage\":\"it-IT\",\"potentialAction\":[{\"@type\":\"CommentAction\",\"name\":\"Comment\",\"target\":[\"https:\\\/\\\/loginfo24.com\\\/it\\\/2020\\\/04\\\/27\\\/le-associazioni-del-trasporto-stradale-chiedono-lapprovazione-del-pacchetto-mobilita-1\\\/#respond\"]}]},{\"@type\":\"WebPage\",\"@id\":\"https:\\\/\\\/loginfo24.com\\\/it\\\/2020\\\/04\\\/27\\\/le-associazioni-del-trasporto-stradale-chiedono-lapprovazione-del-pacchetto-mobilita-1\\\/\",\"url\":\"https:\\\/\\\/loginfo24.com\\\/it\\\/2020\\\/04\\\/27\\\/le-associazioni-del-trasporto-stradale-chiedono-lapprovazione-del-pacchetto-mobilita-1\\\/\",\"name\":\"Le associazioni del trasporto stradale chiedono l'approvazione del pacchetto mobilit\u00e0 1 - Loginfo24\",\"isPartOf\":{\"@id\":\"https:\\\/\\\/loginfo24.com\\\/it\\\/#website\"},\"datePublished\":\"2020-04-27T20:09:12+00:00\",\"dateModified\":\"2025-12-15T11:27:17+00:00\",\"breadcrumb\":{\"@id\":\"https:\\\/\\\/loginfo24.com\\\/it\\\/2020\\\/04\\\/27\\\/le-associazioni-del-trasporto-stradale-chiedono-lapprovazione-del-pacchetto-mobilita-1\\\/#breadcrumb\"},\"inLanguage\":\"it-IT\",\"potentialAction\":[{\"@type\":\"ReadAction\",\"target\":[\"https:\\\/\\\/loginfo24.com\\\/it\\\/2020\\\/04\\\/27\\\/le-associazioni-del-trasporto-stradale-chiedono-lapprovazione-del-pacchetto-mobilita-1\\\/\"]}]},{\"@type\":\"BreadcrumbList\",\"@id\":\"https:\\\/\\\/loginfo24.com\\\/it\\\/2020\\\/04\\\/27\\\/le-associazioni-del-trasporto-stradale-chiedono-lapprovazione-del-pacchetto-mobilita-1\\\/#breadcrumb\",\"itemListElement\":[{\"@type\":\"ListItem\",\"position\":1,\"name\":\"Startseite\",\"item\":\"https:\\\/\\\/loginfo24.com\\\/it\\\/\"},{\"@type\":\"ListItem\",\"position\":2,\"name\":\"Le associazioni del trasporto stradale chiedono l&#8217;approvazione del pacchetto mobilit\u00e0 1\"}]},{\"@type\":\"WebSite\",\"@id\":\"https:\\\/\\\/loginfo24.com\\\/it\\\/#website\",\"url\":\"https:\\\/\\\/loginfo24.com\\\/it\\\/\",\"name\":\"Loginfo24\",\"description\":\"Loginfo24 \u00e8 la piattaforma dedicata alla logistica e alle catene di fornitura con informazioni disponibili 24 ore su 24.\",\"publisher\":{\"@id\":\"https:\\\/\\\/loginfo24.com\\\/it\\\/#organization\"},\"potentialAction\":[{\"@type\":\"SearchAction\",\"target\":{\"@type\":\"EntryPoint\",\"urlTemplate\":\"https:\\\/\\\/loginfo24.com\\\/it\\\/?s={search_term_string}\"},\"query-input\":{\"@type\":\"PropertyValueSpecification\",\"valueRequired\":true,\"valueName\":\"search_term_string\"}}],\"inLanguage\":\"it-IT\"},{\"@type\":\"Organization\",\"@id\":\"https:\\\/\\\/loginfo24.com\\\/it\\\/#organization\",\"name\":\"Logismedia Group AG\",\"url\":\"https:\\\/\\\/loginfo24.com\\\/it\\\/\",\"logo\":{\"@type\":\"ImageObject\",\"inLanguage\":\"it-IT\",\"@id\":\"https:\\\/\\\/loginfo24.com\\\/it\\\/#\\\/schema\\\/logo\\\/image\\\/\",\"url\":\"https:\\\/\\\/loginfo24.com\\\/wp-content\\\/uploads\\\/sites\\\/7\\\/2026\\\/01\\\/Logo_LogInfo24.png\",\"contentUrl\":\"https:\\\/\\\/loginfo24.com\\\/wp-content\\\/uploads\\\/sites\\\/7\\\/2026\\\/01\\\/Logo_LogInfo24.png\",\"width\":938,\"height\":351,\"caption\":\"Logismedia Group AG\"},\"image\":{\"@id\":\"https:\\\/\\\/loginfo24.com\\\/it\\\/#\\\/schema\\\/logo\\\/image\\\/\"},\"sameAs\":[\"https:\\\/\\\/www.facebook.com\\\/people\\\/Loginfo24\\\/100057360583332\\\/\",\"https:\\\/\\\/www.linkedin.com\\\/company\\\/lofinfo24\\\/\"]}]}<\/script>\n<!-- \/ Yoast SEO plugin. -->","yoast_head_json":{"title":"Le associazioni del trasporto stradale chiedono l'approvazione del pacchetto mobilit\u00e0 1 - Loginfo24","robots":{"index":"index","follow":"follow","max-snippet":"max-snippet:-1","max-image-preview":"max-image-preview:large","max-video-preview":"max-video-preview:-1"},"canonical":"https:\/\/loginfo24.com\/it\/2020\/04\/27\/le-associazioni-del-trasporto-stradale-chiedono-lapprovazione-del-pacchetto-mobilita-1\/","og_locale":"it_IT","og_type":"article","og_title":"Le associazioni del trasporto stradale chiedono l'approvazione del pacchetto mobilit\u00e0 1 - Loginfo24","og_description":"16 associazioni del trasporto stradale dell&#8217;UE chiedono al Parlamento europeo di approvare urgentemente il completamento della procedura legislativa per il pacchetto mobilit\u00e0 1. Si tratta di [\u2026]","og_url":"https:\/\/loginfo24.com\/it\/2020\/04\/27\/le-associazioni-del-trasporto-stradale-chiedono-lapprovazione-del-pacchetto-mobilita-1\/","og_site_name":"Loginfo24","article_publisher":"https:\/\/www.facebook.com\/people\/Loginfo24\/100057360583332\/","article_published_time":"2020-04-27T20:09:12+00:00","article_modified_time":"2025-12-15T11:27:17+00:00","twitter_card":"summary_large_image","twitter_misc":{"Tempo di lettura stimato":"1 minuto"},"schema":{"@context":"https:\/\/schema.org","@graph":[{"@type":"Article","@id":"https:\/\/loginfo24.com\/it\/2020\/04\/27\/le-associazioni-del-trasporto-stradale-chiedono-lapprovazione-del-pacchetto-mobilita-1\/#article","isPartOf":{"@id":"https:\/\/loginfo24.com\/it\/2020\/04\/27\/le-associazioni-del-trasporto-stradale-chiedono-lapprovazione-del-pacchetto-mobilita-1\/"},"author":{"name":"","@id":""},"headline":"Le associazioni del trasporto stradale chiedono l&#8217;approvazione del pacchetto mobilit\u00e0 1","datePublished":"2020-04-27T20:09:12+00:00","dateModified":"2025-12-15T11:27:17+00:00","mainEntityOfPage":{"@id":"https:\/\/loginfo24.com\/it\/2020\/04\/27\/le-associazioni-del-trasporto-stradale-chiedono-lapprovazione-del-pacchetto-mobilita-1\/"},"wordCount":269,"commentCount":0,"publisher":{"@id":"https:\/\/loginfo24.com\/it\/#organization"},"articleSection":["Forwarding &amp; Logistics","Regions"],"inLanguage":"it-IT","potentialAction":[{"@type":"CommentAction","name":"Comment","target":["https:\/\/loginfo24.com\/it\/2020\/04\/27\/le-associazioni-del-trasporto-stradale-chiedono-lapprovazione-del-pacchetto-mobilita-1\/#respond"]}]},{"@type":"WebPage","@id":"https:\/\/loginfo24.com\/it\/2020\/04\/27\/le-associazioni-del-trasporto-stradale-chiedono-lapprovazione-del-pacchetto-mobilita-1\/","url":"https:\/\/loginfo24.com\/it\/2020\/04\/27\/le-associazioni-del-trasporto-stradale-chiedono-lapprovazione-del-pacchetto-mobilita-1\/","name":"Le associazioni del trasporto stradale chiedono l'approvazione del pacchetto mobilit\u00e0 1 - Loginfo24","isPartOf":{"@id":"https:\/\/loginfo24.com\/it\/#website"},"datePublished":"2020-04-27T20:09:12+00:00","dateModified":"2025-12-15T11:27:17+00:00","breadcrumb":{"@id":"https:\/\/loginfo24.com\/it\/2020\/04\/27\/le-associazioni-del-trasporto-stradale-chiedono-lapprovazione-del-pacchetto-mobilita-1\/#breadcrumb"},"inLanguage":"it-IT","potentialAction":[{"@type":"ReadAction","target":["https:\/\/loginfo24.com\/it\/2020\/04\/27\/le-associazioni-del-trasporto-stradale-chiedono-lapprovazione-del-pacchetto-mobilita-1\/"]}]},{"@type":"BreadcrumbList","@id":"https:\/\/loginfo24.com\/it\/2020\/04\/27\/le-associazioni-del-trasporto-stradale-chiedono-lapprovazione-del-pacchetto-mobilita-1\/#breadcrumb","itemListElement":[{"@type":"ListItem","position":1,"name":"Startseite","item":"https:\/\/loginfo24.com\/it\/"},{"@type":"ListItem","position":2,"name":"Le associazioni del trasporto stradale chiedono l&#8217;approvazione del pacchetto mobilit\u00e0 1"}]},{"@type":"WebSite","@id":"https:\/\/loginfo24.com\/it\/#website","url":"https:\/\/loginfo24.com\/it\/","name":"Loginfo24","description":"Loginfo24 \u00e8 la piattaforma dedicata alla logistica e alle catene di fornitura con informazioni disponibili 24 ore su 24.","publisher":{"@id":"https:\/\/loginfo24.com\/it\/#organization"},"potentialAction":[{"@type":"SearchAction","target":{"@type":"EntryPoint","urlTemplate":"https:\/\/loginfo24.com\/it\/?s={search_term_string}"},"query-input":{"@type":"PropertyValueSpecification","valueRequired":true,"valueName":"search_term_string"}}],"inLanguage":"it-IT"},{"@type":"Organization","@id":"https:\/\/loginfo24.com\/it\/#organization","name":"Logismedia Group AG","url":"https:\/\/loginfo24.com\/it\/","logo":{"@type":"ImageObject","inLanguage":"it-IT","@id":"https:\/\/loginfo24.com\/it\/#\/schema\/logo\/image\/","url":"https:\/\/loginfo24.com\/wp-content\/uploads\/sites\/7\/2026\/01\/Logo_LogInfo24.png","contentUrl":"https:\/\/loginfo24.com\/wp-content\/uploads\/sites\/7\/2026\/01\/Logo_LogInfo24.png","width":938,"height":351,"caption":"Logismedia Group AG"},"image":{"@id":"https:\/\/loginfo24.com\/it\/#\/schema\/logo\/image\/"},"sameAs":["https:\/\/www.facebook.com\/people\/Loginfo24\/100057360583332\/","https:\/\/www.linkedin.com\/company\/lofinfo24\/"]}]}},"_links":{"self":[{"href":"https:\/\/loginfo24.com\/it\/wp-json\/wp\/v2\/posts\/17442","targetHints":{"allow":["GET"]}}],"collection":[{"href":"https:\/\/loginfo24.com\/it\/wp-json\/wp\/v2\/posts"}],"about":[{"href":"https:\/\/loginfo24.com\/it\/wp-json\/wp\/v2\/types\/post"}],"replies":[{"embeddable":true,"href":"https:\/\/loginfo24.com\/it\/wp-json\/wp\/v2\/comments?post=17442"}],"version-history":[{"count":1,"href":"https:\/\/loginfo24.com\/it\/wp-json\/wp\/v2\/posts\/17442\/revisions"}],"predecessor-version":[{"id":31234,"href":"https:\/\/loginfo24.com\/it\/wp-json\/wp\/v2\/posts\/17442\/revisions\/31234"}],"wp:attachment":[{"href":"https:\/\/loginfo24.com\/it\/wp-json\/wp\/v2\/media?parent=17442"}],"wp:term":[{"taxonomy":"category","embeddable":true,"href":"https:\/\/loginfo24.com\/it\/wp-json\/wp\/v2\/categories?post=17442"},{"taxonomy":"post_tag","embeddable":true,"href":"https:\/\/loginfo24.com\/it\/wp-json\/wp\/v2\/tags?post=17442"}],"curies":[{"name":"wp","href":"https:\/\/api.w.org\/{rel}","templated":true}]}}