{"id":17399,"date":"2020-04-17T18:33:52","date_gmt":"2020-04-17T16:33:52","guid":{"rendered":"https:\/\/blog.brand-architecture.at\/2020\/04\/17\/bvl-annuncia-800-000-spettatori-digitali-per-la-giornata-virtuale-della-logistica\/"},"modified":"2025-12-15T12:27:06","modified_gmt":"2025-12-15T11:27:06","slug":"bvl-annuncia-800-000-spettatori-digitali-per-la-giornata-virtuale-della-logistica","status":"publish","type":"post","link":"https:\/\/loginfo24.com\/it\/2020\/04\/17\/bvl-annuncia-800-000-spettatori-digitali-per-la-giornata-virtuale-della-logistica\/","title":{"rendered":"BVL annuncia 800.000 spettatori digitali per la Giornata Virtuale della Logistica"},"content":{"rendered":"<p>Quest&#8217;anno, la Giornata della Logistica della Federazione Tedesca della Logistica (BVL) ha dovuto svolgersi virtualmente a causa della crisi del Corona. 75 eventi si sono svolti online e hanno registrato circa 800.000 visitatori. Sono stati utilizzati tutti i canali dei social media. Il Ministro Federale dei Trasporti Andreas Scheuer ha avviato l&#8217;iniziativa &#8216;La logistica aiuta&#8217;<\/p>\n<p>(Bremen, 17.04.2020) Durante la crisi del Corona, diventa evidente ci\u00f2 che \u00e8 il messaggio della Giornata della Logistica da 13 anni: la logistica e la gestione della supply chain sono essenziali per il sistema e garantiscono l&#8217;approvvigionamento della nostra societ\u00e0. Mentre in tutta la Germania e in molti altri paesi le aziende hanno aperto le porte delle loro attivit\u00e0 per dare un&#8217;idea al grande pubblico, quest&#8217;anno la Giornata dell&#8217;azione \u00e8 stata completamente trasferita online.<\/p>\n<p>Sono stati offerti 75 eventi virtuali, oltre a video, storie e campagne hashtag sui social network. Su tutte le piattaforme di social media, ieri l&#8217;hashtag #tagderlogistik ha raggiunto circa 800.000 persone. Solo i tweet dell&#8217;account @tagderlogistik sono stati visualizzati nelle timeline di 5.000 persone. Il tasso di interazione era del 3,7%. L&#8217;hashtag #tagderlogistik \u00e8 apparso ripetutamente nelle tendenze di Twitter per la Germania, i temi pi\u00f9 popolari su Twitter.<\/p>\n<p><strong>Il Ministro Federale dei Trasporti Scheuer avvia l&#8217;iniziativa &#8216;La logistica aiuta&#8217;<\/strong> Il Ministro Federale dei Trasporti Andreas Scheuer e il Segretario di Stato parlamentare Steffen Bilger hanno utilizzato la Giornata della Logistica per avviare ufficialmente l&#8217;iniziativa &#8216;La logistica aiuta&#8217;, tra l&#8217;altro tramite un live stream dal Rhenus Logistics Center Gro\u00dfbeeren vicino a Berlino. Gi\u00e0 nel programma mattutino dell&#8217;ARD, Scheuer \u00e8 stato ospite per discutere l&#8217;argomento. L&#8217;obiettivo dell&#8217;iniziativa \u00e8 migliorare la situazione per i conducenti di camion presso le rampe, ai confini e nelle aree di sosta. Bilger ha anche partecipato al programma live &#8216;Fernfahrer TV&#8217; su Internet, discutendo tramite video chat con tre conducenti e un imprenditore.<\/p>\n<p>In molti eventi \u00e8 emerso anche l&#8217;immagine cambiata, il nuovo e positivo sguardo del pubblico sulla logistica. In un video-podcast di Amazon con quattro fattorini dell&#8217; &#8216;ultima miglio&#8217;, uno dei partecipanti ha detto: &#8216;Ci si sente anche meglio. Ora torno a casa e ho la sensazione di aver fatto qualcosa di importante.&#8217; Ulteriori punti salienti tra i tanti eventi online interessanti sono stati le storie di Facebook e Instagram degli apprendisti delle aziende di servizi logistici BLG Logistics e F.W. Neukirch. I tour virtuali presso il FIR dell&#8217;RWTH Aachen e attraverso il laboratorio di innovazione Servizi Ibridi nella Logistica a Dortmund hanno mostrato esempi dalla ricerca logistica.<\/p>\n<p><strong>Trasformazione rapida delle offerte in digitale<\/strong> &#8216;Siamo felici che molte aziende e istituti abbiano intrapreso coraggiosamente questo nuovo percorso digitale e abbiano adattato la loro offerta a eventi virtuali cos\u00ec rapidamente. Cos\u00ec abbiamo potuto dare anche quest&#8217;anno alla logistica e alla gestione della supply chain il palcoscenico che meritano, nonostante il Corona. Ringraziamo di cuore tutti coloro che hanno partecipato&#8217;, afferma il Prof. Thomas Wimmer, Presidente del Consiglio di Amministrazione della BVL. Wimmer stesso ha tenuto nel pomeriggio una conferenza specialistica online presso l&#8217;Istituto Ellenico per la Gestione della Logistica sui risultati della pandemia di Corona sulla logistica in Europa.<\/p>\n<p>In effetti, per molte aziende e organizzazioni impegnate \u00e8 stata una prima volta, hanno colto l&#8217;occasione con coraggio per interagire per la prima volta con il grande pubblico attraverso formati come un webinar, una videoconferenza o una Facebook Watch Party.<\/p>\n<p>Per la prossima Giornata della Logistica, l&#8217;iniziativa BVL desidera una combinazione di visite aziendali reali e offerte virtuali. La data \u00e8 fissata per il 15 aprile 2021.<\/p>\n<p><strong>Riflessione:<\/strong> Immagini e screenshot ad alta risoluzione sono disponibili su (inserire link BVL). Le registrazioni di alcuni eventi sono disponibili su: <a href=\"https:\/\/www.tag-der-logistik.de\/rueckblick-2020\" target=\"_blank\" rel=\"noopener noreferrer\">www.tag-der-logistik.de\/rueckblick-2020<\/a><\/p>\n<p>Anche sui social network ci sono foto e impressioni individuali della giornata - sotto l&#8217;hashtag #tagderlogistik, sui profili ufficiali della giornata dell&#8217;azione su www.facebook.de\/tagderlogistik o www.twitter.com\/tagderlogistik, oltre che sul canale Instagram della BVL @bvloffice.<\/p>\n<p>Foto: BVL - Il Ministro Federale dei Trasporti Andreas Scheuer avvia l&#8217;iniziativa &#8216;La logistica aiuta&#8217;<\/p>\n","protected":false},"excerpt":{"rendered":"<p>Quest&#8217;anno, la Giornata della Logistica della Federazione Tedesca della Logistica (BVL) ha dovuto svolgersi virtualmente a causa della crisi del Corona. 75 eventi si sono svolti<span class=\"excerpt-hellip\"> [\u2026]<\/span><\/p>\n","protected":false},"author":0,"featured_media":0,"comment_status":"open","ping_status":"open","sticky":false,"template":"","format":"standard","meta":{"_acf_changed":false,"footnotes":""},"categories":[1665,1557,1561],"tags":[],"class_list":["post-17399","post","type-post","status-publish","format-standard","hentry","category-categories","category-forwarding-logistics","category-regions"],"acf":[],"yoast_head":"<!-- This site is optimized with the Yoast SEO plugin v27.3 - https:\/\/yoast.com\/product\/yoast-seo-wordpress\/ -->\n<title>BVL annuncia 800.000 spettatori digitali per la Giornata Virtuale della Logistica - Loginfo24<\/title>\n<meta name=\"robots\" content=\"index, follow, max-snippet:-1, max-image-preview:large, max-video-preview:-1\" \/>\n<link rel=\"canonical\" href=\"https:\/\/loginfo24.com\/it\/2020\/04\/17\/bvl-annuncia-800-000-spettatori-digitali-per-la-giornata-virtuale-della-logistica\/\" \/>\n<meta property=\"og:locale\" content=\"it_IT\" \/>\n<meta property=\"og:type\" content=\"article\" \/>\n<meta property=\"og:title\" content=\"BVL annuncia 800.000 spettatori digitali per la Giornata Virtuale della Logistica - Loginfo24\" \/>\n<meta property=\"og:description\" content=\"Quest&#8217;anno, la Giornata della Logistica della Federazione Tedesca della Logistica (BVL) ha dovuto svolgersi virtualmente a causa della crisi del Corona. 75 eventi si sono svolti [\u2026]\" \/>\n<meta property=\"og:url\" content=\"https:\/\/loginfo24.com\/it\/2020\/04\/17\/bvl-annuncia-800-000-spettatori-digitali-per-la-giornata-virtuale-della-logistica\/\" \/>\n<meta property=\"og:site_name\" content=\"Loginfo24\" \/>\n<meta property=\"article:publisher\" content=\"https:\/\/www.facebook.com\/people\/Loginfo24\/100057360583332\/\" \/>\n<meta property=\"article:published_time\" content=\"2020-04-17T16:33:52+00:00\" \/>\n<meta property=\"article:modified_time\" content=\"2025-12-15T11:27:06+00:00\" \/>\n<meta name=\"twitter:card\" content=\"summary_large_image\" \/>\n<meta name=\"twitter:label1\" content=\"Tempo di lettura stimato\" \/>\n\t<meta name=\"twitter:data1\" content=\"3 minuto\" \/>\n<script type=\"application\/ld+json\" class=\"yoast-schema-graph\">{\"@context\":\"https:\\\/\\\/schema.org\",\"@graph\":[{\"@type\":\"Article\",\"@id\":\"https:\\\/\\\/loginfo24.com\\\/it\\\/2020\\\/04\\\/17\\\/bvl-annuncia-800-000-spettatori-digitali-per-la-giornata-virtuale-della-logistica\\\/#article\",\"isPartOf\":{\"@id\":\"https:\\\/\\\/loginfo24.com\\\/it\\\/2020\\\/04\\\/17\\\/bvl-annuncia-800-000-spettatori-digitali-per-la-giornata-virtuale-della-logistica\\\/\"},\"author\":{\"name\":\"\",\"@id\":\"\"},\"headline\":\"BVL annuncia 800.000 spettatori digitali per la Giornata Virtuale della Logistica\",\"datePublished\":\"2020-04-17T16:33:52+00:00\",\"dateModified\":\"2025-12-15T11:27:06+00:00\",\"mainEntityOfPage\":{\"@id\":\"https:\\\/\\\/loginfo24.com\\\/it\\\/2020\\\/04\\\/17\\\/bvl-annuncia-800-000-spettatori-digitali-per-la-giornata-virtuale-della-logistica\\\/\"},\"wordCount\":678,\"commentCount\":0,\"publisher\":{\"@id\":\"https:\\\/\\\/loginfo24.com\\\/it\\\/#organization\"},\"articleSection\":[\"Categories\",\"Forwarding &amp; Logistics\",\"Regions\"],\"inLanguage\":\"it-IT\",\"potentialAction\":[{\"@type\":\"CommentAction\",\"name\":\"Comment\",\"target\":[\"https:\\\/\\\/loginfo24.com\\\/it\\\/2020\\\/04\\\/17\\\/bvl-annuncia-800-000-spettatori-digitali-per-la-giornata-virtuale-della-logistica\\\/#respond\"]}]},{\"@type\":\"WebPage\",\"@id\":\"https:\\\/\\\/loginfo24.com\\\/it\\\/2020\\\/04\\\/17\\\/bvl-annuncia-800-000-spettatori-digitali-per-la-giornata-virtuale-della-logistica\\\/\",\"url\":\"https:\\\/\\\/loginfo24.com\\\/it\\\/2020\\\/04\\\/17\\\/bvl-annuncia-800-000-spettatori-digitali-per-la-giornata-virtuale-della-logistica\\\/\",\"name\":\"BVL annuncia 800.000 spettatori digitali per la Giornata Virtuale della Logistica - Loginfo24\",\"isPartOf\":{\"@id\":\"https:\\\/\\\/loginfo24.com\\\/it\\\/#website\"},\"datePublished\":\"2020-04-17T16:33:52+00:00\",\"dateModified\":\"2025-12-15T11:27:06+00:00\",\"breadcrumb\":{\"@id\":\"https:\\\/\\\/loginfo24.com\\\/it\\\/2020\\\/04\\\/17\\\/bvl-annuncia-800-000-spettatori-digitali-per-la-giornata-virtuale-della-logistica\\\/#breadcrumb\"},\"inLanguage\":\"it-IT\",\"potentialAction\":[{\"@type\":\"ReadAction\",\"target\":[\"https:\\\/\\\/loginfo24.com\\\/it\\\/2020\\\/04\\\/17\\\/bvl-annuncia-800-000-spettatori-digitali-per-la-giornata-virtuale-della-logistica\\\/\"]}]},{\"@type\":\"BreadcrumbList\",\"@id\":\"https:\\\/\\\/loginfo24.com\\\/it\\\/2020\\\/04\\\/17\\\/bvl-annuncia-800-000-spettatori-digitali-per-la-giornata-virtuale-della-logistica\\\/#breadcrumb\",\"itemListElement\":[{\"@type\":\"ListItem\",\"position\":1,\"name\":\"Startseite\",\"item\":\"https:\\\/\\\/loginfo24.com\\\/it\\\/\"},{\"@type\":\"ListItem\",\"position\":2,\"name\":\"BVL annuncia 800.000 spettatori digitali per la Giornata Virtuale della Logistica\"}]},{\"@type\":\"WebSite\",\"@id\":\"https:\\\/\\\/loginfo24.com\\\/it\\\/#website\",\"url\":\"https:\\\/\\\/loginfo24.com\\\/it\\\/\",\"name\":\"Loginfo24\",\"description\":\"Loginfo24 \u00e8 la piattaforma dedicata alla logistica e alle catene di fornitura con informazioni disponibili 24 ore su 24.\",\"publisher\":{\"@id\":\"https:\\\/\\\/loginfo24.com\\\/it\\\/#organization\"},\"potentialAction\":[{\"@type\":\"SearchAction\",\"target\":{\"@type\":\"EntryPoint\",\"urlTemplate\":\"https:\\\/\\\/loginfo24.com\\\/it\\\/?s={search_term_string}\"},\"query-input\":{\"@type\":\"PropertyValueSpecification\",\"valueRequired\":true,\"valueName\":\"search_term_string\"}}],\"inLanguage\":\"it-IT\"},{\"@type\":\"Organization\",\"@id\":\"https:\\\/\\\/loginfo24.com\\\/it\\\/#organization\",\"name\":\"Logismedia Group AG\",\"url\":\"https:\\\/\\\/loginfo24.com\\\/it\\\/\",\"logo\":{\"@type\":\"ImageObject\",\"inLanguage\":\"it-IT\",\"@id\":\"https:\\\/\\\/loginfo24.com\\\/it\\\/#\\\/schema\\\/logo\\\/image\\\/\",\"url\":\"https:\\\/\\\/loginfo24.com\\\/wp-content\\\/uploads\\\/sites\\\/7\\\/2026\\\/01\\\/Logo_LogInfo24.png\",\"contentUrl\":\"https:\\\/\\\/loginfo24.com\\\/wp-content\\\/uploads\\\/sites\\\/7\\\/2026\\\/01\\\/Logo_LogInfo24.png\",\"width\":938,\"height\":351,\"caption\":\"Logismedia Group AG\"},\"image\":{\"@id\":\"https:\\\/\\\/loginfo24.com\\\/it\\\/#\\\/schema\\\/logo\\\/image\\\/\"},\"sameAs\":[\"https:\\\/\\\/www.facebook.com\\\/people\\\/Loginfo24\\\/100057360583332\\\/\",\"https:\\\/\\\/www.linkedin.com\\\/company\\\/lofinfo24\\\/\"]}]}<\/script>\n<!-- \/ Yoast SEO plugin. -->","yoast_head_json":{"title":"BVL annuncia 800.000 spettatori digitali per la Giornata Virtuale della Logistica - Loginfo24","robots":{"index":"index","follow":"follow","max-snippet":"max-snippet:-1","max-image-preview":"max-image-preview:large","max-video-preview":"max-video-preview:-1"},"canonical":"https:\/\/loginfo24.com\/it\/2020\/04\/17\/bvl-annuncia-800-000-spettatori-digitali-per-la-giornata-virtuale-della-logistica\/","og_locale":"it_IT","og_type":"article","og_title":"BVL annuncia 800.000 spettatori digitali per la Giornata Virtuale della Logistica - Loginfo24","og_description":"Quest&#8217;anno, la Giornata della Logistica della Federazione Tedesca della Logistica (BVL) ha dovuto svolgersi virtualmente a causa della crisi del Corona. 75 eventi si sono svolti [\u2026]","og_url":"https:\/\/loginfo24.com\/it\/2020\/04\/17\/bvl-annuncia-800-000-spettatori-digitali-per-la-giornata-virtuale-della-logistica\/","og_site_name":"Loginfo24","article_publisher":"https:\/\/www.facebook.com\/people\/Loginfo24\/100057360583332\/","article_published_time":"2020-04-17T16:33:52+00:00","article_modified_time":"2025-12-15T11:27:06+00:00","twitter_card":"summary_large_image","twitter_misc":{"Tempo di lettura stimato":"3 minuto"},"schema":{"@context":"https:\/\/schema.org","@graph":[{"@type":"Article","@id":"https:\/\/loginfo24.com\/it\/2020\/04\/17\/bvl-annuncia-800-000-spettatori-digitali-per-la-giornata-virtuale-della-logistica\/#article","isPartOf":{"@id":"https:\/\/loginfo24.com\/it\/2020\/04\/17\/bvl-annuncia-800-000-spettatori-digitali-per-la-giornata-virtuale-della-logistica\/"},"author":{"name":"","@id":""},"headline":"BVL annuncia 800.000 spettatori digitali per la Giornata Virtuale della Logistica","datePublished":"2020-04-17T16:33:52+00:00","dateModified":"2025-12-15T11:27:06+00:00","mainEntityOfPage":{"@id":"https:\/\/loginfo24.com\/it\/2020\/04\/17\/bvl-annuncia-800-000-spettatori-digitali-per-la-giornata-virtuale-della-logistica\/"},"wordCount":678,"commentCount":0,"publisher":{"@id":"https:\/\/loginfo24.com\/it\/#organization"},"articleSection":["Categories","Forwarding &amp; Logistics","Regions"],"inLanguage":"it-IT","potentialAction":[{"@type":"CommentAction","name":"Comment","target":["https:\/\/loginfo24.com\/it\/2020\/04\/17\/bvl-annuncia-800-000-spettatori-digitali-per-la-giornata-virtuale-della-logistica\/#respond"]}]},{"@type":"WebPage","@id":"https:\/\/loginfo24.com\/it\/2020\/04\/17\/bvl-annuncia-800-000-spettatori-digitali-per-la-giornata-virtuale-della-logistica\/","url":"https:\/\/loginfo24.com\/it\/2020\/04\/17\/bvl-annuncia-800-000-spettatori-digitali-per-la-giornata-virtuale-della-logistica\/","name":"BVL annuncia 800.000 spettatori digitali per la Giornata Virtuale della Logistica - Loginfo24","isPartOf":{"@id":"https:\/\/loginfo24.com\/it\/#website"},"datePublished":"2020-04-17T16:33:52+00:00","dateModified":"2025-12-15T11:27:06+00:00","breadcrumb":{"@id":"https:\/\/loginfo24.com\/it\/2020\/04\/17\/bvl-annuncia-800-000-spettatori-digitali-per-la-giornata-virtuale-della-logistica\/#breadcrumb"},"inLanguage":"it-IT","potentialAction":[{"@type":"ReadAction","target":["https:\/\/loginfo24.com\/it\/2020\/04\/17\/bvl-annuncia-800-000-spettatori-digitali-per-la-giornata-virtuale-della-logistica\/"]}]},{"@type":"BreadcrumbList","@id":"https:\/\/loginfo24.com\/it\/2020\/04\/17\/bvl-annuncia-800-000-spettatori-digitali-per-la-giornata-virtuale-della-logistica\/#breadcrumb","itemListElement":[{"@type":"ListItem","position":1,"name":"Startseite","item":"https:\/\/loginfo24.com\/it\/"},{"@type":"ListItem","position":2,"name":"BVL annuncia 800.000 spettatori digitali per la Giornata Virtuale della Logistica"}]},{"@type":"WebSite","@id":"https:\/\/loginfo24.com\/it\/#website","url":"https:\/\/loginfo24.com\/it\/","name":"Loginfo24","description":"Loginfo24 \u00e8 la piattaforma dedicata alla logistica e alle catene di fornitura con informazioni disponibili 24 ore su 24.","publisher":{"@id":"https:\/\/loginfo24.com\/it\/#organization"},"potentialAction":[{"@type":"SearchAction","target":{"@type":"EntryPoint","urlTemplate":"https:\/\/loginfo24.com\/it\/?s={search_term_string}"},"query-input":{"@type":"PropertyValueSpecification","valueRequired":true,"valueName":"search_term_string"}}],"inLanguage":"it-IT"},{"@type":"Organization","@id":"https:\/\/loginfo24.com\/it\/#organization","name":"Logismedia Group AG","url":"https:\/\/loginfo24.com\/it\/","logo":{"@type":"ImageObject","inLanguage":"it-IT","@id":"https:\/\/loginfo24.com\/it\/#\/schema\/logo\/image\/","url":"https:\/\/loginfo24.com\/wp-content\/uploads\/sites\/7\/2026\/01\/Logo_LogInfo24.png","contentUrl":"https:\/\/loginfo24.com\/wp-content\/uploads\/sites\/7\/2026\/01\/Logo_LogInfo24.png","width":938,"height":351,"caption":"Logismedia Group AG"},"image":{"@id":"https:\/\/loginfo24.com\/it\/#\/schema\/logo\/image\/"},"sameAs":["https:\/\/www.facebook.com\/people\/Loginfo24\/100057360583332\/","https:\/\/www.linkedin.com\/company\/lofinfo24\/"]}]}},"_links":{"self":[{"href":"https:\/\/loginfo24.com\/it\/wp-json\/wp\/v2\/posts\/17399","targetHints":{"allow":["GET"]}}],"collection":[{"href":"https:\/\/loginfo24.com\/it\/wp-json\/wp\/v2\/posts"}],"about":[{"href":"https:\/\/loginfo24.com\/it\/wp-json\/wp\/v2\/types\/post"}],"replies":[{"embeddable":true,"href":"https:\/\/loginfo24.com\/it\/wp-json\/wp\/v2\/comments?post=17399"}],"version-history":[{"count":1,"href":"https:\/\/loginfo24.com\/it\/wp-json\/wp\/v2\/posts\/17399\/revisions"}],"predecessor-version":[{"id":31148,"href":"https:\/\/loginfo24.com\/it\/wp-json\/wp\/v2\/posts\/17399\/revisions\/31148"}],"wp:attachment":[{"href":"https:\/\/loginfo24.com\/it\/wp-json\/wp\/v2\/media?parent=17399"}],"wp:term":[{"taxonomy":"category","embeddable":true,"href":"https:\/\/loginfo24.com\/it\/wp-json\/wp\/v2\/categories?post=17399"},{"taxonomy":"post_tag","embeddable":true,"href":"https:\/\/loginfo24.com\/it\/wp-json\/wp\/v2\/tags?post=17399"}],"curies":[{"name":"wp","href":"https:\/\/api.w.org\/{rel}","templated":true}]}}