{"id":17353,"date":"2020-04-09T19:37:29","date_gmt":"2020-04-09T17:37:29","guid":{"rendered":"https:\/\/blog.brand-architecture.at\/2020\/04\/09\/lufthansa-cargo-e-austrian-airlines-ampliano-la-capacita-di-carico\/"},"modified":"2025-12-15T12:26:55","modified_gmt":"2025-12-15T11:26:55","slug":"lufthansa-cargo-e-austrian-airlines-ampliano-la-capacita-di-carico","status":"publish","type":"post","link":"https:\/\/loginfo24.com\/it\/2020\/04\/09\/lufthansa-cargo-e-austrian-airlines-ampliano-la-capacita-di-carico\/","title":{"rendered":"Lufthansa Cargo e Austrian Airlines ampliano la capacit\u00e0 di carico"},"content":{"rendered":"<p>Lufthansa Cargo e Austrian Airlines offrono 51 voli cargo settimanali aggiuntivi dalla Germania e dall&#8217;Austria verso l&#8217;Asia e ritorno. Da diversi aerei passeggeri verranno rimossi i posti<\/p>\n<p>(Francoforte, 09.04.2020) Lufthansa Cargo amplia in collaborazione con Lufthansa e Austrian Airlines la capacit\u00e0 di carico aereo attualmente particolarmente limitata tra Europa e Asia.<\/p>\n<p>Attualmente operano settimanalmente 14 voli con aerei cargo di grandi dimensioni del tipo Boeing 777F con una capacit\u00e0 di carico standard di circa 103 tonnellate tra Francoforte e la Cina continentale. A partire da Pasqua, si aggiungeranno 35 voli settimanali con aerei passeggeri Lufthansa esclusivamente per il trasporto di merci. Poich\u00e9 lo spazio della cabina di questi aerei pu\u00f2 essere caricato anche con merci, si ottiene nella pratica una capacit\u00e0 di carico media di circa 30 tonnellate ciascuno.<\/p>\n<p>In dettaglio, da Francoforte ci saranno due collegamenti giornalieri per Shanghai (PVG) e un collegamento giornaliero per Pechino (PEK) con aerei del tipo Airbus A330-300. Da Monaco partir\u00e0 quotidianamente un Airbus A350-900 per Shanghai (PVG) e per Pechino (PEK).<\/p>\n<p>Per aumentare ulteriormente il volume di carico possibile, in particolare per il trasporto di carichi relativamente leggeri come le mascherine, verranno rimossi alcuni elementi dell&#8217;allestimento della cabina di inizialmente quattro aerei Lufthansa.<\/p>\n<p>In Austria, Austrian Airlines metter\u00e0 a disposizione a partire da Pasqua circa 16 voli settimanali dall&#8217;aeroporto di Vienna per il trasporto di merci. Shanghai (PVG) sar\u00e0 servita otto volte, Pechino (PEK) cinque volte, Penang (PEN) due volte e Xiamen (XMN) una volta a settimana. Verranno utilizzati aerei passeggeri del tipo Boeing 767-300 e Boeing 777-200.<\/p>\n<p>Foto: Lufthansa<\/p>\n<p><a href=\"https:\/\/lufthansa-cargo.com\/de\" target=\"_blank\" rel=\"noopener noreferrer\">www.lufthansa-cargo.com<\/a><\/p>\n","protected":false},"excerpt":{"rendered":"<p>Lufthansa Cargo e Austrian Airlines offrono 51 voli cargo settimanali aggiuntivi dalla Germania e dall&#8217;Austria verso l&#8217;Asia e ritorno. Da diversi aerei passeggeri verranno rimossi i<span class=\"excerpt-hellip\"> [\u2026]<\/span><\/p>\n","protected":false},"author":0,"featured_media":0,"comment_status":"open","ping_status":"open","sticky":false,"template":"","format":"standard","meta":{"_acf_changed":false,"footnotes":""},"categories":[1558,1561],"tags":[],"class_list":["post-17353","post","type-post","status-publish","format-standard","hentry","category-air-freight","category-regions"],"acf":[],"yoast_head":"<!-- This site is optimized with the Yoast SEO plugin v27.3 - https:\/\/yoast.com\/product\/yoast-seo-wordpress\/ -->\n<title>Lufthansa Cargo e Austrian Airlines ampliano la capacit\u00e0 di carico - Loginfo24<\/title>\n<meta name=\"robots\" content=\"index, follow, max-snippet:-1, max-image-preview:large, max-video-preview:-1\" \/>\n<link rel=\"canonical\" href=\"https:\/\/loginfo24.com\/it\/2020\/04\/09\/lufthansa-cargo-e-austrian-airlines-ampliano-la-capacita-di-carico\/\" \/>\n<meta property=\"og:locale\" content=\"it_IT\" \/>\n<meta property=\"og:type\" content=\"article\" \/>\n<meta property=\"og:title\" content=\"Lufthansa Cargo e Austrian Airlines ampliano la capacit\u00e0 di carico - Loginfo24\" \/>\n<meta property=\"og:description\" content=\"Lufthansa Cargo e Austrian Airlines offrono 51 voli cargo settimanali aggiuntivi dalla Germania e dall&#8217;Austria verso l&#8217;Asia e ritorno. Da diversi aerei passeggeri verranno rimossi i [\u2026]\" \/>\n<meta property=\"og:url\" content=\"https:\/\/loginfo24.com\/it\/2020\/04\/09\/lufthansa-cargo-e-austrian-airlines-ampliano-la-capacita-di-carico\/\" \/>\n<meta property=\"og:site_name\" content=\"Loginfo24\" \/>\n<meta property=\"article:publisher\" content=\"https:\/\/www.facebook.com\/people\/Loginfo24\/100057360583332\/\" \/>\n<meta property=\"article:published_time\" content=\"2020-04-09T17:37:29+00:00\" \/>\n<meta property=\"article:modified_time\" content=\"2025-12-15T11:26:55+00:00\" \/>\n<meta name=\"twitter:card\" content=\"summary_large_image\" \/>\n<meta name=\"twitter:label1\" content=\"Tempo di lettura stimato\" \/>\n\t<meta name=\"twitter:data1\" content=\"1 minuto\" \/>\n<script type=\"application\/ld+json\" class=\"yoast-schema-graph\">{\"@context\":\"https:\\\/\\\/schema.org\",\"@graph\":[{\"@type\":\"Article\",\"@id\":\"https:\\\/\\\/loginfo24.com\\\/it\\\/2020\\\/04\\\/09\\\/lufthansa-cargo-e-austrian-airlines-ampliano-la-capacita-di-carico\\\/#article\",\"isPartOf\":{\"@id\":\"https:\\\/\\\/loginfo24.com\\\/it\\\/2020\\\/04\\\/09\\\/lufthansa-cargo-e-austrian-airlines-ampliano-la-capacita-di-carico\\\/\"},\"author\":{\"name\":\"\",\"@id\":\"\"},\"headline\":\"Lufthansa Cargo e Austrian Airlines ampliano la capacit\u00e0 di carico\",\"datePublished\":\"2020-04-09T17:37:29+00:00\",\"dateModified\":\"2025-12-15T11:26:55+00:00\",\"mainEntityOfPage\":{\"@id\":\"https:\\\/\\\/loginfo24.com\\\/it\\\/2020\\\/04\\\/09\\\/lufthansa-cargo-e-austrian-airlines-ampliano-la-capacita-di-carico\\\/\"},\"wordCount\":269,\"commentCount\":0,\"publisher\":{\"@id\":\"https:\\\/\\\/loginfo24.com\\\/it\\\/#organization\"},\"articleSection\":[\"Air Freight\",\"Regions\"],\"inLanguage\":\"it-IT\",\"potentialAction\":[{\"@type\":\"CommentAction\",\"name\":\"Comment\",\"target\":[\"https:\\\/\\\/loginfo24.com\\\/it\\\/2020\\\/04\\\/09\\\/lufthansa-cargo-e-austrian-airlines-ampliano-la-capacita-di-carico\\\/#respond\"]}]},{\"@type\":\"WebPage\",\"@id\":\"https:\\\/\\\/loginfo24.com\\\/it\\\/2020\\\/04\\\/09\\\/lufthansa-cargo-e-austrian-airlines-ampliano-la-capacita-di-carico\\\/\",\"url\":\"https:\\\/\\\/loginfo24.com\\\/it\\\/2020\\\/04\\\/09\\\/lufthansa-cargo-e-austrian-airlines-ampliano-la-capacita-di-carico\\\/\",\"name\":\"Lufthansa Cargo e Austrian Airlines ampliano la capacit\u00e0 di carico - Loginfo24\",\"isPartOf\":{\"@id\":\"https:\\\/\\\/loginfo24.com\\\/it\\\/#website\"},\"datePublished\":\"2020-04-09T17:37:29+00:00\",\"dateModified\":\"2025-12-15T11:26:55+00:00\",\"breadcrumb\":{\"@id\":\"https:\\\/\\\/loginfo24.com\\\/it\\\/2020\\\/04\\\/09\\\/lufthansa-cargo-e-austrian-airlines-ampliano-la-capacita-di-carico\\\/#breadcrumb\"},\"inLanguage\":\"it-IT\",\"potentialAction\":[{\"@type\":\"ReadAction\",\"target\":[\"https:\\\/\\\/loginfo24.com\\\/it\\\/2020\\\/04\\\/09\\\/lufthansa-cargo-e-austrian-airlines-ampliano-la-capacita-di-carico\\\/\"]}]},{\"@type\":\"BreadcrumbList\",\"@id\":\"https:\\\/\\\/loginfo24.com\\\/it\\\/2020\\\/04\\\/09\\\/lufthansa-cargo-e-austrian-airlines-ampliano-la-capacita-di-carico\\\/#breadcrumb\",\"itemListElement\":[{\"@type\":\"ListItem\",\"position\":1,\"name\":\"Startseite\",\"item\":\"https:\\\/\\\/loginfo24.com\\\/it\\\/\"},{\"@type\":\"ListItem\",\"position\":2,\"name\":\"Lufthansa Cargo e Austrian Airlines ampliano la capacit\u00e0 di carico\"}]},{\"@type\":\"WebSite\",\"@id\":\"https:\\\/\\\/loginfo24.com\\\/it\\\/#website\",\"url\":\"https:\\\/\\\/loginfo24.com\\\/it\\\/\",\"name\":\"Loginfo24\",\"description\":\"Loginfo24 \u00e8 la piattaforma dedicata alla logistica e alle catene di fornitura con informazioni disponibili 24 ore su 24.\",\"publisher\":{\"@id\":\"https:\\\/\\\/loginfo24.com\\\/it\\\/#organization\"},\"potentialAction\":[{\"@type\":\"SearchAction\",\"target\":{\"@type\":\"EntryPoint\",\"urlTemplate\":\"https:\\\/\\\/loginfo24.com\\\/it\\\/?s={search_term_string}\"},\"query-input\":{\"@type\":\"PropertyValueSpecification\",\"valueRequired\":true,\"valueName\":\"search_term_string\"}}],\"inLanguage\":\"it-IT\"},{\"@type\":\"Organization\",\"@id\":\"https:\\\/\\\/loginfo24.com\\\/it\\\/#organization\",\"name\":\"Logismedia Group AG\",\"url\":\"https:\\\/\\\/loginfo24.com\\\/it\\\/\",\"logo\":{\"@type\":\"ImageObject\",\"inLanguage\":\"it-IT\",\"@id\":\"https:\\\/\\\/loginfo24.com\\\/it\\\/#\\\/schema\\\/logo\\\/image\\\/\",\"url\":\"https:\\\/\\\/loginfo24.com\\\/wp-content\\\/uploads\\\/sites\\\/7\\\/2026\\\/01\\\/Logo_LogInfo24.png\",\"contentUrl\":\"https:\\\/\\\/loginfo24.com\\\/wp-content\\\/uploads\\\/sites\\\/7\\\/2026\\\/01\\\/Logo_LogInfo24.png\",\"width\":938,\"height\":351,\"caption\":\"Logismedia Group AG\"},\"image\":{\"@id\":\"https:\\\/\\\/loginfo24.com\\\/it\\\/#\\\/schema\\\/logo\\\/image\\\/\"},\"sameAs\":[\"https:\\\/\\\/www.facebook.com\\\/people\\\/Loginfo24\\\/100057360583332\\\/\",\"https:\\\/\\\/www.linkedin.com\\\/company\\\/lofinfo24\\\/\"]}]}<\/script>\n<!-- \/ Yoast SEO plugin. -->","yoast_head_json":{"title":"Lufthansa Cargo e Austrian Airlines ampliano la capacit\u00e0 di carico - Loginfo24","robots":{"index":"index","follow":"follow","max-snippet":"max-snippet:-1","max-image-preview":"max-image-preview:large","max-video-preview":"max-video-preview:-1"},"canonical":"https:\/\/loginfo24.com\/it\/2020\/04\/09\/lufthansa-cargo-e-austrian-airlines-ampliano-la-capacita-di-carico\/","og_locale":"it_IT","og_type":"article","og_title":"Lufthansa Cargo e Austrian Airlines ampliano la capacit\u00e0 di carico - Loginfo24","og_description":"Lufthansa Cargo e Austrian Airlines offrono 51 voli cargo settimanali aggiuntivi dalla Germania e dall&#8217;Austria verso l&#8217;Asia e ritorno. Da diversi aerei passeggeri verranno rimossi i [\u2026]","og_url":"https:\/\/loginfo24.com\/it\/2020\/04\/09\/lufthansa-cargo-e-austrian-airlines-ampliano-la-capacita-di-carico\/","og_site_name":"Loginfo24","article_publisher":"https:\/\/www.facebook.com\/people\/Loginfo24\/100057360583332\/","article_published_time":"2020-04-09T17:37:29+00:00","article_modified_time":"2025-12-15T11:26:55+00:00","twitter_card":"summary_large_image","twitter_misc":{"Tempo di lettura stimato":"1 minuto"},"schema":{"@context":"https:\/\/schema.org","@graph":[{"@type":"Article","@id":"https:\/\/loginfo24.com\/it\/2020\/04\/09\/lufthansa-cargo-e-austrian-airlines-ampliano-la-capacita-di-carico\/#article","isPartOf":{"@id":"https:\/\/loginfo24.com\/it\/2020\/04\/09\/lufthansa-cargo-e-austrian-airlines-ampliano-la-capacita-di-carico\/"},"author":{"name":"","@id":""},"headline":"Lufthansa Cargo e Austrian Airlines ampliano la capacit\u00e0 di carico","datePublished":"2020-04-09T17:37:29+00:00","dateModified":"2025-12-15T11:26:55+00:00","mainEntityOfPage":{"@id":"https:\/\/loginfo24.com\/it\/2020\/04\/09\/lufthansa-cargo-e-austrian-airlines-ampliano-la-capacita-di-carico\/"},"wordCount":269,"commentCount":0,"publisher":{"@id":"https:\/\/loginfo24.com\/it\/#organization"},"articleSection":["Air Freight","Regions"],"inLanguage":"it-IT","potentialAction":[{"@type":"CommentAction","name":"Comment","target":["https:\/\/loginfo24.com\/it\/2020\/04\/09\/lufthansa-cargo-e-austrian-airlines-ampliano-la-capacita-di-carico\/#respond"]}]},{"@type":"WebPage","@id":"https:\/\/loginfo24.com\/it\/2020\/04\/09\/lufthansa-cargo-e-austrian-airlines-ampliano-la-capacita-di-carico\/","url":"https:\/\/loginfo24.com\/it\/2020\/04\/09\/lufthansa-cargo-e-austrian-airlines-ampliano-la-capacita-di-carico\/","name":"Lufthansa Cargo e Austrian Airlines ampliano la capacit\u00e0 di carico - Loginfo24","isPartOf":{"@id":"https:\/\/loginfo24.com\/it\/#website"},"datePublished":"2020-04-09T17:37:29+00:00","dateModified":"2025-12-15T11:26:55+00:00","breadcrumb":{"@id":"https:\/\/loginfo24.com\/it\/2020\/04\/09\/lufthansa-cargo-e-austrian-airlines-ampliano-la-capacita-di-carico\/#breadcrumb"},"inLanguage":"it-IT","potentialAction":[{"@type":"ReadAction","target":["https:\/\/loginfo24.com\/it\/2020\/04\/09\/lufthansa-cargo-e-austrian-airlines-ampliano-la-capacita-di-carico\/"]}]},{"@type":"BreadcrumbList","@id":"https:\/\/loginfo24.com\/it\/2020\/04\/09\/lufthansa-cargo-e-austrian-airlines-ampliano-la-capacita-di-carico\/#breadcrumb","itemListElement":[{"@type":"ListItem","position":1,"name":"Startseite","item":"https:\/\/loginfo24.com\/it\/"},{"@type":"ListItem","position":2,"name":"Lufthansa Cargo e Austrian Airlines ampliano la capacit\u00e0 di carico"}]},{"@type":"WebSite","@id":"https:\/\/loginfo24.com\/it\/#website","url":"https:\/\/loginfo24.com\/it\/","name":"Loginfo24","description":"Loginfo24 \u00e8 la piattaforma dedicata alla logistica e alle catene di fornitura con informazioni disponibili 24 ore su 24.","publisher":{"@id":"https:\/\/loginfo24.com\/it\/#organization"},"potentialAction":[{"@type":"SearchAction","target":{"@type":"EntryPoint","urlTemplate":"https:\/\/loginfo24.com\/it\/?s={search_term_string}"},"query-input":{"@type":"PropertyValueSpecification","valueRequired":true,"valueName":"search_term_string"}}],"inLanguage":"it-IT"},{"@type":"Organization","@id":"https:\/\/loginfo24.com\/it\/#organization","name":"Logismedia Group AG","url":"https:\/\/loginfo24.com\/it\/","logo":{"@type":"ImageObject","inLanguage":"it-IT","@id":"https:\/\/loginfo24.com\/it\/#\/schema\/logo\/image\/","url":"https:\/\/loginfo24.com\/wp-content\/uploads\/sites\/7\/2026\/01\/Logo_LogInfo24.png","contentUrl":"https:\/\/loginfo24.com\/wp-content\/uploads\/sites\/7\/2026\/01\/Logo_LogInfo24.png","width":938,"height":351,"caption":"Logismedia Group AG"},"image":{"@id":"https:\/\/loginfo24.com\/it\/#\/schema\/logo\/image\/"},"sameAs":["https:\/\/www.facebook.com\/people\/Loginfo24\/100057360583332\/","https:\/\/www.linkedin.com\/company\/lofinfo24\/"]}]}},"_links":{"self":[{"href":"https:\/\/loginfo24.com\/it\/wp-json\/wp\/v2\/posts\/17353","targetHints":{"allow":["GET"]}}],"collection":[{"href":"https:\/\/loginfo24.com\/it\/wp-json\/wp\/v2\/posts"}],"about":[{"href":"https:\/\/loginfo24.com\/it\/wp-json\/wp\/v2\/types\/post"}],"replies":[{"embeddable":true,"href":"https:\/\/loginfo24.com\/it\/wp-json\/wp\/v2\/comments?post=17353"}],"version-history":[{"count":1,"href":"https:\/\/loginfo24.com\/it\/wp-json\/wp\/v2\/posts\/17353\/revisions"}],"predecessor-version":[{"id":31056,"href":"https:\/\/loginfo24.com\/it\/wp-json\/wp\/v2\/posts\/17353\/revisions\/31056"}],"wp:attachment":[{"href":"https:\/\/loginfo24.com\/it\/wp-json\/wp\/v2\/media?parent=17353"}],"wp:term":[{"taxonomy":"category","embeddable":true,"href":"https:\/\/loginfo24.com\/it\/wp-json\/wp\/v2\/categories?post=17353"},{"taxonomy":"post_tag","embeddable":true,"href":"https:\/\/loginfo24.com\/it\/wp-json\/wp\/v2\/tags?post=17353"}],"curies":[{"name":"wp","href":"https:\/\/api.w.org\/{rel}","templated":true}]}}