{"id":17146,"date":"2020-02-26T07:45:19","date_gmt":"2020-02-26T06:45:19","guid":{"rendered":"https:\/\/blog.brand-architecture.at\/2020\/02\/26\/night-star-express-apre-le-porte-nel-giorno-della-logistica\/"},"modified":"2025-12-15T12:26:12","modified_gmt":"2025-12-15T11:26:12","slug":"night-star-express-apre-le-porte-nel-giorno-della-logistica","status":"publish","type":"post","link":"https:\/\/loginfo24.com\/it\/2020\/02\/26\/night-star-express-apre-le-porte-nel-giorno-della-logistica\/","title":{"rendered":"Night Star Express apre le porte nel Giorno della Logistica"},"content":{"rendered":"<p>Il 16 aprile 2020 si svolger\u00e0 nuovamente il Giorno della Logistica, istituito dalla Federazione Tedesca della Logistica (BVL). Molte aziende dell&#8217;industria, del commercio e dei servizi logistici offriranno in questa giornata uno sguardo sulla variet\u00e0 delle loro attivit\u00e0 logistiche.<\/p>\n<p>(Unna, 26.02.2020) Il Giorno della Logistica ha come motto &#8220;La logistica rende possibile tutto&#8221;. Night Star Express invita a questo proposito in otto delle sue sedi e i visitatori interessati possono vivere dal vivo quanto sia emozionante e variegato il servizio di corriere notturno. Il dietro le quinte non \u00e8 interessante solo per studenti o potenziali candidati. Si aspettano visitatori da vari settori, incluso il pubblico specializzato. Non solo in tre sedi della Night Star Express Honold GmbH e in quattro sedi della Hellmann Worldwide Logistics Road &amp; Rail GmbH &amp; Co. KG, ma anche nel principale centro di smistamento a H\u00fcnfeld si pu\u00f2 dare un&#8217;occhiata. &#8220;Iniziamo qui a un orario pi\u00f9 tardi rispetto alle altre sedi&#8221;, spiega R\u00fcdiger Spiegel, responsabile del HUB.  &nbsp;&#8220;Con questo sguardo nelle nostre sedi vogliamo mostrare quanto sia interessante e variegata la logistica e in particolare la logistica del corriere notturno,&#8221; spiega Matthias Hohmann, amministratore delegato di Night Star Express. &#8220;Che i nostri processi siano molto diversi da quelli dei tradizionali servizi di consegna pacchi \u00e8 qualcosa che tutti possono immaginare. Ma quali sono esattamente le differenze e quali peculiarit\u00e0 caratterizzano il nostro lavoro, su questo vogliamo confrontarci con i visitatori dei nostri eventi.&#8221;Nel 2019, circa 23.000 partecipanti hanno visitato circa 270 eventi in un totale di 16 paesi. Qui gli interessati possono registrarsi per uno degli eventi di Night Star Express: <a href=\"https:\/\/www.tag-der-logistik.de\/veranstaltungen\" target=\"_blank\" rel=\"noopener noreferrer\">www.tag-der-logistik.de\/veranstaltungen<\/a> <a href=\"https:\/\/www.night-star-express.de\" target=\"_blank\" rel=\"noopener noreferrer\">www.night-star-express.de<\/a> Foto: Night Star Express<\/p>\n<p>Eventi di Night Star Express nel Giorno della Logistica<\/p>\n<p>Night Star Express GmbH Centro principale di smistamento, Europastra\u00dfe 4, 36088 H\u00fcnfeld Inizio evento: 20:00Night Star Express Honold GmbH, N\u00fcrnberger Stra\u00dfe 4, 86156 Augsburg Inizio evento: 18:00Night Star Express Hellmann &amp; Honold GmbH &amp; Co. KG, Eichendorffstra\u00dfe 22-24, 91334 Hemhofen Inizio evento: 18:00Night Star Express Honold GmbH, Ernst-Abbe-Stra\u00dfe 5-7, 89231 Neu-Ulm Inizio evento: 18:00Hellmann Worldwide Logistics Road &amp; Rail GmbH &amp; Co. KG, Wilhelm-Iwan-Ring 7, 21035 Amburgo Inizio evento: 17:00Hellmann Worldwide Logistics Road &amp; Rail GmbH &amp; Co. KG, Europastra\u00dfe 1, 31275 Lehrte Inizio evento: 17:00Hellmann Worldwide Logistics Road &amp; Rail GmbH &amp; Co. KG, Elbestra\u00dfe 1, 49090 Osnabr\u00fcck Inizio evento: 17:00Hellmann Worldwide Logistics Road &amp; Rail GmbH &amp; Co. KG, Robert-Bosch-Stra\u00dfe 8, 27243 Gro\u00df-Ippener Inizio evento: 17:00<\/p>\n","protected":false},"excerpt":{"rendered":"<p>Il 16 aprile 2020 si svolger\u00e0 nuovamente il Giorno della Logistica, istituito dalla Federazione Tedesca della Logistica (BVL). Molte aziende dell&#8217;industria, del commercio e dei servizi<span class=\"excerpt-hellip\"> [\u2026]<\/span><\/p>\n","protected":false},"author":0,"featured_media":0,"comment_status":"open","ping_status":"open","sticky":false,"template":"","format":"standard","meta":{"_acf_changed":false,"footnotes":""},"categories":[1557,1561],"tags":[],"class_list":["post-17146","post","type-post","status-publish","format-standard","hentry","category-forwarding-logistics","category-regions"],"acf":[],"yoast_head":"<!-- This site is optimized with the Yoast SEO plugin v27.3 - https:\/\/yoast.com\/product\/yoast-seo-wordpress\/ -->\n<title>Night Star Express apre le porte nel Giorno della Logistica - Loginfo24<\/title>\n<meta name=\"robots\" content=\"index, follow, max-snippet:-1, max-image-preview:large, max-video-preview:-1\" \/>\n<link rel=\"canonical\" href=\"https:\/\/loginfo24.com\/it\/2020\/02\/26\/night-star-express-apre-le-porte-nel-giorno-della-logistica\/\" \/>\n<meta property=\"og:locale\" content=\"it_IT\" \/>\n<meta property=\"og:type\" content=\"article\" \/>\n<meta property=\"og:title\" content=\"Night Star Express apre le porte nel Giorno della Logistica - Loginfo24\" \/>\n<meta property=\"og:description\" content=\"Il 16 aprile 2020 si svolger\u00e0 nuovamente il Giorno della Logistica, istituito dalla Federazione Tedesca della Logistica (BVL). Molte aziende dell&#8217;industria, del commercio e dei servizi [\u2026]\" \/>\n<meta property=\"og:url\" content=\"https:\/\/loginfo24.com\/it\/2020\/02\/26\/night-star-express-apre-le-porte-nel-giorno-della-logistica\/\" \/>\n<meta property=\"og:site_name\" content=\"Loginfo24\" \/>\n<meta property=\"article:publisher\" content=\"https:\/\/www.facebook.com\/people\/Loginfo24\/100057360583332\/\" \/>\n<meta property=\"article:published_time\" content=\"2020-02-26T06:45:19+00:00\" \/>\n<meta property=\"article:modified_time\" content=\"2025-12-15T11:26:12+00:00\" \/>\n<meta name=\"twitter:card\" content=\"summary_large_image\" \/>\n<meta name=\"twitter:label1\" content=\"Tempo di lettura stimato\" \/>\n\t<meta name=\"twitter:data1\" content=\"2 minuto\" \/>\n<script type=\"application\/ld+json\" class=\"yoast-schema-graph\">{\"@context\":\"https:\\\/\\\/schema.org\",\"@graph\":[{\"@type\":\"Article\",\"@id\":\"https:\\\/\\\/loginfo24.com\\\/it\\\/2020\\\/02\\\/26\\\/night-star-express-apre-le-porte-nel-giorno-della-logistica\\\/#article\",\"isPartOf\":{\"@id\":\"https:\\\/\\\/loginfo24.com\\\/it\\\/2020\\\/02\\\/26\\\/night-star-express-apre-le-porte-nel-giorno-della-logistica\\\/\"},\"author\":{\"name\":\"\",\"@id\":\"\"},\"headline\":\"Night Star Express apre le porte nel Giorno della Logistica\",\"datePublished\":\"2020-02-26T06:45:19+00:00\",\"dateModified\":\"2025-12-15T11:26:12+00:00\",\"mainEntityOfPage\":{\"@id\":\"https:\\\/\\\/loginfo24.com\\\/it\\\/2020\\\/02\\\/26\\\/night-star-express-apre-le-porte-nel-giorno-della-logistica\\\/\"},\"wordCount\":405,\"commentCount\":0,\"publisher\":{\"@id\":\"https:\\\/\\\/loginfo24.com\\\/it\\\/#organization\"},\"articleSection\":[\"Forwarding &amp; Logistics\",\"Regions\"],\"inLanguage\":\"it-IT\",\"potentialAction\":[{\"@type\":\"CommentAction\",\"name\":\"Comment\",\"target\":[\"https:\\\/\\\/loginfo24.com\\\/it\\\/2020\\\/02\\\/26\\\/night-star-express-apre-le-porte-nel-giorno-della-logistica\\\/#respond\"]}]},{\"@type\":\"WebPage\",\"@id\":\"https:\\\/\\\/loginfo24.com\\\/it\\\/2020\\\/02\\\/26\\\/night-star-express-apre-le-porte-nel-giorno-della-logistica\\\/\",\"url\":\"https:\\\/\\\/loginfo24.com\\\/it\\\/2020\\\/02\\\/26\\\/night-star-express-apre-le-porte-nel-giorno-della-logistica\\\/\",\"name\":\"Night Star Express apre le porte nel Giorno della Logistica - Loginfo24\",\"isPartOf\":{\"@id\":\"https:\\\/\\\/loginfo24.com\\\/it\\\/#website\"},\"datePublished\":\"2020-02-26T06:45:19+00:00\",\"dateModified\":\"2025-12-15T11:26:12+00:00\",\"breadcrumb\":{\"@id\":\"https:\\\/\\\/loginfo24.com\\\/it\\\/2020\\\/02\\\/26\\\/night-star-express-apre-le-porte-nel-giorno-della-logistica\\\/#breadcrumb\"},\"inLanguage\":\"it-IT\",\"potentialAction\":[{\"@type\":\"ReadAction\",\"target\":[\"https:\\\/\\\/loginfo24.com\\\/it\\\/2020\\\/02\\\/26\\\/night-star-express-apre-le-porte-nel-giorno-della-logistica\\\/\"]}]},{\"@type\":\"BreadcrumbList\",\"@id\":\"https:\\\/\\\/loginfo24.com\\\/it\\\/2020\\\/02\\\/26\\\/night-star-express-apre-le-porte-nel-giorno-della-logistica\\\/#breadcrumb\",\"itemListElement\":[{\"@type\":\"ListItem\",\"position\":1,\"name\":\"Startseite\",\"item\":\"https:\\\/\\\/loginfo24.com\\\/it\\\/\"},{\"@type\":\"ListItem\",\"position\":2,\"name\":\"Night Star Express apre le porte nel Giorno della Logistica\"}]},{\"@type\":\"WebSite\",\"@id\":\"https:\\\/\\\/loginfo24.com\\\/it\\\/#website\",\"url\":\"https:\\\/\\\/loginfo24.com\\\/it\\\/\",\"name\":\"Loginfo24\",\"description\":\"Loginfo24 \u00e8 la piattaforma dedicata alla logistica e alle catene di fornitura con informazioni disponibili 24 ore su 24.\",\"publisher\":{\"@id\":\"https:\\\/\\\/loginfo24.com\\\/it\\\/#organization\"},\"potentialAction\":[{\"@type\":\"SearchAction\",\"target\":{\"@type\":\"EntryPoint\",\"urlTemplate\":\"https:\\\/\\\/loginfo24.com\\\/it\\\/?s={search_term_string}\"},\"query-input\":{\"@type\":\"PropertyValueSpecification\",\"valueRequired\":true,\"valueName\":\"search_term_string\"}}],\"inLanguage\":\"it-IT\"},{\"@type\":\"Organization\",\"@id\":\"https:\\\/\\\/loginfo24.com\\\/it\\\/#organization\",\"name\":\"Logismedia Group AG\",\"url\":\"https:\\\/\\\/loginfo24.com\\\/it\\\/\",\"logo\":{\"@type\":\"ImageObject\",\"inLanguage\":\"it-IT\",\"@id\":\"https:\\\/\\\/loginfo24.com\\\/it\\\/#\\\/schema\\\/logo\\\/image\\\/\",\"url\":\"https:\\\/\\\/loginfo24.com\\\/wp-content\\\/uploads\\\/sites\\\/7\\\/2026\\\/01\\\/Logo_LogInfo24.png\",\"contentUrl\":\"https:\\\/\\\/loginfo24.com\\\/wp-content\\\/uploads\\\/sites\\\/7\\\/2026\\\/01\\\/Logo_LogInfo24.png\",\"width\":938,\"height\":351,\"caption\":\"Logismedia Group AG\"},\"image\":{\"@id\":\"https:\\\/\\\/loginfo24.com\\\/it\\\/#\\\/schema\\\/logo\\\/image\\\/\"},\"sameAs\":[\"https:\\\/\\\/www.facebook.com\\\/people\\\/Loginfo24\\\/100057360583332\\\/\",\"https:\\\/\\\/www.linkedin.com\\\/company\\\/lofinfo24\\\/\"]}]}<\/script>\n<!-- \/ Yoast SEO plugin. -->","yoast_head_json":{"title":"Night Star Express apre le porte nel Giorno della Logistica - Loginfo24","robots":{"index":"index","follow":"follow","max-snippet":"max-snippet:-1","max-image-preview":"max-image-preview:large","max-video-preview":"max-video-preview:-1"},"canonical":"https:\/\/loginfo24.com\/it\/2020\/02\/26\/night-star-express-apre-le-porte-nel-giorno-della-logistica\/","og_locale":"it_IT","og_type":"article","og_title":"Night Star Express apre le porte nel Giorno della Logistica - Loginfo24","og_description":"Il 16 aprile 2020 si svolger\u00e0 nuovamente il Giorno della Logistica, istituito dalla Federazione Tedesca della Logistica (BVL). Molte aziende dell&#8217;industria, del commercio e dei servizi [\u2026]","og_url":"https:\/\/loginfo24.com\/it\/2020\/02\/26\/night-star-express-apre-le-porte-nel-giorno-della-logistica\/","og_site_name":"Loginfo24","article_publisher":"https:\/\/www.facebook.com\/people\/Loginfo24\/100057360583332\/","article_published_time":"2020-02-26T06:45:19+00:00","article_modified_time":"2025-12-15T11:26:12+00:00","twitter_card":"summary_large_image","twitter_misc":{"Tempo di lettura stimato":"2 minuto"},"schema":{"@context":"https:\/\/schema.org","@graph":[{"@type":"Article","@id":"https:\/\/loginfo24.com\/it\/2020\/02\/26\/night-star-express-apre-le-porte-nel-giorno-della-logistica\/#article","isPartOf":{"@id":"https:\/\/loginfo24.com\/it\/2020\/02\/26\/night-star-express-apre-le-porte-nel-giorno-della-logistica\/"},"author":{"name":"","@id":""},"headline":"Night Star Express apre le porte nel Giorno della Logistica","datePublished":"2020-02-26T06:45:19+00:00","dateModified":"2025-12-15T11:26:12+00:00","mainEntityOfPage":{"@id":"https:\/\/loginfo24.com\/it\/2020\/02\/26\/night-star-express-apre-le-porte-nel-giorno-della-logistica\/"},"wordCount":405,"commentCount":0,"publisher":{"@id":"https:\/\/loginfo24.com\/it\/#organization"},"articleSection":["Forwarding &amp; Logistics","Regions"],"inLanguage":"it-IT","potentialAction":[{"@type":"CommentAction","name":"Comment","target":["https:\/\/loginfo24.com\/it\/2020\/02\/26\/night-star-express-apre-le-porte-nel-giorno-della-logistica\/#respond"]}]},{"@type":"WebPage","@id":"https:\/\/loginfo24.com\/it\/2020\/02\/26\/night-star-express-apre-le-porte-nel-giorno-della-logistica\/","url":"https:\/\/loginfo24.com\/it\/2020\/02\/26\/night-star-express-apre-le-porte-nel-giorno-della-logistica\/","name":"Night Star Express apre le porte nel Giorno della Logistica - Loginfo24","isPartOf":{"@id":"https:\/\/loginfo24.com\/it\/#website"},"datePublished":"2020-02-26T06:45:19+00:00","dateModified":"2025-12-15T11:26:12+00:00","breadcrumb":{"@id":"https:\/\/loginfo24.com\/it\/2020\/02\/26\/night-star-express-apre-le-porte-nel-giorno-della-logistica\/#breadcrumb"},"inLanguage":"it-IT","potentialAction":[{"@type":"ReadAction","target":["https:\/\/loginfo24.com\/it\/2020\/02\/26\/night-star-express-apre-le-porte-nel-giorno-della-logistica\/"]}]},{"@type":"BreadcrumbList","@id":"https:\/\/loginfo24.com\/it\/2020\/02\/26\/night-star-express-apre-le-porte-nel-giorno-della-logistica\/#breadcrumb","itemListElement":[{"@type":"ListItem","position":1,"name":"Startseite","item":"https:\/\/loginfo24.com\/it\/"},{"@type":"ListItem","position":2,"name":"Night Star Express apre le porte nel Giorno della Logistica"}]},{"@type":"WebSite","@id":"https:\/\/loginfo24.com\/it\/#website","url":"https:\/\/loginfo24.com\/it\/","name":"Loginfo24","description":"Loginfo24 \u00e8 la piattaforma dedicata alla logistica e alle catene di fornitura con informazioni disponibili 24 ore su 24.","publisher":{"@id":"https:\/\/loginfo24.com\/it\/#organization"},"potentialAction":[{"@type":"SearchAction","target":{"@type":"EntryPoint","urlTemplate":"https:\/\/loginfo24.com\/it\/?s={search_term_string}"},"query-input":{"@type":"PropertyValueSpecification","valueRequired":true,"valueName":"search_term_string"}}],"inLanguage":"it-IT"},{"@type":"Organization","@id":"https:\/\/loginfo24.com\/it\/#organization","name":"Logismedia Group AG","url":"https:\/\/loginfo24.com\/it\/","logo":{"@type":"ImageObject","inLanguage":"it-IT","@id":"https:\/\/loginfo24.com\/it\/#\/schema\/logo\/image\/","url":"https:\/\/loginfo24.com\/wp-content\/uploads\/sites\/7\/2026\/01\/Logo_LogInfo24.png","contentUrl":"https:\/\/loginfo24.com\/wp-content\/uploads\/sites\/7\/2026\/01\/Logo_LogInfo24.png","width":938,"height":351,"caption":"Logismedia Group AG"},"image":{"@id":"https:\/\/loginfo24.com\/it\/#\/schema\/logo\/image\/"},"sameAs":["https:\/\/www.facebook.com\/people\/Loginfo24\/100057360583332\/","https:\/\/www.linkedin.com\/company\/lofinfo24\/"]}]}},"_links":{"self":[{"href":"https:\/\/loginfo24.com\/it\/wp-json\/wp\/v2\/posts\/17146","targetHints":{"allow":["GET"]}}],"collection":[{"href":"https:\/\/loginfo24.com\/it\/wp-json\/wp\/v2\/posts"}],"about":[{"href":"https:\/\/loginfo24.com\/it\/wp-json\/wp\/v2\/types\/post"}],"replies":[{"embeddable":true,"href":"https:\/\/loginfo24.com\/it\/wp-json\/wp\/v2\/comments?post=17146"}],"version-history":[{"count":1,"href":"https:\/\/loginfo24.com\/it\/wp-json\/wp\/v2\/posts\/17146\/revisions"}],"predecessor-version":[{"id":30682,"href":"https:\/\/loginfo24.com\/it\/wp-json\/wp\/v2\/posts\/17146\/revisions\/30682"}],"wp:attachment":[{"href":"https:\/\/loginfo24.com\/it\/wp-json\/wp\/v2\/media?parent=17146"}],"wp:term":[{"taxonomy":"category","embeddable":true,"href":"https:\/\/loginfo24.com\/it\/wp-json\/wp\/v2\/categories?post=17146"},{"taxonomy":"post_tag","embeddable":true,"href":"https:\/\/loginfo24.com\/it\/wp-json\/wp\/v2\/tags?post=17146"}],"curies":[{"name":"wp","href":"https:\/\/api.w.org\/{rel}","templated":true}]}}