{"id":17060,"date":"2020-02-03T12:59:53","date_gmt":"2020-02-03T11:59:53","guid":{"rendered":"https:\/\/blog.brand-architecture.at\/2020\/02\/03\/il-logisticista-intralogistico-di-amburgo-still-festeggia-il-centenario\/"},"modified":"2025-12-15T12:25:54","modified_gmt":"2025-12-15T11:25:54","slug":"il-logisticista-intralogistico-di-amburgo-still-festeggia-il-centenario","status":"publish","type":"post","link":"https:\/\/loginfo24.com\/it\/2020\/02\/03\/il-logisticista-intralogistico-di-amburgo-still-festeggia-il-centenario\/","title":{"rendered":"Il logisticista intralogistico di Amburgo Still festeggia il centenario"},"content":{"rendered":"<p>Sotto lo slogan &#8216;Una storia del futuro&#8217;, il logisticista intralogistico di Amburgo STILL celebra quest&#8217;anno il suo centenario. Il 1\u00b0 febbraio 1920, Hans Still apr\u00ec la sua officina di riparazione per motori elettrici - \u00e8 l&#8217;inizio di una storia di successo lunga 100 anni.<\/p>\n<p>(Amburgo, 3 febbraio 2020) Negli ultimi 100 anni, STILL ha dimostrato di avere sempre un occhio attento alle esigenze attuali dei suoi clienti, ha plasmato il settore con la sua forza innovativa e ha coraggiosamente intrapreso la strada verso settori commerciali promettenti.<\/p>\n<p>L&#8217;inizio e il successo<\/p>\n<p>Gi\u00e0 pochi anni dopo la fondazione come officina di riparazione per motori elettrici, STILL present\u00f2 alla Fiera di Lipsia nel 1924 i propri prodotti, come la &#8220;stazione di luce Matador&#8221;. Lo sviluppo e la riparazione di motori elettrici, generatori e trasformatori rimasero per molti anni al centro dell&#8217;attivit\u00e0 commerciale. Dopo la fine della guerra, STILL lanci\u00f2 sul mercato il carrello elettrico EK 2000, ottenendo cos\u00ec il successo come produttore di carrelli elevatori. Segu\u00ec il primo carrello elevatore della casa STILL. L&#8217;introduzione del carrello elevatore elettrico EGS 1000 segn\u00f2 l&#8217;inizio di una nuova era.<\/p>\n<p>Concetti di azionamento innovativi e pioniere della mobilit\u00e0 elettrica<\/p>\n<p>Presto STILL si fece un nome come produttore di carrelli elevatori innovativi e come pioniere della mobilit\u00e0 elettrica. La passione per i motori elettrici efficienti influenz\u00f2 anche lo sviluppo di carrelli elevatori con motori a combustione. Fin dall&#8217;inizio, il concetto di azionamento di questi carrelli era diesel-elettrico, utilizzando quindi la tecnologia ibrida gi\u00e0 molto presto.L&#8217;azionamento elettrico e la mobilit\u00e0 elettrica sono indissolubilmente legati a STILL. Tra i traguardi che hanno consolidato STILL come partner innovativo per soluzioni intralogistiche di successo basate sull&#8217;elettricit\u00e0 ci sono l&#8217;introduzione del primo carrello elevatore elettrico nel 1949, l&#8217;uso delle celle a combustibile e l&#8217;adozione della tecnologia delle batterie agli ioni di litio. Quando nel 2019 \u00e8 stato lanciato il nuovo carrello elevatore elettrico RX 60-20\/35, STILL \u00e8 stata nuovamente pioniere.<\/p>\n<p>Orientamento al cliente e al servizio come fattore di successo<\/p>\n<p>Qualit\u00e0, servizio e orientamento al cliente sono stati i principi del fondatore dell&#8217;azienda Hans Still e rimangono fino ad oggi tra i pilastri pi\u00f9 importanti dell&#8217;azienda. L&#8217;introduzione di portali di servizio digitali, come lo strumento di gestione della flotta basato sul web STILLReport o l&#8217;applicazione web STILL neXXt fleet, sono solo due esempi della forza innovativa nel settore dei servizi.Negli ultimi anni, STILL ha anche ampliato continuamente il proprio spettro di servizi di consulenza. In un&#8217;epoca di complessa interconnessione tra veicoli e infrastrutture di magazzino e di crescente automazione, ci\u00f2 \u00e8 imprescindibile.<\/p>\n<p>Innovazioni che plasmano il settore<\/p>\n<p>STILL ha dimostrato pi\u00f9 volte di avere un fine senso delle esigenze dei propri clienti e ha tradotto questa conoscenza in nuovi prodotti: l&#8217;introduzione del primo montante di sollevamento a visibilit\u00e0 libera negli anni &#8217;70 ha aumentato significativamente la sicurezza del conducente e dell&#8217;ambiente circostante. Un altro traguardo \u00e8 stata l&#8217;introduzione del cambio laterale della batteria nei modelli di carrelli elevatori elettrici RX 20 e RX 60. STILL ha cos\u00ec migliorato significativamente l&#8217;efficienza dei carrelli elevatori e ha stabilito ulteriori standard che oggi fanno parte degli standard del settore.<\/p>\n<p>Foto: Still<\/p>\n<p><a href=\"https:\/\/www.still.de\/unternehmen\/100jahrestill.html\" target=\"_blank\" rel=\"noopener noreferrer\">https:\/\/www.still.de\/unternehmen\/100jahrestill.html<\/a><\/p>\n","protected":false},"excerpt":{"rendered":"<p>Sotto lo slogan &#8216;Una storia del futuro&#8217;, il logisticista intralogistico di Amburgo STILL celebra quest&#8217;anno il suo centenario. Il 1\u00b0 febbraio 1920, Hans Still apr\u00ec la<span class=\"excerpt-hellip\"> [\u2026]<\/span><\/p>\n","protected":false},"author":0,"featured_media":0,"comment_status":"open","ping_status":"open","sticky":false,"template":"","format":"standard","meta":{"_acf_changed":false,"footnotes":""},"categories":[1560,1561],"tags":[],"class_list":["post-17060","post","type-post","status-publish","format-standard","hentry","category-intralogistics","category-regions"],"acf":[],"yoast_head":"<!-- This site is optimized with the Yoast SEO plugin v27.3 - https:\/\/yoast.com\/product\/yoast-seo-wordpress\/ -->\n<title>Il logisticista intralogistico di Amburgo Still festeggia il centenario - Loginfo24<\/title>\n<meta name=\"robots\" content=\"index, follow, max-snippet:-1, max-image-preview:large, max-video-preview:-1\" \/>\n<link rel=\"canonical\" href=\"https:\/\/loginfo24.com\/it\/2020\/02\/03\/il-logisticista-intralogistico-di-amburgo-still-festeggia-il-centenario\/\" \/>\n<meta property=\"og:locale\" content=\"it_IT\" \/>\n<meta property=\"og:type\" content=\"article\" \/>\n<meta property=\"og:title\" content=\"Il logisticista intralogistico di Amburgo Still festeggia il centenario - Loginfo24\" \/>\n<meta property=\"og:description\" content=\"Sotto lo slogan &#8216;Una storia del futuro&#8217;, il logisticista intralogistico di Amburgo STILL celebra quest&#8217;anno il suo centenario. Il 1\u00b0 febbraio 1920, Hans Still apr\u00ec la [\u2026]\" \/>\n<meta property=\"og:url\" content=\"https:\/\/loginfo24.com\/it\/2020\/02\/03\/il-logisticista-intralogistico-di-amburgo-still-festeggia-il-centenario\/\" \/>\n<meta property=\"og:site_name\" content=\"Loginfo24\" \/>\n<meta property=\"article:publisher\" content=\"https:\/\/www.facebook.com\/people\/Loginfo24\/100057360583332\/\" \/>\n<meta property=\"article:published_time\" content=\"2020-02-03T11:59:53+00:00\" \/>\n<meta property=\"article:modified_time\" content=\"2025-12-15T11:25:54+00:00\" \/>\n<meta name=\"twitter:card\" content=\"summary_large_image\" \/>\n<meta name=\"twitter:label1\" content=\"Tempo di lettura stimato\" \/>\n\t<meta name=\"twitter:data1\" content=\"3 minuto\" \/>\n<script type=\"application\/ld+json\" class=\"yoast-schema-graph\">{\"@context\":\"https:\\\/\\\/schema.org\",\"@graph\":[{\"@type\":\"Article\",\"@id\":\"https:\\\/\\\/loginfo24.com\\\/it\\\/2020\\\/02\\\/03\\\/il-logisticista-intralogistico-di-amburgo-still-festeggia-il-centenario\\\/#article\",\"isPartOf\":{\"@id\":\"https:\\\/\\\/loginfo24.com\\\/it\\\/2020\\\/02\\\/03\\\/il-logisticista-intralogistico-di-amburgo-still-festeggia-il-centenario\\\/\"},\"author\":{\"name\":\"\",\"@id\":\"\"},\"headline\":\"Il logisticista intralogistico di Amburgo Still festeggia il centenario\",\"datePublished\":\"2020-02-03T11:59:53+00:00\",\"dateModified\":\"2025-12-15T11:25:54+00:00\",\"mainEntityOfPage\":{\"@id\":\"https:\\\/\\\/loginfo24.com\\\/it\\\/2020\\\/02\\\/03\\\/il-logisticista-intralogistico-di-amburgo-still-festeggia-il-centenario\\\/\"},\"wordCount\":531,\"commentCount\":0,\"publisher\":{\"@id\":\"https:\\\/\\\/loginfo24.com\\\/it\\\/#organization\"},\"articleSection\":[\"Intralogistics\",\"Regions\"],\"inLanguage\":\"it-IT\",\"potentialAction\":[{\"@type\":\"CommentAction\",\"name\":\"Comment\",\"target\":[\"https:\\\/\\\/loginfo24.com\\\/it\\\/2020\\\/02\\\/03\\\/il-logisticista-intralogistico-di-amburgo-still-festeggia-il-centenario\\\/#respond\"]}]},{\"@type\":\"WebPage\",\"@id\":\"https:\\\/\\\/loginfo24.com\\\/it\\\/2020\\\/02\\\/03\\\/il-logisticista-intralogistico-di-amburgo-still-festeggia-il-centenario\\\/\",\"url\":\"https:\\\/\\\/loginfo24.com\\\/it\\\/2020\\\/02\\\/03\\\/il-logisticista-intralogistico-di-amburgo-still-festeggia-il-centenario\\\/\",\"name\":\"Il logisticista intralogistico di Amburgo Still festeggia il centenario - Loginfo24\",\"isPartOf\":{\"@id\":\"https:\\\/\\\/loginfo24.com\\\/it\\\/#website\"},\"datePublished\":\"2020-02-03T11:59:53+00:00\",\"dateModified\":\"2025-12-15T11:25:54+00:00\",\"breadcrumb\":{\"@id\":\"https:\\\/\\\/loginfo24.com\\\/it\\\/2020\\\/02\\\/03\\\/il-logisticista-intralogistico-di-amburgo-still-festeggia-il-centenario\\\/#breadcrumb\"},\"inLanguage\":\"it-IT\",\"potentialAction\":[{\"@type\":\"ReadAction\",\"target\":[\"https:\\\/\\\/loginfo24.com\\\/it\\\/2020\\\/02\\\/03\\\/il-logisticista-intralogistico-di-amburgo-still-festeggia-il-centenario\\\/\"]}]},{\"@type\":\"BreadcrumbList\",\"@id\":\"https:\\\/\\\/loginfo24.com\\\/it\\\/2020\\\/02\\\/03\\\/il-logisticista-intralogistico-di-amburgo-still-festeggia-il-centenario\\\/#breadcrumb\",\"itemListElement\":[{\"@type\":\"ListItem\",\"position\":1,\"name\":\"Startseite\",\"item\":\"https:\\\/\\\/loginfo24.com\\\/it\\\/\"},{\"@type\":\"ListItem\",\"position\":2,\"name\":\"Il logisticista intralogistico di Amburgo Still festeggia il centenario\"}]},{\"@type\":\"WebSite\",\"@id\":\"https:\\\/\\\/loginfo24.com\\\/it\\\/#website\",\"url\":\"https:\\\/\\\/loginfo24.com\\\/it\\\/\",\"name\":\"Loginfo24\",\"description\":\"Loginfo24 \u00e8 la piattaforma dedicata alla logistica e alle catene di fornitura con informazioni disponibili 24 ore su 24.\",\"publisher\":{\"@id\":\"https:\\\/\\\/loginfo24.com\\\/it\\\/#organization\"},\"potentialAction\":[{\"@type\":\"SearchAction\",\"target\":{\"@type\":\"EntryPoint\",\"urlTemplate\":\"https:\\\/\\\/loginfo24.com\\\/it\\\/?s={search_term_string}\"},\"query-input\":{\"@type\":\"PropertyValueSpecification\",\"valueRequired\":true,\"valueName\":\"search_term_string\"}}],\"inLanguage\":\"it-IT\"},{\"@type\":\"Organization\",\"@id\":\"https:\\\/\\\/loginfo24.com\\\/it\\\/#organization\",\"name\":\"Logismedia Group AG\",\"url\":\"https:\\\/\\\/loginfo24.com\\\/it\\\/\",\"logo\":{\"@type\":\"ImageObject\",\"inLanguage\":\"it-IT\",\"@id\":\"https:\\\/\\\/loginfo24.com\\\/it\\\/#\\\/schema\\\/logo\\\/image\\\/\",\"url\":\"https:\\\/\\\/loginfo24.com\\\/wp-content\\\/uploads\\\/sites\\\/7\\\/2026\\\/01\\\/Logo_LogInfo24.png\",\"contentUrl\":\"https:\\\/\\\/loginfo24.com\\\/wp-content\\\/uploads\\\/sites\\\/7\\\/2026\\\/01\\\/Logo_LogInfo24.png\",\"width\":938,\"height\":351,\"caption\":\"Logismedia Group AG\"},\"image\":{\"@id\":\"https:\\\/\\\/loginfo24.com\\\/it\\\/#\\\/schema\\\/logo\\\/image\\\/\"},\"sameAs\":[\"https:\\\/\\\/www.facebook.com\\\/people\\\/Loginfo24\\\/100057360583332\\\/\",\"https:\\\/\\\/www.linkedin.com\\\/company\\\/lofinfo24\\\/\"]}]}<\/script>\n<!-- \/ Yoast SEO plugin. -->","yoast_head_json":{"title":"Il logisticista intralogistico di Amburgo Still festeggia il centenario - Loginfo24","robots":{"index":"index","follow":"follow","max-snippet":"max-snippet:-1","max-image-preview":"max-image-preview:large","max-video-preview":"max-video-preview:-1"},"canonical":"https:\/\/loginfo24.com\/it\/2020\/02\/03\/il-logisticista-intralogistico-di-amburgo-still-festeggia-il-centenario\/","og_locale":"it_IT","og_type":"article","og_title":"Il logisticista intralogistico di Amburgo Still festeggia il centenario - Loginfo24","og_description":"Sotto lo slogan &#8216;Una storia del futuro&#8217;, il logisticista intralogistico di Amburgo STILL celebra quest&#8217;anno il suo centenario. Il 1\u00b0 febbraio 1920, Hans Still apr\u00ec la [\u2026]","og_url":"https:\/\/loginfo24.com\/it\/2020\/02\/03\/il-logisticista-intralogistico-di-amburgo-still-festeggia-il-centenario\/","og_site_name":"Loginfo24","article_publisher":"https:\/\/www.facebook.com\/people\/Loginfo24\/100057360583332\/","article_published_time":"2020-02-03T11:59:53+00:00","article_modified_time":"2025-12-15T11:25:54+00:00","twitter_card":"summary_large_image","twitter_misc":{"Tempo di lettura stimato":"3 minuto"},"schema":{"@context":"https:\/\/schema.org","@graph":[{"@type":"Article","@id":"https:\/\/loginfo24.com\/it\/2020\/02\/03\/il-logisticista-intralogistico-di-amburgo-still-festeggia-il-centenario\/#article","isPartOf":{"@id":"https:\/\/loginfo24.com\/it\/2020\/02\/03\/il-logisticista-intralogistico-di-amburgo-still-festeggia-il-centenario\/"},"author":{"name":"","@id":""},"headline":"Il logisticista intralogistico di Amburgo Still festeggia il centenario","datePublished":"2020-02-03T11:59:53+00:00","dateModified":"2025-12-15T11:25:54+00:00","mainEntityOfPage":{"@id":"https:\/\/loginfo24.com\/it\/2020\/02\/03\/il-logisticista-intralogistico-di-amburgo-still-festeggia-il-centenario\/"},"wordCount":531,"commentCount":0,"publisher":{"@id":"https:\/\/loginfo24.com\/it\/#organization"},"articleSection":["Intralogistics","Regions"],"inLanguage":"it-IT","potentialAction":[{"@type":"CommentAction","name":"Comment","target":["https:\/\/loginfo24.com\/it\/2020\/02\/03\/il-logisticista-intralogistico-di-amburgo-still-festeggia-il-centenario\/#respond"]}]},{"@type":"WebPage","@id":"https:\/\/loginfo24.com\/it\/2020\/02\/03\/il-logisticista-intralogistico-di-amburgo-still-festeggia-il-centenario\/","url":"https:\/\/loginfo24.com\/it\/2020\/02\/03\/il-logisticista-intralogistico-di-amburgo-still-festeggia-il-centenario\/","name":"Il logisticista intralogistico di Amburgo Still festeggia il centenario - Loginfo24","isPartOf":{"@id":"https:\/\/loginfo24.com\/it\/#website"},"datePublished":"2020-02-03T11:59:53+00:00","dateModified":"2025-12-15T11:25:54+00:00","breadcrumb":{"@id":"https:\/\/loginfo24.com\/it\/2020\/02\/03\/il-logisticista-intralogistico-di-amburgo-still-festeggia-il-centenario\/#breadcrumb"},"inLanguage":"it-IT","potentialAction":[{"@type":"ReadAction","target":["https:\/\/loginfo24.com\/it\/2020\/02\/03\/il-logisticista-intralogistico-di-amburgo-still-festeggia-il-centenario\/"]}]},{"@type":"BreadcrumbList","@id":"https:\/\/loginfo24.com\/it\/2020\/02\/03\/il-logisticista-intralogistico-di-amburgo-still-festeggia-il-centenario\/#breadcrumb","itemListElement":[{"@type":"ListItem","position":1,"name":"Startseite","item":"https:\/\/loginfo24.com\/it\/"},{"@type":"ListItem","position":2,"name":"Il logisticista intralogistico di Amburgo Still festeggia il centenario"}]},{"@type":"WebSite","@id":"https:\/\/loginfo24.com\/it\/#website","url":"https:\/\/loginfo24.com\/it\/","name":"Loginfo24","description":"Loginfo24 \u00e8 la piattaforma dedicata alla logistica e alle catene di fornitura con informazioni disponibili 24 ore su 24.","publisher":{"@id":"https:\/\/loginfo24.com\/it\/#organization"},"potentialAction":[{"@type":"SearchAction","target":{"@type":"EntryPoint","urlTemplate":"https:\/\/loginfo24.com\/it\/?s={search_term_string}"},"query-input":{"@type":"PropertyValueSpecification","valueRequired":true,"valueName":"search_term_string"}}],"inLanguage":"it-IT"},{"@type":"Organization","@id":"https:\/\/loginfo24.com\/it\/#organization","name":"Logismedia Group AG","url":"https:\/\/loginfo24.com\/it\/","logo":{"@type":"ImageObject","inLanguage":"it-IT","@id":"https:\/\/loginfo24.com\/it\/#\/schema\/logo\/image\/","url":"https:\/\/loginfo24.com\/wp-content\/uploads\/sites\/7\/2026\/01\/Logo_LogInfo24.png","contentUrl":"https:\/\/loginfo24.com\/wp-content\/uploads\/sites\/7\/2026\/01\/Logo_LogInfo24.png","width":938,"height":351,"caption":"Logismedia Group AG"},"image":{"@id":"https:\/\/loginfo24.com\/it\/#\/schema\/logo\/image\/"},"sameAs":["https:\/\/www.facebook.com\/people\/Loginfo24\/100057360583332\/","https:\/\/www.linkedin.com\/company\/lofinfo24\/"]}]}},"_links":{"self":[{"href":"https:\/\/loginfo24.com\/it\/wp-json\/wp\/v2\/posts\/17060","targetHints":{"allow":["GET"]}}],"collection":[{"href":"https:\/\/loginfo24.com\/it\/wp-json\/wp\/v2\/posts"}],"about":[{"href":"https:\/\/loginfo24.com\/it\/wp-json\/wp\/v2\/types\/post"}],"replies":[{"embeddable":true,"href":"https:\/\/loginfo24.com\/it\/wp-json\/wp\/v2\/comments?post=17060"}],"version-history":[{"count":1,"href":"https:\/\/loginfo24.com\/it\/wp-json\/wp\/v2\/posts\/17060\/revisions"}],"predecessor-version":[{"id":30533,"href":"https:\/\/loginfo24.com\/it\/wp-json\/wp\/v2\/posts\/17060\/revisions\/30533"}],"wp:attachment":[{"href":"https:\/\/loginfo24.com\/it\/wp-json\/wp\/v2\/media?parent=17060"}],"wp:term":[{"taxonomy":"category","embeddable":true,"href":"https:\/\/loginfo24.com\/it\/wp-json\/wp\/v2\/categories?post=17060"},{"taxonomy":"post_tag","embeddable":true,"href":"https:\/\/loginfo24.com\/it\/wp-json\/wp\/v2\/tags?post=17060"}],"curies":[{"name":"wp","href":"https:\/\/api.w.org\/{rel}","templated":true}]}}