{"id":79775,"date":"2026-05-01T15:17:30","date_gmt":"2026-05-01T15:17:30","guid":{"rendered":"https:\/\/loginfo24.com\/2026\/05\/01\/forum-sectoriel-de-lassociation-des-armateurs-allemands\/"},"modified":"2026-05-01T15:17:30","modified_gmt":"2026-05-01T15:17:30","slug":"forum-sectoriel-de-lassociation-des-armateurs-allemands","status":"publish","type":"post","link":"https:\/\/loginfo24.com\/fr\/2026\/05\/01\/forum-sectoriel-de-lassociation-des-armateurs-allemands\/","title":{"rendered":"Forum sectoriel de l&rsquo;Association des armateurs allemands"},"content":{"rendered":"<p>La navigation internationale joue un r\u00f4le crucial pour l&#8217;\u00e9conomie et l&#8217;approvisionnement de l&#8217;Allemagne. Environ 90 % du commerce mondial et pr\u00e8s des deux tiers du commerce ext\u00e9rieur allemand sont r\u00e9alis\u00e9s par voie maritime. En p\u00e9riode de crise, la navigation est \u00e9galement essentielle pour le transport d&#8217;\u00e9quipements militaires et de biens d&#8217;aide. Dans ce contexte, des repr\u00e9sentants de la politique, de l&#8217;\u00e9conomie et des travailleurs ont discut\u00e9 lors du forum sectoriel de l&#8217;Association des armateurs allemands (VDR) dans le cadre de la Conf\u00e9rence maritime nationale (NMK) \u00e0 Emden, sur le renforcement de la r\u00e9silience maritime et de la comp\u00e9titivit\u00e9 en p\u00e9riode de tensions g\u00e9opolitiques.<\/p>\n<h3>Renforcement de l&#8217;infrastructure maritime<\/h3>\n<p>Gaby Bornheim, pr\u00e9sidente du VDR, a soulign\u00e9 la n\u00e9cessit\u00e9 d&#8217;une flotte commerciale forte et de conditions-cadres comp\u00e9titives pour garantir la s\u00e9curit\u00e9 d&#8217;approvisionnement de l&#8217;Allemagne. \u00ab L&#8217;engagement en faveur d&#8217;une navigation s\u00fbre et libre est essentiel pour l&#8217;Allemagne. Notre \u00e9conomie et notre approvisionnement d\u00e9pendent largement de cha\u00eenes d&#8217;approvisionnement maritimes fonctionnelles \u00bb, a d\u00e9clar\u00e9 Bornheim. Pour accro\u00eetre la r\u00e9silience de la navigation, une base de personnel national plus importante est n\u00e9cessaire. Le nombre de nouveaux entrants dans la navigation a d\u00e9j\u00e0 atteint 537 en 2023, ce qui repr\u00e9sente une augmentation de pr\u00e8s de 30 % et le niveau le plus \u00e9lev\u00e9 depuis plus de dix ans. Le VDR propose d&#8217;introduire un service maritime volontaire dans le cadre du nouveau service militaire, afin de faciliter l&#8217;entr\u00e9e des jeunes dans la navigation et de constituer une r\u00e9serve maritime civile.<\/p>\n<p>Christian Hirte, secr\u00e9taire d&#8217;\u00c9tat parlementaire au minist\u00e8re f\u00e9d\u00e9ral des Transports, a soulign\u00e9 que le gouvernement f\u00e9d\u00e9ral renforce sp\u00e9cifiquement la r\u00e9silience des cha\u00eenes d&#8217;approvisionnement maritimes et investit dans la formation de la nouvelle g\u00e9n\u00e9ration maritime. \u00ab Des ports performants, des voies navigables modernes et une infrastructure maritime fiable sont \u00e9troitement li\u00e9s \u00e0 la stabilit\u00e9 \u00e9conomique, \u00e0 la s\u00e9curit\u00e9 et \u00e0 la capacit\u00e9 d&#8217;action strat\u00e9gique \u00bb, a expliqu\u00e9 Hirte.<\/p>\n<h3>R\u00e9silience maritime en tant que politique de localisation<\/h3>\n<p>Melanie Leonhard, s\u00e9natrice pour l&#8217;\u00e9conomie, le travail et l&#8217;innovation de la ville libre et hans\u00e9atique de Hambourg, a soulign\u00e9 l&#8217;importance du port de Hambourg pour la navigation, en particulier en p\u00e9riode de crise. Elle a affirm\u00e9 que la r\u00e9silience maritime est une politique de localisation concr\u00e8te qui contribue \u00e0 maintenir la stabilit\u00e9 des cha\u00eenes d&#8217;approvisionnement et, par cons\u00e9quent, \u00e0 garantir la prosp\u00e9rit\u00e9 et la stabilit\u00e9 en Allemagne. Rolf Habben Jansen, PDG de Hapag-Lloyd, a ajout\u00e9 que la navigation est aujourd&#8217;hui plus que jamais confront\u00e9e \u00e0 des d\u00e9veloppements g\u00e9opolitiques. Une flotte commerciale forte et des conditions-cadres comp\u00e9titives sont d\u00e9cisives pour la stabilit\u00e9 \u00e9conomique et la s\u00e9curit\u00e9 d&#8217;approvisionnement en Allemagne et en Europe.<\/p>\n<p>Uwe Schmidt, membre du Bundestag allemand, a soulign\u00e9 que les investissements dans la formation du personnel nautique sont essentiels pour la s\u00e9curit\u00e9. Des propositions telles qu&#8217;un service maritime volontaire pourraient aider \u00e0 cr\u00e9er la profondeur de personnel n\u00e9cessaire pour une navigation fiable. Dennis Dacke, responsable des groupes professionnels a\u00e9rien et maritime chez ver.di, a insist\u00e9 sur le fait que sans de bonnes conditions de travail et de la cod\u00e9cision, une navigation r\u00e9siliente n&#8217;est pas possible. Il a appel\u00e9 \u00e0 des normes minimales contraignantes pour les temps de travail et de repos \u00e0 bord, ainsi qu&#8217;\u00e0 un contr\u00f4le rigoureux des \u00c9tats du pavillon.<\/p>\n<p>Le capitaine Sebastian Die\u00dfner, pr\u00e9sident de l&#8217;Association des capitaines et officiers de navires allemands (VDKS), a soulign\u00e9 qu&#8217;une perspective professionnelle \u00e0 long terme pour les professionnels est n\u00e9cessaire pour garantir l&#8217;expertise dans la navigation.<\/p>\n<p>La discussion a mis en \u00e9vidence que la navigation va bien au-del\u00e0 de son importance \u00e9conomique et constitue un \u00e9l\u00e9ment central de l&#8217;infrastructure de s\u00e9curit\u00e9 de l&#8217;Allemagne et de l&#8217;Europe. Les attaques contre les navires de commerce et les menaces hybrides telles que les cyberattaques augmentent consid\u00e9rablement les risques pour le secteur.<\/p>\n<h3>Conclusion et perspectives<\/h3>\n<p>En conclusion, Christoph Plo\u00df, coordinateur du gouvernement f\u00e9d\u00e9ral pour l&#8217;\u00e9conomie maritime et le tourisme, a soulign\u00e9 le r\u00f4le essentiel d&#8217;une \u00e9conomie maritime forte pour l&#8217;Allemagne. Le gouvernement f\u00e9d\u00e9ral travaille \u00e0 renforcer la comp\u00e9titivit\u00e9 des armateurs, notamment par l&#8217;\u00e9largissement de la taxe tonnage. La Conf\u00e9rence maritime nationale (NMK) sert de format de dialogue central entre le gouvernement f\u00e9d\u00e9ral et le secteur maritime et r\u00e9unit r\u00e9guli\u00e8rement des acteurs de la politique, de l&#8217;\u00e9conomie et des syndicats pour d\u00e9finir des orientations strat\u00e9giques pour l&#8217;avenir de l&#8217;\u00e9conomie maritime.<\/p>\n<p><a href=\"http:\/\/www.reederverband.de\" target=\"_blank\" rel=\"noopener noreferrer\">www.reederverband.de<\/a><\/p>\n","protected":false},"excerpt":{"rendered":"<p>L&rsquo;\u00e9conomie maritime est essentielle pour la s\u00e9curit\u00e9 et l&rsquo;approvisionnement de l&rsquo;Allemagne, c&rsquo;est pourquoi le gouvernement f\u00e9d\u00e9ral renforce sa comp\u00e9titivit\u00e9 par des investissements cibl\u00e9s et des formats de dialogue.<\/p>\n","protected":false},"author":7,"featured_media":79773,"comment_status":"open","ping_status":"","sticky":false,"template":"","format":"standard","meta":{"_acf_changed":false,"footnotes":""},"categories":[6671,1583],"tags":[23444,23445,23446,20974,23447,16905,5010,22305,23448,23449,5225,5226,23450,2909,14490,14491,1808,2125,2702,20989,5016,3011,2054,23451,23452,5017,23453,23454,23455,23456,23457,2925,12724,14508,2929,2193,23458,23459,1916,23460,23461,23462,23463,21003,23464,23465,2295,23466,23467,3125,2155,1837,23468,23469,23470],"class_list":["post-79775","post","type-post","status-publish","format-standard","has-post-thumbnail","hentry","category-allemagne","category-transport-maritime-et-ports","tag-association-des-armateurs-allemands","tag-ausbildung-nautisches-personal","tag-base-de-main-doeuvre-nationale","tag-chaines-dapprovisionnement","tag-conference-maritime-nationale","tag-deutsch-schifffahrt","tag-economie-maritime","tag-fachkraeftemangel-schifffahrt","tag-formation-du-personnel-nautique","tag-freiwilliger-seedienst","tag-geopolitical-tensions","tag-geopolitische-spannungen","tag-german-shipowners-association","tag-hafenbetrieb","tag-hamburg-port","tag-hamburger-hafen","tag-hapag-lloyd","tag-industrie-du-transport","tag-infrastructure-maritime","tag-lieferketten","tag-maritime-economy","tag-maritime-infrastructure","tag-maritime-infrastruktur","tag-maritime-resilience","tag-maritime-resilienz","tag-maritime-wirtschaft","tag-national-maritime-conference-francais-navigation","tag-national-workforce-base","tag-nationale-maritime-konferenz-english-shipping","tag-nationale-personalbasis","tag-nautical-personnel-training","tag-operations-portuaires","tag-penurie-de-main-doeuvre-maritime","tag-port-de-hambourg","tag-port-operations","tag-rail-freight-transport","tag-resilience-maritime","tag-resilienz-der-schifffahrt","tag-schienengueterverkehr","tag-securite-dapprovisionnement-allemagne","tag-service-maritime-volontaire","tag-shipping-resilience","tag-skilled-labor-shortage-shipping","tag-supply-chains","tag-supply-security-germany","tag-taxe-sur-le-tonnage","tag-tensions-geopolitiques","tag-tonnage-tax","tag-tonnagesteuer","tag-transport-ferroviaire-de-marchandises","tag-transport-industry","tag-transportwirtschaft","tag-verbands-deutscher-reeder","tag-versorgungssicherheit-deutschland","tag-voluntary-sea-service"],"acf":[],"yoast_head":"<!-- This site is optimized with the Yoast SEO plugin v27.3 - https:\/\/yoast.com\/product\/yoast-seo-wordpress\/ -->\n<title>Forum sectoriel de l&#8217;Association des armateurs allemands - Loginfo24<\/title>\n<meta name=\"robots\" content=\"index, follow, max-snippet:-1, max-image-preview:large, max-video-preview:-1\" \/>\n<link rel=\"canonical\" href=\"https:\/\/loginfo24.com\/fr\/2026\/05\/01\/forum-sectoriel-de-lassociation-des-armateurs-allemands\/\" \/>\n<meta property=\"og:locale\" content=\"fr_FR\" \/>\n<meta property=\"og:type\" content=\"article\" \/>\n<meta property=\"og:title\" content=\"Forum sectoriel de l&#8217;Association des armateurs allemands - Loginfo24\" \/>\n<meta property=\"og:description\" content=\"L&#039;\u00e9conomie maritime est essentielle pour la s\u00e9curit\u00e9 et l&#039;approvisionnement de l&#039;Allemagne, c&#039;est pourquoi le gouvernement f\u00e9d\u00e9ral renforce sa comp\u00e9titivit\u00e9 par des investissements cibl\u00e9s et des formats de dialogue.\" \/>\n<meta property=\"og:url\" content=\"https:\/\/loginfo24.com\/fr\/2026\/05\/01\/forum-sectoriel-de-lassociation-des-armateurs-allemands\/\" \/>\n<meta property=\"og:site_name\" content=\"Loginfo24\" \/>\n<meta property=\"article:publisher\" content=\"https:\/\/www.facebook.com\/people\/Loginfo24\/100057360583332\/\" \/>\n<meta property=\"article:published_time\" content=\"2026-05-01T15:17:30+00:00\" \/>\n<meta property=\"og:image\" content=\"https:\/\/loginfo24.com\/wp-content\/uploads\/sites\/7\/2026\/05\/Pressemitteilung-NMK-2026-aspect-ratio-1400-788.jpg\" \/>\n\t<meta property=\"og:image:width\" content=\"1364\" \/>\n\t<meta property=\"og:image:height\" content=\"768\" \/>\n\t<meta property=\"og:image:type\" content=\"image\/jpeg\" \/>\n<meta name=\"author\" content=\"Andreas M\u00fcller\" \/>\n<meta name=\"twitter:card\" content=\"summary_large_image\" \/>\n<meta name=\"twitter:label1\" content=\"\u00c9crit par\" \/>\n\t<meta name=\"twitter:data1\" content=\"Andreas M\u00fcller\" \/>\n\t<meta name=\"twitter:label2\" content=\"Dur\u00e9e de lecture estim\u00e9e\" \/>\n\t<meta name=\"twitter:data2\" content=\"4 minutes\" \/>\n<script type=\"application\/ld+json\" class=\"yoast-schema-graph\">{\"@context\":\"https:\\\/\\\/schema.org\",\"@graph\":[{\"@type\":\"Article\",\"@id\":\"https:\\\/\\\/loginfo24.com\\\/fr\\\/2026\\\/05\\\/01\\\/forum-sectoriel-de-lassociation-des-armateurs-allemands\\\/#article\",\"isPartOf\":{\"@id\":\"https:\\\/\\\/loginfo24.com\\\/fr\\\/2026\\\/05\\\/01\\\/forum-sectoriel-de-lassociation-des-armateurs-allemands\\\/\"},\"author\":{\"name\":\"Andreas M\u00fcller\",\"@id\":\"https:\\\/\\\/loginfo24.com\\\/fr\\\/#\\\/schema\\\/person\\\/7b1593b33567ba798d300c8a1b0b85b1\"},\"headline\":\"Forum sectoriel de l&rsquo;Association des armateurs allemands\",\"datePublished\":\"2026-05-01T15:17:30+00:00\",\"mainEntityOfPage\":{\"@id\":\"https:\\\/\\\/loginfo24.com\\\/fr\\\/2026\\\/05\\\/01\\\/forum-sectoriel-de-lassociation-des-armateurs-allemands\\\/\"},\"wordCount\":818,\"commentCount\":0,\"publisher\":{\"@id\":\"https:\\\/\\\/loginfo24.com\\\/fr\\\/#organization\"},\"image\":{\"@id\":\"https:\\\/\\\/loginfo24.com\\\/fr\\\/2026\\\/05\\\/01\\\/forum-sectoriel-de-lassociation-des-armateurs-allemands\\\/#primaryimage\"},\"thumbnailUrl\":\"https:\\\/\\\/loginfo24.com\\\/wp-content\\\/uploads\\\/sites\\\/7\\\/2026\\\/05\\\/Pressemitteilung-NMK-2026-aspect-ratio-1400-788.jpg\",\"keywords\":[\"Association des armateurs allemands\",\"Ausbildung nautisches Personal\",\"base de main-d'\u0153uvre nationale\",\"cha\u00eenes d'approvisionnement\",\"Conf\u00e9rence maritime nationale\",\"Deutsch Schifffahrt\",\"\u00e9conomie maritime\",\"Fachkr\u00e4ftemangel Schifffahrt\",\"formation du personnel nautique\",\"freiwilliger Seedienst\",\"geopolitical tensions\",\"geopolitische Spannungen\",\"German Shipowners' Association\",\"Hafenbetrieb\",\"Hamburg port\",\"Hamburger Hafen\",\"Hapag-Lloyd\",\"industrie du transport\",\"infrastructure maritime\",\"Lieferketten\",\"maritime economy\",\"maritime infrastructure\",\"maritime Infrastruktur\",\"maritime resilience\",\"maritime Resilienz\",\"maritime Wirtschaft\",\"National Maritime Conference Fran\u00e7ais navigation\",\"national workforce base\",\"Nationale Maritime Konferenz English shipping\",\"nationale Personalbasis\",\"nautical personnel training\",\"op\u00e9rations portuaires\",\"p\u00e9nurie de main-d'\u0153uvre maritime\",\"port de Hambourg\",\"port operations\",\"rail freight transport\",\"r\u00e9silience maritime\",\"Resilienz der Schifffahrt\",\"Schieneng\u00fcterverkehr\",\"s\u00e9curit\u00e9 d'approvisionnement Allemagne\",\"service maritime volontaire\",\"shipping resilience\",\"skilled labor shortage shipping\",\"supply chains\",\"supply security Germany\",\"taxe sur le tonnage\",\"tensions g\u00e9opolitiques\",\"tonnage tax\",\"Tonnagesteuer\",\"transport ferroviaire de marchandises\",\"transport industry\",\"Transportwirtschaft\",\"Verbands Deutscher Reeder\",\"Versorgungssicherheit Deutschland\",\"voluntary sea service\"],\"articleSection\":[\"Allemagne\",\"Transport maritime et ports\"],\"inLanguage\":\"fr-FR\",\"potentialAction\":[{\"@type\":\"CommentAction\",\"name\":\"Comment\",\"target\":[\"https:\\\/\\\/loginfo24.com\\\/fr\\\/2026\\\/05\\\/01\\\/forum-sectoriel-de-lassociation-des-armateurs-allemands\\\/#respond\"]}]},{\"@type\":\"WebPage\",\"@id\":\"https:\\\/\\\/loginfo24.com\\\/fr\\\/2026\\\/05\\\/01\\\/forum-sectoriel-de-lassociation-des-armateurs-allemands\\\/\",\"url\":\"https:\\\/\\\/loginfo24.com\\\/fr\\\/2026\\\/05\\\/01\\\/forum-sectoriel-de-lassociation-des-armateurs-allemands\\\/\",\"name\":\"Forum sectoriel de l&#8217;Association des armateurs allemands - Loginfo24\",\"isPartOf\":{\"@id\":\"https:\\\/\\\/loginfo24.com\\\/fr\\\/#website\"},\"primaryImageOfPage\":{\"@id\":\"https:\\\/\\\/loginfo24.com\\\/fr\\\/2026\\\/05\\\/01\\\/forum-sectoriel-de-lassociation-des-armateurs-allemands\\\/#primaryimage\"},\"image\":{\"@id\":\"https:\\\/\\\/loginfo24.com\\\/fr\\\/2026\\\/05\\\/01\\\/forum-sectoriel-de-lassociation-des-armateurs-allemands\\\/#primaryimage\"},\"thumbnailUrl\":\"https:\\\/\\\/loginfo24.com\\\/wp-content\\\/uploads\\\/sites\\\/7\\\/2026\\\/05\\\/Pressemitteilung-NMK-2026-aspect-ratio-1400-788.jpg\",\"datePublished\":\"2026-05-01T15:17:30+00:00\",\"breadcrumb\":{\"@id\":\"https:\\\/\\\/loginfo24.com\\\/fr\\\/2026\\\/05\\\/01\\\/forum-sectoriel-de-lassociation-des-armateurs-allemands\\\/#breadcrumb\"},\"inLanguage\":\"fr-FR\",\"potentialAction\":[{\"@type\":\"ReadAction\",\"target\":[\"https:\\\/\\\/loginfo24.com\\\/fr\\\/2026\\\/05\\\/01\\\/forum-sectoriel-de-lassociation-des-armateurs-allemands\\\/\"]}]},{\"@type\":\"ImageObject\",\"inLanguage\":\"fr-FR\",\"@id\":\"https:\\\/\\\/loginfo24.com\\\/fr\\\/2026\\\/05\\\/01\\\/forum-sectoriel-de-lassociation-des-armateurs-allemands\\\/#primaryimage\",\"url\":\"https:\\\/\\\/loginfo24.com\\\/wp-content\\\/uploads\\\/sites\\\/7\\\/2026\\\/05\\\/Pressemitteilung-NMK-2026-aspect-ratio-1400-788.jpg\",\"contentUrl\":\"https:\\\/\\\/loginfo24.com\\\/wp-content\\\/uploads\\\/sites\\\/7\\\/2026\\\/05\\\/Pressemitteilung-NMK-2026-aspect-ratio-1400-788.jpg\",\"width\":1364,\"height\":768},{\"@type\":\"BreadcrumbList\",\"@id\":\"https:\\\/\\\/loginfo24.com\\\/fr\\\/2026\\\/05\\\/01\\\/forum-sectoriel-de-lassociation-des-armateurs-allemands\\\/#breadcrumb\",\"itemListElement\":[{\"@type\":\"ListItem\",\"position\":1,\"name\":\"Startseite\",\"item\":\"https:\\\/\\\/loginfo24.com\\\/fr\\\/\"},{\"@type\":\"ListItem\",\"position\":2,\"name\":\"Forum sectoriel de l&#8217;Association des armateurs allemands\"}]},{\"@type\":\"WebSite\",\"@id\":\"https:\\\/\\\/loginfo24.com\\\/fr\\\/#website\",\"url\":\"https:\\\/\\\/loginfo24.com\\\/fr\\\/\",\"name\":\"Loginfo24\",\"description\":\"Loginfo24 est la plateforme d\u00e9di\u00e9e \u00e0 la logistique et aux cha\u00eenes d&#039;approvisionnement qui fournit des informations 24 heures sur 24.\",\"publisher\":{\"@id\":\"https:\\\/\\\/loginfo24.com\\\/fr\\\/#organization\"},\"potentialAction\":[{\"@type\":\"SearchAction\",\"target\":{\"@type\":\"EntryPoint\",\"urlTemplate\":\"https:\\\/\\\/loginfo24.com\\\/fr\\\/?s={search_term_string}\"},\"query-input\":{\"@type\":\"PropertyValueSpecification\",\"valueRequired\":true,\"valueName\":\"search_term_string\"}}],\"inLanguage\":\"fr-FR\"},{\"@type\":\"Organization\",\"@id\":\"https:\\\/\\\/loginfo24.com\\\/fr\\\/#organization\",\"name\":\"Groupe Logismedia AG\",\"url\":\"https:\\\/\\\/loginfo24.com\\\/fr\\\/\",\"logo\":{\"@type\":\"ImageObject\",\"inLanguage\":\"fr-FR\",\"@id\":\"https:\\\/\\\/loginfo24.com\\\/fr\\\/#\\\/schema\\\/logo\\\/image\\\/\",\"url\":\"https:\\\/\\\/loginfo24.com\\\/wp-content\\\/uploads\\\/sites\\\/7\\\/2026\\\/01\\\/Logo_LogInfo24.png\",\"contentUrl\":\"https:\\\/\\\/loginfo24.com\\\/wp-content\\\/uploads\\\/sites\\\/7\\\/2026\\\/01\\\/Logo_LogInfo24.png\",\"width\":938,\"height\":351,\"caption\":\"Groupe Logismedia AG\"},\"image\":{\"@id\":\"https:\\\/\\\/loginfo24.com\\\/fr\\\/#\\\/schema\\\/logo\\\/image\\\/\"},\"sameAs\":[\"https:\\\/\\\/www.facebook.com\\\/people\\\/Loginfo24\\\/100057360583332\\\/\",\"https:\\\/\\\/www.linkedin.com\\\/company\\\/lofinfo24\\\/\"]},{\"@type\":\"Person\",\"@id\":\"https:\\\/\\\/loginfo24.com\\\/fr\\\/#\\\/schema\\\/person\\\/7b1593b33567ba798d300c8a1b0b85b1\",\"name\":\"Andreas M\u00fcller\",\"url\":\"https:\\\/\\\/loginfo24.com\\\/fr\\\/author\\\/logismedia\\\/\"}]}<\/script>\n<!-- \/ Yoast SEO plugin. -->","yoast_head_json":{"title":"Forum sectoriel de l&#8217;Association des armateurs allemands - Loginfo24","robots":{"index":"index","follow":"follow","max-snippet":"max-snippet:-1","max-image-preview":"max-image-preview:large","max-video-preview":"max-video-preview:-1"},"canonical":"https:\/\/loginfo24.com\/fr\/2026\/05\/01\/forum-sectoriel-de-lassociation-des-armateurs-allemands\/","og_locale":"fr_FR","og_type":"article","og_title":"Forum sectoriel de l&#8217;Association des armateurs allemands - Loginfo24","og_description":"L'\u00e9conomie maritime est essentielle pour la s\u00e9curit\u00e9 et l'approvisionnement de l'Allemagne, c'est pourquoi le gouvernement f\u00e9d\u00e9ral renforce sa comp\u00e9titivit\u00e9 par des investissements cibl\u00e9s et des formats de dialogue.","og_url":"https:\/\/loginfo24.com\/fr\/2026\/05\/01\/forum-sectoriel-de-lassociation-des-armateurs-allemands\/","og_site_name":"Loginfo24","article_publisher":"https:\/\/www.facebook.com\/people\/Loginfo24\/100057360583332\/","article_published_time":"2026-05-01T15:17:30+00:00","og_image":[{"width":1364,"height":768,"url":"https:\/\/loginfo24.com\/wp-content\/uploads\/sites\/7\/2026\/05\/Pressemitteilung-NMK-2026-aspect-ratio-1400-788.jpg","type":"image\/jpeg"}],"author":"Andreas M\u00fcller","twitter_card":"summary_large_image","twitter_misc":{"\u00c9crit par":"Andreas M\u00fcller","Dur\u00e9e de lecture estim\u00e9e":"4 minutes"},"schema":{"@context":"https:\/\/schema.org","@graph":[{"@type":"Article","@id":"https:\/\/loginfo24.com\/fr\/2026\/05\/01\/forum-sectoriel-de-lassociation-des-armateurs-allemands\/#article","isPartOf":{"@id":"https:\/\/loginfo24.com\/fr\/2026\/05\/01\/forum-sectoriel-de-lassociation-des-armateurs-allemands\/"},"author":{"name":"Andreas M\u00fcller","@id":"https:\/\/loginfo24.com\/fr\/#\/schema\/person\/7b1593b33567ba798d300c8a1b0b85b1"},"headline":"Forum sectoriel de l&rsquo;Association des armateurs allemands","datePublished":"2026-05-01T15:17:30+00:00","mainEntityOfPage":{"@id":"https:\/\/loginfo24.com\/fr\/2026\/05\/01\/forum-sectoriel-de-lassociation-des-armateurs-allemands\/"},"wordCount":818,"commentCount":0,"publisher":{"@id":"https:\/\/loginfo24.com\/fr\/#organization"},"image":{"@id":"https:\/\/loginfo24.com\/fr\/2026\/05\/01\/forum-sectoriel-de-lassociation-des-armateurs-allemands\/#primaryimage"},"thumbnailUrl":"https:\/\/loginfo24.com\/wp-content\/uploads\/sites\/7\/2026\/05\/Pressemitteilung-NMK-2026-aspect-ratio-1400-788.jpg","keywords":["Association des armateurs allemands","Ausbildung nautisches Personal","base de main-d'\u0153uvre nationale","cha\u00eenes d'approvisionnement","Conf\u00e9rence maritime nationale","Deutsch Schifffahrt","\u00e9conomie maritime","Fachkr\u00e4ftemangel Schifffahrt","formation du personnel nautique","freiwilliger Seedienst","geopolitical tensions","geopolitische Spannungen","German Shipowners' Association","Hafenbetrieb","Hamburg port","Hamburger Hafen","Hapag-Lloyd","industrie du transport","infrastructure maritime","Lieferketten","maritime economy","maritime infrastructure","maritime Infrastruktur","maritime resilience","maritime Resilienz","maritime Wirtschaft","National Maritime Conference Fran\u00e7ais navigation","national workforce base","Nationale Maritime Konferenz English shipping","nationale Personalbasis","nautical personnel training","op\u00e9rations portuaires","p\u00e9nurie de main-d'\u0153uvre maritime","port de Hambourg","port operations","rail freight transport","r\u00e9silience maritime","Resilienz der Schifffahrt","Schieneng\u00fcterverkehr","s\u00e9curit\u00e9 d'approvisionnement Allemagne","service maritime volontaire","shipping resilience","skilled labor shortage shipping","supply chains","supply security Germany","taxe sur le tonnage","tensions g\u00e9opolitiques","tonnage tax","Tonnagesteuer","transport ferroviaire de marchandises","transport industry","Transportwirtschaft","Verbands Deutscher Reeder","Versorgungssicherheit Deutschland","voluntary sea service"],"articleSection":["Allemagne","Transport maritime et ports"],"inLanguage":"fr-FR","potentialAction":[{"@type":"CommentAction","name":"Comment","target":["https:\/\/loginfo24.com\/fr\/2026\/05\/01\/forum-sectoriel-de-lassociation-des-armateurs-allemands\/#respond"]}]},{"@type":"WebPage","@id":"https:\/\/loginfo24.com\/fr\/2026\/05\/01\/forum-sectoriel-de-lassociation-des-armateurs-allemands\/","url":"https:\/\/loginfo24.com\/fr\/2026\/05\/01\/forum-sectoriel-de-lassociation-des-armateurs-allemands\/","name":"Forum sectoriel de l&#8217;Association des armateurs allemands - Loginfo24","isPartOf":{"@id":"https:\/\/loginfo24.com\/fr\/#website"},"primaryImageOfPage":{"@id":"https:\/\/loginfo24.com\/fr\/2026\/05\/01\/forum-sectoriel-de-lassociation-des-armateurs-allemands\/#primaryimage"},"image":{"@id":"https:\/\/loginfo24.com\/fr\/2026\/05\/01\/forum-sectoriel-de-lassociation-des-armateurs-allemands\/#primaryimage"},"thumbnailUrl":"https:\/\/loginfo24.com\/wp-content\/uploads\/sites\/7\/2026\/05\/Pressemitteilung-NMK-2026-aspect-ratio-1400-788.jpg","datePublished":"2026-05-01T15:17:30+00:00","breadcrumb":{"@id":"https:\/\/loginfo24.com\/fr\/2026\/05\/01\/forum-sectoriel-de-lassociation-des-armateurs-allemands\/#breadcrumb"},"inLanguage":"fr-FR","potentialAction":[{"@type":"ReadAction","target":["https:\/\/loginfo24.com\/fr\/2026\/05\/01\/forum-sectoriel-de-lassociation-des-armateurs-allemands\/"]}]},{"@type":"ImageObject","inLanguage":"fr-FR","@id":"https:\/\/loginfo24.com\/fr\/2026\/05\/01\/forum-sectoriel-de-lassociation-des-armateurs-allemands\/#primaryimage","url":"https:\/\/loginfo24.com\/wp-content\/uploads\/sites\/7\/2026\/05\/Pressemitteilung-NMK-2026-aspect-ratio-1400-788.jpg","contentUrl":"https:\/\/loginfo24.com\/wp-content\/uploads\/sites\/7\/2026\/05\/Pressemitteilung-NMK-2026-aspect-ratio-1400-788.jpg","width":1364,"height":768},{"@type":"BreadcrumbList","@id":"https:\/\/loginfo24.com\/fr\/2026\/05\/01\/forum-sectoriel-de-lassociation-des-armateurs-allemands\/#breadcrumb","itemListElement":[{"@type":"ListItem","position":1,"name":"Startseite","item":"https:\/\/loginfo24.com\/fr\/"},{"@type":"ListItem","position":2,"name":"Forum sectoriel de l&#8217;Association des armateurs allemands"}]},{"@type":"WebSite","@id":"https:\/\/loginfo24.com\/fr\/#website","url":"https:\/\/loginfo24.com\/fr\/","name":"Loginfo24","description":"Loginfo24 est la plateforme d\u00e9di\u00e9e \u00e0 la logistique et aux cha\u00eenes d&#039;approvisionnement qui fournit des informations 24 heures sur 24.","publisher":{"@id":"https:\/\/loginfo24.com\/fr\/#organization"},"potentialAction":[{"@type":"SearchAction","target":{"@type":"EntryPoint","urlTemplate":"https:\/\/loginfo24.com\/fr\/?s={search_term_string}"},"query-input":{"@type":"PropertyValueSpecification","valueRequired":true,"valueName":"search_term_string"}}],"inLanguage":"fr-FR"},{"@type":"Organization","@id":"https:\/\/loginfo24.com\/fr\/#organization","name":"Groupe Logismedia AG","url":"https:\/\/loginfo24.com\/fr\/","logo":{"@type":"ImageObject","inLanguage":"fr-FR","@id":"https:\/\/loginfo24.com\/fr\/#\/schema\/logo\/image\/","url":"https:\/\/loginfo24.com\/wp-content\/uploads\/sites\/7\/2026\/01\/Logo_LogInfo24.png","contentUrl":"https:\/\/loginfo24.com\/wp-content\/uploads\/sites\/7\/2026\/01\/Logo_LogInfo24.png","width":938,"height":351,"caption":"Groupe Logismedia AG"},"image":{"@id":"https:\/\/loginfo24.com\/fr\/#\/schema\/logo\/image\/"},"sameAs":["https:\/\/www.facebook.com\/people\/Loginfo24\/100057360583332\/","https:\/\/www.linkedin.com\/company\/lofinfo24\/"]},{"@type":"Person","@id":"https:\/\/loginfo24.com\/fr\/#\/schema\/person\/7b1593b33567ba798d300c8a1b0b85b1","name":"Andreas M\u00fcller","url":"https:\/\/loginfo24.com\/fr\/author\/logismedia\/"}]}},"_links":{"self":[{"href":"https:\/\/loginfo24.com\/fr\/wp-json\/wp\/v2\/posts\/79775","targetHints":{"allow":["GET"]}}],"collection":[{"href":"https:\/\/loginfo24.com\/fr\/wp-json\/wp\/v2\/posts"}],"about":[{"href":"https:\/\/loginfo24.com\/fr\/wp-json\/wp\/v2\/types\/post"}],"author":[{"embeddable":true,"href":"https:\/\/loginfo24.com\/fr\/wp-json\/wp\/v2\/users\/7"}],"replies":[{"embeddable":true,"href":"https:\/\/loginfo24.com\/fr\/wp-json\/wp\/v2\/comments?post=79775"}],"version-history":[{"count":0,"href":"https:\/\/loginfo24.com\/fr\/wp-json\/wp\/v2\/posts\/79775\/revisions"}],"wp:featuredmedia":[{"embeddable":true,"href":"https:\/\/loginfo24.com\/fr\/wp-json\/wp\/v2\/media\/79773"}],"wp:attachment":[{"href":"https:\/\/loginfo24.com\/fr\/wp-json\/wp\/v2\/media?parent=79775"}],"wp:term":[{"taxonomy":"category","embeddable":true,"href":"https:\/\/loginfo24.com\/fr\/wp-json\/wp\/v2\/categories?post=79775"},{"taxonomy":"post_tag","embeddable":true,"href":"https:\/\/loginfo24.com\/fr\/wp-json\/wp\/v2\/tags?post=79775"}],"curies":[{"name":"wp","href":"https:\/\/api.w.org\/{rel}","templated":true}]}}