{"id":79746,"date":"2026-04-30T13:04:39","date_gmt":"2026-04-30T13:04:39","guid":{"rendered":"https:\/\/loginfo24.com\/2026\/04\/30\/nouvelle-station-de-charge-pour-vehicules-utilitaires-de-la-poste\/"},"modified":"2026-04-30T13:04:39","modified_gmt":"2026-04-30T13:04:39","slug":"nouvelle-station-de-charge-pour-vehicules-utilitaires-de-la-poste","status":"publish","type":"post","link":"https:\/\/loginfo24.com\/fr\/2026\/04\/30\/nouvelle-station-de-charge-pour-vehicules-utilitaires-de-la-poste\/","title":{"rendered":"Nouvelle station de charge pour v\u00e9hicules utilitaires de la Poste"},"content":{"rendered":"<p>Avec la mise en service d&#8217;une nouvelle station de recharge \u00e0 Villmergen (AG), la Poste suisse fait un pas suppl\u00e9mentaire vers l&#8217;\u00e9lectrification de sa flotte de v\u00e9hicules utilitaires. Cette installation, situ\u00e9e sur le site du nouveau centre logistique de Swiss Post Cargo, est consid\u00e9r\u00e9e comme l&#8217;une des plus grandes de son genre en Suisse et offre une infrastructure performante pour les camions \u00e9lectriques et les bus postaux.<\/p>\n<h3>Infrastructure de recharge efficace pour les v\u00e9hicules utilitaires \u00e9lectriques<\/h3>\n<p>La nouvelle station de recharge comprend au total 16 points de recharge, dont des chargeurs rapides d&#8217;une puissance allant jusqu&#8217;\u00e0 400 kW. Ces capacit\u00e9s permettent non seulement de recharger efficacement les lourds v\u00e9hicules utilitaires de la Poste, mais sont \u00e9galement disponibles pour les partenaires logistiques et d&#8217;autres clients tiers. Avec cette mesure, la Poste souhaite non seulement r\u00e9pondre \u00e0 ses propres exigences op\u00e9rationnelles, mais aussi faciliter la transition vers des motorisations \u00e9lectriques pour d&#8217;autres entreprises.<\/p>\n<p>Une caract\u00e9ristique particuli\u00e8re de l&#8217;infrastructure de recharge construite par Repower est la gestion innovante des c\u00e2bles, qui se d\u00e9roule en hauteur. Cette solution permet \u00e0 la Poste d&#8217;optimiser l&#8217;utilisation de l&#8217;espace logistique disponible tout en fournissant une infrastructure de recharge performante.<\/p>\n<h3>Contribution \u00e0 la transition de la mobilit\u00e9 dans le transport lourd<\/h3>\n<p>La Poste consid\u00e8re la nouvelle station de recharge comme une contribution importante \u00e0 la transition de la mobilit\u00e9 dans le transport lourd. Lors d&#8217;un \u00e9v\u00e9nement r\u00e9cent, des partenaires des secteurs de la logistique, du transport et de l&#8217;\u00e9nergie ont eu l&#8217;occasion de d\u00e9couvrir sur place la nouvelle infrastructure. La combinaison d&#8217;une infrastructure intelligente et d&#8217;une haute puissance de recharge devrait contribuer \u00e0 promouvoir l&#8217;acceptation et l&#8217;utilisation des v\u00e9hicules utilitaires \u00e9lectriques.<\/p>\n<p>En fournissant cette infrastructure de recharge, la Poste se positionne comme un acteur actif de la transformation dans le secteur des transports et soutient l&#8217;industrie dans la recherche de solutions plus durables.<\/p>\n<p>&nbsp;<\/p>\n<p><a href=\"https:\/\/www.swisspost-cargo.com\/\" target=\"_blank\" rel=\"noopener noreferrer\">www.swisspost-cargo.com<\/a><\/p>\n<p>&nbsp;<\/p>\n","protected":false},"excerpt":{"rendered":"<p>La Poste suisse a ouvert une nouvelle station de charge pour v\u00e9hicules utilitaires \u00e9lectriques \u00e0 Villmergen, afin de promouvoir l&rsquo;\u00e9lectrification de sa flotte et la transition vers une mobilit\u00e9 durable dans le transport lourd.<\/p>\n","protected":false},"author":12,"featured_media":79744,"comment_status":"open","ping_status":"","sticky":false,"template":"","format":"standard","meta":{"_acf_changed":false,"footnotes":""},"categories":[6679,1581,1580,6673],"tags":[23197,23198,23199,23200,2115,2116,23201,23202,23203,23204,9534,23205,23206,9537,23207,10957,23208,23209,23210,23211,23212,23213,23214,23215,23216,23217,23218,23219,23220,23221,23222,6379,3157,23223,10972,23224,23225,23226,23227,23228,23229,23230,10206,4268,4269,23231,23232,23233,9559],"class_list":["post-79746","post","type-post","status-publish","format-standard","has-post-thumbnail","hentry","category-europa","category-expedition-et-logistique","category-intermodal-route","category-suisse","tag-centre-logistique-swiss-post-cargo","tag-chargeurs-rapides-400-kw","tag-charging-infrastructure-switzerland","tag-deutsch-ladeanlage-villmergen","tag-digitalisierung-in-der-logistik","tag-digitalization-in-logistics","tag-e-ladepunkte","tag-efficient-charging-of-commercial-vehicles","tag-effizientes-laden-von-nutzfahrzeugen","tag-electric-charging-points","tag-electric-commercial-vehicles","tag-electric-drives","tag-elektrische-antriebe","tag-elektrische-nutzfahrzeuge","tag-entrainements-electriques","tag-fachkraeftemangel-logistikbranche","tag-fast-chargers-400-kw","tag-gestion-innovante-des-cables","tag-heavy-freight-transport","tag-infrastructure-de-recharge-repower","tag-infrastructure-de-recharge-suisse","tag-innovative-cable-management-francais-station-de-recharge-villmergen","tag-innovative-kabelfuehrung-english-charging-station-villmergen","tag-labor-shortage-logistics-industry","tag-ladeinfrastruktur-schweiz","tag-logistics-center-swiss-post-cargo","tag-logistics-partners-electric-charging","tag-logistikpartner-e-ladung","tag-logistikzentrum-swiss-post-cargo","tag-mobilitaetswende-schwerverkehr","tag-mobility-transition-heavy-transport","tag-nachhaltige-transportloesungen","tag-numerisation-dans-la-logistique","tag-partenaires-logistiques-recharge-electrique","tag-penurie-de-main-doeuvre-secteur-logistique","tag-points-de-recharge-electriques","tag-poste-suisse","tag-recharge-efficace-des-vehicules-utilitaires","tag-repower-charging-infrastructure","tag-repower-ladeinfrastruktur","tag-schnelllader-400-kw","tag-schweizerische-post","tag-schwerlasttransport","tag-solutions-de-transport-durables","tag-sustainable-transport-solutions","tag-swiss-post","tag-transition-de-mobilite-transport-lourd","tag-transport-de-fret-lourd","tag-vehicules-utilitaires-electriques"],"acf":[],"yoast_head":"<!-- This site is optimized with the Yoast SEO plugin v27.3 - https:\/\/yoast.com\/product\/yoast-seo-wordpress\/ -->\n<title>Nouvelle station de charge pour v\u00e9hicules utilitaires de la Poste - Loginfo24<\/title>\n<meta name=\"robots\" content=\"index, follow, max-snippet:-1, max-image-preview:large, max-video-preview:-1\" \/>\n<link rel=\"canonical\" href=\"https:\/\/loginfo24.com\/fr\/2026\/04\/30\/nouvelle-station-de-charge-pour-vehicules-utilitaires-de-la-poste\/\" \/>\n<meta property=\"og:locale\" content=\"fr_FR\" \/>\n<meta property=\"og:type\" content=\"article\" \/>\n<meta property=\"og:title\" content=\"Nouvelle station de charge pour v\u00e9hicules utilitaires de la Poste - Loginfo24\" \/>\n<meta property=\"og:description\" content=\"La Poste suisse a ouvert une nouvelle station de charge pour v\u00e9hicules utilitaires \u00e9lectriques \u00e0 Villmergen, afin de promouvoir l&#039;\u00e9lectrification de sa flotte et la transition vers une mobilit\u00e9 durable dans le transport lourd.\" \/>\n<meta property=\"og:url\" content=\"https:\/\/loginfo24.com\/fr\/2026\/04\/30\/nouvelle-station-de-charge-pour-vehicules-utilitaires-de-la-poste\/\" \/>\n<meta property=\"og:site_name\" content=\"Loginfo24\" \/>\n<meta property=\"article:publisher\" content=\"https:\/\/www.facebook.com\/people\/Loginfo24\/100057360583332\/\" \/>\n<meta property=\"article:published_time\" content=\"2026-04-30T13:04:39+00:00\" \/>\n<meta property=\"og:image\" content=\"https:\/\/loginfo24.com\/wp-content\/uploads\/sites\/7\/2026\/04\/Post-CH-1776786129812-aspect-ratio-1400-788.jpg\" \/>\n\t<meta property=\"og:image:width\" content=\"1280\" \/>\n\t<meta property=\"og:image:height\" content=\"721\" \/>\n\t<meta property=\"og:image:type\" content=\"image\/jpeg\" \/>\n<meta name=\"author\" content=\"Andreas Haug\" \/>\n<meta name=\"twitter:card\" content=\"summary_large_image\" \/>\n<meta name=\"twitter:label1\" content=\"\u00c9crit par\" \/>\n\t<meta name=\"twitter:data1\" content=\"Andreas Haug\" \/>\n\t<meta name=\"twitter:label2\" content=\"Dur\u00e9e de lecture estim\u00e9e\" \/>\n\t<meta name=\"twitter:data2\" content=\"2 minutes\" \/>\n<script type=\"application\/ld+json\" class=\"yoast-schema-graph\">{\"@context\":\"https:\\\/\\\/schema.org\",\"@graph\":[{\"@type\":\"Article\",\"@id\":\"https:\\\/\\\/loginfo24.com\\\/fr\\\/2026\\\/04\\\/30\\\/nouvelle-station-de-charge-pour-vehicules-utilitaires-de-la-poste\\\/#article\",\"isPartOf\":{\"@id\":\"https:\\\/\\\/loginfo24.com\\\/fr\\\/2026\\\/04\\\/30\\\/nouvelle-station-de-charge-pour-vehicules-utilitaires-de-la-poste\\\/\"},\"author\":{\"name\":\"Andreas Haug\",\"@id\":\"https:\\\/\\\/loginfo24.com\\\/fr\\\/#\\\/schema\\\/person\\\/cf538b3157f15afd7589245a4b3dbd25\"},\"headline\":\"Nouvelle station de charge pour v\u00e9hicules utilitaires de la Poste\",\"datePublished\":\"2026-04-30T13:04:39+00:00\",\"mainEntityOfPage\":{\"@id\":\"https:\\\/\\\/loginfo24.com\\\/fr\\\/2026\\\/04\\\/30\\\/nouvelle-station-de-charge-pour-vehicules-utilitaires-de-la-poste\\\/\"},\"wordCount\":350,\"commentCount\":0,\"publisher\":{\"@id\":\"https:\\\/\\\/loginfo24.com\\\/fr\\\/#organization\"},\"image\":{\"@id\":\"https:\\\/\\\/loginfo24.com\\\/fr\\\/2026\\\/04\\\/30\\\/nouvelle-station-de-charge-pour-vehicules-utilitaires-de-la-poste\\\/#primaryimage\"},\"thumbnailUrl\":\"https:\\\/\\\/loginfo24.com\\\/wp-content\\\/uploads\\\/sites\\\/7\\\/2026\\\/04\\\/Post-CH-1776786129812-aspect-ratio-1400-788.jpg\",\"keywords\":[\"centre logistique Swiss Post Cargo\",\"chargeurs rapides 400 kW\",\"charging infrastructure Switzerland\",\"Deutsch Ladeanlage Villmergen\",\"Digitalisierung in der Logistik\",\"digitalization in logistics\",\"E-Ladepunkte\",\"efficient charging of commercial vehicles\",\"effizientes Laden von Nutzfahrzeugen\",\"electric charging points\",\"electric commercial vehicles\",\"electric drives\",\"elektrische Antriebe\",\"elektrische Nutzfahrzeuge\",\"entra\u00eenements \u00e9lectriques\",\"Fachkr\u00e4ftemangel Logistikbranche\",\"fast chargers 400 kW\",\"gestion innovante des c\u00e2bles\",\"heavy freight transport\",\"infrastructure de recharge Repower\",\"infrastructure de recharge Suisse\",\"innovative cable management Fran\u00e7ais station de recharge Villmergen\",\"innovative Kabelf\u00fchrung English charging station Villmergen\",\"labor shortage logistics industry\",\"Ladeinfrastruktur Schweiz\",\"logistics center Swiss Post Cargo\",\"logistics partners electric charging\",\"Logistikpartner E-Ladung\",\"Logistikzentrum Swiss Post Cargo\",\"Mobilit\u00e4tswende Schwerverkehr\",\"mobility transition heavy transport\",\"nachhaltige Transportl\u00f6sungen\",\"num\u00e9risation dans la logistique\",\"partenaires logistiques recharge \u00e9lectrique\",\"p\u00e9nurie de main-d'\u0153uvre secteur logistique\",\"points de recharge \u00e9lectriques\",\"Poste Suisse\",\"recharge efficace des v\u00e9hicules utilitaires\",\"Repower charging infrastructure\",\"Repower Ladeinfrastruktur\",\"Schnelllader 400 kW\",\"Schweizerische Post\",\"Schwerlasttransport\",\"solutions de transport durables\",\"sustainable transport solutions\",\"Swiss Post\",\"transition de mobilit\u00e9 transport lourd\",\"transport de fret lourd\",\"v\u00e9hicules utilitaires \u00e9lectriques\"],\"articleSection\":[\"Europa\",\"Exp\u00e9dition de fret et logistique\",\"Intermodal \\\/ Route\",\"Suisse\"],\"inLanguage\":\"fr-FR\",\"potentialAction\":[{\"@type\":\"CommentAction\",\"name\":\"Comment\",\"target\":[\"https:\\\/\\\/loginfo24.com\\\/fr\\\/2026\\\/04\\\/30\\\/nouvelle-station-de-charge-pour-vehicules-utilitaires-de-la-poste\\\/#respond\"]}]},{\"@type\":\"WebPage\",\"@id\":\"https:\\\/\\\/loginfo24.com\\\/fr\\\/2026\\\/04\\\/30\\\/nouvelle-station-de-charge-pour-vehicules-utilitaires-de-la-poste\\\/\",\"url\":\"https:\\\/\\\/loginfo24.com\\\/fr\\\/2026\\\/04\\\/30\\\/nouvelle-station-de-charge-pour-vehicules-utilitaires-de-la-poste\\\/\",\"name\":\"Nouvelle station de charge pour v\u00e9hicules utilitaires de la Poste - Loginfo24\",\"isPartOf\":{\"@id\":\"https:\\\/\\\/loginfo24.com\\\/fr\\\/#website\"},\"primaryImageOfPage\":{\"@id\":\"https:\\\/\\\/loginfo24.com\\\/fr\\\/2026\\\/04\\\/30\\\/nouvelle-station-de-charge-pour-vehicules-utilitaires-de-la-poste\\\/#primaryimage\"},\"image\":{\"@id\":\"https:\\\/\\\/loginfo24.com\\\/fr\\\/2026\\\/04\\\/30\\\/nouvelle-station-de-charge-pour-vehicules-utilitaires-de-la-poste\\\/#primaryimage\"},\"thumbnailUrl\":\"https:\\\/\\\/loginfo24.com\\\/wp-content\\\/uploads\\\/sites\\\/7\\\/2026\\\/04\\\/Post-CH-1776786129812-aspect-ratio-1400-788.jpg\",\"datePublished\":\"2026-04-30T13:04:39+00:00\",\"breadcrumb\":{\"@id\":\"https:\\\/\\\/loginfo24.com\\\/fr\\\/2026\\\/04\\\/30\\\/nouvelle-station-de-charge-pour-vehicules-utilitaires-de-la-poste\\\/#breadcrumb\"},\"inLanguage\":\"fr-FR\",\"potentialAction\":[{\"@type\":\"ReadAction\",\"target\":[\"https:\\\/\\\/loginfo24.com\\\/fr\\\/2026\\\/04\\\/30\\\/nouvelle-station-de-charge-pour-vehicules-utilitaires-de-la-poste\\\/\"]}]},{\"@type\":\"ImageObject\",\"inLanguage\":\"fr-FR\",\"@id\":\"https:\\\/\\\/loginfo24.com\\\/fr\\\/2026\\\/04\\\/30\\\/nouvelle-station-de-charge-pour-vehicules-utilitaires-de-la-poste\\\/#primaryimage\",\"url\":\"https:\\\/\\\/loginfo24.com\\\/wp-content\\\/uploads\\\/sites\\\/7\\\/2026\\\/04\\\/Post-CH-1776786129812-aspect-ratio-1400-788.jpg\",\"contentUrl\":\"https:\\\/\\\/loginfo24.com\\\/wp-content\\\/uploads\\\/sites\\\/7\\\/2026\\\/04\\\/Post-CH-1776786129812-aspect-ratio-1400-788.jpg\",\"width\":1280,\"height\":721},{\"@type\":\"BreadcrumbList\",\"@id\":\"https:\\\/\\\/loginfo24.com\\\/fr\\\/2026\\\/04\\\/30\\\/nouvelle-station-de-charge-pour-vehicules-utilitaires-de-la-poste\\\/#breadcrumb\",\"itemListElement\":[{\"@type\":\"ListItem\",\"position\":1,\"name\":\"Startseite\",\"item\":\"https:\\\/\\\/loginfo24.com\\\/fr\\\/\"},{\"@type\":\"ListItem\",\"position\":2,\"name\":\"Nouvelle station de charge pour v\u00e9hicules utilitaires de la Poste\"}]},{\"@type\":\"WebSite\",\"@id\":\"https:\\\/\\\/loginfo24.com\\\/fr\\\/#website\",\"url\":\"https:\\\/\\\/loginfo24.com\\\/fr\\\/\",\"name\":\"Loginfo24\",\"description\":\"Loginfo24 est la plateforme d\u00e9di\u00e9e \u00e0 la logistique et aux cha\u00eenes d&#039;approvisionnement qui fournit des informations 24 heures sur 24.\",\"publisher\":{\"@id\":\"https:\\\/\\\/loginfo24.com\\\/fr\\\/#organization\"},\"potentialAction\":[{\"@type\":\"SearchAction\",\"target\":{\"@type\":\"EntryPoint\",\"urlTemplate\":\"https:\\\/\\\/loginfo24.com\\\/fr\\\/?s={search_term_string}\"},\"query-input\":{\"@type\":\"PropertyValueSpecification\",\"valueRequired\":true,\"valueName\":\"search_term_string\"}}],\"inLanguage\":\"fr-FR\"},{\"@type\":\"Organization\",\"@id\":\"https:\\\/\\\/loginfo24.com\\\/fr\\\/#organization\",\"name\":\"Groupe Logismedia AG\",\"url\":\"https:\\\/\\\/loginfo24.com\\\/fr\\\/\",\"logo\":{\"@type\":\"ImageObject\",\"inLanguage\":\"fr-FR\",\"@id\":\"https:\\\/\\\/loginfo24.com\\\/fr\\\/#\\\/schema\\\/logo\\\/image\\\/\",\"url\":\"https:\\\/\\\/loginfo24.com\\\/wp-content\\\/uploads\\\/sites\\\/7\\\/2026\\\/01\\\/Logo_LogInfo24.png\",\"contentUrl\":\"https:\\\/\\\/loginfo24.com\\\/wp-content\\\/uploads\\\/sites\\\/7\\\/2026\\\/01\\\/Logo_LogInfo24.png\",\"width\":938,\"height\":351,\"caption\":\"Groupe Logismedia AG\"},\"image\":{\"@id\":\"https:\\\/\\\/loginfo24.com\\\/fr\\\/#\\\/schema\\\/logo\\\/image\\\/\"},\"sameAs\":[\"https:\\\/\\\/www.facebook.com\\\/people\\\/Loginfo24\\\/100057360583332\\\/\",\"https:\\\/\\\/www.linkedin.com\\\/company\\\/lofinfo24\\\/\"]},{\"@type\":\"Person\",\"@id\":\"https:\\\/\\\/loginfo24.com\\\/fr\\\/#\\\/schema\\\/person\\\/cf538b3157f15afd7589245a4b3dbd25\",\"name\":\"Andreas Haug\",\"url\":\"https:\\\/\\\/loginfo24.com\\\/fr\\\/author\\\/andreas\\\/\"}]}<\/script>\n<!-- \/ Yoast SEO plugin. -->","yoast_head_json":{"title":"Nouvelle station de charge pour v\u00e9hicules utilitaires de la Poste - Loginfo24","robots":{"index":"index","follow":"follow","max-snippet":"max-snippet:-1","max-image-preview":"max-image-preview:large","max-video-preview":"max-video-preview:-1"},"canonical":"https:\/\/loginfo24.com\/fr\/2026\/04\/30\/nouvelle-station-de-charge-pour-vehicules-utilitaires-de-la-poste\/","og_locale":"fr_FR","og_type":"article","og_title":"Nouvelle station de charge pour v\u00e9hicules utilitaires de la Poste - Loginfo24","og_description":"La Poste suisse a ouvert une nouvelle station de charge pour v\u00e9hicules utilitaires \u00e9lectriques \u00e0 Villmergen, afin de promouvoir l'\u00e9lectrification de sa flotte et la transition vers une mobilit\u00e9 durable dans le transport lourd.","og_url":"https:\/\/loginfo24.com\/fr\/2026\/04\/30\/nouvelle-station-de-charge-pour-vehicules-utilitaires-de-la-poste\/","og_site_name":"Loginfo24","article_publisher":"https:\/\/www.facebook.com\/people\/Loginfo24\/100057360583332\/","article_published_time":"2026-04-30T13:04:39+00:00","og_image":[{"width":1280,"height":721,"url":"https:\/\/loginfo24.com\/wp-content\/uploads\/sites\/7\/2026\/04\/Post-CH-1776786129812-aspect-ratio-1400-788.jpg","type":"image\/jpeg"}],"author":"Andreas Haug","twitter_card":"summary_large_image","twitter_misc":{"\u00c9crit par":"Andreas Haug","Dur\u00e9e de lecture estim\u00e9e":"2 minutes"},"schema":{"@context":"https:\/\/schema.org","@graph":[{"@type":"Article","@id":"https:\/\/loginfo24.com\/fr\/2026\/04\/30\/nouvelle-station-de-charge-pour-vehicules-utilitaires-de-la-poste\/#article","isPartOf":{"@id":"https:\/\/loginfo24.com\/fr\/2026\/04\/30\/nouvelle-station-de-charge-pour-vehicules-utilitaires-de-la-poste\/"},"author":{"name":"Andreas Haug","@id":"https:\/\/loginfo24.com\/fr\/#\/schema\/person\/cf538b3157f15afd7589245a4b3dbd25"},"headline":"Nouvelle station de charge pour v\u00e9hicules utilitaires de la Poste","datePublished":"2026-04-30T13:04:39+00:00","mainEntityOfPage":{"@id":"https:\/\/loginfo24.com\/fr\/2026\/04\/30\/nouvelle-station-de-charge-pour-vehicules-utilitaires-de-la-poste\/"},"wordCount":350,"commentCount":0,"publisher":{"@id":"https:\/\/loginfo24.com\/fr\/#organization"},"image":{"@id":"https:\/\/loginfo24.com\/fr\/2026\/04\/30\/nouvelle-station-de-charge-pour-vehicules-utilitaires-de-la-poste\/#primaryimage"},"thumbnailUrl":"https:\/\/loginfo24.com\/wp-content\/uploads\/sites\/7\/2026\/04\/Post-CH-1776786129812-aspect-ratio-1400-788.jpg","keywords":["centre logistique Swiss Post Cargo","chargeurs rapides 400 kW","charging infrastructure Switzerland","Deutsch Ladeanlage Villmergen","Digitalisierung in der Logistik","digitalization in logistics","E-Ladepunkte","efficient charging of commercial vehicles","effizientes Laden von Nutzfahrzeugen","electric charging points","electric commercial vehicles","electric drives","elektrische Antriebe","elektrische Nutzfahrzeuge","entra\u00eenements \u00e9lectriques","Fachkr\u00e4ftemangel Logistikbranche","fast chargers 400 kW","gestion innovante des c\u00e2bles","heavy freight transport","infrastructure de recharge Repower","infrastructure de recharge Suisse","innovative cable management Fran\u00e7ais station de recharge Villmergen","innovative Kabelf\u00fchrung English charging station Villmergen","labor shortage logistics industry","Ladeinfrastruktur Schweiz","logistics center Swiss Post Cargo","logistics partners electric charging","Logistikpartner E-Ladung","Logistikzentrum Swiss Post Cargo","Mobilit\u00e4tswende Schwerverkehr","mobility transition heavy transport","nachhaltige Transportl\u00f6sungen","num\u00e9risation dans la logistique","partenaires logistiques recharge \u00e9lectrique","p\u00e9nurie de main-d'\u0153uvre secteur logistique","points de recharge \u00e9lectriques","Poste Suisse","recharge efficace des v\u00e9hicules utilitaires","Repower charging infrastructure","Repower Ladeinfrastruktur","Schnelllader 400 kW","Schweizerische Post","Schwerlasttransport","solutions de transport durables","sustainable transport solutions","Swiss Post","transition de mobilit\u00e9 transport lourd","transport de fret lourd","v\u00e9hicules utilitaires \u00e9lectriques"],"articleSection":["Europa","Exp\u00e9dition de fret et logistique","Intermodal \/ Route","Suisse"],"inLanguage":"fr-FR","potentialAction":[{"@type":"CommentAction","name":"Comment","target":["https:\/\/loginfo24.com\/fr\/2026\/04\/30\/nouvelle-station-de-charge-pour-vehicules-utilitaires-de-la-poste\/#respond"]}]},{"@type":"WebPage","@id":"https:\/\/loginfo24.com\/fr\/2026\/04\/30\/nouvelle-station-de-charge-pour-vehicules-utilitaires-de-la-poste\/","url":"https:\/\/loginfo24.com\/fr\/2026\/04\/30\/nouvelle-station-de-charge-pour-vehicules-utilitaires-de-la-poste\/","name":"Nouvelle station de charge pour v\u00e9hicules utilitaires de la Poste - Loginfo24","isPartOf":{"@id":"https:\/\/loginfo24.com\/fr\/#website"},"primaryImageOfPage":{"@id":"https:\/\/loginfo24.com\/fr\/2026\/04\/30\/nouvelle-station-de-charge-pour-vehicules-utilitaires-de-la-poste\/#primaryimage"},"image":{"@id":"https:\/\/loginfo24.com\/fr\/2026\/04\/30\/nouvelle-station-de-charge-pour-vehicules-utilitaires-de-la-poste\/#primaryimage"},"thumbnailUrl":"https:\/\/loginfo24.com\/wp-content\/uploads\/sites\/7\/2026\/04\/Post-CH-1776786129812-aspect-ratio-1400-788.jpg","datePublished":"2026-04-30T13:04:39+00:00","breadcrumb":{"@id":"https:\/\/loginfo24.com\/fr\/2026\/04\/30\/nouvelle-station-de-charge-pour-vehicules-utilitaires-de-la-poste\/#breadcrumb"},"inLanguage":"fr-FR","potentialAction":[{"@type":"ReadAction","target":["https:\/\/loginfo24.com\/fr\/2026\/04\/30\/nouvelle-station-de-charge-pour-vehicules-utilitaires-de-la-poste\/"]}]},{"@type":"ImageObject","inLanguage":"fr-FR","@id":"https:\/\/loginfo24.com\/fr\/2026\/04\/30\/nouvelle-station-de-charge-pour-vehicules-utilitaires-de-la-poste\/#primaryimage","url":"https:\/\/loginfo24.com\/wp-content\/uploads\/sites\/7\/2026\/04\/Post-CH-1776786129812-aspect-ratio-1400-788.jpg","contentUrl":"https:\/\/loginfo24.com\/wp-content\/uploads\/sites\/7\/2026\/04\/Post-CH-1776786129812-aspect-ratio-1400-788.jpg","width":1280,"height":721},{"@type":"BreadcrumbList","@id":"https:\/\/loginfo24.com\/fr\/2026\/04\/30\/nouvelle-station-de-charge-pour-vehicules-utilitaires-de-la-poste\/#breadcrumb","itemListElement":[{"@type":"ListItem","position":1,"name":"Startseite","item":"https:\/\/loginfo24.com\/fr\/"},{"@type":"ListItem","position":2,"name":"Nouvelle station de charge pour v\u00e9hicules utilitaires de la Poste"}]},{"@type":"WebSite","@id":"https:\/\/loginfo24.com\/fr\/#website","url":"https:\/\/loginfo24.com\/fr\/","name":"Loginfo24","description":"Loginfo24 est la plateforme d\u00e9di\u00e9e \u00e0 la logistique et aux cha\u00eenes d&#039;approvisionnement qui fournit des informations 24 heures sur 24.","publisher":{"@id":"https:\/\/loginfo24.com\/fr\/#organization"},"potentialAction":[{"@type":"SearchAction","target":{"@type":"EntryPoint","urlTemplate":"https:\/\/loginfo24.com\/fr\/?s={search_term_string}"},"query-input":{"@type":"PropertyValueSpecification","valueRequired":true,"valueName":"search_term_string"}}],"inLanguage":"fr-FR"},{"@type":"Organization","@id":"https:\/\/loginfo24.com\/fr\/#organization","name":"Groupe Logismedia AG","url":"https:\/\/loginfo24.com\/fr\/","logo":{"@type":"ImageObject","inLanguage":"fr-FR","@id":"https:\/\/loginfo24.com\/fr\/#\/schema\/logo\/image\/","url":"https:\/\/loginfo24.com\/wp-content\/uploads\/sites\/7\/2026\/01\/Logo_LogInfo24.png","contentUrl":"https:\/\/loginfo24.com\/wp-content\/uploads\/sites\/7\/2026\/01\/Logo_LogInfo24.png","width":938,"height":351,"caption":"Groupe Logismedia AG"},"image":{"@id":"https:\/\/loginfo24.com\/fr\/#\/schema\/logo\/image\/"},"sameAs":["https:\/\/www.facebook.com\/people\/Loginfo24\/100057360583332\/","https:\/\/www.linkedin.com\/company\/lofinfo24\/"]},{"@type":"Person","@id":"https:\/\/loginfo24.com\/fr\/#\/schema\/person\/cf538b3157f15afd7589245a4b3dbd25","name":"Andreas Haug","url":"https:\/\/loginfo24.com\/fr\/author\/andreas\/"}]}},"_links":{"self":[{"href":"https:\/\/loginfo24.com\/fr\/wp-json\/wp\/v2\/posts\/79746","targetHints":{"allow":["GET"]}}],"collection":[{"href":"https:\/\/loginfo24.com\/fr\/wp-json\/wp\/v2\/posts"}],"about":[{"href":"https:\/\/loginfo24.com\/fr\/wp-json\/wp\/v2\/types\/post"}],"author":[{"embeddable":true,"href":"https:\/\/loginfo24.com\/fr\/wp-json\/wp\/v2\/users\/12"}],"replies":[{"embeddable":true,"href":"https:\/\/loginfo24.com\/fr\/wp-json\/wp\/v2\/comments?post=79746"}],"version-history":[{"count":0,"href":"https:\/\/loginfo24.com\/fr\/wp-json\/wp\/v2\/posts\/79746\/revisions"}],"wp:featuredmedia":[{"embeddable":true,"href":"https:\/\/loginfo24.com\/fr\/wp-json\/wp\/v2\/media\/79744"}],"wp:attachment":[{"href":"https:\/\/loginfo24.com\/fr\/wp-json\/wp\/v2\/media?parent=79746"}],"wp:term":[{"taxonomy":"category","embeddable":true,"href":"https:\/\/loginfo24.com\/fr\/wp-json\/wp\/v2\/categories?post=79746"},{"taxonomy":"post_tag","embeddable":true,"href":"https:\/\/loginfo24.com\/fr\/wp-json\/wp\/v2\/tags?post=79746"}],"curies":[{"name":"wp","href":"https:\/\/api.w.org\/{rel}","templated":true}]}}