{"id":79634,"date":"2026-04-29T16:42:42","date_gmt":"2026-04-29T16:42:42","guid":{"rendered":"https:\/\/loginfo24.com\/2026\/04\/29\/balm-remet-un-certificat-au-drewes-group\/"},"modified":"2026-04-29T16:42:42","modified_gmt":"2026-04-29T16:42:42","slug":"balm-remet-un-certificat-au-drewes-group","status":"publish","type":"post","link":"https:\/\/loginfo24.com\/fr\/2026\/04\/29\/balm-remet-un-certificat-au-drewes-group\/","title":{"rendered":"BALM remet un certificat au Drewes Group"},"content":{"rendered":"<p>Lors d&#8217;une visite \u00e0 Br\u00eame, Christian Hoffmann, pr\u00e9sident de l&#8217;Office f\u00e9d\u00e9ral de logistique et de mobilit\u00e9 (BALM), a remis un certificat au groupe Drewes. Cette distinction souligne la participation de l&#8217;entreprise \u00e0 la pr\u00e9paration civile aux situations d&#8217;urgence de la R\u00e9publique f\u00e9d\u00e9rale d&#8217;Allemagne. Lors de la rencontre avec le directeur g\u00e9n\u00e9ral Dr. Patric Drewes, des th\u00e8mes centraux tels que la s\u00e9curisation de la logistique en situations de crise, ainsi que le transport maritime et les interfaces intermodales dans le domaine des transports de l&#8217;arri\u00e8re-port, ont \u00e9t\u00e9 discut\u00e9s.<\/p>\n<h3>Perspectives sur les op\u00e9rations de Drewes Logistics GmbH<\/h3>\n<p>Hoffmann a \u00e9galement obtenu un aper\u00e7u complet des processus op\u00e9rationnels de Drewes Logistics GmbH au port de Br\u00eame. Au cours de la visite, un \u00e9change suppl\u00e9mentaire sur les questions de logistique de crise a \u00e9t\u00e9 convenu afin d&#8217;approfondir la collaboration dans ce domaine important. Drewes Logistics GmbH est sp\u00e9cialis\u00e9e dans des solutions mondiales pour le transport de fret et la logistique de projet. L&#8217;entreprise s&#8217;est particuli\u00e8rement concentr\u00e9e sur le transport maritime de marchandises en vrac et de cargaisons de type break-bulk, ainsi que sur la logistique de projet multimodale, y compris les transports lourds et de grande dimension.<\/p>\n<p>Le BALM joue un r\u00f4le central dans la pr\u00e9paration civile aux situations d&#8217;urgence, qui est ancr\u00e9e dans la loi sur les prestations de transport et la loi sur la s\u00e9curit\u00e9 des transports. En plus de ses t\u00e2ches dans le domaine routier, le BALM assume \u00e9galement des fonctions de coordination pour garantir l&#8217;approvisionnement de la population, de l&#8217;\u00e9conomie et des forces arm\u00e9es. Avec l&#8217;adh\u00e9sion du groupe Drewes, le r\u00e9seau de l&#8217;organisation de transport f\u00e9d\u00e9rale, qui se compose de plus de 1 200 entreprises de transport et de logistique performantes, est renforc\u00e9.<\/p>\n<p>Pour plus d&#8217;informations sur l&#8217;organisation de transport f\u00e9d\u00e9rale, les personnes int\u00e9ress\u00e9es peuvent contacter le BALM \u00e0 l&#8217;adresse TOB@balm.bund.de ou visiter le site web du BALM, o\u00f9 des informations suppl\u00e9mentaires sur la pr\u00e9paration civile aux situations d&#8217;urgence sont fournies.<\/p>\n<p>Lors de la m\u00eame manifestation, le pr\u00e9sident du BALM, Christian Hoffmann, a remis des certificats \u00e0 d&#8217;autres entreprises lors d&#8217;un \u00e9v\u00e9nement solennel \u00e0 Cologne pour leur participation \u00e0 la pr\u00e9paration civile aux situations d&#8217;urgence de la R\u00e9publique f\u00e9d\u00e9rale d&#8217;Allemagne. La TOB est une association de plus de 1 200 entreprises de transport et de logistique avec une expertise sp\u00e9cialis\u00e9e dans une vari\u00e9t\u00e9 de comp\u00e9tences en transport, ainsi que des entreprises de transport de personnes performantes dans le cadre de la pr\u00e9paration civile aux situations d&#8217;urgence de la R\u00e9publique f\u00e9d\u00e9rale d&#8217;Allemagne.<\/p>\n<blockquote>\n<p>Hoffmann a soulign\u00e9 : \u00ab Nous construisons d\u00e9lib\u00e9r\u00e9ment un r\u00e9seau qui allie stabilit\u00e9, flexibilit\u00e9 et fiabilit\u00e9. J&#8217;appr\u00e9cie \u00e9norm\u00e9ment la volont\u00e9 et le sens des responsabilit\u00e9s des entreprises pr\u00e9sentes ici aujourd&#8217;hui, qui apportent une contribution indispensable \u00e0 la pr\u00e9paration aux crises de la R\u00e9publique f\u00e9d\u00e9rale d&#8217;Allemagne. \u00bb<\/p>\n<\/blockquote>\n<p>L&#8217;\u00e9v\u00e9nement d&#8217;aujourd&#8217;hui est une premi\u00e8re dans cette forme : en plus de la remise des certificats, l&#8217;\u00e9change commun sur la logistique en situations de crise \u00e9tait au centre des pr\u00e9occupations. De cette mani\u00e8re, la TOB doit \u00eatre d\u00e9velopp\u00e9e en tant que marque connue \u00e0 l&#8217;\u00e9chelle nationale pour la pr\u00e9paration civile aux situations d&#8217;urgence. Par la suite, les autres domaines de comp\u00e9tence du BALM ont \u00e9galement \u00e9t\u00e9 pr\u00e9sent\u00e9s, allant du contr\u00f4le et des sanctions \u00e0 l&#8217;\u00e9conomie des transports, en passant par les programmes de soutien.<\/p>\n<p>Le BALM remercie les entreprises suivantes avec le certificat de pr\u00e9paration civile aux situations d&#8217;urgence pour leur volont\u00e9 de soutenir en cas de crise : ALBERT SCHUCK GmbH &amp; Co. KG, Alheimer Reisen GCN GmbH, CTHS &#8211; Container Terminal Halle Saale, CTJ Janssen GmbH Spedition &amp; Logistik, DeuCon Chemielogistik GmbH, Hausemann &amp; Mager GmbH &amp; Co. KG, inTime Express Logistik GmbH, Johann M\u00fcller GmbH &amp; Co.KG Spedition, Kautetzky Internationale Spedition GmbH &amp; Co. KG, Ludwig Meyer GmbH &amp; Co. KG Logistik Services, Manfred Jungels GmbH, MF Mineral\u00f6lfrachten GmbH &amp; Co. Tankstellenspedition KG, Oxalis Logistik GmbH, PEKEAG GmbH, Piccolonia Bus-Reisen Verwaltungs-GmbH, SMS Spedition Management Service GmbH, team energie GmbH &amp; Co. KG, Verkehrsbetriebe H\u00f6ninger GmbH, Wanning Logistik GmbH, Werner Br\u00fcning GmbH, Zegarek GmbH Transporte et Zureck Logistik GmbH.<\/p>\n<p><a href=\"http:\/\/www.balm.bund.de\" target=\"_blank\" rel=\"noopener noreferrer\">www.balm.bund.de<\/a><\/p>\n","protected":false},"excerpt":{"rendered":"<p>Christian Hoffmann a remis un certificat au Drewes Group \u00e0 Br\u00eame pour sa participation \u00e0 la pr\u00e9paration civile d&rsquo;urgence de la R\u00e9publique f\u00e9d\u00e9rale d&rsquo;Allemagne.<\/p>\n","protected":false},"author":7,"featured_media":79632,"comment_status":"open","ping_status":"","sticky":false,"template":"","format":"standard","meta":{"_acf_changed":false,"footnotes":""},"categories":[6671,1580],"tags":[22970,22971,22972,22973,22974,22975,22976,16252,22977,2115,2116,22978,9565,2700,22979,22980,6594,22981,3682,3683,22982,22983,22984,22985,16274,22986,2133,1831,22987,22988,10197,2671,22989,22990,22991,11908,11909,3157,22992,10201,22993,22994,2148,10203,1991,9317,8547,16289,2731,21741,4105,2155,22995,22996,1837,22997,21745,22998],"class_list":["post-79634","post","type-post","status-publish","format-standard","has-post-thumbnail","hentry","category-allemagne","category-intermodal-route","tag-break-bulk-cargo","tag-break-bulk-ladungen","tag-bremen-port","tag-bulk-goods","tag-cargaison-break-bulk","tag-civil-emergency-preparedness","tag-crisis-logistics","tag-crisis-situations","tag-deutsch-balm","tag-digitalisierung-in-der-logistik","tag-digitalization-in-logistics","tag-drewes-group","tag-entreprises-de-logistique","tag-fachkraeftemangel-in-der-logistik","tag-federal-transport-organization","tag-frachtspedition","tag-freight-forwarding","tag-hafen-bremen","tag-infrastructure","tag-infrastruktur","tag-interfaces-intermodales","tag-intermodal-interfaces","tag-intermodale-schnittstellen","tag-krisenlogistik","tag-krisensituationen","tag-logistics-companies-francais-balm","tag-logistics-service-providers","tag-logistikdienstleister","tag-logistikunternehmen-english-balm","tag-logistique-de-crise","tag-logistique-de-projet","tag-logistique-multimodale","tag-loi-sur-la-securite-des-transports","tag-marchandises-en-vrac","tag-massengueter","tag-multimodal-logistics","tag-multimodale-logistik","tag-numerisation-dans-la-logistique","tag-organisation-federale-des-transports","tag-penurie-de-competences-en-logistique","tag-port-de-breme","tag-preparation-aux-urgences-civiles","tag-prestataires-de-services-logistiques","tag-project-logistics","tag-projektlogistik","tag-secteur-des-transports","tag-securite-dapprovisionnement","tag-situations-de-crise","tag-skills-shortage-in-logistics","tag-supply-security","tag-transport-de-fret","tag-transport-industry","tag-transport-security-law","tag-transportorganisation-des-bundes","tag-transportwirtschaft","tag-verkehrssicherstellungsgesetz","tag-versorgungssicherheit","tag-zivile-notfallvorsorge"],"acf":[],"yoast_head":"<!-- This site is optimized with the Yoast SEO plugin v27.3 - https:\/\/yoast.com\/product\/yoast-seo-wordpress\/ -->\n<title>BALM remet un certificat au Drewes Group - Loginfo24<\/title>\n<meta name=\"robots\" content=\"index, follow, max-snippet:-1, max-image-preview:large, max-video-preview:-1\" \/>\n<link rel=\"canonical\" href=\"https:\/\/loginfo24.com\/fr\/2026\/04\/29\/balm-remet-un-certificat-au-drewes-group\/\" \/>\n<meta property=\"og:locale\" content=\"fr_FR\" \/>\n<meta property=\"og:type\" content=\"article\" \/>\n<meta property=\"og:title\" content=\"BALM remet un certificat au Drewes Group - Loginfo24\" \/>\n<meta property=\"og:description\" content=\"Christian Hoffmann a remis un certificat au Drewes Group \u00e0 Br\u00eame pour sa participation \u00e0 la pr\u00e9paration civile d&#039;urgence de la R\u00e9publique f\u00e9d\u00e9rale d&#039;Allemagne.\" \/>\n<meta property=\"og:url\" content=\"https:\/\/loginfo24.com\/fr\/2026\/04\/29\/balm-remet-un-certificat-au-drewes-group\/\" \/>\n<meta property=\"og:site_name\" content=\"Loginfo24\" \/>\n<meta property=\"article:publisher\" content=\"https:\/\/www.facebook.com\/people\/Loginfo24\/100057360583332\/\" \/>\n<meta property=\"article:published_time\" content=\"2026-04-29T16:42:42+00:00\" \/>\n<meta property=\"og:image\" content=\"https:\/\/loginfo24.com\/wp-content\/uploads\/sites\/7\/2026\/04\/Drewes_tritt_TOB_bei-1-aspect-ratio-1400-788.jpg\" \/>\n\t<meta property=\"og:image:width\" content=\"727\" \/>\n\t<meta property=\"og:image:height\" content=\"410\" \/>\n\t<meta property=\"og:image:type\" content=\"image\/jpeg\" \/>\n<meta name=\"author\" content=\"Andreas M\u00fcller\" \/>\n<meta name=\"twitter:card\" content=\"summary_large_image\" \/>\n<meta name=\"twitter:label1\" content=\"\u00c9crit par\" \/>\n\t<meta name=\"twitter:data1\" content=\"Andreas M\u00fcller\" \/>\n\t<meta name=\"twitter:label2\" content=\"Dur\u00e9e de lecture estim\u00e9e\" \/>\n\t<meta name=\"twitter:data2\" content=\"4 minutes\" \/>\n<script type=\"application\/ld+json\" class=\"yoast-schema-graph\">{\"@context\":\"https:\\\/\\\/schema.org\",\"@graph\":[{\"@type\":\"Article\",\"@id\":\"https:\\\/\\\/loginfo24.com\\\/fr\\\/2026\\\/04\\\/29\\\/balm-remet-un-certificat-au-drewes-group\\\/#article\",\"isPartOf\":{\"@id\":\"https:\\\/\\\/loginfo24.com\\\/fr\\\/2026\\\/04\\\/29\\\/balm-remet-un-certificat-au-drewes-group\\\/\"},\"author\":{\"name\":\"Andreas M\u00fcller\",\"@id\":\"https:\\\/\\\/loginfo24.com\\\/fr\\\/#\\\/schema\\\/person\\\/7b1593b33567ba798d300c8a1b0b85b1\"},\"headline\":\"BALM remet un certificat au Drewes Group\",\"datePublished\":\"2026-04-29T16:42:42+00:00\",\"mainEntityOfPage\":{\"@id\":\"https:\\\/\\\/loginfo24.com\\\/fr\\\/2026\\\/04\\\/29\\\/balm-remet-un-certificat-au-drewes-group\\\/\"},\"wordCount\":781,\"commentCount\":0,\"publisher\":{\"@id\":\"https:\\\/\\\/loginfo24.com\\\/fr\\\/#organization\"},\"image\":{\"@id\":\"https:\\\/\\\/loginfo24.com\\\/fr\\\/2026\\\/04\\\/29\\\/balm-remet-un-certificat-au-drewes-group\\\/#primaryimage\"},\"thumbnailUrl\":\"https:\\\/\\\/loginfo24.com\\\/wp-content\\\/uploads\\\/sites\\\/7\\\/2026\\\/04\\\/Drewes_tritt_TOB_bei-1-aspect-ratio-1400-788.jpg\",\"keywords\":[\"break-bulk cargo\",\"Break-Bulk-Ladungen\",\"Bremen port\",\"bulk goods\",\"cargaison break-bulk\",\"Civil Emergency Preparedness\",\"crisis logistics\",\"crisis situations\",\"Deutsch BALM\",\"Digitalisierung in der Logistik\",\"digitalization in logistics\",\"Drewes Group\",\"entreprises de logistique\",\"Fachkr\u00e4ftemangel in der Logistik\",\"federal transport organization\",\"Frachtspedition\",\"freight forwarding\",\"Hafen Bremen\",\"infrastructure\",\"Infrastruktur\",\"interfaces intermodales\",\"intermodal interfaces\",\"intermodale Schnittstellen\",\"Krisenlogistik\",\"Krisensituationen\",\"logistics companies Fran\u00e7ais BALM\",\"logistics service providers\",\"Logistikdienstleister\",\"Logistikunternehmen English BALM\",\"logistique de crise\",\"logistique de projet\",\"logistique multimodale\",\"loi sur la s\u00e9curit\u00e9 des transports\",\"marchandises en vrac\",\"Masseng\u00fcter\",\"multimodal logistics\",\"multimodale Logistik\",\"num\u00e9risation dans la logistique\",\"organisation f\u00e9d\u00e9rale des transports\",\"p\u00e9nurie de comp\u00e9tences en logistique\",\"port de Br\u00eame\",\"Pr\u00e9paration aux urgences civiles\",\"prestataires de services logistiques\",\"project logistics\",\"Projektlogistik\",\"secteur des transports\",\"s\u00e9curit\u00e9 d'approvisionnement\",\"situations de crise\",\"skills shortage in logistics\",\"supply security\",\"transport de fret\",\"transport industry\",\"transport security law\",\"Transportorganisation des Bundes\",\"Transportwirtschaft\",\"Verkehrssicherstellungsgesetz\",\"Versorgungssicherheit\",\"Zivile Notfallvorsorge\"],\"articleSection\":[\"Allemagne\",\"Intermodal \\\/ Route\"],\"inLanguage\":\"fr-FR\",\"potentialAction\":[{\"@type\":\"CommentAction\",\"name\":\"Comment\",\"target\":[\"https:\\\/\\\/loginfo24.com\\\/fr\\\/2026\\\/04\\\/29\\\/balm-remet-un-certificat-au-drewes-group\\\/#respond\"]}]},{\"@type\":\"WebPage\",\"@id\":\"https:\\\/\\\/loginfo24.com\\\/fr\\\/2026\\\/04\\\/29\\\/balm-remet-un-certificat-au-drewes-group\\\/\",\"url\":\"https:\\\/\\\/loginfo24.com\\\/fr\\\/2026\\\/04\\\/29\\\/balm-remet-un-certificat-au-drewes-group\\\/\",\"name\":\"BALM remet un certificat au Drewes Group - Loginfo24\",\"isPartOf\":{\"@id\":\"https:\\\/\\\/loginfo24.com\\\/fr\\\/#website\"},\"primaryImageOfPage\":{\"@id\":\"https:\\\/\\\/loginfo24.com\\\/fr\\\/2026\\\/04\\\/29\\\/balm-remet-un-certificat-au-drewes-group\\\/#primaryimage\"},\"image\":{\"@id\":\"https:\\\/\\\/loginfo24.com\\\/fr\\\/2026\\\/04\\\/29\\\/balm-remet-un-certificat-au-drewes-group\\\/#primaryimage\"},\"thumbnailUrl\":\"https:\\\/\\\/loginfo24.com\\\/wp-content\\\/uploads\\\/sites\\\/7\\\/2026\\\/04\\\/Drewes_tritt_TOB_bei-1-aspect-ratio-1400-788.jpg\",\"datePublished\":\"2026-04-29T16:42:42+00:00\",\"breadcrumb\":{\"@id\":\"https:\\\/\\\/loginfo24.com\\\/fr\\\/2026\\\/04\\\/29\\\/balm-remet-un-certificat-au-drewes-group\\\/#breadcrumb\"},\"inLanguage\":\"fr-FR\",\"potentialAction\":[{\"@type\":\"ReadAction\",\"target\":[\"https:\\\/\\\/loginfo24.com\\\/fr\\\/2026\\\/04\\\/29\\\/balm-remet-un-certificat-au-drewes-group\\\/\"]}]},{\"@type\":\"ImageObject\",\"inLanguage\":\"fr-FR\",\"@id\":\"https:\\\/\\\/loginfo24.com\\\/fr\\\/2026\\\/04\\\/29\\\/balm-remet-un-certificat-au-drewes-group\\\/#primaryimage\",\"url\":\"https:\\\/\\\/loginfo24.com\\\/wp-content\\\/uploads\\\/sites\\\/7\\\/2026\\\/04\\\/Drewes_tritt_TOB_bei-1-aspect-ratio-1400-788.jpg\",\"contentUrl\":\"https:\\\/\\\/loginfo24.com\\\/wp-content\\\/uploads\\\/sites\\\/7\\\/2026\\\/04\\\/Drewes_tritt_TOB_bei-1-aspect-ratio-1400-788.jpg\",\"width\":727,\"height\":410},{\"@type\":\"BreadcrumbList\",\"@id\":\"https:\\\/\\\/loginfo24.com\\\/fr\\\/2026\\\/04\\\/29\\\/balm-remet-un-certificat-au-drewes-group\\\/#breadcrumb\",\"itemListElement\":[{\"@type\":\"ListItem\",\"position\":1,\"name\":\"Startseite\",\"item\":\"https:\\\/\\\/loginfo24.com\\\/fr\\\/\"},{\"@type\":\"ListItem\",\"position\":2,\"name\":\"BALM remet un certificat au Drewes Group\"}]},{\"@type\":\"WebSite\",\"@id\":\"https:\\\/\\\/loginfo24.com\\\/fr\\\/#website\",\"url\":\"https:\\\/\\\/loginfo24.com\\\/fr\\\/\",\"name\":\"Loginfo24\",\"description\":\"Loginfo24 est la plateforme d\u00e9di\u00e9e \u00e0 la logistique et aux cha\u00eenes d&#039;approvisionnement qui fournit des informations 24 heures sur 24.\",\"publisher\":{\"@id\":\"https:\\\/\\\/loginfo24.com\\\/fr\\\/#organization\"},\"potentialAction\":[{\"@type\":\"SearchAction\",\"target\":{\"@type\":\"EntryPoint\",\"urlTemplate\":\"https:\\\/\\\/loginfo24.com\\\/fr\\\/?s={search_term_string}\"},\"query-input\":{\"@type\":\"PropertyValueSpecification\",\"valueRequired\":true,\"valueName\":\"search_term_string\"}}],\"inLanguage\":\"fr-FR\"},{\"@type\":\"Organization\",\"@id\":\"https:\\\/\\\/loginfo24.com\\\/fr\\\/#organization\",\"name\":\"Groupe Logismedia AG\",\"url\":\"https:\\\/\\\/loginfo24.com\\\/fr\\\/\",\"logo\":{\"@type\":\"ImageObject\",\"inLanguage\":\"fr-FR\",\"@id\":\"https:\\\/\\\/loginfo24.com\\\/fr\\\/#\\\/schema\\\/logo\\\/image\\\/\",\"url\":\"https:\\\/\\\/loginfo24.com\\\/wp-content\\\/uploads\\\/sites\\\/7\\\/2026\\\/01\\\/Logo_LogInfo24.png\",\"contentUrl\":\"https:\\\/\\\/loginfo24.com\\\/wp-content\\\/uploads\\\/sites\\\/7\\\/2026\\\/01\\\/Logo_LogInfo24.png\",\"width\":938,\"height\":351,\"caption\":\"Groupe Logismedia AG\"},\"image\":{\"@id\":\"https:\\\/\\\/loginfo24.com\\\/fr\\\/#\\\/schema\\\/logo\\\/image\\\/\"},\"sameAs\":[\"https:\\\/\\\/www.facebook.com\\\/people\\\/Loginfo24\\\/100057360583332\\\/\",\"https:\\\/\\\/www.linkedin.com\\\/company\\\/lofinfo24\\\/\"]},{\"@type\":\"Person\",\"@id\":\"https:\\\/\\\/loginfo24.com\\\/fr\\\/#\\\/schema\\\/person\\\/7b1593b33567ba798d300c8a1b0b85b1\",\"name\":\"Andreas M\u00fcller\",\"url\":\"https:\\\/\\\/loginfo24.com\\\/fr\\\/author\\\/logismedia\\\/\"}]}<\/script>\n<!-- \/ Yoast SEO plugin. -->","yoast_head_json":{"title":"BALM remet un certificat au Drewes Group - Loginfo24","robots":{"index":"index","follow":"follow","max-snippet":"max-snippet:-1","max-image-preview":"max-image-preview:large","max-video-preview":"max-video-preview:-1"},"canonical":"https:\/\/loginfo24.com\/fr\/2026\/04\/29\/balm-remet-un-certificat-au-drewes-group\/","og_locale":"fr_FR","og_type":"article","og_title":"BALM remet un certificat au Drewes Group - Loginfo24","og_description":"Christian Hoffmann a remis un certificat au Drewes Group \u00e0 Br\u00eame pour sa participation \u00e0 la pr\u00e9paration civile d'urgence de la R\u00e9publique f\u00e9d\u00e9rale d'Allemagne.","og_url":"https:\/\/loginfo24.com\/fr\/2026\/04\/29\/balm-remet-un-certificat-au-drewes-group\/","og_site_name":"Loginfo24","article_publisher":"https:\/\/www.facebook.com\/people\/Loginfo24\/100057360583332\/","article_published_time":"2026-04-29T16:42:42+00:00","og_image":[{"width":727,"height":410,"url":"https:\/\/loginfo24.com\/wp-content\/uploads\/sites\/7\/2026\/04\/Drewes_tritt_TOB_bei-1-aspect-ratio-1400-788.jpg","type":"image\/jpeg"}],"author":"Andreas M\u00fcller","twitter_card":"summary_large_image","twitter_misc":{"\u00c9crit par":"Andreas M\u00fcller","Dur\u00e9e de lecture estim\u00e9e":"4 minutes"},"schema":{"@context":"https:\/\/schema.org","@graph":[{"@type":"Article","@id":"https:\/\/loginfo24.com\/fr\/2026\/04\/29\/balm-remet-un-certificat-au-drewes-group\/#article","isPartOf":{"@id":"https:\/\/loginfo24.com\/fr\/2026\/04\/29\/balm-remet-un-certificat-au-drewes-group\/"},"author":{"name":"Andreas M\u00fcller","@id":"https:\/\/loginfo24.com\/fr\/#\/schema\/person\/7b1593b33567ba798d300c8a1b0b85b1"},"headline":"BALM remet un certificat au Drewes Group","datePublished":"2026-04-29T16:42:42+00:00","mainEntityOfPage":{"@id":"https:\/\/loginfo24.com\/fr\/2026\/04\/29\/balm-remet-un-certificat-au-drewes-group\/"},"wordCount":781,"commentCount":0,"publisher":{"@id":"https:\/\/loginfo24.com\/fr\/#organization"},"image":{"@id":"https:\/\/loginfo24.com\/fr\/2026\/04\/29\/balm-remet-un-certificat-au-drewes-group\/#primaryimage"},"thumbnailUrl":"https:\/\/loginfo24.com\/wp-content\/uploads\/sites\/7\/2026\/04\/Drewes_tritt_TOB_bei-1-aspect-ratio-1400-788.jpg","keywords":["break-bulk cargo","Break-Bulk-Ladungen","Bremen port","bulk goods","cargaison break-bulk","Civil Emergency Preparedness","crisis logistics","crisis situations","Deutsch BALM","Digitalisierung in der Logistik","digitalization in logistics","Drewes Group","entreprises de logistique","Fachkr\u00e4ftemangel in der Logistik","federal transport organization","Frachtspedition","freight forwarding","Hafen Bremen","infrastructure","Infrastruktur","interfaces intermodales","intermodal interfaces","intermodale Schnittstellen","Krisenlogistik","Krisensituationen","logistics companies Fran\u00e7ais BALM","logistics service providers","Logistikdienstleister","Logistikunternehmen English BALM","logistique de crise","logistique de projet","logistique multimodale","loi sur la s\u00e9curit\u00e9 des transports","marchandises en vrac","Masseng\u00fcter","multimodal logistics","multimodale Logistik","num\u00e9risation dans la logistique","organisation f\u00e9d\u00e9rale des transports","p\u00e9nurie de comp\u00e9tences en logistique","port de Br\u00eame","Pr\u00e9paration aux urgences civiles","prestataires de services logistiques","project logistics","Projektlogistik","secteur des transports","s\u00e9curit\u00e9 d'approvisionnement","situations de crise","skills shortage in logistics","supply security","transport de fret","transport industry","transport security law","Transportorganisation des Bundes","Transportwirtschaft","Verkehrssicherstellungsgesetz","Versorgungssicherheit","Zivile Notfallvorsorge"],"articleSection":["Allemagne","Intermodal \/ Route"],"inLanguage":"fr-FR","potentialAction":[{"@type":"CommentAction","name":"Comment","target":["https:\/\/loginfo24.com\/fr\/2026\/04\/29\/balm-remet-un-certificat-au-drewes-group\/#respond"]}]},{"@type":"WebPage","@id":"https:\/\/loginfo24.com\/fr\/2026\/04\/29\/balm-remet-un-certificat-au-drewes-group\/","url":"https:\/\/loginfo24.com\/fr\/2026\/04\/29\/balm-remet-un-certificat-au-drewes-group\/","name":"BALM remet un certificat au Drewes Group - Loginfo24","isPartOf":{"@id":"https:\/\/loginfo24.com\/fr\/#website"},"primaryImageOfPage":{"@id":"https:\/\/loginfo24.com\/fr\/2026\/04\/29\/balm-remet-un-certificat-au-drewes-group\/#primaryimage"},"image":{"@id":"https:\/\/loginfo24.com\/fr\/2026\/04\/29\/balm-remet-un-certificat-au-drewes-group\/#primaryimage"},"thumbnailUrl":"https:\/\/loginfo24.com\/wp-content\/uploads\/sites\/7\/2026\/04\/Drewes_tritt_TOB_bei-1-aspect-ratio-1400-788.jpg","datePublished":"2026-04-29T16:42:42+00:00","breadcrumb":{"@id":"https:\/\/loginfo24.com\/fr\/2026\/04\/29\/balm-remet-un-certificat-au-drewes-group\/#breadcrumb"},"inLanguage":"fr-FR","potentialAction":[{"@type":"ReadAction","target":["https:\/\/loginfo24.com\/fr\/2026\/04\/29\/balm-remet-un-certificat-au-drewes-group\/"]}]},{"@type":"ImageObject","inLanguage":"fr-FR","@id":"https:\/\/loginfo24.com\/fr\/2026\/04\/29\/balm-remet-un-certificat-au-drewes-group\/#primaryimage","url":"https:\/\/loginfo24.com\/wp-content\/uploads\/sites\/7\/2026\/04\/Drewes_tritt_TOB_bei-1-aspect-ratio-1400-788.jpg","contentUrl":"https:\/\/loginfo24.com\/wp-content\/uploads\/sites\/7\/2026\/04\/Drewes_tritt_TOB_bei-1-aspect-ratio-1400-788.jpg","width":727,"height":410},{"@type":"BreadcrumbList","@id":"https:\/\/loginfo24.com\/fr\/2026\/04\/29\/balm-remet-un-certificat-au-drewes-group\/#breadcrumb","itemListElement":[{"@type":"ListItem","position":1,"name":"Startseite","item":"https:\/\/loginfo24.com\/fr\/"},{"@type":"ListItem","position":2,"name":"BALM remet un certificat au Drewes Group"}]},{"@type":"WebSite","@id":"https:\/\/loginfo24.com\/fr\/#website","url":"https:\/\/loginfo24.com\/fr\/","name":"Loginfo24","description":"Loginfo24 est la plateforme d\u00e9di\u00e9e \u00e0 la logistique et aux cha\u00eenes d&#039;approvisionnement qui fournit des informations 24 heures sur 24.","publisher":{"@id":"https:\/\/loginfo24.com\/fr\/#organization"},"potentialAction":[{"@type":"SearchAction","target":{"@type":"EntryPoint","urlTemplate":"https:\/\/loginfo24.com\/fr\/?s={search_term_string}"},"query-input":{"@type":"PropertyValueSpecification","valueRequired":true,"valueName":"search_term_string"}}],"inLanguage":"fr-FR"},{"@type":"Organization","@id":"https:\/\/loginfo24.com\/fr\/#organization","name":"Groupe Logismedia AG","url":"https:\/\/loginfo24.com\/fr\/","logo":{"@type":"ImageObject","inLanguage":"fr-FR","@id":"https:\/\/loginfo24.com\/fr\/#\/schema\/logo\/image\/","url":"https:\/\/loginfo24.com\/wp-content\/uploads\/sites\/7\/2026\/01\/Logo_LogInfo24.png","contentUrl":"https:\/\/loginfo24.com\/wp-content\/uploads\/sites\/7\/2026\/01\/Logo_LogInfo24.png","width":938,"height":351,"caption":"Groupe Logismedia AG"},"image":{"@id":"https:\/\/loginfo24.com\/fr\/#\/schema\/logo\/image\/"},"sameAs":["https:\/\/www.facebook.com\/people\/Loginfo24\/100057360583332\/","https:\/\/www.linkedin.com\/company\/lofinfo24\/"]},{"@type":"Person","@id":"https:\/\/loginfo24.com\/fr\/#\/schema\/person\/7b1593b33567ba798d300c8a1b0b85b1","name":"Andreas M\u00fcller","url":"https:\/\/loginfo24.com\/fr\/author\/logismedia\/"}]}},"_links":{"self":[{"href":"https:\/\/loginfo24.com\/fr\/wp-json\/wp\/v2\/posts\/79634","targetHints":{"allow":["GET"]}}],"collection":[{"href":"https:\/\/loginfo24.com\/fr\/wp-json\/wp\/v2\/posts"}],"about":[{"href":"https:\/\/loginfo24.com\/fr\/wp-json\/wp\/v2\/types\/post"}],"author":[{"embeddable":true,"href":"https:\/\/loginfo24.com\/fr\/wp-json\/wp\/v2\/users\/7"}],"replies":[{"embeddable":true,"href":"https:\/\/loginfo24.com\/fr\/wp-json\/wp\/v2\/comments?post=79634"}],"version-history":[{"count":0,"href":"https:\/\/loginfo24.com\/fr\/wp-json\/wp\/v2\/posts\/79634\/revisions"}],"wp:featuredmedia":[{"embeddable":true,"href":"https:\/\/loginfo24.com\/fr\/wp-json\/wp\/v2\/media\/79632"}],"wp:attachment":[{"href":"https:\/\/loginfo24.com\/fr\/wp-json\/wp\/v2\/media?parent=79634"}],"wp:term":[{"taxonomy":"category","embeddable":true,"href":"https:\/\/loginfo24.com\/fr\/wp-json\/wp\/v2\/categories?post=79634"},{"taxonomy":"post_tag","embeddable":true,"href":"https:\/\/loginfo24.com\/fr\/wp-json\/wp\/v2\/tags?post=79634"}],"curies":[{"name":"wp","href":"https:\/\/api.w.org\/{rel}","templated":true}]}}