{"id":79552,"date":"2026-04-29T11:34:56","date_gmt":"2026-04-29T11:34:56","guid":{"rendered":"https:\/\/loginfo24.com\/2026\/04\/29\/dvf-demande-un-soutien-pour-les-ports-et-la-navigation\/"},"modified":"2026-04-29T11:34:56","modified_gmt":"2026-04-29T11:34:56","slug":"dvf-demande-un-soutien-pour-les-ports-et-la-navigation","status":"publish","type":"post","link":"https:\/\/loginfo24.com\/fr\/2026\/04\/29\/dvf-demande-un-soutien-pour-les-ports-et-la-navigation\/","title":{"rendered":"DVF demande un soutien pour les ports et la navigation"},"content":{"rendered":"<p>\u00c0 l&#8217;occasion de la Conf\u00e9rence Maritime Nationale \u00e0 Emden, le Forum Allemand des Transports (DVF) a appel\u00e9 le gouvernement f\u00e9d\u00e9ral \u00e0 prendre des mesures cibl\u00e9es pour soutenir les ports et la navigation. Ces \u00e9tapes sont n\u00e9cessaires pour renforcer l&#8217;\u00e9conomie allemande. Matthias Magnor, pr\u00e9sident du conseil d&#8217;administration de BLG LOGISTICS et vice-pr\u00e9sident du bureau du DVF, a soulign\u00e9 l&#8217;urgence de ces demandes et a fait r\u00e9f\u00e9rence au r\u00f4le central de l&#8217;\u00e9conomie maritime pour le site Allemagne.<\/p>\n<h3>Les ports comme acteurs cl\u00e9s de l&#8217;\u00e9conomie<\/h3>\n<p>Magnor a soulign\u00e9 que les ports sont non seulement essentiels pour le d\u00e9veloppement \u00e9conomique, mais aussi pour la transformation climatique et la capacit\u00e9 de d\u00e9fense militaire de l&#8217;Allemagne. Il a not\u00e9 que la navigation joue un r\u00f4le fondamental dans les relations commerciales et l&#8217;approvisionnement \u00e9nerg\u00e9tique. \u00ab Le gouvernement f\u00e9d\u00e9ral et l&#8217;UE doivent continuer \u00e0 d\u00e9fendre des march\u00e9s ouverts et un ordre bas\u00e9 sur des r\u00e8gles \u00bb, a d\u00e9clar\u00e9 Magnor. Il est important que l&#8217;Allemagne pr\u00e9serve sa propre force et sa comp\u00e9titivit\u00e9.<\/p>\n<p>Pour y parvenir, Magnor exige une infrastructure de qualit\u00e9 et une r\u00e9duction des obstacles bureaucratiques. \u00ab L&#8217;\u00c9tat doit augmenter le financement des ports. Pas \u00e0 un moment donn\u00e9. Pas avec des montants symboliques. Mais maintenant et avec un financement qui refl\u00e8te l&#8217;importance strat\u00e9gique de nos ports \u00bb, a-t-il ajout\u00e9. Ces mesures sont indispensables pour garantir la comp\u00e9titivit\u00e9 des ports allemands et renforcer la base \u00e9conomique du pays.<\/p>\n<p>La conf\u00e9rence \u00e0 Emden est utilis\u00e9e comme une plateforme pour communiquer ces pr\u00e9occupations et mettre en lumi\u00e8re l&#8217;importance de l&#8217;\u00e9conomie maritime dans l&#8217;agenda politique.<\/p>\n<p><strong>Demandes centrales du DVF dans le domaine des ports\/navigation :<\/strong><\/p>\n<ul>\n<li>R\u00e9nover et moderniser les infrastructures portuaires avec le soutien de l&#8217;\u00c9tat &#8211; pour la s\u00e9curit\u00e9 \u00e9nerg\u00e9tique, la transformation, la capacit\u00e9 de d\u00e9fense et la comp\u00e9titivit\u00e9 du site industriel.<\/li>\n<li>Mettre le financement des infrastructures portuaires sur une nouvelle base viable &#8211; pour les ports maritimes ainsi que pour les ports int\u00e9rieurs.<\/li>\n<li>Prot\u00e9ger les infrastructures maritimes, les ports et la navigation contre les interventions ext\u00e9rieures &#8211; notamment par une d\u00e9fense efficace contre les drones.<\/li>\n<li>Am\u00e9liorer les acc\u00e8s maritimes, les voies navigables, les connexions ferroviaires et routi\u00e8res des ports &#8211; s\u00e9curiser les budgets pour les infrastructures de transport &#8211; augmenter les taux de r\u00e9novation.<\/li>\n<li>Acc\u00e9l\u00e9rer les projets d&#8217;infrastructure importants &#8211; tous les projets de voies navigables en besoin urgent et les ports doivent \u00eatre plac\u00e9s dans l&#8217;int\u00e9r\u00eat public sup\u00e9rieur (loi sur l&#8217;avenir des infrastructures).<\/li>\n<li>Enfin s&#8217;attaquer \u00e0 la r\u00e9forme longtemps attendue de la taxe sur la valeur ajout\u00e9e \u00e0 l&#8217;importation &#8211; introduire un mod\u00e8le de compensation.<\/li>\n<li>Soutenir la navigation dans la transformation &#8211; garantir l&#8217;approvisionnement en carburants durables &#8211; r\u00e9investir les revenus du syst\u00e8me d&#8217;\u00e9change de quotas d&#8217;\u00e9mission de l&#8217;UE dans le secteur.<\/li>\n<\/ul>\n<p>Moderniser l&#8217;application du droit des aides \u00e0 l&#8217;\u00e9conomie maritime.<\/p>\n<p><a href=\"http:\/\/www.verkehrsforum.de\" target=\"_blank\" rel=\"noopener noreferrer\">www.verkehrsforum.de<\/a><\/p>\n","protected":false},"excerpt":{"rendered":"<p>Le Forum allemand des transports appelle le gouvernement f\u00e9d\u00e9ral \u00e0 prendre imm\u00e9diatement des mesures pour soutenir les ports et la navigation afin de garantir la comp\u00e9titivit\u00e9.<\/p>\n","protected":false},"author":7,"featured_media":79550,"comment_status":"open","ping_status":"","sticky":false,"template":"","format":"standard","meta":{"_acf_changed":false,"footnotes":""},"categories":[6671,1583],"tags":[22844,21082,22845,22846,6392,22847,22848,22849,22850,5322,5323,22851,5010,22852,22853,22854,1889,22855,22856,4052,2125,3682,4054,3683,22857,22858,5016,22859,5017,22860,6409,2231,6412,4096,4065,22861,22862,1766,22863,3609,22864,2236,4099,6426,22865,2155,16927,1837,22866,22867,16931,22868],"class_list":["post-79552","post","type-post","status-publish","format-standard","has-post-thumbnail","hentry","category-allemagne","category-transport-maritime-et-ports","tag-approvisionnement-en-energie","tag-binnenhafen","tag-blg-logistics","tag-bundesregierung","tag-carburants-durables","tag-climate-policy-transformation","tag-competitiveness-of-ports","tag-competitivite-des-ports","tag-deutsch-haefen","tag-digitalisierung-in-der-schifffahrt","tag-digitalization-in-shipping","tag-dvf","tag-economie-maritime","tag-energieversorgung","tag-energy-supply","tag-eu","tag-fachkraeftemangel","tag-federal-government","tag-gouvernement-federal","tag-hafeninfrastruktur","tag-industrie-du-transport","tag-infrastructure","tag-infrastructure-portuaire","tag-infrastruktur","tag-inland-ports","tag-klimapolitische-transformation","tag-maritime-economy","tag-maritime-sector-francais-ports","tag-maritime-wirtschaft","tag-maritimer-sektor-english-ports","tag-nachhaltige-kraftstoffe","tag-navigation","tag-numerisation-dans-la-navigation","tag-penurie-de-main-doeuvre-qualifiee","tag-port-infrastructure","tag-ports-interieurs","tag-ports-maritimes","tag-schifffahrt","tag-seaports","tag-secteur-maritime","tag-seehaefen","tag-shipping","tag-skilled-labor-shortage","tag-sustainable-fuels","tag-transformation-climatique","tag-transport-industry","tag-transport-routes","tag-transportwirtschaft","tag-ue","tag-verkehrswege","tag-voies-de-transport","tag-wettbewerbsfaehigkeit-der-haefen"],"acf":[],"yoast_head":"<!-- This site is optimized with the Yoast SEO plugin v27.3 - https:\/\/yoast.com\/product\/yoast-seo-wordpress\/ -->\n<title>DVF demande un soutien pour les ports et la navigation - Loginfo24<\/title>\n<meta name=\"robots\" content=\"index, follow, max-snippet:-1, max-image-preview:large, max-video-preview:-1\" \/>\n<link rel=\"canonical\" href=\"https:\/\/loginfo24.com\/fr\/2026\/04\/29\/dvf-demande-un-soutien-pour-les-ports-et-la-navigation\/\" \/>\n<meta property=\"og:locale\" content=\"fr_FR\" \/>\n<meta property=\"og:type\" content=\"article\" \/>\n<meta property=\"og:title\" content=\"DVF demande un soutien pour les ports et la navigation - Loginfo24\" \/>\n<meta property=\"og:description\" content=\"Le Forum allemand des transports appelle le gouvernement f\u00e9d\u00e9ral \u00e0 prendre imm\u00e9diatement des mesures pour soutenir les ports et la navigation afin de garantir la comp\u00e9titivit\u00e9.\" \/>\n<meta property=\"og:url\" content=\"https:\/\/loginfo24.com\/fr\/2026\/04\/29\/dvf-demande-un-soutien-pour-les-ports-et-la-navigation\/\" \/>\n<meta property=\"og:site_name\" content=\"Loginfo24\" \/>\n<meta property=\"article:publisher\" content=\"https:\/\/www.facebook.com\/people\/Loginfo24\/100057360583332\/\" \/>\n<meta property=\"article:published_time\" content=\"2026-04-29T11:34:56+00:00\" \/>\n<meta property=\"og:image\" content=\"https:\/\/loginfo24.com\/wp-content\/uploads\/sites\/7\/2026\/04\/csm_2025-matthias-magnor-img_26f6736e25-aspect-ratio-1400-788.jpg\" \/>\n\t<meta property=\"og:image:width\" content=\"470\" \/>\n\t<meta property=\"og:image:height\" content=\"265\" \/>\n\t<meta property=\"og:image:type\" content=\"image\/jpeg\" \/>\n<meta name=\"author\" content=\"Andreas M\u00fcller\" \/>\n<meta name=\"twitter:card\" content=\"summary_large_image\" \/>\n<meta name=\"twitter:label1\" content=\"\u00c9crit par\" \/>\n\t<meta name=\"twitter:data1\" content=\"Andreas M\u00fcller\" \/>\n\t<meta name=\"twitter:label2\" content=\"Dur\u00e9e de lecture estim\u00e9e\" \/>\n\t<meta name=\"twitter:data2\" content=\"3 minutes\" \/>\n<script type=\"application\/ld+json\" class=\"yoast-schema-graph\">{\"@context\":\"https:\\\/\\\/schema.org\",\"@graph\":[{\"@type\":\"Article\",\"@id\":\"https:\\\/\\\/loginfo24.com\\\/fr\\\/2026\\\/04\\\/29\\\/dvf-demande-un-soutien-pour-les-ports-et-la-navigation\\\/#article\",\"isPartOf\":{\"@id\":\"https:\\\/\\\/loginfo24.com\\\/fr\\\/2026\\\/04\\\/29\\\/dvf-demande-un-soutien-pour-les-ports-et-la-navigation\\\/\"},\"author\":{\"name\":\"Andreas M\u00fcller\",\"@id\":\"https:\\\/\\\/loginfo24.com\\\/fr\\\/#\\\/schema\\\/person\\\/7b1593b33567ba798d300c8a1b0b85b1\"},\"headline\":\"DVF demande un soutien pour les ports et la navigation\",\"datePublished\":\"2026-04-29T11:34:56+00:00\",\"mainEntityOfPage\":{\"@id\":\"https:\\\/\\\/loginfo24.com\\\/fr\\\/2026\\\/04\\\/29\\\/dvf-demande-un-soutien-pour-les-ports-et-la-navigation\\\/\"},\"wordCount\":527,\"commentCount\":0,\"publisher\":{\"@id\":\"https:\\\/\\\/loginfo24.com\\\/fr\\\/#organization\"},\"image\":{\"@id\":\"https:\\\/\\\/loginfo24.com\\\/fr\\\/2026\\\/04\\\/29\\\/dvf-demande-un-soutien-pour-les-ports-et-la-navigation\\\/#primaryimage\"},\"thumbnailUrl\":\"https:\\\/\\\/loginfo24.com\\\/wp-content\\\/uploads\\\/sites\\\/7\\\/2026\\\/04\\\/csm_2025-matthias-magnor-img_26f6736e25-aspect-ratio-1400-788.jpg\",\"keywords\":[\"approvisionnement en \u00e9nergie\",\"Binnenhafen\",\"BLG LOGISTICS\",\"Bundesregierung\",\"carburants durables\",\"climate policy transformation\",\"competitiveness of ports\",\"comp\u00e9titivit\u00e9 des ports\",\"Deutsch H\u00e4fen\",\"Digitalisierung in der Schifffahrt\",\"digitalization in shipping\",\"DVF\",\"\u00e9conomie maritime\",\"Energieversorgung\",\"energy supply\",\"EU\",\"Fachkr\u00e4ftemangel\",\"federal government\",\"gouvernement f\u00e9d\u00e9ral\",\"Hafeninfrastruktur\",\"industrie du transport\",\"infrastructure\",\"infrastructure portuaire\",\"Infrastruktur\",\"inland ports\",\"klimapolitische Transformation\",\"maritime economy\",\"maritime sector Fran\u00e7ais ports\",\"maritime Wirtschaft\",\"maritimer Sektor English ports\",\"nachhaltige Kraftstoffe\",\"navigation\",\"num\u00e9risation dans la navigation\",\"p\u00e9nurie de main-d'\u0153uvre qualifi\u00e9e\",\"port infrastructure\",\"ports int\u00e9rieurs\",\"ports maritimes\",\"Schifffahrt\",\"seaports\",\"secteur maritime\",\"Seeh\u00e4fen\",\"shipping\",\"skilled labor shortage\",\"sustainable fuels\",\"transformation climatique\",\"transport industry\",\"transport routes\",\"Transportwirtschaft\",\"UE\",\"Verkehrswege\",\"voies de transport\",\"Wettbewerbsf\u00e4higkeit der H\u00e4fen\"],\"articleSection\":[\"Allemagne\",\"Transport maritime et ports\"],\"inLanguage\":\"fr-FR\",\"potentialAction\":[{\"@type\":\"CommentAction\",\"name\":\"Comment\",\"target\":[\"https:\\\/\\\/loginfo24.com\\\/fr\\\/2026\\\/04\\\/29\\\/dvf-demande-un-soutien-pour-les-ports-et-la-navigation\\\/#respond\"]}]},{\"@type\":\"WebPage\",\"@id\":\"https:\\\/\\\/loginfo24.com\\\/fr\\\/2026\\\/04\\\/29\\\/dvf-demande-un-soutien-pour-les-ports-et-la-navigation\\\/\",\"url\":\"https:\\\/\\\/loginfo24.com\\\/fr\\\/2026\\\/04\\\/29\\\/dvf-demande-un-soutien-pour-les-ports-et-la-navigation\\\/\",\"name\":\"DVF demande un soutien pour les ports et la navigation - Loginfo24\",\"isPartOf\":{\"@id\":\"https:\\\/\\\/loginfo24.com\\\/fr\\\/#website\"},\"primaryImageOfPage\":{\"@id\":\"https:\\\/\\\/loginfo24.com\\\/fr\\\/2026\\\/04\\\/29\\\/dvf-demande-un-soutien-pour-les-ports-et-la-navigation\\\/#primaryimage\"},\"image\":{\"@id\":\"https:\\\/\\\/loginfo24.com\\\/fr\\\/2026\\\/04\\\/29\\\/dvf-demande-un-soutien-pour-les-ports-et-la-navigation\\\/#primaryimage\"},\"thumbnailUrl\":\"https:\\\/\\\/loginfo24.com\\\/wp-content\\\/uploads\\\/sites\\\/7\\\/2026\\\/04\\\/csm_2025-matthias-magnor-img_26f6736e25-aspect-ratio-1400-788.jpg\",\"datePublished\":\"2026-04-29T11:34:56+00:00\",\"breadcrumb\":{\"@id\":\"https:\\\/\\\/loginfo24.com\\\/fr\\\/2026\\\/04\\\/29\\\/dvf-demande-un-soutien-pour-les-ports-et-la-navigation\\\/#breadcrumb\"},\"inLanguage\":\"fr-FR\",\"potentialAction\":[{\"@type\":\"ReadAction\",\"target\":[\"https:\\\/\\\/loginfo24.com\\\/fr\\\/2026\\\/04\\\/29\\\/dvf-demande-un-soutien-pour-les-ports-et-la-navigation\\\/\"]}]},{\"@type\":\"ImageObject\",\"inLanguage\":\"fr-FR\",\"@id\":\"https:\\\/\\\/loginfo24.com\\\/fr\\\/2026\\\/04\\\/29\\\/dvf-demande-un-soutien-pour-les-ports-et-la-navigation\\\/#primaryimage\",\"url\":\"https:\\\/\\\/loginfo24.com\\\/wp-content\\\/uploads\\\/sites\\\/7\\\/2026\\\/04\\\/csm_2025-matthias-magnor-img_26f6736e25-aspect-ratio-1400-788.jpg\",\"contentUrl\":\"https:\\\/\\\/loginfo24.com\\\/wp-content\\\/uploads\\\/sites\\\/7\\\/2026\\\/04\\\/csm_2025-matthias-magnor-img_26f6736e25-aspect-ratio-1400-788.jpg\",\"width\":470,\"height\":265},{\"@type\":\"BreadcrumbList\",\"@id\":\"https:\\\/\\\/loginfo24.com\\\/fr\\\/2026\\\/04\\\/29\\\/dvf-demande-un-soutien-pour-les-ports-et-la-navigation\\\/#breadcrumb\",\"itemListElement\":[{\"@type\":\"ListItem\",\"position\":1,\"name\":\"Startseite\",\"item\":\"https:\\\/\\\/loginfo24.com\\\/fr\\\/\"},{\"@type\":\"ListItem\",\"position\":2,\"name\":\"DVF demande un soutien pour les ports et la navigation\"}]},{\"@type\":\"WebSite\",\"@id\":\"https:\\\/\\\/loginfo24.com\\\/fr\\\/#website\",\"url\":\"https:\\\/\\\/loginfo24.com\\\/fr\\\/\",\"name\":\"Loginfo24\",\"description\":\"Loginfo24 est la plateforme d\u00e9di\u00e9e \u00e0 la logistique et aux cha\u00eenes d&#039;approvisionnement qui fournit des informations 24 heures sur 24.\",\"publisher\":{\"@id\":\"https:\\\/\\\/loginfo24.com\\\/fr\\\/#organization\"},\"potentialAction\":[{\"@type\":\"SearchAction\",\"target\":{\"@type\":\"EntryPoint\",\"urlTemplate\":\"https:\\\/\\\/loginfo24.com\\\/fr\\\/?s={search_term_string}\"},\"query-input\":{\"@type\":\"PropertyValueSpecification\",\"valueRequired\":true,\"valueName\":\"search_term_string\"}}],\"inLanguage\":\"fr-FR\"},{\"@type\":\"Organization\",\"@id\":\"https:\\\/\\\/loginfo24.com\\\/fr\\\/#organization\",\"name\":\"Groupe Logismedia AG\",\"url\":\"https:\\\/\\\/loginfo24.com\\\/fr\\\/\",\"logo\":{\"@type\":\"ImageObject\",\"inLanguage\":\"fr-FR\",\"@id\":\"https:\\\/\\\/loginfo24.com\\\/fr\\\/#\\\/schema\\\/logo\\\/image\\\/\",\"url\":\"https:\\\/\\\/loginfo24.com\\\/wp-content\\\/uploads\\\/sites\\\/7\\\/2026\\\/01\\\/Logo_LogInfo24.png\",\"contentUrl\":\"https:\\\/\\\/loginfo24.com\\\/wp-content\\\/uploads\\\/sites\\\/7\\\/2026\\\/01\\\/Logo_LogInfo24.png\",\"width\":938,\"height\":351,\"caption\":\"Groupe Logismedia AG\"},\"image\":{\"@id\":\"https:\\\/\\\/loginfo24.com\\\/fr\\\/#\\\/schema\\\/logo\\\/image\\\/\"},\"sameAs\":[\"https:\\\/\\\/www.facebook.com\\\/people\\\/Loginfo24\\\/100057360583332\\\/\",\"https:\\\/\\\/www.linkedin.com\\\/company\\\/lofinfo24\\\/\"]},{\"@type\":\"Person\",\"@id\":\"https:\\\/\\\/loginfo24.com\\\/fr\\\/#\\\/schema\\\/person\\\/7b1593b33567ba798d300c8a1b0b85b1\",\"name\":\"Andreas M\u00fcller\",\"url\":\"https:\\\/\\\/loginfo24.com\\\/fr\\\/author\\\/logismedia\\\/\"}]}<\/script>\n<!-- \/ Yoast SEO plugin. -->","yoast_head_json":{"title":"DVF demande un soutien pour les ports et la navigation - Loginfo24","robots":{"index":"index","follow":"follow","max-snippet":"max-snippet:-1","max-image-preview":"max-image-preview:large","max-video-preview":"max-video-preview:-1"},"canonical":"https:\/\/loginfo24.com\/fr\/2026\/04\/29\/dvf-demande-un-soutien-pour-les-ports-et-la-navigation\/","og_locale":"fr_FR","og_type":"article","og_title":"DVF demande un soutien pour les ports et la navigation - Loginfo24","og_description":"Le Forum allemand des transports appelle le gouvernement f\u00e9d\u00e9ral \u00e0 prendre imm\u00e9diatement des mesures pour soutenir les ports et la navigation afin de garantir la comp\u00e9titivit\u00e9.","og_url":"https:\/\/loginfo24.com\/fr\/2026\/04\/29\/dvf-demande-un-soutien-pour-les-ports-et-la-navigation\/","og_site_name":"Loginfo24","article_publisher":"https:\/\/www.facebook.com\/people\/Loginfo24\/100057360583332\/","article_published_time":"2026-04-29T11:34:56+00:00","og_image":[{"width":470,"height":265,"url":"https:\/\/loginfo24.com\/wp-content\/uploads\/sites\/7\/2026\/04\/csm_2025-matthias-magnor-img_26f6736e25-aspect-ratio-1400-788.jpg","type":"image\/jpeg"}],"author":"Andreas M\u00fcller","twitter_card":"summary_large_image","twitter_misc":{"\u00c9crit par":"Andreas M\u00fcller","Dur\u00e9e de lecture estim\u00e9e":"3 minutes"},"schema":{"@context":"https:\/\/schema.org","@graph":[{"@type":"Article","@id":"https:\/\/loginfo24.com\/fr\/2026\/04\/29\/dvf-demande-un-soutien-pour-les-ports-et-la-navigation\/#article","isPartOf":{"@id":"https:\/\/loginfo24.com\/fr\/2026\/04\/29\/dvf-demande-un-soutien-pour-les-ports-et-la-navigation\/"},"author":{"name":"Andreas M\u00fcller","@id":"https:\/\/loginfo24.com\/fr\/#\/schema\/person\/7b1593b33567ba798d300c8a1b0b85b1"},"headline":"DVF demande un soutien pour les ports et la navigation","datePublished":"2026-04-29T11:34:56+00:00","mainEntityOfPage":{"@id":"https:\/\/loginfo24.com\/fr\/2026\/04\/29\/dvf-demande-un-soutien-pour-les-ports-et-la-navigation\/"},"wordCount":527,"commentCount":0,"publisher":{"@id":"https:\/\/loginfo24.com\/fr\/#organization"},"image":{"@id":"https:\/\/loginfo24.com\/fr\/2026\/04\/29\/dvf-demande-un-soutien-pour-les-ports-et-la-navigation\/#primaryimage"},"thumbnailUrl":"https:\/\/loginfo24.com\/wp-content\/uploads\/sites\/7\/2026\/04\/csm_2025-matthias-magnor-img_26f6736e25-aspect-ratio-1400-788.jpg","keywords":["approvisionnement en \u00e9nergie","Binnenhafen","BLG LOGISTICS","Bundesregierung","carburants durables","climate policy transformation","competitiveness of ports","comp\u00e9titivit\u00e9 des ports","Deutsch H\u00e4fen","Digitalisierung in der Schifffahrt","digitalization in shipping","DVF","\u00e9conomie maritime","Energieversorgung","energy supply","EU","Fachkr\u00e4ftemangel","federal government","gouvernement f\u00e9d\u00e9ral","Hafeninfrastruktur","industrie du transport","infrastructure","infrastructure portuaire","Infrastruktur","inland ports","klimapolitische Transformation","maritime economy","maritime sector Fran\u00e7ais ports","maritime Wirtschaft","maritimer Sektor English ports","nachhaltige Kraftstoffe","navigation","num\u00e9risation dans la navigation","p\u00e9nurie de main-d'\u0153uvre qualifi\u00e9e","port infrastructure","ports int\u00e9rieurs","ports maritimes","Schifffahrt","seaports","secteur maritime","Seeh\u00e4fen","shipping","skilled labor shortage","sustainable fuels","transformation climatique","transport industry","transport routes","Transportwirtschaft","UE","Verkehrswege","voies de transport","Wettbewerbsf\u00e4higkeit der H\u00e4fen"],"articleSection":["Allemagne","Transport maritime et ports"],"inLanguage":"fr-FR","potentialAction":[{"@type":"CommentAction","name":"Comment","target":["https:\/\/loginfo24.com\/fr\/2026\/04\/29\/dvf-demande-un-soutien-pour-les-ports-et-la-navigation\/#respond"]}]},{"@type":"WebPage","@id":"https:\/\/loginfo24.com\/fr\/2026\/04\/29\/dvf-demande-un-soutien-pour-les-ports-et-la-navigation\/","url":"https:\/\/loginfo24.com\/fr\/2026\/04\/29\/dvf-demande-un-soutien-pour-les-ports-et-la-navigation\/","name":"DVF demande un soutien pour les ports et la navigation - Loginfo24","isPartOf":{"@id":"https:\/\/loginfo24.com\/fr\/#website"},"primaryImageOfPage":{"@id":"https:\/\/loginfo24.com\/fr\/2026\/04\/29\/dvf-demande-un-soutien-pour-les-ports-et-la-navigation\/#primaryimage"},"image":{"@id":"https:\/\/loginfo24.com\/fr\/2026\/04\/29\/dvf-demande-un-soutien-pour-les-ports-et-la-navigation\/#primaryimage"},"thumbnailUrl":"https:\/\/loginfo24.com\/wp-content\/uploads\/sites\/7\/2026\/04\/csm_2025-matthias-magnor-img_26f6736e25-aspect-ratio-1400-788.jpg","datePublished":"2026-04-29T11:34:56+00:00","breadcrumb":{"@id":"https:\/\/loginfo24.com\/fr\/2026\/04\/29\/dvf-demande-un-soutien-pour-les-ports-et-la-navigation\/#breadcrumb"},"inLanguage":"fr-FR","potentialAction":[{"@type":"ReadAction","target":["https:\/\/loginfo24.com\/fr\/2026\/04\/29\/dvf-demande-un-soutien-pour-les-ports-et-la-navigation\/"]}]},{"@type":"ImageObject","inLanguage":"fr-FR","@id":"https:\/\/loginfo24.com\/fr\/2026\/04\/29\/dvf-demande-un-soutien-pour-les-ports-et-la-navigation\/#primaryimage","url":"https:\/\/loginfo24.com\/wp-content\/uploads\/sites\/7\/2026\/04\/csm_2025-matthias-magnor-img_26f6736e25-aspect-ratio-1400-788.jpg","contentUrl":"https:\/\/loginfo24.com\/wp-content\/uploads\/sites\/7\/2026\/04\/csm_2025-matthias-magnor-img_26f6736e25-aspect-ratio-1400-788.jpg","width":470,"height":265},{"@type":"BreadcrumbList","@id":"https:\/\/loginfo24.com\/fr\/2026\/04\/29\/dvf-demande-un-soutien-pour-les-ports-et-la-navigation\/#breadcrumb","itemListElement":[{"@type":"ListItem","position":1,"name":"Startseite","item":"https:\/\/loginfo24.com\/fr\/"},{"@type":"ListItem","position":2,"name":"DVF demande un soutien pour les ports et la navigation"}]},{"@type":"WebSite","@id":"https:\/\/loginfo24.com\/fr\/#website","url":"https:\/\/loginfo24.com\/fr\/","name":"Loginfo24","description":"Loginfo24 est la plateforme d\u00e9di\u00e9e \u00e0 la logistique et aux cha\u00eenes d&#039;approvisionnement qui fournit des informations 24 heures sur 24.","publisher":{"@id":"https:\/\/loginfo24.com\/fr\/#organization"},"potentialAction":[{"@type":"SearchAction","target":{"@type":"EntryPoint","urlTemplate":"https:\/\/loginfo24.com\/fr\/?s={search_term_string}"},"query-input":{"@type":"PropertyValueSpecification","valueRequired":true,"valueName":"search_term_string"}}],"inLanguage":"fr-FR"},{"@type":"Organization","@id":"https:\/\/loginfo24.com\/fr\/#organization","name":"Groupe Logismedia AG","url":"https:\/\/loginfo24.com\/fr\/","logo":{"@type":"ImageObject","inLanguage":"fr-FR","@id":"https:\/\/loginfo24.com\/fr\/#\/schema\/logo\/image\/","url":"https:\/\/loginfo24.com\/wp-content\/uploads\/sites\/7\/2026\/01\/Logo_LogInfo24.png","contentUrl":"https:\/\/loginfo24.com\/wp-content\/uploads\/sites\/7\/2026\/01\/Logo_LogInfo24.png","width":938,"height":351,"caption":"Groupe Logismedia AG"},"image":{"@id":"https:\/\/loginfo24.com\/fr\/#\/schema\/logo\/image\/"},"sameAs":["https:\/\/www.facebook.com\/people\/Loginfo24\/100057360583332\/","https:\/\/www.linkedin.com\/company\/lofinfo24\/"]},{"@type":"Person","@id":"https:\/\/loginfo24.com\/fr\/#\/schema\/person\/7b1593b33567ba798d300c8a1b0b85b1","name":"Andreas M\u00fcller","url":"https:\/\/loginfo24.com\/fr\/author\/logismedia\/"}]}},"_links":{"self":[{"href":"https:\/\/loginfo24.com\/fr\/wp-json\/wp\/v2\/posts\/79552","targetHints":{"allow":["GET"]}}],"collection":[{"href":"https:\/\/loginfo24.com\/fr\/wp-json\/wp\/v2\/posts"}],"about":[{"href":"https:\/\/loginfo24.com\/fr\/wp-json\/wp\/v2\/types\/post"}],"author":[{"embeddable":true,"href":"https:\/\/loginfo24.com\/fr\/wp-json\/wp\/v2\/users\/7"}],"replies":[{"embeddable":true,"href":"https:\/\/loginfo24.com\/fr\/wp-json\/wp\/v2\/comments?post=79552"}],"version-history":[{"count":0,"href":"https:\/\/loginfo24.com\/fr\/wp-json\/wp\/v2\/posts\/79552\/revisions"}],"wp:featuredmedia":[{"embeddable":true,"href":"https:\/\/loginfo24.com\/fr\/wp-json\/wp\/v2\/media\/79550"}],"wp:attachment":[{"href":"https:\/\/loginfo24.com\/fr\/wp-json\/wp\/v2\/media?parent=79552"}],"wp:term":[{"taxonomy":"category","embeddable":true,"href":"https:\/\/loginfo24.com\/fr\/wp-json\/wp\/v2\/categories?post=79552"},{"taxonomy":"post_tag","embeddable":true,"href":"https:\/\/loginfo24.com\/fr\/wp-json\/wp\/v2\/tags?post=79552"}],"curies":[{"name":"wp","href":"https:\/\/api.w.org\/{rel}","templated":true}]}}