{"id":79399,"date":"2026-04-28T10:54:12","date_gmt":"2026-04-28T10:54:12","guid":{"rendered":"https:\/\/loginfo24.com\/2026\/04\/28\/gebrueder-weiss-commande-14-mercedes-benz-eactros-600\/"},"modified":"2026-04-28T10:54:12","modified_gmt":"2026-04-28T10:54:12","slug":"gebrueder-weiss-commande-14-mercedes-benz-eactros-600","status":"publish","type":"post","link":"https:\/\/loginfo24.com\/fr\/2026\/04\/28\/gebrueder-weiss-commande-14-mercedes-benz-eactros-600\/","title":{"rendered":"Gebr\u00fcder Weiss commande 14 Mercedes-Benz eActros 600"},"content":{"rendered":"<p>Le logisticien autrichien Gebr\u00fcder Weiss exploite depuis fin 2025 quatorze camions \u00e9lectriques de type Mercedes-Benz eActros 600, qu&#8217;il utilise dans le transport de marchandises quotidien, les lignes r\u00e9guli\u00e8res et le transport longue distance \u00e0 ses sites de Vienne, P\u00f6chlarn, Wels et Hall en Tyrol, ainsi qu&#8217;\u00e0 son si\u00e8ge principal \u00e0 Lauterach. L&#8217;eActros 600 circule chez Gebr\u00fcder Weiss tant dans les transports r\u00e9gionaux que dans les lignes r\u00e9guli\u00e8res et le transport longue distance plus exigeant. Cela repose sur une infrastructure de recharge propre \u00e0 l&#8217;entreprise.<\/p>\n<p>\u00ab L&#8217;eActros 600 est un v\u00e9ritable changeur de jeu. Il prouve que les camions \u00e9lectriques ne sont plus de la musique d&#8217;avenir, mais une r\u00e9alit\u00e9 \u2013 et pas seulement dans le transport de distribution, mais aussi dans le transport longue distance national et international \u00bb, d\u00e9clare Jens Tittel, directeur g\u00e9n\u00e9ral de Daimler Truck Austria. \u00ab Pour une transformation r\u00e9ussie, il faut les bons produits, une infrastructure de recharge fonctionnelle et des clients qui osent aller de l&#8217;avant. Nous remercions Gebr\u00fcder Weiss pour ses investissements et son engagement clair en faveur de solutions de transport neutres en CO\u2082. \u00bb<\/p>\n<p>Gebr\u00fcder Weiss repr\u00e9sente depuis plus de 500 ans la continuit\u00e9 \u00e0 travers les g\u00e9n\u00e9rations et l&#8217;ambition de repenser la logistique sans cesse. Justement parce qu&#8217;une \u00e9conomie durable ne commence pas aujourd&#8217;hui, mais doit \u00eatre planifi\u00e9e sur le long terme, l&#8217;entreprise mise t\u00f4t sur la mobilit\u00e9 \u00e9lectrique dans le secteur du transport lourd. \u00ab Une entreprise ne peut \u00eatre durablement r\u00e9ussie que si elle op\u00e8re de mani\u00e8re durable et planifie ses investissements \u00e0 long terme \u00bb, d\u00e9clare J\u00fcrgen Bauer, membre de la direction de Gebr\u00fcder Weiss. \u00ab C&#8217;est pourquoi nous avons d\u00e9cid\u00e9 t\u00f4t d&#8217;une strat\u00e9gie \u00e9lectrique. Nous collaborons depuis dix ans avec Daimler Truck dans le domaine des moteurs \u00e0 combustion. Pour nous, la leadership technologique, l&#8217;efficacit\u00e9 et la s\u00e9curit\u00e9 sont d\u00e9terminants. L&#8217;eActros 600 a \u00e9t\u00e9 le premier \u00e0 r\u00e9pondre aux exigences de port\u00e9e dans nos transports en r\u00e9seau \u2013 et avec le r\u00e9seau de services \u00e0 l&#8217;\u00e9chelle europ\u00e9enne de Daimler Truck, l&#8217;ensemble du package correspond \u00e0 nos exigences. \u00bb<\/p>\n<p>Un \u00e9l\u00e9ment central de la strat\u00e9gie d&#8217;\u00e9lectrification est l&#8217;infrastructure \u00e9nerg\u00e9tique et de recharge propre \u00e0 l&#8217;entreprise. Comme les offres de recharge publiques pour les camions \u00e9lectriques ne sont pas encore suffisantes dans de nombreux endroits, Gebr\u00fcder Weiss a mis en place des syst\u00e8mes de recharge et d&#8217;approvisionnement en \u00e9nergie dans plusieurs sites en Autriche et dans le sud de l&#8217;Allemagne. L&#8217;\u00e9nergie provient de l&#8217;installation photovolta\u00efque de l&#8217;entreprise ou d&#8217;\u00e9lectricit\u00e9 verte certifi\u00e9e.<\/p>\n<p>\u00ab Nos clients attendent \u00e9galement fiabilit\u00e9 et ponctualit\u00e9 pour les transports sans \u00e9missions \u00bb, souligne Stefan Oberhauser, directeur de la succursale Land &amp; Logistique Vorarlberg chez Gebr\u00fcder Weiss. \u00ab Avec notre propre approvisionnement en \u00e9nergie et les nouvelles solutions de v\u00e9hicules, le transport durable sur la route peut \u00eatre id\u00e9alement r\u00e9alis\u00e9. De plus, les v\u00e9hicules peuvent recharger de l&#8217;\u00e9lectricit\u00e9 pendant qu&#8217;ils chargent ou d\u00e9chargent des marchandises \u2013 sans temps d&#8217;arr\u00eat suppl\u00e9mentaires. \u00bb<\/p>\n<p>Les camions \u00e9lectriques au site de Vorarlberg (Autriche) sont en service jour et nuit. Ils sont utilis\u00e9s pour des transports r\u00e9gionaux en Vorarlberg, pour des tourn\u00e9es en Suisse et en Allemagne, ainsi que pour des lignes r\u00e9guli\u00e8res vers Hall en Tyrol et Fribourg-en-Brisgau. Oberhauser : \u00ab La mobilit\u00e9 \u00e9lectrique signifie aussi un nouvel \u00e9tat d&#8217;esprit \u2013 plus de planification, une gestion des charges propre et une disposition qui int\u00e8gre intelligemment les temps de recharge. Cela montre \u00e9galement o\u00f9 l&#8217;infrastructure et les conditions-cadres doivent encore s&#8217;am\u00e9liorer. \u00bb<\/p>\n<p>Gebr\u00fcder Weiss pr\u00e9voit d&#8217;\u00e9tendre sa propre infrastructure de recharge \u00e0 d&#8217;autres sites afin de pouvoir effectuer des tourn\u00e9es de mani\u00e8re encore plus ind\u00e9pendante des stations de recharge externes. D&#8217;ici fin 2026, la flotte \u00e9lectrique en Autriche devrait atteindre un total de 25 Mercedes-Benz eActros.<\/p>\n<p><a href=\"http:\/\/www.daimlertruck.com\" target=\"_blank\" rel=\"noopener noreferrer\">www.daimlertruck.com<\/a><\/p>\n","protected":false},"excerpt":{"rendered":"<p>Le logisticien Gebr\u00fcder Weiss d\u00e9ploiera au total 25 Mercedes-Benz eActros d&rsquo;ici fin 2026 et \u00e9tendra sa propre infrastructure de recharge \u00e0 plusieurs sites.<\/p>\n","protected":false},"author":7,"featured_media":79397,"comment_status":"open","ping_status":"","sticky":false,"template":"","format":"standard","meta":{"_acf_changed":false,"footnotes":""},"categories":[6671,6672,1580],"tags":[22387,22388,22389,22390,22391,22392,22393,22394,18083,3353,3354,22395,22396,22397,22398,22399,22400,22401,22402,22403,2999,3000,22404,22405,22406,22407,22408,10506,22409,22410,22411,22412,22413,3146,3147,2622,22414,22415,1800,3379,22416,13559,3158,22417,22418,22419,22420,22421,2641,22422,22423,6757,22424,3033,22425,6759],"class_list":["post-79399","post","type-post","status-publish","format-standard","has-post-thumbnail","hentry","category-allemagne","category-autriche","category-intermodal-route","tag-camions-electriques-autriche","tag-camions-lourds-electriques","tag-charging-infrastructure-electric-trucks","tag-co-neutral-transport-solutions","tag-co-neutrale-transportloesungen","tag-daimler-truck-austria","tag-daimler-truck-autriche","tag-daimler-truck-oesterreich","tag-deutsch-gebrueder-weiss","tag-digitalisierung-logistik","tag-digitalization-logistics","tag-e-fleet-expansion-francais-gebrueder-weiss","tag-e-flotte-ausbau-english-gebrueder-weiss","tag-e-lkw-oesterreich","tag-e-mobilitaet-strategie","tag-e-mobility-strategy","tag-electric-trucks-austria","tag-electromobilite-transport","tag-electromobility-transport","tag-elektromobilitaet-transport","tag-emission-free-transport","tag-emissionsfreier-transport","tag-energieversorgungssysteme","tag-energy-supply-systems","tag-expansion-flotte-electrique","tag-fernverkehr-e-lkw","tag-heavy-duty-electric-trucks","tag-industrie-du-transport-autriche","tag-infrastructure-charging-points","tag-infrastructure-de-recharge-camions-electriques","tag-infrastructure-points-de-recharge","tag-infrastruktur-ladepunkte","tag-ladeinfrastruktur-e-lkw","tag-logistics-service-providers-austria","tag-logistikdienstleister-oesterreich","tag-logistique-durable","tag-long-distance-transport-electric-trucks","tag-mercedes-benz-eactros-600","tag-nachhaltige-logistik","tag-numerisation-logistique","tag-photovoltaic-systems-logistics","tag-photovoltaikanlage-logistik","tag-prestataires-de-services-logistiques-autriche","tag-regional-transport-vorarlberg","tag-regionale-verkehre-vorarlberg","tag-schwerlastverkehr-e-lkw","tag-solutions-de-transport-neutres-en-co","tag-strategie-delectromobilite","tag-sustainable-logistics","tag-systemes-dapprovisionnement-en-energie","tag-systemes-photovoltaiques-logistique","tag-transport-industry-austria","tag-transport-longue-distance-camions-electriques","tag-transport-sans-emissions","tag-transports-regionaux-vorarlberg","tag-transportwirtschaft-oesterreich"],"acf":[],"yoast_head":"<!-- This site is optimized with the Yoast SEO plugin v27.3 - https:\/\/yoast.com\/product\/yoast-seo-wordpress\/ -->\n<title>Gebr\u00fcder Weiss commande 14 Mercedes-Benz eActros 600 - Loginfo24<\/title>\n<meta name=\"robots\" content=\"index, follow, max-snippet:-1, max-image-preview:large, max-video-preview:-1\" \/>\n<link rel=\"canonical\" href=\"https:\/\/loginfo24.com\/fr\/2026\/04\/28\/gebrueder-weiss-commande-14-mercedes-benz-eactros-600\/\" \/>\n<meta property=\"og:locale\" content=\"fr_FR\" \/>\n<meta property=\"og:type\" content=\"article\" \/>\n<meta property=\"og:title\" content=\"Gebr\u00fcder Weiss commande 14 Mercedes-Benz eActros 600 - Loginfo24\" \/>\n<meta property=\"og:description\" content=\"Le logisticien Gebr\u00fcder Weiss d\u00e9ploiera au total 25 Mercedes-Benz eActros d&#039;ici fin 2026 et \u00e9tendra sa propre infrastructure de recharge \u00e0 plusieurs sites.\" \/>\n<meta property=\"og:url\" content=\"https:\/\/loginfo24.com\/fr\/2026\/04\/28\/gebrueder-weiss-commande-14-mercedes-benz-eactros-600\/\" \/>\n<meta property=\"og:site_name\" content=\"Loginfo24\" \/>\n<meta property=\"article:publisher\" content=\"https:\/\/www.facebook.com\/people\/Loginfo24\/100057360583332\/\" \/>\n<meta property=\"article:published_time\" content=\"2026-04-28T10:54:12+00:00\" \/>\n<meta property=\"og:image\" content=\"https:\/\/loginfo24.com\/wp-content\/uploads\/sites\/7\/2026\/04\/26DT076_001-scaled-aspect-ratio-1400-788-scaled-1.jpg\" \/>\n\t<meta property=\"og:image:width\" content=\"2560\" \/>\n\t<meta property=\"og:image:height\" content=\"1441\" \/>\n\t<meta property=\"og:image:type\" content=\"image\/jpeg\" \/>\n<meta name=\"author\" content=\"Andreas M\u00fcller\" \/>\n<meta name=\"twitter:card\" content=\"summary_large_image\" \/>\n<meta name=\"twitter:label1\" content=\"\u00c9crit par\" \/>\n\t<meta name=\"twitter:data1\" content=\"Andreas M\u00fcller\" \/>\n\t<meta name=\"twitter:label2\" content=\"Dur\u00e9e de lecture estim\u00e9e\" \/>\n\t<meta name=\"twitter:data2\" content=\"3 minutes\" \/>\n<script type=\"application\/ld+json\" class=\"yoast-schema-graph\">{\"@context\":\"https:\\\/\\\/schema.org\",\"@graph\":[{\"@type\":\"Article\",\"@id\":\"https:\\\/\\\/loginfo24.com\\\/fr\\\/2026\\\/04\\\/28\\\/gebrueder-weiss-commande-14-mercedes-benz-eactros-600\\\/#article\",\"isPartOf\":{\"@id\":\"https:\\\/\\\/loginfo24.com\\\/fr\\\/2026\\\/04\\\/28\\\/gebrueder-weiss-commande-14-mercedes-benz-eactros-600\\\/\"},\"author\":{\"name\":\"Andreas M\u00fcller\",\"@id\":\"https:\\\/\\\/loginfo24.com\\\/fr\\\/#\\\/schema\\\/person\\\/7b1593b33567ba798d300c8a1b0b85b1\"},\"headline\":\"Gebr\u00fcder Weiss commande 14 Mercedes-Benz eActros 600\",\"datePublished\":\"2026-04-28T10:54:12+00:00\",\"mainEntityOfPage\":{\"@id\":\"https:\\\/\\\/loginfo24.com\\\/fr\\\/2026\\\/04\\\/28\\\/gebrueder-weiss-commande-14-mercedes-benz-eactros-600\\\/\"},\"wordCount\":684,\"commentCount\":0,\"publisher\":{\"@id\":\"https:\\\/\\\/loginfo24.com\\\/fr\\\/#organization\"},\"image\":{\"@id\":\"https:\\\/\\\/loginfo24.com\\\/fr\\\/2026\\\/04\\\/28\\\/gebrueder-weiss-commande-14-mercedes-benz-eactros-600\\\/#primaryimage\"},\"thumbnailUrl\":\"https:\\\/\\\/loginfo24.com\\\/wp-content\\\/uploads\\\/sites\\\/7\\\/2026\\\/04\\\/26DT076_001-scaled-aspect-ratio-1400-788-scaled-1.jpg\",\"keywords\":[\"camions \u00e9lectriques Autriche\",\"camions lourds \u00e9lectriques\",\"charging infrastructure electric trucks\",\"CO\u2082-neutral transport solutions\",\"CO\u2082-neutrale Transportl\u00f6sungen\",\"Daimler Truck Austria\",\"Daimler Truck Autriche\",\"Daimler Truck \u00d6sterreich\",\"Deutsch Gebr\u00fcder Weiss\",\"Digitalisierung Logistik\",\"digitalization logistics\",\"e-fleet expansion Fran\u00e7ais Gebr\u00fcder Weiss\",\"E-Flotte Ausbau English Gebr\u00fcder Weiss\",\"E-Lkw \u00d6sterreich\",\"E-Mobilit\u00e4t Strategie\",\"e-mobility strategy\",\"electric trucks Austria\",\"\u00e9lectromobilit\u00e9 transport\",\"electromobility transport\",\"Elektromobilit\u00e4t Transport\",\"emission-free transport\",\"emissionsfreier Transport\",\"Energieversorgungssysteme\",\"energy supply systems\",\"expansion flotte \u00e9lectrique\",\"Fernverkehr E-Lkw\",\"heavy-duty electric trucks\",\"industrie du transport Autriche\",\"infrastructure charging points\",\"infrastructure de recharge camions \u00e9lectriques\",\"infrastructure points de recharge\",\"Infrastruktur Ladepunkte\",\"Ladeinfrastruktur E-Lkw\",\"logistics service providers Austria\",\"Logistikdienstleister \u00d6sterreich\",\"logistique durable\",\"long-distance transport electric trucks\",\"Mercedes-Benz eActros 600\",\"nachhaltige Logistik\",\"num\u00e9risation logistique\",\"photovoltaic systems logistics\",\"Photovoltaikanlage Logistik\",\"prestataires de services logistiques Autriche\",\"regional transport Vorarlberg\",\"regionale Verkehre Vorarlberg\",\"Schwerlastverkehr E-Lkw\",\"solutions de transport neutres en CO\u2082\",\"strat\u00e9gie d'\u00e9lectromobilit\u00e9\",\"sustainable logistics\",\"syst\u00e8mes d'approvisionnement en \u00e9nergie\",\"syst\u00e8mes photovolta\u00efques logistique\",\"transport industry Austria\",\"transport longue distance camions \u00e9lectriques\",\"transport sans \u00e9missions\",\"transports r\u00e9gionaux Vorarlberg\",\"Transportwirtschaft \u00d6sterreich\"],\"articleSection\":[\"Allemagne\",\"Autriche\",\"Intermodal \\\/ Route\"],\"inLanguage\":\"fr-FR\",\"potentialAction\":[{\"@type\":\"CommentAction\",\"name\":\"Comment\",\"target\":[\"https:\\\/\\\/loginfo24.com\\\/fr\\\/2026\\\/04\\\/28\\\/gebrueder-weiss-commande-14-mercedes-benz-eactros-600\\\/#respond\"]}]},{\"@type\":\"WebPage\",\"@id\":\"https:\\\/\\\/loginfo24.com\\\/fr\\\/2026\\\/04\\\/28\\\/gebrueder-weiss-commande-14-mercedes-benz-eactros-600\\\/\",\"url\":\"https:\\\/\\\/loginfo24.com\\\/fr\\\/2026\\\/04\\\/28\\\/gebrueder-weiss-commande-14-mercedes-benz-eactros-600\\\/\",\"name\":\"Gebr\u00fcder Weiss commande 14 Mercedes-Benz eActros 600 - Loginfo24\",\"isPartOf\":{\"@id\":\"https:\\\/\\\/loginfo24.com\\\/fr\\\/#website\"},\"primaryImageOfPage\":{\"@id\":\"https:\\\/\\\/loginfo24.com\\\/fr\\\/2026\\\/04\\\/28\\\/gebrueder-weiss-commande-14-mercedes-benz-eactros-600\\\/#primaryimage\"},\"image\":{\"@id\":\"https:\\\/\\\/loginfo24.com\\\/fr\\\/2026\\\/04\\\/28\\\/gebrueder-weiss-commande-14-mercedes-benz-eactros-600\\\/#primaryimage\"},\"thumbnailUrl\":\"https:\\\/\\\/loginfo24.com\\\/wp-content\\\/uploads\\\/sites\\\/7\\\/2026\\\/04\\\/26DT076_001-scaled-aspect-ratio-1400-788-scaled-1.jpg\",\"datePublished\":\"2026-04-28T10:54:12+00:00\",\"breadcrumb\":{\"@id\":\"https:\\\/\\\/loginfo24.com\\\/fr\\\/2026\\\/04\\\/28\\\/gebrueder-weiss-commande-14-mercedes-benz-eactros-600\\\/#breadcrumb\"},\"inLanguage\":\"fr-FR\",\"potentialAction\":[{\"@type\":\"ReadAction\",\"target\":[\"https:\\\/\\\/loginfo24.com\\\/fr\\\/2026\\\/04\\\/28\\\/gebrueder-weiss-commande-14-mercedes-benz-eactros-600\\\/\"]}]},{\"@type\":\"ImageObject\",\"inLanguage\":\"fr-FR\",\"@id\":\"https:\\\/\\\/loginfo24.com\\\/fr\\\/2026\\\/04\\\/28\\\/gebrueder-weiss-commande-14-mercedes-benz-eactros-600\\\/#primaryimage\",\"url\":\"https:\\\/\\\/loginfo24.com\\\/wp-content\\\/uploads\\\/sites\\\/7\\\/2026\\\/04\\\/26DT076_001-scaled-aspect-ratio-1400-788-scaled-1.jpg\",\"contentUrl\":\"https:\\\/\\\/loginfo24.com\\\/wp-content\\\/uploads\\\/sites\\\/7\\\/2026\\\/04\\\/26DT076_001-scaled-aspect-ratio-1400-788-scaled-1.jpg\",\"width\":2560,\"height\":1441},{\"@type\":\"BreadcrumbList\",\"@id\":\"https:\\\/\\\/loginfo24.com\\\/fr\\\/2026\\\/04\\\/28\\\/gebrueder-weiss-commande-14-mercedes-benz-eactros-600\\\/#breadcrumb\",\"itemListElement\":[{\"@type\":\"ListItem\",\"position\":1,\"name\":\"Startseite\",\"item\":\"https:\\\/\\\/loginfo24.com\\\/fr\\\/\"},{\"@type\":\"ListItem\",\"position\":2,\"name\":\"Gebr\u00fcder Weiss commande 14 Mercedes-Benz eActros 600\"}]},{\"@type\":\"WebSite\",\"@id\":\"https:\\\/\\\/loginfo24.com\\\/fr\\\/#website\",\"url\":\"https:\\\/\\\/loginfo24.com\\\/fr\\\/\",\"name\":\"Loginfo24\",\"description\":\"Loginfo24 est la plateforme d\u00e9di\u00e9e \u00e0 la logistique et aux cha\u00eenes d&#039;approvisionnement qui fournit des informations 24 heures sur 24.\",\"publisher\":{\"@id\":\"https:\\\/\\\/loginfo24.com\\\/fr\\\/#organization\"},\"potentialAction\":[{\"@type\":\"SearchAction\",\"target\":{\"@type\":\"EntryPoint\",\"urlTemplate\":\"https:\\\/\\\/loginfo24.com\\\/fr\\\/?s={search_term_string}\"},\"query-input\":{\"@type\":\"PropertyValueSpecification\",\"valueRequired\":true,\"valueName\":\"search_term_string\"}}],\"inLanguage\":\"fr-FR\"},{\"@type\":\"Organization\",\"@id\":\"https:\\\/\\\/loginfo24.com\\\/fr\\\/#organization\",\"name\":\"Groupe Logismedia AG\",\"url\":\"https:\\\/\\\/loginfo24.com\\\/fr\\\/\",\"logo\":{\"@type\":\"ImageObject\",\"inLanguage\":\"fr-FR\",\"@id\":\"https:\\\/\\\/loginfo24.com\\\/fr\\\/#\\\/schema\\\/logo\\\/image\\\/\",\"url\":\"https:\\\/\\\/loginfo24.com\\\/wp-content\\\/uploads\\\/sites\\\/7\\\/2026\\\/01\\\/Logo_LogInfo24.png\",\"contentUrl\":\"https:\\\/\\\/loginfo24.com\\\/wp-content\\\/uploads\\\/sites\\\/7\\\/2026\\\/01\\\/Logo_LogInfo24.png\",\"width\":938,\"height\":351,\"caption\":\"Groupe Logismedia AG\"},\"image\":{\"@id\":\"https:\\\/\\\/loginfo24.com\\\/fr\\\/#\\\/schema\\\/logo\\\/image\\\/\"},\"sameAs\":[\"https:\\\/\\\/www.facebook.com\\\/people\\\/Loginfo24\\\/100057360583332\\\/\",\"https:\\\/\\\/www.linkedin.com\\\/company\\\/lofinfo24\\\/\"]},{\"@type\":\"Person\",\"@id\":\"https:\\\/\\\/loginfo24.com\\\/fr\\\/#\\\/schema\\\/person\\\/7b1593b33567ba798d300c8a1b0b85b1\",\"name\":\"Andreas M\u00fcller\",\"url\":\"https:\\\/\\\/loginfo24.com\\\/fr\\\/author\\\/logismedia\\\/\"}]}<\/script>\n<!-- \/ Yoast SEO plugin. -->","yoast_head_json":{"title":"Gebr\u00fcder Weiss commande 14 Mercedes-Benz eActros 600 - Loginfo24","robots":{"index":"index","follow":"follow","max-snippet":"max-snippet:-1","max-image-preview":"max-image-preview:large","max-video-preview":"max-video-preview:-1"},"canonical":"https:\/\/loginfo24.com\/fr\/2026\/04\/28\/gebrueder-weiss-commande-14-mercedes-benz-eactros-600\/","og_locale":"fr_FR","og_type":"article","og_title":"Gebr\u00fcder Weiss commande 14 Mercedes-Benz eActros 600 - Loginfo24","og_description":"Le logisticien Gebr\u00fcder Weiss d\u00e9ploiera au total 25 Mercedes-Benz eActros d'ici fin 2026 et \u00e9tendra sa propre infrastructure de recharge \u00e0 plusieurs sites.","og_url":"https:\/\/loginfo24.com\/fr\/2026\/04\/28\/gebrueder-weiss-commande-14-mercedes-benz-eactros-600\/","og_site_name":"Loginfo24","article_publisher":"https:\/\/www.facebook.com\/people\/Loginfo24\/100057360583332\/","article_published_time":"2026-04-28T10:54:12+00:00","og_image":[{"width":2560,"height":1441,"url":"https:\/\/loginfo24.com\/wp-content\/uploads\/sites\/7\/2026\/04\/26DT076_001-scaled-aspect-ratio-1400-788-scaled-1.jpg","type":"image\/jpeg"}],"author":"Andreas M\u00fcller","twitter_card":"summary_large_image","twitter_misc":{"\u00c9crit par":"Andreas M\u00fcller","Dur\u00e9e de lecture estim\u00e9e":"3 minutes"},"schema":{"@context":"https:\/\/schema.org","@graph":[{"@type":"Article","@id":"https:\/\/loginfo24.com\/fr\/2026\/04\/28\/gebrueder-weiss-commande-14-mercedes-benz-eactros-600\/#article","isPartOf":{"@id":"https:\/\/loginfo24.com\/fr\/2026\/04\/28\/gebrueder-weiss-commande-14-mercedes-benz-eactros-600\/"},"author":{"name":"Andreas M\u00fcller","@id":"https:\/\/loginfo24.com\/fr\/#\/schema\/person\/7b1593b33567ba798d300c8a1b0b85b1"},"headline":"Gebr\u00fcder Weiss commande 14 Mercedes-Benz eActros 600","datePublished":"2026-04-28T10:54:12+00:00","mainEntityOfPage":{"@id":"https:\/\/loginfo24.com\/fr\/2026\/04\/28\/gebrueder-weiss-commande-14-mercedes-benz-eactros-600\/"},"wordCount":684,"commentCount":0,"publisher":{"@id":"https:\/\/loginfo24.com\/fr\/#organization"},"image":{"@id":"https:\/\/loginfo24.com\/fr\/2026\/04\/28\/gebrueder-weiss-commande-14-mercedes-benz-eactros-600\/#primaryimage"},"thumbnailUrl":"https:\/\/loginfo24.com\/wp-content\/uploads\/sites\/7\/2026\/04\/26DT076_001-scaled-aspect-ratio-1400-788-scaled-1.jpg","keywords":["camions \u00e9lectriques Autriche","camions lourds \u00e9lectriques","charging infrastructure electric trucks","CO\u2082-neutral transport solutions","CO\u2082-neutrale Transportl\u00f6sungen","Daimler Truck Austria","Daimler Truck Autriche","Daimler Truck \u00d6sterreich","Deutsch Gebr\u00fcder Weiss","Digitalisierung Logistik","digitalization logistics","e-fleet expansion Fran\u00e7ais Gebr\u00fcder Weiss","E-Flotte Ausbau English Gebr\u00fcder Weiss","E-Lkw \u00d6sterreich","E-Mobilit\u00e4t Strategie","e-mobility strategy","electric trucks Austria","\u00e9lectromobilit\u00e9 transport","electromobility transport","Elektromobilit\u00e4t Transport","emission-free transport","emissionsfreier Transport","Energieversorgungssysteme","energy supply systems","expansion flotte \u00e9lectrique","Fernverkehr E-Lkw","heavy-duty electric trucks","industrie du transport Autriche","infrastructure charging points","infrastructure de recharge camions \u00e9lectriques","infrastructure points de recharge","Infrastruktur Ladepunkte","Ladeinfrastruktur E-Lkw","logistics service providers Austria","Logistikdienstleister \u00d6sterreich","logistique durable","long-distance transport electric trucks","Mercedes-Benz eActros 600","nachhaltige Logistik","num\u00e9risation logistique","photovoltaic systems logistics","Photovoltaikanlage Logistik","prestataires de services logistiques Autriche","regional transport Vorarlberg","regionale Verkehre Vorarlberg","Schwerlastverkehr E-Lkw","solutions de transport neutres en CO\u2082","strat\u00e9gie d'\u00e9lectromobilit\u00e9","sustainable logistics","syst\u00e8mes d'approvisionnement en \u00e9nergie","syst\u00e8mes photovolta\u00efques logistique","transport industry Austria","transport longue distance camions \u00e9lectriques","transport sans \u00e9missions","transports r\u00e9gionaux Vorarlberg","Transportwirtschaft \u00d6sterreich"],"articleSection":["Allemagne","Autriche","Intermodal \/ Route"],"inLanguage":"fr-FR","potentialAction":[{"@type":"CommentAction","name":"Comment","target":["https:\/\/loginfo24.com\/fr\/2026\/04\/28\/gebrueder-weiss-commande-14-mercedes-benz-eactros-600\/#respond"]}]},{"@type":"WebPage","@id":"https:\/\/loginfo24.com\/fr\/2026\/04\/28\/gebrueder-weiss-commande-14-mercedes-benz-eactros-600\/","url":"https:\/\/loginfo24.com\/fr\/2026\/04\/28\/gebrueder-weiss-commande-14-mercedes-benz-eactros-600\/","name":"Gebr\u00fcder Weiss commande 14 Mercedes-Benz eActros 600 - Loginfo24","isPartOf":{"@id":"https:\/\/loginfo24.com\/fr\/#website"},"primaryImageOfPage":{"@id":"https:\/\/loginfo24.com\/fr\/2026\/04\/28\/gebrueder-weiss-commande-14-mercedes-benz-eactros-600\/#primaryimage"},"image":{"@id":"https:\/\/loginfo24.com\/fr\/2026\/04\/28\/gebrueder-weiss-commande-14-mercedes-benz-eactros-600\/#primaryimage"},"thumbnailUrl":"https:\/\/loginfo24.com\/wp-content\/uploads\/sites\/7\/2026\/04\/26DT076_001-scaled-aspect-ratio-1400-788-scaled-1.jpg","datePublished":"2026-04-28T10:54:12+00:00","breadcrumb":{"@id":"https:\/\/loginfo24.com\/fr\/2026\/04\/28\/gebrueder-weiss-commande-14-mercedes-benz-eactros-600\/#breadcrumb"},"inLanguage":"fr-FR","potentialAction":[{"@type":"ReadAction","target":["https:\/\/loginfo24.com\/fr\/2026\/04\/28\/gebrueder-weiss-commande-14-mercedes-benz-eactros-600\/"]}]},{"@type":"ImageObject","inLanguage":"fr-FR","@id":"https:\/\/loginfo24.com\/fr\/2026\/04\/28\/gebrueder-weiss-commande-14-mercedes-benz-eactros-600\/#primaryimage","url":"https:\/\/loginfo24.com\/wp-content\/uploads\/sites\/7\/2026\/04\/26DT076_001-scaled-aspect-ratio-1400-788-scaled-1.jpg","contentUrl":"https:\/\/loginfo24.com\/wp-content\/uploads\/sites\/7\/2026\/04\/26DT076_001-scaled-aspect-ratio-1400-788-scaled-1.jpg","width":2560,"height":1441},{"@type":"BreadcrumbList","@id":"https:\/\/loginfo24.com\/fr\/2026\/04\/28\/gebrueder-weiss-commande-14-mercedes-benz-eactros-600\/#breadcrumb","itemListElement":[{"@type":"ListItem","position":1,"name":"Startseite","item":"https:\/\/loginfo24.com\/fr\/"},{"@type":"ListItem","position":2,"name":"Gebr\u00fcder Weiss commande 14 Mercedes-Benz eActros 600"}]},{"@type":"WebSite","@id":"https:\/\/loginfo24.com\/fr\/#website","url":"https:\/\/loginfo24.com\/fr\/","name":"Loginfo24","description":"Loginfo24 est la plateforme d\u00e9di\u00e9e \u00e0 la logistique et aux cha\u00eenes d&#039;approvisionnement qui fournit des informations 24 heures sur 24.","publisher":{"@id":"https:\/\/loginfo24.com\/fr\/#organization"},"potentialAction":[{"@type":"SearchAction","target":{"@type":"EntryPoint","urlTemplate":"https:\/\/loginfo24.com\/fr\/?s={search_term_string}"},"query-input":{"@type":"PropertyValueSpecification","valueRequired":true,"valueName":"search_term_string"}}],"inLanguage":"fr-FR"},{"@type":"Organization","@id":"https:\/\/loginfo24.com\/fr\/#organization","name":"Groupe Logismedia AG","url":"https:\/\/loginfo24.com\/fr\/","logo":{"@type":"ImageObject","inLanguage":"fr-FR","@id":"https:\/\/loginfo24.com\/fr\/#\/schema\/logo\/image\/","url":"https:\/\/loginfo24.com\/wp-content\/uploads\/sites\/7\/2026\/01\/Logo_LogInfo24.png","contentUrl":"https:\/\/loginfo24.com\/wp-content\/uploads\/sites\/7\/2026\/01\/Logo_LogInfo24.png","width":938,"height":351,"caption":"Groupe Logismedia AG"},"image":{"@id":"https:\/\/loginfo24.com\/fr\/#\/schema\/logo\/image\/"},"sameAs":["https:\/\/www.facebook.com\/people\/Loginfo24\/100057360583332\/","https:\/\/www.linkedin.com\/company\/lofinfo24\/"]},{"@type":"Person","@id":"https:\/\/loginfo24.com\/fr\/#\/schema\/person\/7b1593b33567ba798d300c8a1b0b85b1","name":"Andreas M\u00fcller","url":"https:\/\/loginfo24.com\/fr\/author\/logismedia\/"}]}},"_links":{"self":[{"href":"https:\/\/loginfo24.com\/fr\/wp-json\/wp\/v2\/posts\/79399","targetHints":{"allow":["GET"]}}],"collection":[{"href":"https:\/\/loginfo24.com\/fr\/wp-json\/wp\/v2\/posts"}],"about":[{"href":"https:\/\/loginfo24.com\/fr\/wp-json\/wp\/v2\/types\/post"}],"author":[{"embeddable":true,"href":"https:\/\/loginfo24.com\/fr\/wp-json\/wp\/v2\/users\/7"}],"replies":[{"embeddable":true,"href":"https:\/\/loginfo24.com\/fr\/wp-json\/wp\/v2\/comments?post=79399"}],"version-history":[{"count":0,"href":"https:\/\/loginfo24.com\/fr\/wp-json\/wp\/v2\/posts\/79399\/revisions"}],"wp:featuredmedia":[{"embeddable":true,"href":"https:\/\/loginfo24.com\/fr\/wp-json\/wp\/v2\/media\/79397"}],"wp:attachment":[{"href":"https:\/\/loginfo24.com\/fr\/wp-json\/wp\/v2\/media?parent=79399"}],"wp:term":[{"taxonomy":"category","embeddable":true,"href":"https:\/\/loginfo24.com\/fr\/wp-json\/wp\/v2\/categories?post=79399"},{"taxonomy":"post_tag","embeddable":true,"href":"https:\/\/loginfo24.com\/fr\/wp-json\/wp\/v2\/tags?post=79399"}],"curies":[{"name":"wp","href":"https:\/\/api.w.org\/{rel}","templated":true}]}}