{"id":79360,"date":"2026-04-28T10:11:54","date_gmt":"2026-04-28T10:11:54","guid":{"rendered":"https:\/\/loginfo24.com\/2026\/04\/28\/le-groupe-mlp-prevoit-le-parc-daffaires-de-munich\/"},"modified":"2026-04-28T10:11:54","modified_gmt":"2026-04-28T10:11:54","slug":"le-groupe-mlp-prevoit-le-parc-daffaires-de-munich","status":"publish","type":"post","link":"https:\/\/loginfo24.com\/fr\/2026\/04\/28\/le-groupe-mlp-prevoit-le-parc-daffaires-de-munich\/","title":{"rendered":"Le groupe MLP pr\u00e9voit le parc d&rsquo;affaires de Munich"},"content":{"rendered":"<p>La MLP Group pr\u00e9voit la construction d&#8217;un nouveau parc multi-utilisateurs \u00e0 Neufahrn pr\u00e8s de Freising, qui sera connu sous le nom de MLP Business Park M\u00fcnchen. Avec une superficie totale d&#8217;environ 42 800 m\u00b2, il s&#8217;agira du premier projet de l&#8217;entreprise dans le sud de l&#8217;Allemagne. Le d\u00e9but des travaux est pr\u00e9vu pour la fin de 2026.<\/p>\n<h3>D\u00e9tails sur le concept d&#8217;utilisation<\/h3>\n<p>Le MLP Business Park M\u00fcnchen sera construit sur un terrain d&#8217;environ 44 500 m\u00b2 et comprendra une structure \u00e0 deux \u00e9tages. Les surfaces des halls au rez-de-chauss\u00e9e sont con\u00e7ues pour des entreprises dans les domaines des services \u00e0 valeur ajout\u00e9e, de l&#8217;entreposage et de la production. Au premier \u00e9tage, les surfaces sont pr\u00e9vues pour un m\u00e9lange d&#8217;utilisateurs vari\u00e9, y compris des entreprises technologiques et pharmaceutiques ainsi que des petites et moyennes entreprises (PME). L&#8217;approvisionnement au rez-de-chauss\u00e9e se fera par camions, tandis que les halls au premier \u00e9tage pourront \u00eatre accessibles \u00e0 la fois par des voitures particuli\u00e8res et des camions jusqu&#8217;\u00e0 7,5 t.<\/p>\n<p>L&#8217;emplacement du nouveau parc est strat\u00e9giquement avantageux, car il se trouve \u00e0 proximit\u00e9 imm\u00e9diate de l&#8217;autoroute A92, qui permet un acc\u00e8s rapide \u00e0 la r\u00e9gion \u00e9conomique de Munich. L&#8217;a\u00e9roport de Munich est \u00e0 seulement 5 km et accessible en moins de 10 minutes en voiture. De plus, une connexion S-Bahn est en projet, ce qui devrait am\u00e9liorer encore la qualit\u00e9 de l&#8217;emplacement.<\/p>\n<h3>Approche de durabilit\u00e9 et certification<\/h3>\n<p>La MLP Group vise une certification selon la norme DGNB Gold pour le nouveau parc d&#8217;affaires. Parmi les mesures de durabilit\u00e9 pr\u00e9vues figurent l&#8217;installation d&#8217;un syst\u00e8me photovolta\u00efque pour l&#8217;autoconsommation, la v\u00e9g\u00e9talisation des toits et des fa\u00e7ades, ainsi qu&#8217;un chauffage sans combustibles fossiles par des pompes \u00e0 chaleur. Les surfaces de stockage au rez-de-chauss\u00e9e seront con\u00e7ues conform\u00e9ment aux exigences de l&#8217;AwSV (r\u00e8glement sur les installations manipulant des substances dangereuses pour l&#8217;eau) et sont adapt\u00e9es au stockage de marchandises de la classe de danger pour l&#8217;eau WGK 3. Un parking public avec v\u00e9g\u00e9talisation des fa\u00e7ades et des stations de recharge pour v\u00e9hicules \u00e9lectriques fait \u00e9galement partie du projet.<\/p>\n<p>Dipl. Ing. Michael Sch\u00f6fer, directeur du bureau de construction de la commune de Neufahrn pr\u00e8s de Freising, souligne la collaboration partenariale de toutes les parties prenantes : \u00ab Le projet MLP Business Park M\u00fcnchen est le r\u00e9sultat d&#8217;une bonne coordination et d&#8217;une collaboration partenariale entre toutes les parties impliqu\u00e9es. Malgr\u00e9 des conditions-cadres exigeantes, des solutions viables ont pu \u00eatre \u00e9labor\u00e9es. \u00bb<\/p>\n<p>Rados\u0142aw T. Krochta, pr\u00e9sident du conseil d&#8217;administration de MLP Group S.A., souligne les d\u00e9fis li\u00e9s \u00e0 la disponibilit\u00e9 des terrains \u00e0 Munich et la n\u00e9cessit\u00e9 de repenser la planification des surfaces logistiques et commerciales. \u00ab Les concepts \u00e0 plusieurs \u00e9tages constituent une excellente solution \u00bb, d\u00e9clare Krochta.<\/p>\n<p>Martin Birkert, directeur pays Allemagne chez MLP Group, s&#8217;exprime sur la forte demande pour les surfaces locatives : \u00ab Le b\u00e2timent \u00e0 deux \u00e9tages pr\u00e9vu souligne notre ambition de fournir des solutions \u00e9conomes en espace dans des emplacements urbains. \u00bb<\/p>\n<p>La d\u00e9cision finale du conseil municipal pour le MLP Business Park M\u00fcnchen a \u00e9t\u00e9 prise fin f\u00e9vrier 2026, ouvrant la voie \u00e0 la construction du projet. Le terrain a \u00e9t\u00e9 n\u00e9goci\u00e9 par l&#8217;agent immobilier Manfred Jenschke en collaboration avec Immolox.<\/p>\n<p><a href=\"http:\/\/www.mlpgroup.com\" target=\"_blank\" rel=\"noopener noreferrer\">www.mlpgroup.com<\/a><\/p>\n","protected":false},"excerpt":{"rendered":"<p>Le groupe MLP pr\u00e9voit le parc d&rsquo;affaires MLP de Munich, qui devrait ouvrir fin 2026 avec des concepts durables et une superficie totale de 42 800 m\u00b2.<\/p>\n","protected":false},"author":7,"featured_media":79358,"comment_status":"open","ping_status":"","sticky":false,"template":"","format":"standard","meta":{"_acf_changed":false,"footnotes":""},"categories":[1645],"tags":[22251,22252,22253,22254,21459,22255,22256,22257,14790,21216,22258,22259,22260,22261,22262,22263,18393,22264,22265,22266,2133,1831,22267,22268,22269,22270,10291,22271,22272,22273,22274,22275,22276,22277,22278,16321,7117,18403,2148,10297,22279,22280,22281,22282,22283,22284,10303,16330,22285,22286,22287,22288,22289,18409,22290,22291],"class_list":["post-79360","post","type-post","status-publish","format-standard","has-post-thumbnail","hentry","category-uncategorized","tag-a92-motorway","tag-aeroport-de-munich","tag-agent-immobilier","tag-autobahn-a92","tag-autoroute-a92","tag-business-park-muenchen","tag-classe-de-danger-pour-leau-wgk-3","tag-connexion-s-bahn","tag-deutsch-mlp-group","tag-dgnb-gold-standard","tag-entreprises-pharmaceutiques","tag-entreprises-technologiques","tag-espaces-dentreposage","tag-espaces-locatifs","tag-flaecheneffiziente-loesungen","tag-flughafen-muenchen","tag-heat-pumps","tag-immobilienmakler-english-mlp-group","tag-immobilier-commercial-urbain","tag-lagerflaechen","tag-logistics-service-providers","tag-logistikdienstleister","tag-mietflaechen","tag-multi-user-park","tag-munich-airport","tag-munich-business-park","tag-nachhaltige-bauprojekte","tag-neufahrn-bei-freising","tag-neufahrn-near-freising","tag-neufahrn-pres-de-freising","tag-norme-dgnb-or","tag-parc-daffaires-de-munich","tag-parc-multi-utilisateurs","tag-pharmaceutical-companies","tag-pharmaunternehmen","tag-photovoltaic-systems","tag-photovoltaikanlage","tag-pompes-a-chaleur","tag-prestataires-de-services-logistiques","tag-projets-de-construction-durables","tag-real-estate-broker-francais-mlp-group","tag-rental-spaces","tag-s-bahn-connection","tag-s-bahnanschluss","tag-solutions-economes-en-espace","tag-space-efficient-solutions","tag-sustainable-construction-projects","tag-systemes-photovoltaiques","tag-technologieunternehmen","tag-technology-companies","tag-urban-commercial-real-estate","tag-urbanes-gewerbe","tag-warehouse-spaces","tag-waermepumpen","tag-wassergefaehrdungsklasse-wgk-3","tag-water-hazard-class-wgk-3"],"acf":[],"yoast_head":"<!-- This site is optimized with the Yoast SEO plugin v27.3 - https:\/\/yoast.com\/product\/yoast-seo-wordpress\/ -->\n<title>Le groupe MLP pr\u00e9voit le parc d&#8217;affaires de Munich - Loginfo24<\/title>\n<meta name=\"robots\" content=\"index, follow, max-snippet:-1, max-image-preview:large, max-video-preview:-1\" \/>\n<link rel=\"canonical\" href=\"https:\/\/loginfo24.com\/fr\/2026\/04\/28\/le-groupe-mlp-prevoit-le-parc-daffaires-de-munich\/\" \/>\n<meta property=\"og:locale\" content=\"fr_FR\" \/>\n<meta property=\"og:type\" content=\"article\" \/>\n<meta property=\"og:title\" content=\"Le groupe MLP pr\u00e9voit le parc d&#8217;affaires de Munich - Loginfo24\" \/>\n<meta property=\"og:description\" content=\"Le groupe MLP pr\u00e9voit le parc d&#039;affaires MLP de Munich, qui devrait ouvrir fin 2026 avec des concepts durables et une superficie totale de 42 800 m\u00b2.\" \/>\n<meta property=\"og:url\" content=\"https:\/\/loginfo24.com\/fr\/2026\/04\/28\/le-groupe-mlp-prevoit-le-parc-daffaires-de-munich\/\" \/>\n<meta property=\"og:site_name\" content=\"Loginfo24\" \/>\n<meta property=\"article:publisher\" content=\"https:\/\/www.facebook.com\/people\/Loginfo24\/100057360583332\/\" \/>\n<meta property=\"article:published_time\" content=\"2026-04-28T10:11:54+00:00\" \/>\n<meta property=\"og:image\" content=\"https:\/\/loginfo24.com\/wp-content\/uploads\/sites\/7\/2026\/04\/mlp-projekt-mu-enchen-69f0781ed1eaa284270883.webp\" \/>\n\t<meta property=\"og:image:width\" content=\"1280\" \/>\n\t<meta property=\"og:image:height\" content=\"720\" \/>\n\t<meta property=\"og:image:type\" content=\"image\/webp\" \/>\n<meta name=\"author\" content=\"Andreas M\u00fcller\" \/>\n<meta name=\"twitter:card\" content=\"summary_large_image\" \/>\n<meta name=\"twitter:label1\" content=\"\u00c9crit par\" \/>\n\t<meta name=\"twitter:data1\" content=\"Andreas M\u00fcller\" \/>\n\t<meta name=\"twitter:label2\" content=\"Dur\u00e9e de lecture estim\u00e9e\" \/>\n\t<meta name=\"twitter:data2\" content=\"3 minutes\" \/>\n<script type=\"application\/ld+json\" class=\"yoast-schema-graph\">{\"@context\":\"https:\\\/\\\/schema.org\",\"@graph\":[{\"@type\":\"Article\",\"@id\":\"https:\\\/\\\/loginfo24.com\\\/fr\\\/2026\\\/04\\\/28\\\/le-groupe-mlp-prevoit-le-parc-daffaires-de-munich\\\/#article\",\"isPartOf\":{\"@id\":\"https:\\\/\\\/loginfo24.com\\\/fr\\\/2026\\\/04\\\/28\\\/le-groupe-mlp-prevoit-le-parc-daffaires-de-munich\\\/\"},\"author\":{\"name\":\"Andreas M\u00fcller\",\"@id\":\"https:\\\/\\\/loginfo24.com\\\/fr\\\/#\\\/schema\\\/person\\\/7b1593b33567ba798d300c8a1b0b85b1\"},\"headline\":\"Le groupe MLP pr\u00e9voit le parc d&rsquo;affaires de Munich\",\"datePublished\":\"2026-04-28T10:11:54+00:00\",\"mainEntityOfPage\":{\"@id\":\"https:\\\/\\\/loginfo24.com\\\/fr\\\/2026\\\/04\\\/28\\\/le-groupe-mlp-prevoit-le-parc-daffaires-de-munich\\\/\"},\"wordCount\":590,\"commentCount\":0,\"publisher\":{\"@id\":\"https:\\\/\\\/loginfo24.com\\\/fr\\\/#organization\"},\"image\":{\"@id\":\"https:\\\/\\\/loginfo24.com\\\/fr\\\/2026\\\/04\\\/28\\\/le-groupe-mlp-prevoit-le-parc-daffaires-de-munich\\\/#primaryimage\"},\"thumbnailUrl\":\"https:\\\/\\\/loginfo24.com\\\/wp-content\\\/uploads\\\/sites\\\/7\\\/2026\\\/04\\\/mlp-projekt-mu-enchen-69f0781ed1eaa284270883.webp\",\"keywords\":[\"A92 motorway\",\"a\u00e9roport de Munich\",\"agent immobilier\",\"Autobahn A92\",\"autoroute A92\",\"Business Park M\u00fcnchen\",\"classe de danger pour l'eau WGK 3\",\"connexion S-Bahn\",\"Deutsch MLP Group\",\"DGNB Gold standard\",\"entreprises pharmaceutiques\",\"entreprises technologiques\",\"espaces d'entreposage\",\"espaces locatifs\",\"fl\u00e4cheneffiziente L\u00f6sungen\",\"Flughafen M\u00fcnchen\",\"heat pumps\",\"Immobilienmakler English MLP Group\",\"immobilier commercial urbain\",\"Lagerfl\u00e4chen\",\"logistics service providers\",\"Logistikdienstleister\",\"Mietfl\u00e4chen\",\"Multi-User-Park\",\"Munich airport\",\"Munich Business Park\",\"nachhaltige Bauprojekte\",\"Neufahrn bei Freising\",\"Neufahrn near Freising\",\"Neufahrn pr\u00e8s de Freising\",\"norme DGNB or\",\"parc d'affaires de Munich\",\"parc multi-utilisateurs\",\"pharmaceutical companies\",\"Pharmaunternehmen\",\"photovoltaic systems\",\"Photovoltaikanlage\",\"pompes \u00e0 chaleur\",\"prestataires de services logistiques\",\"projets de construction durables\",\"real estate broker Fran\u00e7ais MLP Group\",\"rental spaces\",\"S-Bahn connection\",\"S-Bahnanschluss\",\"solutions \u00e9conomes en espace\",\"space-efficient solutions\",\"sustainable construction projects\",\"syst\u00e8mes photovolta\u00efques\",\"Technologieunternehmen\",\"technology companies\",\"urban commercial real estate\",\"urbanes Gewerbe\",\"warehouse spaces\",\"W\u00e4rmepumpen\",\"Wassergef\u00e4hrdungsklasse WGK 3\",\"water hazard class WGK 3\"],\"inLanguage\":\"fr-FR\",\"potentialAction\":[{\"@type\":\"CommentAction\",\"name\":\"Comment\",\"target\":[\"https:\\\/\\\/loginfo24.com\\\/fr\\\/2026\\\/04\\\/28\\\/le-groupe-mlp-prevoit-le-parc-daffaires-de-munich\\\/#respond\"]}]},{\"@type\":\"WebPage\",\"@id\":\"https:\\\/\\\/loginfo24.com\\\/fr\\\/2026\\\/04\\\/28\\\/le-groupe-mlp-prevoit-le-parc-daffaires-de-munich\\\/\",\"url\":\"https:\\\/\\\/loginfo24.com\\\/fr\\\/2026\\\/04\\\/28\\\/le-groupe-mlp-prevoit-le-parc-daffaires-de-munich\\\/\",\"name\":\"Le groupe MLP pr\u00e9voit le parc d&#8217;affaires de Munich - Loginfo24\",\"isPartOf\":{\"@id\":\"https:\\\/\\\/loginfo24.com\\\/fr\\\/#website\"},\"primaryImageOfPage\":{\"@id\":\"https:\\\/\\\/loginfo24.com\\\/fr\\\/2026\\\/04\\\/28\\\/le-groupe-mlp-prevoit-le-parc-daffaires-de-munich\\\/#primaryimage\"},\"image\":{\"@id\":\"https:\\\/\\\/loginfo24.com\\\/fr\\\/2026\\\/04\\\/28\\\/le-groupe-mlp-prevoit-le-parc-daffaires-de-munich\\\/#primaryimage\"},\"thumbnailUrl\":\"https:\\\/\\\/loginfo24.com\\\/wp-content\\\/uploads\\\/sites\\\/7\\\/2026\\\/04\\\/mlp-projekt-mu-enchen-69f0781ed1eaa284270883.webp\",\"datePublished\":\"2026-04-28T10:11:54+00:00\",\"breadcrumb\":{\"@id\":\"https:\\\/\\\/loginfo24.com\\\/fr\\\/2026\\\/04\\\/28\\\/le-groupe-mlp-prevoit-le-parc-daffaires-de-munich\\\/#breadcrumb\"},\"inLanguage\":\"fr-FR\",\"potentialAction\":[{\"@type\":\"ReadAction\",\"target\":[\"https:\\\/\\\/loginfo24.com\\\/fr\\\/2026\\\/04\\\/28\\\/le-groupe-mlp-prevoit-le-parc-daffaires-de-munich\\\/\"]}]},{\"@type\":\"ImageObject\",\"inLanguage\":\"fr-FR\",\"@id\":\"https:\\\/\\\/loginfo24.com\\\/fr\\\/2026\\\/04\\\/28\\\/le-groupe-mlp-prevoit-le-parc-daffaires-de-munich\\\/#primaryimage\",\"url\":\"https:\\\/\\\/loginfo24.com\\\/wp-content\\\/uploads\\\/sites\\\/7\\\/2026\\\/04\\\/mlp-projekt-mu-enchen-69f0781ed1eaa284270883.webp\",\"contentUrl\":\"https:\\\/\\\/loginfo24.com\\\/wp-content\\\/uploads\\\/sites\\\/7\\\/2026\\\/04\\\/mlp-projekt-mu-enchen-69f0781ed1eaa284270883.webp\",\"width\":1280,\"height\":720},{\"@type\":\"BreadcrumbList\",\"@id\":\"https:\\\/\\\/loginfo24.com\\\/fr\\\/2026\\\/04\\\/28\\\/le-groupe-mlp-prevoit-le-parc-daffaires-de-munich\\\/#breadcrumb\",\"itemListElement\":[{\"@type\":\"ListItem\",\"position\":1,\"name\":\"Startseite\",\"item\":\"https:\\\/\\\/loginfo24.com\\\/fr\\\/\"},{\"@type\":\"ListItem\",\"position\":2,\"name\":\"Le groupe MLP pr\u00e9voit le parc d&rsquo;affaires de Munich\"}]},{\"@type\":\"WebSite\",\"@id\":\"https:\\\/\\\/loginfo24.com\\\/fr\\\/#website\",\"url\":\"https:\\\/\\\/loginfo24.com\\\/fr\\\/\",\"name\":\"Loginfo24\",\"description\":\"Loginfo24 est la plateforme d\u00e9di\u00e9e \u00e0 la logistique et aux cha\u00eenes d&#039;approvisionnement qui fournit des informations 24 heures sur 24.\",\"publisher\":{\"@id\":\"https:\\\/\\\/loginfo24.com\\\/fr\\\/#organization\"},\"potentialAction\":[{\"@type\":\"SearchAction\",\"target\":{\"@type\":\"EntryPoint\",\"urlTemplate\":\"https:\\\/\\\/loginfo24.com\\\/fr\\\/?s={search_term_string}\"},\"query-input\":{\"@type\":\"PropertyValueSpecification\",\"valueRequired\":true,\"valueName\":\"search_term_string\"}}],\"inLanguage\":\"fr-FR\"},{\"@type\":\"Organization\",\"@id\":\"https:\\\/\\\/loginfo24.com\\\/fr\\\/#organization\",\"name\":\"Groupe Logismedia AG\",\"url\":\"https:\\\/\\\/loginfo24.com\\\/fr\\\/\",\"logo\":{\"@type\":\"ImageObject\",\"inLanguage\":\"fr-FR\",\"@id\":\"https:\\\/\\\/loginfo24.com\\\/fr\\\/#\\\/schema\\\/logo\\\/image\\\/\",\"url\":\"https:\\\/\\\/loginfo24.com\\\/wp-content\\\/uploads\\\/sites\\\/7\\\/2026\\\/01\\\/Logo_LogInfo24.png\",\"contentUrl\":\"https:\\\/\\\/loginfo24.com\\\/wp-content\\\/uploads\\\/sites\\\/7\\\/2026\\\/01\\\/Logo_LogInfo24.png\",\"width\":938,\"height\":351,\"caption\":\"Groupe Logismedia AG\"},\"image\":{\"@id\":\"https:\\\/\\\/loginfo24.com\\\/fr\\\/#\\\/schema\\\/logo\\\/image\\\/\"},\"sameAs\":[\"https:\\\/\\\/www.facebook.com\\\/people\\\/Loginfo24\\\/100057360583332\\\/\",\"https:\\\/\\\/www.linkedin.com\\\/company\\\/lofinfo24\\\/\"]},{\"@type\":\"Person\",\"@id\":\"https:\\\/\\\/loginfo24.com\\\/fr\\\/#\\\/schema\\\/person\\\/7b1593b33567ba798d300c8a1b0b85b1\",\"name\":\"Andreas M\u00fcller\",\"url\":\"https:\\\/\\\/loginfo24.com\\\/fr\\\/author\\\/logismedia\\\/\"}]}<\/script>\n<!-- \/ Yoast SEO plugin. -->","yoast_head_json":{"title":"Le groupe MLP pr\u00e9voit le parc d&#8217;affaires de Munich - Loginfo24","robots":{"index":"index","follow":"follow","max-snippet":"max-snippet:-1","max-image-preview":"max-image-preview:large","max-video-preview":"max-video-preview:-1"},"canonical":"https:\/\/loginfo24.com\/fr\/2026\/04\/28\/le-groupe-mlp-prevoit-le-parc-daffaires-de-munich\/","og_locale":"fr_FR","og_type":"article","og_title":"Le groupe MLP pr\u00e9voit le parc d&#8217;affaires de Munich - Loginfo24","og_description":"Le groupe MLP pr\u00e9voit le parc d'affaires MLP de Munich, qui devrait ouvrir fin 2026 avec des concepts durables et une superficie totale de 42 800 m\u00b2.","og_url":"https:\/\/loginfo24.com\/fr\/2026\/04\/28\/le-groupe-mlp-prevoit-le-parc-daffaires-de-munich\/","og_site_name":"Loginfo24","article_publisher":"https:\/\/www.facebook.com\/people\/Loginfo24\/100057360583332\/","article_published_time":"2026-04-28T10:11:54+00:00","og_image":[{"width":1280,"height":720,"url":"https:\/\/loginfo24.com\/wp-content\/uploads\/sites\/7\/2026\/04\/mlp-projekt-mu-enchen-69f0781ed1eaa284270883.webp","type":"image\/webp"}],"author":"Andreas M\u00fcller","twitter_card":"summary_large_image","twitter_misc":{"\u00c9crit par":"Andreas M\u00fcller","Dur\u00e9e de lecture estim\u00e9e":"3 minutes"},"schema":{"@context":"https:\/\/schema.org","@graph":[{"@type":"Article","@id":"https:\/\/loginfo24.com\/fr\/2026\/04\/28\/le-groupe-mlp-prevoit-le-parc-daffaires-de-munich\/#article","isPartOf":{"@id":"https:\/\/loginfo24.com\/fr\/2026\/04\/28\/le-groupe-mlp-prevoit-le-parc-daffaires-de-munich\/"},"author":{"name":"Andreas M\u00fcller","@id":"https:\/\/loginfo24.com\/fr\/#\/schema\/person\/7b1593b33567ba798d300c8a1b0b85b1"},"headline":"Le groupe MLP pr\u00e9voit le parc d&rsquo;affaires de Munich","datePublished":"2026-04-28T10:11:54+00:00","mainEntityOfPage":{"@id":"https:\/\/loginfo24.com\/fr\/2026\/04\/28\/le-groupe-mlp-prevoit-le-parc-daffaires-de-munich\/"},"wordCount":590,"commentCount":0,"publisher":{"@id":"https:\/\/loginfo24.com\/fr\/#organization"},"image":{"@id":"https:\/\/loginfo24.com\/fr\/2026\/04\/28\/le-groupe-mlp-prevoit-le-parc-daffaires-de-munich\/#primaryimage"},"thumbnailUrl":"https:\/\/loginfo24.com\/wp-content\/uploads\/sites\/7\/2026\/04\/mlp-projekt-mu-enchen-69f0781ed1eaa284270883.webp","keywords":["A92 motorway","a\u00e9roport de Munich","agent immobilier","Autobahn A92","autoroute A92","Business Park M\u00fcnchen","classe de danger pour l'eau WGK 3","connexion S-Bahn","Deutsch MLP Group","DGNB Gold standard","entreprises pharmaceutiques","entreprises technologiques","espaces d'entreposage","espaces locatifs","fl\u00e4cheneffiziente L\u00f6sungen","Flughafen M\u00fcnchen","heat pumps","Immobilienmakler English MLP Group","immobilier commercial urbain","Lagerfl\u00e4chen","logistics service providers","Logistikdienstleister","Mietfl\u00e4chen","Multi-User-Park","Munich airport","Munich Business Park","nachhaltige Bauprojekte","Neufahrn bei Freising","Neufahrn near Freising","Neufahrn pr\u00e8s de Freising","norme DGNB or","parc d'affaires de Munich","parc multi-utilisateurs","pharmaceutical companies","Pharmaunternehmen","photovoltaic systems","Photovoltaikanlage","pompes \u00e0 chaleur","prestataires de services logistiques","projets de construction durables","real estate broker Fran\u00e7ais MLP Group","rental spaces","S-Bahn connection","S-Bahnanschluss","solutions \u00e9conomes en espace","space-efficient solutions","sustainable construction projects","syst\u00e8mes photovolta\u00efques","Technologieunternehmen","technology companies","urban commercial real estate","urbanes Gewerbe","warehouse spaces","W\u00e4rmepumpen","Wassergef\u00e4hrdungsklasse WGK 3","water hazard class WGK 3"],"inLanguage":"fr-FR","potentialAction":[{"@type":"CommentAction","name":"Comment","target":["https:\/\/loginfo24.com\/fr\/2026\/04\/28\/le-groupe-mlp-prevoit-le-parc-daffaires-de-munich\/#respond"]}]},{"@type":"WebPage","@id":"https:\/\/loginfo24.com\/fr\/2026\/04\/28\/le-groupe-mlp-prevoit-le-parc-daffaires-de-munich\/","url":"https:\/\/loginfo24.com\/fr\/2026\/04\/28\/le-groupe-mlp-prevoit-le-parc-daffaires-de-munich\/","name":"Le groupe MLP pr\u00e9voit le parc d&#8217;affaires de Munich - Loginfo24","isPartOf":{"@id":"https:\/\/loginfo24.com\/fr\/#website"},"primaryImageOfPage":{"@id":"https:\/\/loginfo24.com\/fr\/2026\/04\/28\/le-groupe-mlp-prevoit-le-parc-daffaires-de-munich\/#primaryimage"},"image":{"@id":"https:\/\/loginfo24.com\/fr\/2026\/04\/28\/le-groupe-mlp-prevoit-le-parc-daffaires-de-munich\/#primaryimage"},"thumbnailUrl":"https:\/\/loginfo24.com\/wp-content\/uploads\/sites\/7\/2026\/04\/mlp-projekt-mu-enchen-69f0781ed1eaa284270883.webp","datePublished":"2026-04-28T10:11:54+00:00","breadcrumb":{"@id":"https:\/\/loginfo24.com\/fr\/2026\/04\/28\/le-groupe-mlp-prevoit-le-parc-daffaires-de-munich\/#breadcrumb"},"inLanguage":"fr-FR","potentialAction":[{"@type":"ReadAction","target":["https:\/\/loginfo24.com\/fr\/2026\/04\/28\/le-groupe-mlp-prevoit-le-parc-daffaires-de-munich\/"]}]},{"@type":"ImageObject","inLanguage":"fr-FR","@id":"https:\/\/loginfo24.com\/fr\/2026\/04\/28\/le-groupe-mlp-prevoit-le-parc-daffaires-de-munich\/#primaryimage","url":"https:\/\/loginfo24.com\/wp-content\/uploads\/sites\/7\/2026\/04\/mlp-projekt-mu-enchen-69f0781ed1eaa284270883.webp","contentUrl":"https:\/\/loginfo24.com\/wp-content\/uploads\/sites\/7\/2026\/04\/mlp-projekt-mu-enchen-69f0781ed1eaa284270883.webp","width":1280,"height":720},{"@type":"BreadcrumbList","@id":"https:\/\/loginfo24.com\/fr\/2026\/04\/28\/le-groupe-mlp-prevoit-le-parc-daffaires-de-munich\/#breadcrumb","itemListElement":[{"@type":"ListItem","position":1,"name":"Startseite","item":"https:\/\/loginfo24.com\/fr\/"},{"@type":"ListItem","position":2,"name":"Le groupe MLP pr\u00e9voit le parc d&rsquo;affaires de Munich"}]},{"@type":"WebSite","@id":"https:\/\/loginfo24.com\/fr\/#website","url":"https:\/\/loginfo24.com\/fr\/","name":"Loginfo24","description":"Loginfo24 est la plateforme d\u00e9di\u00e9e \u00e0 la logistique et aux cha\u00eenes d&#039;approvisionnement qui fournit des informations 24 heures sur 24.","publisher":{"@id":"https:\/\/loginfo24.com\/fr\/#organization"},"potentialAction":[{"@type":"SearchAction","target":{"@type":"EntryPoint","urlTemplate":"https:\/\/loginfo24.com\/fr\/?s={search_term_string}"},"query-input":{"@type":"PropertyValueSpecification","valueRequired":true,"valueName":"search_term_string"}}],"inLanguage":"fr-FR"},{"@type":"Organization","@id":"https:\/\/loginfo24.com\/fr\/#organization","name":"Groupe Logismedia AG","url":"https:\/\/loginfo24.com\/fr\/","logo":{"@type":"ImageObject","inLanguage":"fr-FR","@id":"https:\/\/loginfo24.com\/fr\/#\/schema\/logo\/image\/","url":"https:\/\/loginfo24.com\/wp-content\/uploads\/sites\/7\/2026\/01\/Logo_LogInfo24.png","contentUrl":"https:\/\/loginfo24.com\/wp-content\/uploads\/sites\/7\/2026\/01\/Logo_LogInfo24.png","width":938,"height":351,"caption":"Groupe Logismedia AG"},"image":{"@id":"https:\/\/loginfo24.com\/fr\/#\/schema\/logo\/image\/"},"sameAs":["https:\/\/www.facebook.com\/people\/Loginfo24\/100057360583332\/","https:\/\/www.linkedin.com\/company\/lofinfo24\/"]},{"@type":"Person","@id":"https:\/\/loginfo24.com\/fr\/#\/schema\/person\/7b1593b33567ba798d300c8a1b0b85b1","name":"Andreas M\u00fcller","url":"https:\/\/loginfo24.com\/fr\/author\/logismedia\/"}]}},"_links":{"self":[{"href":"https:\/\/loginfo24.com\/fr\/wp-json\/wp\/v2\/posts\/79360","targetHints":{"allow":["GET"]}}],"collection":[{"href":"https:\/\/loginfo24.com\/fr\/wp-json\/wp\/v2\/posts"}],"about":[{"href":"https:\/\/loginfo24.com\/fr\/wp-json\/wp\/v2\/types\/post"}],"author":[{"embeddable":true,"href":"https:\/\/loginfo24.com\/fr\/wp-json\/wp\/v2\/users\/7"}],"replies":[{"embeddable":true,"href":"https:\/\/loginfo24.com\/fr\/wp-json\/wp\/v2\/comments?post=79360"}],"version-history":[{"count":0,"href":"https:\/\/loginfo24.com\/fr\/wp-json\/wp\/v2\/posts\/79360\/revisions"}],"wp:featuredmedia":[{"embeddable":true,"href":"https:\/\/loginfo24.com\/fr\/wp-json\/wp\/v2\/media\/79358"}],"wp:attachment":[{"href":"https:\/\/loginfo24.com\/fr\/wp-json\/wp\/v2\/media?parent=79360"}],"wp:term":[{"taxonomy":"category","embeddable":true,"href":"https:\/\/loginfo24.com\/fr\/wp-json\/wp\/v2\/categories?post=79360"},{"taxonomy":"post_tag","embeddable":true,"href":"https:\/\/loginfo24.com\/fr\/wp-json\/wp\/v2\/tags?post=79360"}],"curies":[{"name":"wp","href":"https:\/\/api.w.org\/{rel}","templated":true}]}}