{"id":79144,"date":"2026-04-24T07:43:31","date_gmt":"2026-04-24T07:43:31","guid":{"rendered":"https:\/\/loginfo24.com\/2026\/04\/24\/ladv-accueille-les-mesures-de-kerosene-de-lue\/"},"modified":"2026-04-24T09:55:01","modified_gmt":"2026-04-24T07:55:01","slug":"ladv-accueille-les-mesures-de-kerosene-de-lue","status":"publish","type":"post","link":"https:\/\/loginfo24.com\/fr\/2026\/04\/24\/ladv-accueille-les-mesures-de-kerosene-de-lue\/","title":{"rendered":"L&rsquo;ADV accueille les mesures de k\u00e9ros\u00e8ne de l&rsquo;UE"},"content":{"rendered":"<p>La Commission europ\u00e9enne a pr\u00e9sent\u00e9 le 22 avril 2026 \u00e0 Bruxelles le \u00ab Plan Accelerate EU \u00bb, qui vise \u00e0 renforcer la s\u00e9curit\u00e9 d&#8217;approvisionnement dans le secteur de l&#8217;\u00e9nergie tout en renfor\u00e7ant la r\u00e9silience de l&#8217;\u00e9conomie. La Commission a indiqu\u00e9 que le plan constitue une r\u00e9ponse \u00e0 la hausse des prix de l&#8217;\u00e9nergie et \u00e0 l&#8217;incertitude qui en d\u00e9coule pour les entreprises et les consommateurs. Le secteur a\u00e9rien est particuli\u00e8rement cibl\u00e9 par les nouvelles mesures.<\/p>\n<h3>ADV demande un soutien pour le secteur a\u00e9rien<\/h3>\n<p>L&#8217;association des a\u00e9roports ADV a salu\u00e9 l&#8217;initiative de la Commission europ\u00e9enne et souligne la n\u00e9cessit\u00e9 d&#8217;une approche coordonn\u00e9e pour surveiller l&#8217;approvisionnement en k\u00e9ros\u00e8ne, comme cela a \u00e9t\u00e9 communiqu\u00e9. Ralph Beisel, directeur g\u00e9n\u00e9ral de l&#8217;ADV, s&#8217;est exprim\u00e9 positivement sur les mesures pr\u00e9vues et a soulign\u00e9 qu&#8217;un syst\u00e8me europ\u00e9en de surveillance des stocks de carburant a\u00e9rien disponibles est n\u00e9cessaire : \u00ab Un syst\u00e8me europ\u00e9en coordonn\u00e9 pour surveiller les stocks de carburant a\u00e9rien disponibles est juste et n\u00e9cessaire \u2013 ce n&#8217;est pas de l&#8217;alarmisme, mais une expression de prudence commerciale \u00bb, a d\u00e9clar\u00e9 Beisel.<\/p>\n<p><a href=\"https:\/\/www.adv.aero\/\" target=\"_blank\" rel=\"noopener noreferrer\">www.adv.aero<\/a><\/p>\n","protected":false},"excerpt":{"rendered":"<p>La Commission europ\u00e9enne a pr\u00e9sent\u00e9 un plan pour s\u00e9curiser l&rsquo;approvisionnement en k\u00e9ros\u00e8ne, que l&rsquo;association des a\u00e9roports ADV accueille favorablement.<\/p>\n","protected":false},"author":10,"featured_media":79142,"comment_status":"open","ping_status":"","sticky":false,"template":"","format":"standard","meta":{"_acf_changed":false,"footnotes":""},"categories":[6671,6679,1583],"tags":[21717,5502,3214,3619,21718,3397,21719,21720,6518,4282,2309,21721,21722,19333,19197,21723,19334,19199,21724,21725,21726,21727,21728,21729,5513,3632,21730,21731,3418,2125,3643,21732,21733,21734,5523,3423,5525,3250,3252,21735,3725,4298,5531,21736,19346,21737,21738,21739,8547,21740,21741,3735,21742,19213,17717,21743,21744,21745],"class_list":["post-79144","post","type-post","status-publish","format-standard","has-post-thumbnail","hentry","category-allemagne","category-europa","category-transport-maritime-et-ports","tag-adv-airport-association","tag-air-traffic","tag-air-transport-market","tag-airport-infrastructure","tag-association-daeroports-adv","tag-aviation-industry","tag-commission-europeenne","tag-deutsch-kerosinversorgung","tag-digitalisierung-im-luftverkehr","tag-digitalization-in-aviation","tag-durabilite-dans-le-transport","tag-economic-resilience","tag-energiepolitik","tag-energiepreise","tag-energiewende","tag-energy-policy","tag-energy-prices","tag-energy-transition","tag-eu-commission","tag-eu-kerosene-measures","tag-eu-kerosinmassnahmen","tag-eu-kommission","tag-europaeisches-system","tag-european-system","tag-fachkraeftemangel-in-der-luftfahrt","tag-flughafeninfrastruktur","tag-flughafenverband-adv","tag-flugtreibstoffbestaende","tag-industrie-aeronautique","tag-industrie-du-transport","tag-infrastructure-aeroportuaire","tag-jet-fuel-stocks","tag-kerosene-prices","tag-kerosinpreise","tag-labor-shortage-in-aviation","tag-luftfahrtindustrie","tag-luftverkehr","tag-luftverkehrsmarkt","tag-marche-du-transport-aerien","tag-mesures-de-kerosene-de-lue","tag-nachhaltigkeit-im-transport","tag-numerisation-dans-laviation","tag-penurie-de-main-doeuvre-dans-laviation","tag-politique-energetique","tag-prix-de-lenergie","tag-prix-du-kerosene","tag-resilience-economique","tag-resilienz-der-wirtschaft","tag-securite-dapprovisionnement","tag-stocks-de-carburant-daviation","tag-supply-security","tag-sustainability-in-transport","tag-systeme-europeen","tag-transition-energetique","tag-transport-aerien","tag-transport-industry-francais-approvisionnement-en-kerosene","tag-transportwirtschaft-english-aviation-fuel-supply","tag-versorgungssicherheit"],"acf":[],"yoast_head":"<!-- This site is optimized with the Yoast SEO plugin v27.3 - https:\/\/yoast.com\/product\/yoast-seo-wordpress\/ -->\n<title>L&#8217;ADV accueille les mesures de k\u00e9ros\u00e8ne de l&#8217;UE - Loginfo24<\/title>\n<meta name=\"robots\" content=\"index, follow, max-snippet:-1, max-image-preview:large, max-video-preview:-1\" \/>\n<link rel=\"canonical\" href=\"https:\/\/loginfo24.com\/fr\/2026\/04\/24\/ladv-accueille-les-mesures-de-kerosene-de-lue\/\" \/>\n<meta property=\"og:locale\" content=\"fr_FR\" \/>\n<meta property=\"og:type\" content=\"article\" \/>\n<meta property=\"og:title\" content=\"L&#8217;ADV accueille les mesures de k\u00e9ros\u00e8ne de l&#8217;UE - Loginfo24\" \/>\n<meta property=\"og:description\" content=\"La Commission europ\u00e9enne a pr\u00e9sent\u00e9 un plan pour s\u00e9curiser l&#039;approvisionnement en k\u00e9ros\u00e8ne, que l&#039;association des a\u00e9roports ADV accueille favorablement.\" \/>\n<meta property=\"og:url\" content=\"https:\/\/loginfo24.com\/fr\/2026\/04\/24\/ladv-accueille-les-mesures-de-kerosene-de-lue\/\" \/>\n<meta property=\"og:site_name\" content=\"Loginfo24\" \/>\n<meta property=\"article:publisher\" content=\"https:\/\/www.facebook.com\/people\/Loginfo24\/100057360583332\/\" \/>\n<meta property=\"article:published_time\" content=\"2026-04-24T07:43:31+00:00\" \/>\n<meta property=\"article:modified_time\" content=\"2026-04-24T07:55:01+00:00\" \/>\n<meta property=\"og:image\" content=\"https:\/\/loginfo24.com\/wp-content\/uploads\/sites\/7\/2026\/04\/AdobeStock_178000133-scaled-aspect-ratio-1400-788-1-scaled-1.jpeg\" \/>\n\t<meta property=\"og:image:width\" content=\"2560\" \/>\n\t<meta property=\"og:image:height\" content=\"1440\" \/>\n\t<meta property=\"og:image:type\" content=\"image\/jpeg\" \/>\n<meta name=\"author\" content=\"Jeremy Soland\" \/>\n<meta name=\"twitter:card\" content=\"summary_large_image\" \/>\n<meta name=\"twitter:label1\" content=\"\u00c9crit par\" \/>\n\t<meta name=\"twitter:data1\" content=\"Jeremy Soland\" \/>\n\t<meta name=\"twitter:label2\" content=\"Dur\u00e9e de lecture estim\u00e9e\" \/>\n\t<meta name=\"twitter:data2\" content=\"1 minute\" \/>\n<script type=\"application\/ld+json\" class=\"yoast-schema-graph\">{\"@context\":\"https:\\\/\\\/schema.org\",\"@graph\":[{\"@type\":\"Article\",\"@id\":\"https:\\\/\\\/loginfo24.com\\\/fr\\\/2026\\\/04\\\/24\\\/ladv-accueille-les-mesures-de-kerosene-de-lue\\\/#article\",\"isPartOf\":{\"@id\":\"https:\\\/\\\/loginfo24.com\\\/fr\\\/2026\\\/04\\\/24\\\/ladv-accueille-les-mesures-de-kerosene-de-lue\\\/\"},\"author\":{\"name\":\"Jeremy Soland\",\"@id\":\"https:\\\/\\\/loginfo24.com\\\/fr\\\/#\\\/schema\\\/person\\\/41d36b5474b623392fa613e97e2363fa\"},\"headline\":\"L&rsquo;ADV accueille les mesures de k\u00e9ros\u00e8ne de l&rsquo;UE\",\"datePublished\":\"2026-04-24T07:43:31+00:00\",\"dateModified\":\"2026-04-24T07:55:01+00:00\",\"mainEntityOfPage\":{\"@id\":\"https:\\\/\\\/loginfo24.com\\\/fr\\\/2026\\\/04\\\/24\\\/ladv-accueille-les-mesures-de-kerosene-de-lue\\\/\"},\"wordCount\":219,\"commentCount\":0,\"publisher\":{\"@id\":\"https:\\\/\\\/loginfo24.com\\\/fr\\\/#organization\"},\"image\":{\"@id\":\"https:\\\/\\\/loginfo24.com\\\/fr\\\/2026\\\/04\\\/24\\\/ladv-accueille-les-mesures-de-kerosene-de-lue\\\/#primaryimage\"},\"thumbnailUrl\":\"https:\\\/\\\/loginfo24.com\\\/wp-content\\\/uploads\\\/sites\\\/7\\\/2026\\\/04\\\/AdobeStock_178000133-scaled-aspect-ratio-1400-788-1-scaled-1.jpeg\",\"keywords\":[\"ADV airport association\",\"air traffic\",\"air transport market\",\"airport infrastructure\",\"association d'a\u00e9roports ADV\",\"aviation industry\",\"Commission europ\u00e9enne\",\"Deutsch Kerosinversorgung\",\"Digitalisierung im Luftverkehr\",\"digitalization in aviation\",\"durabilit\u00e9 dans le transport\",\"economic resilience\",\"Energiepolitik\",\"Energiepreise\",\"Energiewende\",\"energy policy\",\"energy prices\",\"energy transition\",\"EU Commission\",\"EU kerosene measures\",\"EU-Kerosinmassnahmen\",\"EU-Kommission\",\"europ\u00e4isches System\",\"European system\",\"Fachkr\u00e4ftemangel in der Luftfahrt\",\"Flughafeninfrastruktur\",\"Flughafenverband ADV\",\"Flugtreibstoffbest\u00e4nde\",\"industrie a\u00e9ronautique\",\"industrie du transport\",\"infrastructure a\u00e9roportuaire\",\"jet fuel stocks\",\"kerosene prices\",\"Kerosinpreise\",\"labor shortage in aviation\",\"Luftfahrtindustrie\",\"Luftverkehr\",\"Luftverkehrsmarkt\",\"march\u00e9 du transport a\u00e9rien\",\"mesures de k\u00e9ros\u00e8ne de l'UE\",\"Nachhaltigkeit im Transport\",\"num\u00e9risation dans l'aviation\",\"p\u00e9nurie de main-d'\u0153uvre dans l'aviation\",\"politique \u00e9nerg\u00e9tique\",\"prix de l'\u00e9nergie\",\"prix du k\u00e9ros\u00e8ne\",\"r\u00e9silience \u00e9conomique\",\"Resilienz der Wirtschaft\",\"s\u00e9curit\u00e9 d'approvisionnement\",\"stocks de carburant d'aviation\",\"supply security\",\"sustainability in transport\",\"syst\u00e8me europ\u00e9en\",\"transition \u00e9nerg\u00e9tique\",\"transport a\u00e9rien\",\"transport industry Fran\u00e7ais Approvisionnement en k\u00e9ros\u00e8ne\",\"Transportwirtschaft English Aviation fuel supply\",\"Versorgungssicherheit\"],\"articleSection\":[\"Allemagne\",\"Europa\",\"Transport maritime et ports\"],\"inLanguage\":\"fr-FR\",\"potentialAction\":[{\"@type\":\"CommentAction\",\"name\":\"Comment\",\"target\":[\"https:\\\/\\\/loginfo24.com\\\/fr\\\/2026\\\/04\\\/24\\\/ladv-accueille-les-mesures-de-kerosene-de-lue\\\/#respond\"]}]},{\"@type\":\"WebPage\",\"@id\":\"https:\\\/\\\/loginfo24.com\\\/fr\\\/2026\\\/04\\\/24\\\/ladv-accueille-les-mesures-de-kerosene-de-lue\\\/\",\"url\":\"https:\\\/\\\/loginfo24.com\\\/fr\\\/2026\\\/04\\\/24\\\/ladv-accueille-les-mesures-de-kerosene-de-lue\\\/\",\"name\":\"L&#8217;ADV accueille les mesures de k\u00e9ros\u00e8ne de l&#8217;UE - Loginfo24\",\"isPartOf\":{\"@id\":\"https:\\\/\\\/loginfo24.com\\\/fr\\\/#website\"},\"primaryImageOfPage\":{\"@id\":\"https:\\\/\\\/loginfo24.com\\\/fr\\\/2026\\\/04\\\/24\\\/ladv-accueille-les-mesures-de-kerosene-de-lue\\\/#primaryimage\"},\"image\":{\"@id\":\"https:\\\/\\\/loginfo24.com\\\/fr\\\/2026\\\/04\\\/24\\\/ladv-accueille-les-mesures-de-kerosene-de-lue\\\/#primaryimage\"},\"thumbnailUrl\":\"https:\\\/\\\/loginfo24.com\\\/wp-content\\\/uploads\\\/sites\\\/7\\\/2026\\\/04\\\/AdobeStock_178000133-scaled-aspect-ratio-1400-788-1-scaled-1.jpeg\",\"datePublished\":\"2026-04-24T07:43:31+00:00\",\"dateModified\":\"2026-04-24T07:55:01+00:00\",\"breadcrumb\":{\"@id\":\"https:\\\/\\\/loginfo24.com\\\/fr\\\/2026\\\/04\\\/24\\\/ladv-accueille-les-mesures-de-kerosene-de-lue\\\/#breadcrumb\"},\"inLanguage\":\"fr-FR\",\"potentialAction\":[{\"@type\":\"ReadAction\",\"target\":[\"https:\\\/\\\/loginfo24.com\\\/fr\\\/2026\\\/04\\\/24\\\/ladv-accueille-les-mesures-de-kerosene-de-lue\\\/\"]}]},{\"@type\":\"ImageObject\",\"inLanguage\":\"fr-FR\",\"@id\":\"https:\\\/\\\/loginfo24.com\\\/fr\\\/2026\\\/04\\\/24\\\/ladv-accueille-les-mesures-de-kerosene-de-lue\\\/#primaryimage\",\"url\":\"https:\\\/\\\/loginfo24.com\\\/wp-content\\\/uploads\\\/sites\\\/7\\\/2026\\\/04\\\/AdobeStock_178000133-scaled-aspect-ratio-1400-788-1-scaled-1.jpeg\",\"contentUrl\":\"https:\\\/\\\/loginfo24.com\\\/wp-content\\\/uploads\\\/sites\\\/7\\\/2026\\\/04\\\/AdobeStock_178000133-scaled-aspect-ratio-1400-788-1-scaled-1.jpeg\",\"width\":2560,\"height\":1440},{\"@type\":\"BreadcrumbList\",\"@id\":\"https:\\\/\\\/loginfo24.com\\\/fr\\\/2026\\\/04\\\/24\\\/ladv-accueille-les-mesures-de-kerosene-de-lue\\\/#breadcrumb\",\"itemListElement\":[{\"@type\":\"ListItem\",\"position\":1,\"name\":\"Startseite\",\"item\":\"https:\\\/\\\/loginfo24.com\\\/fr\\\/\"},{\"@type\":\"ListItem\",\"position\":2,\"name\":\"L&rsquo;ADV accueille les mesures de k\u00e9ros\u00e8ne de l&rsquo;UE\"}]},{\"@type\":\"WebSite\",\"@id\":\"https:\\\/\\\/loginfo24.com\\\/fr\\\/#website\",\"url\":\"https:\\\/\\\/loginfo24.com\\\/fr\\\/\",\"name\":\"Loginfo24\",\"description\":\"Loginfo24 est la plateforme d\u00e9di\u00e9e \u00e0 la logistique et aux cha\u00eenes d&#039;approvisionnement qui fournit des informations 24 heures sur 24.\",\"publisher\":{\"@id\":\"https:\\\/\\\/loginfo24.com\\\/fr\\\/#organization\"},\"potentialAction\":[{\"@type\":\"SearchAction\",\"target\":{\"@type\":\"EntryPoint\",\"urlTemplate\":\"https:\\\/\\\/loginfo24.com\\\/fr\\\/?s={search_term_string}\"},\"query-input\":{\"@type\":\"PropertyValueSpecification\",\"valueRequired\":true,\"valueName\":\"search_term_string\"}}],\"inLanguage\":\"fr-FR\"},{\"@type\":\"Organization\",\"@id\":\"https:\\\/\\\/loginfo24.com\\\/fr\\\/#organization\",\"name\":\"Groupe Logismedia AG\",\"url\":\"https:\\\/\\\/loginfo24.com\\\/fr\\\/\",\"logo\":{\"@type\":\"ImageObject\",\"inLanguage\":\"fr-FR\",\"@id\":\"https:\\\/\\\/loginfo24.com\\\/fr\\\/#\\\/schema\\\/logo\\\/image\\\/\",\"url\":\"https:\\\/\\\/loginfo24.com\\\/wp-content\\\/uploads\\\/sites\\\/7\\\/2026\\\/01\\\/Logo_LogInfo24.png\",\"contentUrl\":\"https:\\\/\\\/loginfo24.com\\\/wp-content\\\/uploads\\\/sites\\\/7\\\/2026\\\/01\\\/Logo_LogInfo24.png\",\"width\":938,\"height\":351,\"caption\":\"Groupe Logismedia AG\"},\"image\":{\"@id\":\"https:\\\/\\\/loginfo24.com\\\/fr\\\/#\\\/schema\\\/logo\\\/image\\\/\"},\"sameAs\":[\"https:\\\/\\\/www.facebook.com\\\/people\\\/Loginfo24\\\/100057360583332\\\/\",\"https:\\\/\\\/www.linkedin.com\\\/company\\\/lofinfo24\\\/\"]},{\"@type\":\"Person\",\"@id\":\"https:\\\/\\\/loginfo24.com\\\/fr\\\/#\\\/schema\\\/person\\\/41d36b5474b623392fa613e97e2363fa\",\"name\":\"Jeremy Soland\",\"url\":\"https:\\\/\\\/loginfo24.com\\\/fr\\\/author\\\/jeremy\\\/\"}]}<\/script>\n<!-- \/ Yoast SEO plugin. -->","yoast_head_json":{"title":"L&#8217;ADV accueille les mesures de k\u00e9ros\u00e8ne de l&#8217;UE - Loginfo24","robots":{"index":"index","follow":"follow","max-snippet":"max-snippet:-1","max-image-preview":"max-image-preview:large","max-video-preview":"max-video-preview:-1"},"canonical":"https:\/\/loginfo24.com\/fr\/2026\/04\/24\/ladv-accueille-les-mesures-de-kerosene-de-lue\/","og_locale":"fr_FR","og_type":"article","og_title":"L&#8217;ADV accueille les mesures de k\u00e9ros\u00e8ne de l&#8217;UE - Loginfo24","og_description":"La Commission europ\u00e9enne a pr\u00e9sent\u00e9 un plan pour s\u00e9curiser l'approvisionnement en k\u00e9ros\u00e8ne, que l'association des a\u00e9roports ADV accueille favorablement.","og_url":"https:\/\/loginfo24.com\/fr\/2026\/04\/24\/ladv-accueille-les-mesures-de-kerosene-de-lue\/","og_site_name":"Loginfo24","article_publisher":"https:\/\/www.facebook.com\/people\/Loginfo24\/100057360583332\/","article_published_time":"2026-04-24T07:43:31+00:00","article_modified_time":"2026-04-24T07:55:01+00:00","og_image":[{"width":2560,"height":1440,"url":"https:\/\/loginfo24.com\/wp-content\/uploads\/sites\/7\/2026\/04\/AdobeStock_178000133-scaled-aspect-ratio-1400-788-1-scaled-1.jpeg","type":"image\/jpeg"}],"author":"Jeremy Soland","twitter_card":"summary_large_image","twitter_misc":{"\u00c9crit par":"Jeremy Soland","Dur\u00e9e de lecture estim\u00e9e":"1 minute"},"schema":{"@context":"https:\/\/schema.org","@graph":[{"@type":"Article","@id":"https:\/\/loginfo24.com\/fr\/2026\/04\/24\/ladv-accueille-les-mesures-de-kerosene-de-lue\/#article","isPartOf":{"@id":"https:\/\/loginfo24.com\/fr\/2026\/04\/24\/ladv-accueille-les-mesures-de-kerosene-de-lue\/"},"author":{"name":"Jeremy Soland","@id":"https:\/\/loginfo24.com\/fr\/#\/schema\/person\/41d36b5474b623392fa613e97e2363fa"},"headline":"L&rsquo;ADV accueille les mesures de k\u00e9ros\u00e8ne de l&rsquo;UE","datePublished":"2026-04-24T07:43:31+00:00","dateModified":"2026-04-24T07:55:01+00:00","mainEntityOfPage":{"@id":"https:\/\/loginfo24.com\/fr\/2026\/04\/24\/ladv-accueille-les-mesures-de-kerosene-de-lue\/"},"wordCount":219,"commentCount":0,"publisher":{"@id":"https:\/\/loginfo24.com\/fr\/#organization"},"image":{"@id":"https:\/\/loginfo24.com\/fr\/2026\/04\/24\/ladv-accueille-les-mesures-de-kerosene-de-lue\/#primaryimage"},"thumbnailUrl":"https:\/\/loginfo24.com\/wp-content\/uploads\/sites\/7\/2026\/04\/AdobeStock_178000133-scaled-aspect-ratio-1400-788-1-scaled-1.jpeg","keywords":["ADV airport association","air traffic","air transport market","airport infrastructure","association d'a\u00e9roports ADV","aviation industry","Commission europ\u00e9enne","Deutsch Kerosinversorgung","Digitalisierung im Luftverkehr","digitalization in aviation","durabilit\u00e9 dans le transport","economic resilience","Energiepolitik","Energiepreise","Energiewende","energy policy","energy prices","energy transition","EU Commission","EU kerosene measures","EU-Kerosinmassnahmen","EU-Kommission","europ\u00e4isches System","European system","Fachkr\u00e4ftemangel in der Luftfahrt","Flughafeninfrastruktur","Flughafenverband ADV","Flugtreibstoffbest\u00e4nde","industrie a\u00e9ronautique","industrie du transport","infrastructure a\u00e9roportuaire","jet fuel stocks","kerosene prices","Kerosinpreise","labor shortage in aviation","Luftfahrtindustrie","Luftverkehr","Luftverkehrsmarkt","march\u00e9 du transport a\u00e9rien","mesures de k\u00e9ros\u00e8ne de l'UE","Nachhaltigkeit im Transport","num\u00e9risation dans l'aviation","p\u00e9nurie de main-d'\u0153uvre dans l'aviation","politique \u00e9nerg\u00e9tique","prix de l'\u00e9nergie","prix du k\u00e9ros\u00e8ne","r\u00e9silience \u00e9conomique","Resilienz der Wirtschaft","s\u00e9curit\u00e9 d'approvisionnement","stocks de carburant d'aviation","supply security","sustainability in transport","syst\u00e8me europ\u00e9en","transition \u00e9nerg\u00e9tique","transport a\u00e9rien","transport industry Fran\u00e7ais Approvisionnement en k\u00e9ros\u00e8ne","Transportwirtschaft English Aviation fuel supply","Versorgungssicherheit"],"articleSection":["Allemagne","Europa","Transport maritime et ports"],"inLanguage":"fr-FR","potentialAction":[{"@type":"CommentAction","name":"Comment","target":["https:\/\/loginfo24.com\/fr\/2026\/04\/24\/ladv-accueille-les-mesures-de-kerosene-de-lue\/#respond"]}]},{"@type":"WebPage","@id":"https:\/\/loginfo24.com\/fr\/2026\/04\/24\/ladv-accueille-les-mesures-de-kerosene-de-lue\/","url":"https:\/\/loginfo24.com\/fr\/2026\/04\/24\/ladv-accueille-les-mesures-de-kerosene-de-lue\/","name":"L&#8217;ADV accueille les mesures de k\u00e9ros\u00e8ne de l&#8217;UE - Loginfo24","isPartOf":{"@id":"https:\/\/loginfo24.com\/fr\/#website"},"primaryImageOfPage":{"@id":"https:\/\/loginfo24.com\/fr\/2026\/04\/24\/ladv-accueille-les-mesures-de-kerosene-de-lue\/#primaryimage"},"image":{"@id":"https:\/\/loginfo24.com\/fr\/2026\/04\/24\/ladv-accueille-les-mesures-de-kerosene-de-lue\/#primaryimage"},"thumbnailUrl":"https:\/\/loginfo24.com\/wp-content\/uploads\/sites\/7\/2026\/04\/AdobeStock_178000133-scaled-aspect-ratio-1400-788-1-scaled-1.jpeg","datePublished":"2026-04-24T07:43:31+00:00","dateModified":"2026-04-24T07:55:01+00:00","breadcrumb":{"@id":"https:\/\/loginfo24.com\/fr\/2026\/04\/24\/ladv-accueille-les-mesures-de-kerosene-de-lue\/#breadcrumb"},"inLanguage":"fr-FR","potentialAction":[{"@type":"ReadAction","target":["https:\/\/loginfo24.com\/fr\/2026\/04\/24\/ladv-accueille-les-mesures-de-kerosene-de-lue\/"]}]},{"@type":"ImageObject","inLanguage":"fr-FR","@id":"https:\/\/loginfo24.com\/fr\/2026\/04\/24\/ladv-accueille-les-mesures-de-kerosene-de-lue\/#primaryimage","url":"https:\/\/loginfo24.com\/wp-content\/uploads\/sites\/7\/2026\/04\/AdobeStock_178000133-scaled-aspect-ratio-1400-788-1-scaled-1.jpeg","contentUrl":"https:\/\/loginfo24.com\/wp-content\/uploads\/sites\/7\/2026\/04\/AdobeStock_178000133-scaled-aspect-ratio-1400-788-1-scaled-1.jpeg","width":2560,"height":1440},{"@type":"BreadcrumbList","@id":"https:\/\/loginfo24.com\/fr\/2026\/04\/24\/ladv-accueille-les-mesures-de-kerosene-de-lue\/#breadcrumb","itemListElement":[{"@type":"ListItem","position":1,"name":"Startseite","item":"https:\/\/loginfo24.com\/fr\/"},{"@type":"ListItem","position":2,"name":"L&rsquo;ADV accueille les mesures de k\u00e9ros\u00e8ne de l&rsquo;UE"}]},{"@type":"WebSite","@id":"https:\/\/loginfo24.com\/fr\/#website","url":"https:\/\/loginfo24.com\/fr\/","name":"Loginfo24","description":"Loginfo24 est la plateforme d\u00e9di\u00e9e \u00e0 la logistique et aux cha\u00eenes d&#039;approvisionnement qui fournit des informations 24 heures sur 24.","publisher":{"@id":"https:\/\/loginfo24.com\/fr\/#organization"},"potentialAction":[{"@type":"SearchAction","target":{"@type":"EntryPoint","urlTemplate":"https:\/\/loginfo24.com\/fr\/?s={search_term_string}"},"query-input":{"@type":"PropertyValueSpecification","valueRequired":true,"valueName":"search_term_string"}}],"inLanguage":"fr-FR"},{"@type":"Organization","@id":"https:\/\/loginfo24.com\/fr\/#organization","name":"Groupe Logismedia AG","url":"https:\/\/loginfo24.com\/fr\/","logo":{"@type":"ImageObject","inLanguage":"fr-FR","@id":"https:\/\/loginfo24.com\/fr\/#\/schema\/logo\/image\/","url":"https:\/\/loginfo24.com\/wp-content\/uploads\/sites\/7\/2026\/01\/Logo_LogInfo24.png","contentUrl":"https:\/\/loginfo24.com\/wp-content\/uploads\/sites\/7\/2026\/01\/Logo_LogInfo24.png","width":938,"height":351,"caption":"Groupe Logismedia AG"},"image":{"@id":"https:\/\/loginfo24.com\/fr\/#\/schema\/logo\/image\/"},"sameAs":["https:\/\/www.facebook.com\/people\/Loginfo24\/100057360583332\/","https:\/\/www.linkedin.com\/company\/lofinfo24\/"]},{"@type":"Person","@id":"https:\/\/loginfo24.com\/fr\/#\/schema\/person\/41d36b5474b623392fa613e97e2363fa","name":"Jeremy Soland","url":"https:\/\/loginfo24.com\/fr\/author\/jeremy\/"}]}},"_links":{"self":[{"href":"https:\/\/loginfo24.com\/fr\/wp-json\/wp\/v2\/posts\/79144","targetHints":{"allow":["GET"]}}],"collection":[{"href":"https:\/\/loginfo24.com\/fr\/wp-json\/wp\/v2\/posts"}],"about":[{"href":"https:\/\/loginfo24.com\/fr\/wp-json\/wp\/v2\/types\/post"}],"author":[{"embeddable":true,"href":"https:\/\/loginfo24.com\/fr\/wp-json\/wp\/v2\/users\/10"}],"replies":[{"embeddable":true,"href":"https:\/\/loginfo24.com\/fr\/wp-json\/wp\/v2\/comments?post=79144"}],"version-history":[{"count":2,"href":"https:\/\/loginfo24.com\/fr\/wp-json\/wp\/v2\/posts\/79144\/revisions"}],"predecessor-version":[{"id":79159,"href":"https:\/\/loginfo24.com\/fr\/wp-json\/wp\/v2\/posts\/79144\/revisions\/79159"}],"wp:featuredmedia":[{"embeddable":true,"href":"https:\/\/loginfo24.com\/fr\/wp-json\/wp\/v2\/media\/79142"}],"wp:attachment":[{"href":"https:\/\/loginfo24.com\/fr\/wp-json\/wp\/v2\/media?parent=79144"}],"wp:term":[{"taxonomy":"category","embeddable":true,"href":"https:\/\/loginfo24.com\/fr\/wp-json\/wp\/v2\/categories?post=79144"},{"taxonomy":"post_tag","embeddable":true,"href":"https:\/\/loginfo24.com\/fr\/wp-json\/wp\/v2\/tags?post=79144"}],"curies":[{"name":"wp","href":"https:\/\/api.w.org\/{rel}","templated":true}]}}