{"id":76550,"date":"2026-03-12T12:45:13","date_gmt":"2026-03-12T12:45:13","guid":{"rendered":"https:\/\/loginfo24.com\/2026\/03\/12\/post-autrichienne-avec-une-baisse-de-chiffre-daffaires-en-2025\/"},"modified":"2026-03-12T12:45:13","modified_gmt":"2026-03-12T12:45:13","slug":"post-autrichienne-avec-une-baisse-de-chiffre-daffaires-en-2025","status":"publish","type":"post","link":"https:\/\/loginfo24.com\/fr\/2026\/03\/12\/post-autrichienne-avec-une-baisse-de-chiffre-daffaires-en-2025\/","title":{"rendered":"Post autrichienne avec une baisse de chiffre d&rsquo;affaires en 2025"},"content":{"rendered":"<p>Les tendances structurelles du march\u00e9 international des lettres et des colis se poursuivent \u00e9galement en 2025. Selon la Poste autrichienne, la num\u00e9risation et la pression sur les co\u00fbts ont entra\u00een\u00e9 une diminution des volumes de lettres et de publicit\u00e9s tant chez les clients priv\u00e9s que publics. En revanche, le march\u00e9 des colis reste marqu\u00e9 par une concurrence intense. Dans ce contexte, la Poste autrichienne a \u00e9largi son offre de services. En Autriche, les services sont disponibles dans pr\u00e8s de 3 000 bureaux de poste, tandis qu&#8217;\u00e0 l&#8217;international, environ 14 400 points de vente hors domicile s&#8217;ajoutent. De plus, l&#8217;entreprise pr\u00e9voit de lancer sa propre marque de t\u00e9l\u00e9phonie mobile, YELLLOW, en avril 2026. Dans le secteur international des colis, d&#8217;autres \u00e9tapes ont \u00e9t\u00e9 franchies gr\u00e2ce \u00e0 deux acquisitions, dont un prestataire de services de colis en Hongrie et un prestataire de services de commerce \u00e9lectronique en CEE\/SEE.<\/p>\n<p>Walter Oblin, directeur g\u00e9n\u00e9ral de la Poste autrichienne, a comment\u00e9 l&#8217;\u00e9volution op\u00e9rationnelle de l&#8217;entreprise : \u00ab Malgr\u00e9 un environnement de march\u00e9 difficile et les effets exceptionnels positifs de l&#8217;ann\u00e9e pr\u00e9c\u00e9dente, la Poste autrichienne a montr\u00e9 en 2025 une solide \u00e9volution op\u00e9rationnelle. \u00bb Il a soulign\u00e9 que la Poste a r\u00e9ussi \u00e0 maintenir sa position de leader sur le march\u00e9 des colis pour les clients priv\u00e9s avec une part de 63 %.<\/p>\n<h3>\u00c9volution du chiffre d&#8217;affaires et des r\u00e9sultats<\/h3>\n<p>En 2025, la Poste autrichienne a enregistr\u00e9 des revenus de 3 043,3 millions d&#8217;euros, ce qui repr\u00e9sente une baisse de 2,6 % par rapport \u00e0 2024, mais une augmentation de 11,0 % par rapport \u00e0 2023. Dans la division Lettres &amp; Publicit\u00e9, le chiffre d&#8217;affaires a diminu\u00e9 de 6,8 % par rapport \u00e0 2024 et de 3,0 % par rapport \u00e0 2023. Cette baisse est due \u00e0 la substitution \u00e9lectronique et \u00e0 l&#8217;absence d&#8217;effets exceptionnels positifs de l&#8217;ann\u00e9e pr\u00e9c\u00e9dente. De plus, un climat d&#8217;investissement prudent et des d\u00e9penses publicitaires r\u00e9duites des entreprises sont \u00e0 constater.<\/p>\n<p>Dans la division Colis &amp; Logistique, les revenus ont augment\u00e9 de 1,2 % par rapport \u00e0 l&#8217;ann\u00e9e pr\u00e9c\u00e9dente et de 21,4 % par rapport \u00e0 2023. En Autriche, les revenus ont \u00e9volu\u00e9 positivement avec une augmentation de 5,8 %. En revanche, dans la r\u00e9gion d&#8217;Europe du Sud-Est et de l&#8217;Est, il y a eu une baisse, notamment en Turquie, o\u00f9 une forte inflation et des \u00e9volutions des taux de change ont fortement influenc\u00e9 les affaires.<\/p>\n<p>L&#8217;EBITDA a diminu\u00e9 de 2,2 % par rapport \u00e0 l&#8217;ann\u00e9e pr\u00e9c\u00e9dente pour atteindre 413,3 millions d&#8217;euros, tandis que le r\u00e9sultat avant int\u00e9r\u00eats et imp\u00f4ts (EBIT) a baiss\u00e9 de 5,0 % pour s&#8217;\u00e9tablir \u00e0 196,9 millions d&#8217;euros. Cependant, ces deux indicateurs restent sup\u00e9rieurs aux valeurs de 2023. Une baisse dans le secteur des lettres et une rentabilit\u00e9 r\u00e9duite en Europe du Sud-Est et de l&#8217;Est sont contrebalanc\u00e9es par une am\u00e9lioration des r\u00e9sultats dans la division Agence &amp; Banque. La bank99, fond\u00e9e en 2020, a contribu\u00e9 positivement au r\u00e9sultat global avec environ 300 000 clients en Autriche.<\/p>\n<p>Le r\u00e9sultat net pour 2025 s&#8217;\u00e9l\u00e8ve \u00e0 134,0 millions d&#8217;euros, ce qui repr\u00e9sente une baisse de 8,1 %. La proposition pour l&#8217;assembl\u00e9e g\u00e9n\u00e9rale du 15 avril 2026 pr\u00e9voit un dividende de 1,83 EUR par action, ce qui correspond \u00e0 un rendement de 5,9 % par rapport au cours de cl\u00f4ture du 31 d\u00e9cembre 2025.<\/p>\n<h3>Perspectives pour 2026<\/h3>\n<p>La Poste autrichienne s&#8217;attend \u00e0 ce que les tendances de base difficiles des march\u00e9s internationaux des lettres et des colis se poursuivent \u00e9galement en 2026. Pour l&#8217;ann\u00e9e en cours, une l\u00e9g\u00e8re augmentation du chiffre d&#8217;affaires est pr\u00e9vue, tandis que des augmentations de co\u00fbts li\u00e9es \u00e0 l&#8217;inflation sont toujours \u00e0 attendre. Pour s\u00e9curiser le niveau des r\u00e9sultats, des initiatives compl\u00e8tes sont mises en \u0153uvre. La Poste vise une \u00e9volution des r\u00e9sultats largement stable, soutenue par la bank99 et le passage \u00e0 sa propre marque de t\u00e9l\u00e9phonie mobile YELLLOW.<\/p>\n<p>Walter Oblin a soulign\u00e9 l&#8217;importance des employ\u00e9s pour la qualit\u00e9 des services : \u00ab La qualit\u00e9 exceptionnelle que nous offrons est principalement due \u00e0 nos employ\u00e9s, qui travaillent chaque jour avec un grand engagement et professionnalisme. Nous leur adressons nos remerciements particuliers. \u00bb<\/p>\n<h3><strong>Faits en un coup d&#8217;\u0153il <\/strong>(au 31 mars 2026)<\/h3>\n<ul>\n<li>Chiffre d&#8217;affaires 2025 : 3 043,3\u202fMio\u202fEUR (\u20132,6\u202f% par rapport \u00e0 2024 \/ +11,0\u202f% par rapport \u00e0 2023).<\/li>\n<li>R\u00e9sultat : EBITDA 413,3\u202fMio\u202fEUR (\u20132,2\u202f%), EBIT 196,9\u202fMio\u202fEUR (\u20135,0\u202f%), r\u00e9sultat net 134\u202fMio\u202fEUR (\u20138,1\u202f%), r\u00e9sultat par action 1,96\u202fEUR.<\/li>\n<li>Segments : Lettres &amp; Publicit\u00e9 1 155,2\u202fMio\u202fEUR (\u20136,8\u202f% \/ \u20133,0\u202f%); Colis &amp; Logistique 1 719,9\u202fMio\u202fEUR (+1,2\u202f% ajust\u00e9 \/ +21,4\u202f%); Agence &amp; Banque 183,8\u202fMio\u202fEUR (\u20138,8\u202f% \/ +9,0\u202f%).<\/li>\n<li>Cashflow\/Bilan : Cashflow op\u00e9rationnel libre 280,1\u202fMio\u202fEUR (+10,3\u202f%), capitaux propres 767,6\u202fMio\u202fEUR (+0,8\u202f%).<\/li>\n<li>Dividende : Proposition 1,83\u202fEUR par action (rendement 5,9\u202f%).<\/li>\n<li>Environnement de march\u00e9 : Baisse des volumes de lettres, march\u00e9s des colis h\u00e9t\u00e9rog\u00e8nes, inflation, effets des taux de change ; part de march\u00e9 des colis de 63\u202f% en Autriche.<\/li>\n<li>Strat\u00e9gie\/Transactions : Pr\u00e9paration de la marque de t\u00e9l\u00e9phonie mobile YELLLOW \u00e0 partir d&#8217;avril 2026 ; deux acquisitions dans le secteur international des colis.<\/li>\n<li>Perspectives 2026 : L\u00e9g\u00e8re augmentation du chiffre d&#8217;affaires, \u00e9volution stable des r\u00e9sultats, premier semestre plus faible et second semestre plus fort attendu.<\/li>\n<\/ul>\n<p><a href=\"http:\/\/www.post.at\" rel=\"noopener noreferrer\">www.post.at<\/a><\/p>\n","protected":false},"excerpt":{"rendered":"<p>La Post autrichienne pr\u00e9voit une l\u00e9g\u00e8re augmentation de son chiffre d&rsquo;affaires en 2026 et pr\u00e9voit des initiatives compl\u00e8tes pour stabiliser les r\u00e9sultats dans un environnement de march\u00e9 difficile.<\/p>\n","protected":false},"author":7,"featured_media":76548,"comment_status":"open","ping_status":"","sticky":false,"template":"","format":"standard","meta":{"_acf_changed":false,"footnotes":""},"categories":[6672,6679,1580],"tags":[14023,14024,14025,14026,14027,14028,14029,14030,14031,14032,3950,14033,2115,4521,14034,6877,14035,14036,14037,14038,14039,14040,14041,14042,14043,14044,14045,14046,14047,14048,14049,14050,12284,6737,14051,14052,14053,14054,14055,14056,14057,3157,14058,14059,3756,3757,14060,14061,14062,14063,14064,14065,14066,12108,14067,6752,6754,12114],"class_list":["post-76550","post","type-post","status-publish","format-standard","has-post-thumbnail","hentry","category-autriche","category-europa","category-intermodal-route","tag-acquisitions-internationales","tag-baisse-de-lebit","tag-baisse-des-revenus-2025","tag-bank99-austria","tag-bank99-autriche","tag-bank99-oesterreich","tag-brief-und-paketmarkt","tag-brief-und-werbepost","tag-cost-pressure-in-shipping","tag-courrier-et-publicite","tag-deutsch-oesterreichische-post","tag-developpement-de-lebitda","tag-digitalisierung-in-der-logistik","tag-digitization-in-logistics","tag-e-commerce-service-providers","tag-e-commerce-dienstleister","tag-earnings-forecast-2026","tag-ebit-decline","tag-ebit-rueckgang","tag-ebitda-development","tag-ebitda-entwicklung","tag-emplacements-hors-domicile","tag-employee-quality-in-logistics-francais-poste-autrichienne","tag-ergebnisprognose-2026","tag-inflation-en-turquie","tag-inflation-in-der-tuerkei","tag-inflation-in-turkey","tag-international-acquisitions","tag-internationale-akquisitionen","tag-kostendruck-im-versand","tag-letter-and-advertising-mail","tag-letter-and-parcel-market","tag-logistique-des-colis","tag-logistique-en-europe-du-sud-est","tag-marche-des-lettres-et-des-colis","tag-market-share-parcel-market","tag-marktanteil-paketmarkt","tag-marque-mobile-yelllow","tag-mitarbeiterqualitaet-in-der-logistik-english-austrian-post","tag-mobile-brand-yelllow","tag-mobilfunkmarke-yelllow","tag-numerisation-dans-la-logistique","tag-out-of-home-locations","tag-out-of-home-standorte","tag-paketlogistik","tag-parcel-logistics","tag-part-de-marche-du-marche-des-colis","tag-postal-services-austria","tag-postdienstleistungen-oesterreich","tag-pression-sur-les-couts-dexpedition","tag-prestataires-de-services-e-commerce","tag-previsions-de-resultats-2026","tag-qualite-des-employes-dans-la-logistique","tag-revenue-decline-2025","tag-services-postaux-autriche","tag-southeast-europe-logistics","tag-suedosteuropa-logistik","tag-umsatzrueckgang-2025"],"acf":[],"yoast_head":"<!-- This site is optimized with the Yoast SEO plugin v27.3 - https:\/\/yoast.com\/product\/yoast-seo-wordpress\/ -->\n<title>Post autrichienne avec une baisse de chiffre d&#8217;affaires en 2025 - Loginfo24<\/title>\n<meta name=\"robots\" content=\"index, follow, max-snippet:-1, max-image-preview:large, max-video-preview:-1\" \/>\n<link rel=\"canonical\" href=\"https:\/\/loginfo24.com\/fr\/2026\/03\/12\/post-autrichienne-avec-une-baisse-de-chiffre-daffaires-en-2025\/\" \/>\n<meta property=\"og:locale\" content=\"fr_FR\" \/>\n<meta property=\"og:type\" content=\"article\" \/>\n<meta property=\"og:title\" content=\"Post autrichienne avec une baisse de chiffre d&#8217;affaires en 2025 - Loginfo24\" \/>\n<meta property=\"og:description\" content=\"La Post autrichienne pr\u00e9voit une l\u00e9g\u00e8re augmentation de son chiffre d&#039;affaires en 2026 et pr\u00e9voit des initiatives compl\u00e8tes pour stabiliser les r\u00e9sultats dans un environnement de march\u00e9 difficile.\" \/>\n<meta property=\"og:url\" content=\"https:\/\/loginfo24.com\/fr\/2026\/03\/12\/post-autrichienne-avec-une-baisse-de-chiffre-daffaires-en-2025\/\" \/>\n<meta property=\"og:site_name\" content=\"Loginfo24\" \/>\n<meta property=\"article:publisher\" content=\"https:\/\/www.facebook.com\/people\/Loginfo24\/100057360583332\/\" \/>\n<meta property=\"article:published_time\" content=\"2026-03-12T12:45:13+00:00\" \/>\n<meta property=\"og:image\" content=\"https:\/\/loginfo24.com\/wp-content\/uploads\/sites\/7\/2026\/03\/Post_AT_12.3.26-aspect-ratio-1400-788.jpg\" \/>\n\t<meta property=\"og:image:width\" content=\"2000\" \/>\n\t<meta property=\"og:image:height\" content=\"1126\" \/>\n\t<meta property=\"og:image:type\" content=\"image\/jpeg\" \/>\n<meta name=\"author\" content=\"Andreas M\u00fcller\" \/>\n<meta name=\"twitter:card\" content=\"summary_large_image\" \/>\n<meta name=\"twitter:label1\" content=\"\u00c9crit par\" \/>\n\t<meta name=\"twitter:data1\" content=\"Andreas M\u00fcller\" \/>\n\t<meta name=\"twitter:label2\" content=\"Dur\u00e9e de lecture estim\u00e9e\" \/>\n\t<meta name=\"twitter:data2\" content=\"4 minutes\" \/>\n<script type=\"application\/ld+json\" class=\"yoast-schema-graph\">{\"@context\":\"https:\\\/\\\/schema.org\",\"@graph\":[{\"@type\":\"Article\",\"@id\":\"https:\\\/\\\/loginfo24.com\\\/fr\\\/2026\\\/03\\\/12\\\/post-autrichienne-avec-une-baisse-de-chiffre-daffaires-en-2025\\\/#article\",\"isPartOf\":{\"@id\":\"https:\\\/\\\/loginfo24.com\\\/fr\\\/2026\\\/03\\\/12\\\/post-autrichienne-avec-une-baisse-de-chiffre-daffaires-en-2025\\\/\"},\"author\":{\"name\":\"Andreas M\u00fcller\",\"@id\":\"https:\\\/\\\/loginfo24.com\\\/fr\\\/#\\\/schema\\\/person\\\/7b1593b33567ba798d300c8a1b0b85b1\"},\"headline\":\"Post autrichienne avec une baisse de chiffre d&rsquo;affaires en 2025\",\"datePublished\":\"2026-03-12T12:45:13+00:00\",\"mainEntityOfPage\":{\"@id\":\"https:\\\/\\\/loginfo24.com\\\/fr\\\/2026\\\/03\\\/12\\\/post-autrichienne-avec-une-baisse-de-chiffre-daffaires-en-2025\\\/\"},\"wordCount\":858,\"commentCount\":0,\"publisher\":{\"@id\":\"https:\\\/\\\/loginfo24.com\\\/fr\\\/#organization\"},\"image\":{\"@id\":\"https:\\\/\\\/loginfo24.com\\\/fr\\\/2026\\\/03\\\/12\\\/post-autrichienne-avec-une-baisse-de-chiffre-daffaires-en-2025\\\/#primaryimage\"},\"thumbnailUrl\":\"https:\\\/\\\/loginfo24.com\\\/wp-content\\\/uploads\\\/sites\\\/7\\\/2026\\\/03\\\/Post_AT_12.3.26-aspect-ratio-1400-788.jpg\",\"keywords\":[\"acquisitions internationales\",\"baisse de l'EBIT\",\"baisse des revenus 2025\",\"bank99 Austria\",\"bank99 Autriche\",\"bank99 \u00d6sterreich\",\"Brief- und Paketmarkt\",\"Brief- und Werbepost\",\"cost pressure in shipping\",\"courrier et publicit\u00e9\",\"Deutsch \u00d6sterreichische Post\",\"d\u00e9veloppement de l'EBITDA\",\"Digitalisierung in der Logistik\",\"digitization in logistics\",\"e-commerce service providers\",\"E-Commerce-Dienstleister\",\"earnings forecast 2026\",\"EBIT decline\",\"EBIT R\u00fcckgang\",\"EBITDA development\",\"EBITDA Entwicklung\",\"emplacements hors domicile\",\"employee quality in logistics Fran\u00e7ais Poste autrichienne\",\"Ergebnisprognose 2026\",\"inflation en Turquie\",\"Inflation in der T\u00fcrkei\",\"inflation in Turkey\",\"international acquisitions\",\"internationale Akquisitionen\",\"Kostendruck im Versand\",\"letter and advertising mail\",\"letter and parcel market\",\"logistique des colis\",\"logistique en Europe du Sud-Est\",\"march\u00e9 des lettres et des colis\",\"market share parcel market\",\"Marktanteil Paketmarkt\",\"marque mobile YELLLOW\",\"Mitarbeiterqualit\u00e4t in der Logistik English Austrian Post\",\"mobile brand YELLLOW\",\"Mobilfunkmarke YELLLOW\",\"num\u00e9risation dans la logistique\",\"out-of-home locations\",\"Out-of-Home-Standorte\",\"Paketlogistik\",\"parcel logistics\",\"part de march\u00e9 du march\u00e9 des colis\",\"postal services Austria\",\"Postdienstleistungen \u00d6sterreich\",\"pression sur les co\u00fbts d'exp\u00e9dition\",\"prestataires de services e-commerce\",\"pr\u00e9visions de r\u00e9sultats 2026\",\"qualit\u00e9 des employ\u00e9s dans la logistique\",\"revenue decline 2025\",\"services postaux Autriche\",\"Southeast Europe logistics\",\"S\u00fcdosteuropa Logistik\",\"Umsatzr\u00fcckgang 2025\"],\"articleSection\":[\"Autriche\",\"Europa\",\"Intermodal \\\/ Route\"],\"inLanguage\":\"fr-FR\",\"potentialAction\":[{\"@type\":\"CommentAction\",\"name\":\"Comment\",\"target\":[\"https:\\\/\\\/loginfo24.com\\\/fr\\\/2026\\\/03\\\/12\\\/post-autrichienne-avec-une-baisse-de-chiffre-daffaires-en-2025\\\/#respond\"]}]},{\"@type\":\"WebPage\",\"@id\":\"https:\\\/\\\/loginfo24.com\\\/fr\\\/2026\\\/03\\\/12\\\/post-autrichienne-avec-une-baisse-de-chiffre-daffaires-en-2025\\\/\",\"url\":\"https:\\\/\\\/loginfo24.com\\\/fr\\\/2026\\\/03\\\/12\\\/post-autrichienne-avec-une-baisse-de-chiffre-daffaires-en-2025\\\/\",\"name\":\"Post autrichienne avec une baisse de chiffre d&#8217;affaires en 2025 - Loginfo24\",\"isPartOf\":{\"@id\":\"https:\\\/\\\/loginfo24.com\\\/fr\\\/#website\"},\"primaryImageOfPage\":{\"@id\":\"https:\\\/\\\/loginfo24.com\\\/fr\\\/2026\\\/03\\\/12\\\/post-autrichienne-avec-une-baisse-de-chiffre-daffaires-en-2025\\\/#primaryimage\"},\"image\":{\"@id\":\"https:\\\/\\\/loginfo24.com\\\/fr\\\/2026\\\/03\\\/12\\\/post-autrichienne-avec-une-baisse-de-chiffre-daffaires-en-2025\\\/#primaryimage\"},\"thumbnailUrl\":\"https:\\\/\\\/loginfo24.com\\\/wp-content\\\/uploads\\\/sites\\\/7\\\/2026\\\/03\\\/Post_AT_12.3.26-aspect-ratio-1400-788.jpg\",\"datePublished\":\"2026-03-12T12:45:13+00:00\",\"breadcrumb\":{\"@id\":\"https:\\\/\\\/loginfo24.com\\\/fr\\\/2026\\\/03\\\/12\\\/post-autrichienne-avec-une-baisse-de-chiffre-daffaires-en-2025\\\/#breadcrumb\"},\"inLanguage\":\"fr-FR\",\"potentialAction\":[{\"@type\":\"ReadAction\",\"target\":[\"https:\\\/\\\/loginfo24.com\\\/fr\\\/2026\\\/03\\\/12\\\/post-autrichienne-avec-une-baisse-de-chiffre-daffaires-en-2025\\\/\"]}]},{\"@type\":\"ImageObject\",\"inLanguage\":\"fr-FR\",\"@id\":\"https:\\\/\\\/loginfo24.com\\\/fr\\\/2026\\\/03\\\/12\\\/post-autrichienne-avec-une-baisse-de-chiffre-daffaires-en-2025\\\/#primaryimage\",\"url\":\"https:\\\/\\\/loginfo24.com\\\/wp-content\\\/uploads\\\/sites\\\/7\\\/2026\\\/03\\\/Post_AT_12.3.26-aspect-ratio-1400-788.jpg\",\"contentUrl\":\"https:\\\/\\\/loginfo24.com\\\/wp-content\\\/uploads\\\/sites\\\/7\\\/2026\\\/03\\\/Post_AT_12.3.26-aspect-ratio-1400-788.jpg\",\"width\":2000,\"height\":1126},{\"@type\":\"BreadcrumbList\",\"@id\":\"https:\\\/\\\/loginfo24.com\\\/fr\\\/2026\\\/03\\\/12\\\/post-autrichienne-avec-une-baisse-de-chiffre-daffaires-en-2025\\\/#breadcrumb\",\"itemListElement\":[{\"@type\":\"ListItem\",\"position\":1,\"name\":\"Startseite\",\"item\":\"https:\\\/\\\/loginfo24.com\\\/fr\\\/\"},{\"@type\":\"ListItem\",\"position\":2,\"name\":\"Post autrichienne avec une baisse de chiffre d&rsquo;affaires en 2025\"}]},{\"@type\":\"WebSite\",\"@id\":\"https:\\\/\\\/loginfo24.com\\\/fr\\\/#website\",\"url\":\"https:\\\/\\\/loginfo24.com\\\/fr\\\/\",\"name\":\"Loginfo24\",\"description\":\"Loginfo24 est la plateforme d\u00e9di\u00e9e \u00e0 la logistique et aux cha\u00eenes d&#039;approvisionnement qui fournit des informations 24 heures sur 24.\",\"publisher\":{\"@id\":\"https:\\\/\\\/loginfo24.com\\\/fr\\\/#organization\"},\"potentialAction\":[{\"@type\":\"SearchAction\",\"target\":{\"@type\":\"EntryPoint\",\"urlTemplate\":\"https:\\\/\\\/loginfo24.com\\\/fr\\\/?s={search_term_string}\"},\"query-input\":{\"@type\":\"PropertyValueSpecification\",\"valueRequired\":true,\"valueName\":\"search_term_string\"}}],\"inLanguage\":\"fr-FR\"},{\"@type\":\"Organization\",\"@id\":\"https:\\\/\\\/loginfo24.com\\\/fr\\\/#organization\",\"name\":\"Groupe Logismedia AG\",\"url\":\"https:\\\/\\\/loginfo24.com\\\/fr\\\/\",\"logo\":{\"@type\":\"ImageObject\",\"inLanguage\":\"fr-FR\",\"@id\":\"https:\\\/\\\/loginfo24.com\\\/fr\\\/#\\\/schema\\\/logo\\\/image\\\/\",\"url\":\"https:\\\/\\\/loginfo24.com\\\/wp-content\\\/uploads\\\/sites\\\/7\\\/2026\\\/01\\\/Logo_LogInfo24.png\",\"contentUrl\":\"https:\\\/\\\/loginfo24.com\\\/wp-content\\\/uploads\\\/sites\\\/7\\\/2026\\\/01\\\/Logo_LogInfo24.png\",\"width\":938,\"height\":351,\"caption\":\"Groupe Logismedia AG\"},\"image\":{\"@id\":\"https:\\\/\\\/loginfo24.com\\\/fr\\\/#\\\/schema\\\/logo\\\/image\\\/\"},\"sameAs\":[\"https:\\\/\\\/www.facebook.com\\\/people\\\/Loginfo24\\\/100057360583332\\\/\",\"https:\\\/\\\/www.linkedin.com\\\/company\\\/lofinfo24\\\/\"]},{\"@type\":\"Person\",\"@id\":\"https:\\\/\\\/loginfo24.com\\\/fr\\\/#\\\/schema\\\/person\\\/7b1593b33567ba798d300c8a1b0b85b1\",\"name\":\"Andreas M\u00fcller\",\"url\":\"https:\\\/\\\/loginfo24.com\\\/fr\\\/author\\\/logismedia\\\/\"}]}<\/script>\n<!-- \/ Yoast SEO plugin. -->","yoast_head_json":{"title":"Post autrichienne avec une baisse de chiffre d&#8217;affaires en 2025 - Loginfo24","robots":{"index":"index","follow":"follow","max-snippet":"max-snippet:-1","max-image-preview":"max-image-preview:large","max-video-preview":"max-video-preview:-1"},"canonical":"https:\/\/loginfo24.com\/fr\/2026\/03\/12\/post-autrichienne-avec-une-baisse-de-chiffre-daffaires-en-2025\/","og_locale":"fr_FR","og_type":"article","og_title":"Post autrichienne avec une baisse de chiffre d&#8217;affaires en 2025 - Loginfo24","og_description":"La Post autrichienne pr\u00e9voit une l\u00e9g\u00e8re augmentation de son chiffre d'affaires en 2026 et pr\u00e9voit des initiatives compl\u00e8tes pour stabiliser les r\u00e9sultats dans un environnement de march\u00e9 difficile.","og_url":"https:\/\/loginfo24.com\/fr\/2026\/03\/12\/post-autrichienne-avec-une-baisse-de-chiffre-daffaires-en-2025\/","og_site_name":"Loginfo24","article_publisher":"https:\/\/www.facebook.com\/people\/Loginfo24\/100057360583332\/","article_published_time":"2026-03-12T12:45:13+00:00","og_image":[{"width":2000,"height":1126,"url":"https:\/\/loginfo24.com\/wp-content\/uploads\/sites\/7\/2026\/03\/Post_AT_12.3.26-aspect-ratio-1400-788.jpg","type":"image\/jpeg"}],"author":"Andreas M\u00fcller","twitter_card":"summary_large_image","twitter_misc":{"\u00c9crit par":"Andreas M\u00fcller","Dur\u00e9e de lecture estim\u00e9e":"4 minutes"},"schema":{"@context":"https:\/\/schema.org","@graph":[{"@type":"Article","@id":"https:\/\/loginfo24.com\/fr\/2026\/03\/12\/post-autrichienne-avec-une-baisse-de-chiffre-daffaires-en-2025\/#article","isPartOf":{"@id":"https:\/\/loginfo24.com\/fr\/2026\/03\/12\/post-autrichienne-avec-une-baisse-de-chiffre-daffaires-en-2025\/"},"author":{"name":"Andreas M\u00fcller","@id":"https:\/\/loginfo24.com\/fr\/#\/schema\/person\/7b1593b33567ba798d300c8a1b0b85b1"},"headline":"Post autrichienne avec une baisse de chiffre d&rsquo;affaires en 2025","datePublished":"2026-03-12T12:45:13+00:00","mainEntityOfPage":{"@id":"https:\/\/loginfo24.com\/fr\/2026\/03\/12\/post-autrichienne-avec-une-baisse-de-chiffre-daffaires-en-2025\/"},"wordCount":858,"commentCount":0,"publisher":{"@id":"https:\/\/loginfo24.com\/fr\/#organization"},"image":{"@id":"https:\/\/loginfo24.com\/fr\/2026\/03\/12\/post-autrichienne-avec-une-baisse-de-chiffre-daffaires-en-2025\/#primaryimage"},"thumbnailUrl":"https:\/\/loginfo24.com\/wp-content\/uploads\/sites\/7\/2026\/03\/Post_AT_12.3.26-aspect-ratio-1400-788.jpg","keywords":["acquisitions internationales","baisse de l'EBIT","baisse des revenus 2025","bank99 Austria","bank99 Autriche","bank99 \u00d6sterreich","Brief- und Paketmarkt","Brief- und Werbepost","cost pressure in shipping","courrier et publicit\u00e9","Deutsch \u00d6sterreichische Post","d\u00e9veloppement de l'EBITDA","Digitalisierung in der Logistik","digitization in logistics","e-commerce service providers","E-Commerce-Dienstleister","earnings forecast 2026","EBIT decline","EBIT R\u00fcckgang","EBITDA development","EBITDA Entwicklung","emplacements hors domicile","employee quality in logistics Fran\u00e7ais Poste autrichienne","Ergebnisprognose 2026","inflation en Turquie","Inflation in der T\u00fcrkei","inflation in Turkey","international acquisitions","internationale Akquisitionen","Kostendruck im Versand","letter and advertising mail","letter and parcel market","logistique des colis","logistique en Europe du Sud-Est","march\u00e9 des lettres et des colis","market share parcel market","Marktanteil Paketmarkt","marque mobile YELLLOW","Mitarbeiterqualit\u00e4t in der Logistik English Austrian Post","mobile brand YELLLOW","Mobilfunkmarke YELLLOW","num\u00e9risation dans la logistique","out-of-home locations","Out-of-Home-Standorte","Paketlogistik","parcel logistics","part de march\u00e9 du march\u00e9 des colis","postal services Austria","Postdienstleistungen \u00d6sterreich","pression sur les co\u00fbts d'exp\u00e9dition","prestataires de services e-commerce","pr\u00e9visions de r\u00e9sultats 2026","qualit\u00e9 des employ\u00e9s dans la logistique","revenue decline 2025","services postaux Autriche","Southeast Europe logistics","S\u00fcdosteuropa Logistik","Umsatzr\u00fcckgang 2025"],"articleSection":["Autriche","Europa","Intermodal \/ Route"],"inLanguage":"fr-FR","potentialAction":[{"@type":"CommentAction","name":"Comment","target":["https:\/\/loginfo24.com\/fr\/2026\/03\/12\/post-autrichienne-avec-une-baisse-de-chiffre-daffaires-en-2025\/#respond"]}]},{"@type":"WebPage","@id":"https:\/\/loginfo24.com\/fr\/2026\/03\/12\/post-autrichienne-avec-une-baisse-de-chiffre-daffaires-en-2025\/","url":"https:\/\/loginfo24.com\/fr\/2026\/03\/12\/post-autrichienne-avec-une-baisse-de-chiffre-daffaires-en-2025\/","name":"Post autrichienne avec une baisse de chiffre d&#8217;affaires en 2025 - Loginfo24","isPartOf":{"@id":"https:\/\/loginfo24.com\/fr\/#website"},"primaryImageOfPage":{"@id":"https:\/\/loginfo24.com\/fr\/2026\/03\/12\/post-autrichienne-avec-une-baisse-de-chiffre-daffaires-en-2025\/#primaryimage"},"image":{"@id":"https:\/\/loginfo24.com\/fr\/2026\/03\/12\/post-autrichienne-avec-une-baisse-de-chiffre-daffaires-en-2025\/#primaryimage"},"thumbnailUrl":"https:\/\/loginfo24.com\/wp-content\/uploads\/sites\/7\/2026\/03\/Post_AT_12.3.26-aspect-ratio-1400-788.jpg","datePublished":"2026-03-12T12:45:13+00:00","breadcrumb":{"@id":"https:\/\/loginfo24.com\/fr\/2026\/03\/12\/post-autrichienne-avec-une-baisse-de-chiffre-daffaires-en-2025\/#breadcrumb"},"inLanguage":"fr-FR","potentialAction":[{"@type":"ReadAction","target":["https:\/\/loginfo24.com\/fr\/2026\/03\/12\/post-autrichienne-avec-une-baisse-de-chiffre-daffaires-en-2025\/"]}]},{"@type":"ImageObject","inLanguage":"fr-FR","@id":"https:\/\/loginfo24.com\/fr\/2026\/03\/12\/post-autrichienne-avec-une-baisse-de-chiffre-daffaires-en-2025\/#primaryimage","url":"https:\/\/loginfo24.com\/wp-content\/uploads\/sites\/7\/2026\/03\/Post_AT_12.3.26-aspect-ratio-1400-788.jpg","contentUrl":"https:\/\/loginfo24.com\/wp-content\/uploads\/sites\/7\/2026\/03\/Post_AT_12.3.26-aspect-ratio-1400-788.jpg","width":2000,"height":1126},{"@type":"BreadcrumbList","@id":"https:\/\/loginfo24.com\/fr\/2026\/03\/12\/post-autrichienne-avec-une-baisse-de-chiffre-daffaires-en-2025\/#breadcrumb","itemListElement":[{"@type":"ListItem","position":1,"name":"Startseite","item":"https:\/\/loginfo24.com\/fr\/"},{"@type":"ListItem","position":2,"name":"Post autrichienne avec une baisse de chiffre d&rsquo;affaires en 2025"}]},{"@type":"WebSite","@id":"https:\/\/loginfo24.com\/fr\/#website","url":"https:\/\/loginfo24.com\/fr\/","name":"Loginfo24","description":"Loginfo24 est la plateforme d\u00e9di\u00e9e \u00e0 la logistique et aux cha\u00eenes d&#039;approvisionnement qui fournit des informations 24 heures sur 24.","publisher":{"@id":"https:\/\/loginfo24.com\/fr\/#organization"},"potentialAction":[{"@type":"SearchAction","target":{"@type":"EntryPoint","urlTemplate":"https:\/\/loginfo24.com\/fr\/?s={search_term_string}"},"query-input":{"@type":"PropertyValueSpecification","valueRequired":true,"valueName":"search_term_string"}}],"inLanguage":"fr-FR"},{"@type":"Organization","@id":"https:\/\/loginfo24.com\/fr\/#organization","name":"Groupe Logismedia AG","url":"https:\/\/loginfo24.com\/fr\/","logo":{"@type":"ImageObject","inLanguage":"fr-FR","@id":"https:\/\/loginfo24.com\/fr\/#\/schema\/logo\/image\/","url":"https:\/\/loginfo24.com\/wp-content\/uploads\/sites\/7\/2026\/01\/Logo_LogInfo24.png","contentUrl":"https:\/\/loginfo24.com\/wp-content\/uploads\/sites\/7\/2026\/01\/Logo_LogInfo24.png","width":938,"height":351,"caption":"Groupe Logismedia AG"},"image":{"@id":"https:\/\/loginfo24.com\/fr\/#\/schema\/logo\/image\/"},"sameAs":["https:\/\/www.facebook.com\/people\/Loginfo24\/100057360583332\/","https:\/\/www.linkedin.com\/company\/lofinfo24\/"]},{"@type":"Person","@id":"https:\/\/loginfo24.com\/fr\/#\/schema\/person\/7b1593b33567ba798d300c8a1b0b85b1","name":"Andreas M\u00fcller","url":"https:\/\/loginfo24.com\/fr\/author\/logismedia\/"}]}},"_links":{"self":[{"href":"https:\/\/loginfo24.com\/fr\/wp-json\/wp\/v2\/posts\/76550","targetHints":{"allow":["GET"]}}],"collection":[{"href":"https:\/\/loginfo24.com\/fr\/wp-json\/wp\/v2\/posts"}],"about":[{"href":"https:\/\/loginfo24.com\/fr\/wp-json\/wp\/v2\/types\/post"}],"author":[{"embeddable":true,"href":"https:\/\/loginfo24.com\/fr\/wp-json\/wp\/v2\/users\/7"}],"replies":[{"embeddable":true,"href":"https:\/\/loginfo24.com\/fr\/wp-json\/wp\/v2\/comments?post=76550"}],"version-history":[{"count":0,"href":"https:\/\/loginfo24.com\/fr\/wp-json\/wp\/v2\/posts\/76550\/revisions"}],"wp:featuredmedia":[{"embeddable":true,"href":"https:\/\/loginfo24.com\/fr\/wp-json\/wp\/v2\/media\/76548"}],"wp:attachment":[{"href":"https:\/\/loginfo24.com\/fr\/wp-json\/wp\/v2\/media?parent=76550"}],"wp:term":[{"taxonomy":"category","embeddable":true,"href":"https:\/\/loginfo24.com\/fr\/wp-json\/wp\/v2\/categories?post=76550"},{"taxonomy":"post_tag","embeddable":true,"href":"https:\/\/loginfo24.com\/fr\/wp-json\/wp\/v2\/tags?post=76550"}],"curies":[{"name":"wp","href":"https:\/\/api.w.org\/{rel}","templated":true}]}}