{"id":76462,"date":"2026-03-11T14:31:19","date_gmt":"2026-03-11T14:31:19","guid":{"rendered":"https:\/\/loginfo24.com\/2026\/03\/11\/les-pilotes-de-lufthansa-prevoient-une-greve-de-deux-jours\/"},"modified":"2026-03-11T15:47:13","modified_gmt":"2026-03-11T14:47:13","slug":"les-pilotes-de-lufthansa-prevoient-une-greve-de-deux-jours","status":"publish","type":"post","link":"https:\/\/loginfo24.com\/fr\/2026\/03\/11\/les-pilotes-de-lufthansa-prevoient-une-greve-de-deux-jours\/","title":{"rendered":"Les pilotes de Lufthansa pr\u00e9voient une gr\u00e8ve de deux jours"},"content":{"rendered":"<p>Il semble qu&#8217;une gr\u00e8ve des pilotes se profile chez Lufthansa. Le syndicat Vereinigung Cockpit (VC) a appel\u00e9 ses membres \u00e0 cesser le travail jeudi et vendredi (12-13 mars). Ce conflit de travail est pr\u00e9vu pour durer 48 heures et pourrait affecter de nombreux vols du groupe Lufthansa.<\/p>\n<p>Les d\u00e9parts en Allemagne seraient particuli\u00e8rement touch\u00e9s, y compris les liaisons de la marque Lufthansa, de sa soci\u00e9t\u00e9 de fret Lufthansa Cargo ainsi que de la compagnie r\u00e9gionale Lufthansa Cityline. La raison en est des n\u00e9gociations tarifaires toujours non r\u00e9solues entre la compagnie a\u00e9rienne et les repr\u00e9sentants des pilotes.<\/p>\n<p>D\u00e9j\u00e0 \u00e0 la mi-f\u00e9vrier, un arr\u00eat de travail d&#8217;une journ\u00e9e avait eu lieu dans le cadre de la n\u00e9gociation tarifaire en cours. Cette fois encore, les pilotes des compagnies a\u00e9riennes concern\u00e9es se sont majoritairement prononc\u00e9s en faveur de mesures de gr\u00e8ve lors de r\u00e9f\u00e9rendums. Chez Eurowings, un vote correspondant est encore en cours, c&#8217;est pourquoi leurs employ\u00e9s ne participeront probablement pas aux gr\u00e8ves actuelles.<\/p>\n<p>Les vols vers le Moyen-Orient ne devraient pas \u00eatre affect\u00e9s par la gr\u00e8ve. Le syndicat justifie cela par la situation tendue dans le transport a\u00e9rien r\u00e9gional. Selon le VC, l&#8217;origine du conflit r\u00e9side dans des discussions infructueuses concernant la retraite professionnelle chez Lufthansa et Lufthansa Cargo. Le syndicat exige une offre am\u00e9lior\u00e9e de la part de l&#8217;entreprise.<\/p>\n<p><a href=\"https:\/\/newsroom.lufthansagroup.com\" target=\"_blank\" rel=\"noopener noreferrer\">www.newsroom.lufthansagroup.com<\/a><\/p>\n<p><a href=\"https:\/\/www.zdfheute.de\" target=\"_blank\" rel=\"noopener noreferrer\">www.zdfheute.de<\/a><\/p>\n","protected":false},"excerpt":{"rendered":"<p>Une gr\u00e8ve des pilotes chez Lufthansa est annonc\u00e9e pour les 12 et 13 mars, ce qui pourrait affecter de nombreux vols de la compagnie.<\/p>\n","protected":false},"author":14,"featured_media":76460,"comment_status":"open","ping_status":"","sticky":false,"template":"","format":"standard","meta":{"_acf_changed":false,"footnotes":""},"categories":[6679,1582],"tags":[13833,13834,13835,13836,13837,13838,13839,3397,13840,13841,13842,13843,13844,13845,13846,13847,13848,13849,13850,13851,13852,13853,13854,13855,13856,13857,13858,3418,13859,4293,2035,13860,13861,13862,13863,13864,13865,13866,13867,13868,13869,13870,13871,13872,13873,13874,13875,13876,13877,13878,13879,13880,13881,13882,13883,13884],"class_list":["post-76462","post","type-post","status-publish","format-standard","has-post-thumbnail","hentry","category-europa","category-fret-aerien","tag-actions-de-greve","tag-affected-flights","tag-air-freight-logistics-francais-lufthansa","tag-air-traffic-middle-east","tag-annonce-de-greve","tag-arbeitskampf","tag-arbeitskampfmassnahmen","tag-aviation-industry","tag-bargaining-round","tag-betriebliche-altersversorgung","tag-collective-bargaining","tag-compagnie-regionale-lufthansa-cityline","tag-conflit-de-travail","tag-deutsch-lufthansa","tag-droits-des-passagers","tag-duree-de-greve-48-heures","tag-eurowings-streik","tag-eurowings-strike","tag-flights-germany","tag-fluege-beeintraechtigt","tag-fluege-deutschland","tag-fluggastrechte","tag-frachtgesellschaft-lufthansa","tag-freight-company-lufthansa","tag-gewerkschaft-vereinigung-cockpit","tag-greve-des-pilotes","tag-greve-eurowings","tag-industrie-aeronautique","tag-labor-dispute","tag-logistique-aerienne","tag-luftfahrtbranche","tag-luftfahrtlogistik-english-lufthansa","tag-lufthansa-cargo","tag-luftverkehr-naher-osten","tag-negociations-collectives","tag-occupational-pension-scheme","tag-passenger-rights","tag-pilotenstreik","tag-pilots-strike","tag-regime-de-retraite-professionnel","tag-regional-airline-lufthansa-cityline","tag-regionalfluglinie-lufthansa-cityline","tag-ronde-de-negociations","tag-societe-de-fret-lufthansa","tag-streikankuendigung","tag-streikdauer-48-stunden","tag-strike-actions","tag-strike-announcement","tag-strike-duration-48-hours","tag-syndicat-vereinigung-cockpit","tag-tarifrunde","tag-tarifverhandlungen","tag-trafic-aerien-moyen-orient","tag-vereinigung-cockpit-union","tag-vols-affectes","tag-vols-allemagne"],"acf":[],"yoast_head":"<!-- This site is optimized with the Yoast SEO plugin v27.3 - https:\/\/yoast.com\/product\/yoast-seo-wordpress\/ -->\n<title>Les pilotes de Lufthansa pr\u00e9voient une gr\u00e8ve de deux jours - Loginfo24<\/title>\n<meta name=\"robots\" content=\"index, follow, max-snippet:-1, max-image-preview:large, max-video-preview:-1\" \/>\n<link rel=\"canonical\" href=\"https:\/\/loginfo24.com\/fr\/2026\/03\/11\/les-pilotes-de-lufthansa-prevoient-une-greve-de-deux-jours\/\" \/>\n<meta property=\"og:locale\" content=\"fr_FR\" \/>\n<meta property=\"og:type\" content=\"article\" \/>\n<meta property=\"og:title\" content=\"Les pilotes de Lufthansa pr\u00e9voient une gr\u00e8ve de deux jours - Loginfo24\" \/>\n<meta property=\"og:description\" content=\"Une gr\u00e8ve des pilotes chez Lufthansa est annonc\u00e9e pour les 12 et 13 mars, ce qui pourrait affecter de nombreux vols de la compagnie.\" \/>\n<meta property=\"og:url\" content=\"https:\/\/loginfo24.com\/fr\/2026\/03\/11\/les-pilotes-de-lufthansa-prevoient-une-greve-de-deux-jours\/\" \/>\n<meta property=\"og:site_name\" content=\"Loginfo24\" \/>\n<meta property=\"article:publisher\" content=\"https:\/\/www.facebook.com\/people\/Loginfo24\/100057360583332\/\" \/>\n<meta property=\"article:published_time\" content=\"2026-03-11T14:31:19+00:00\" \/>\n<meta property=\"article:modified_time\" content=\"2026-03-11T14:47:13+00:00\" \/>\n<meta property=\"og:image\" content=\"https:\/\/loginfo24.com\/wp-content\/uploads\/sites\/7\/2026\/03\/NEW_A321F_B777F_Lateral_PPT_Min-scaled-aspect-ratio-1400-788-2.jpg\" \/>\n\t<meta property=\"og:image:width\" content=\"2471\" \/>\n\t<meta property=\"og:image:height\" content=\"1391\" \/>\n\t<meta property=\"og:image:type\" content=\"image\/jpeg\" \/>\n<meta name=\"author\" content=\"Gyan Sharan\" \/>\n<meta name=\"twitter:card\" content=\"summary_large_image\" \/>\n<meta name=\"twitter:label1\" content=\"\u00c9crit par\" \/>\n\t<meta name=\"twitter:data1\" content=\"Gyan Sharan\" \/>\n\t<meta name=\"twitter:label2\" content=\"Dur\u00e9e de lecture estim\u00e9e\" \/>\n\t<meta name=\"twitter:data2\" content=\"1 minute\" \/>\n<script type=\"application\/ld+json\" class=\"yoast-schema-graph\">{\"@context\":\"https:\\\/\\\/schema.org\",\"@graph\":[{\"@type\":\"Article\",\"@id\":\"https:\\\/\\\/loginfo24.com\\\/fr\\\/2026\\\/03\\\/11\\\/les-pilotes-de-lufthansa-prevoient-une-greve-de-deux-jours\\\/#article\",\"isPartOf\":{\"@id\":\"https:\\\/\\\/loginfo24.com\\\/fr\\\/2026\\\/03\\\/11\\\/les-pilotes-de-lufthansa-prevoient-une-greve-de-deux-jours\\\/\"},\"author\":{\"name\":\"Gyan Sharan\",\"@id\":\"https:\\\/\\\/loginfo24.com\\\/fr\\\/#\\\/schema\\\/person\\\/13a9fc605c753db60ef7750a229cd042\"},\"headline\":\"Les pilotes de Lufthansa pr\u00e9voient une gr\u00e8ve de deux jours\",\"datePublished\":\"2026-03-11T14:31:19+00:00\",\"dateModified\":\"2026-03-11T14:47:13+00:00\",\"mainEntityOfPage\":{\"@id\":\"https:\\\/\\\/loginfo24.com\\\/fr\\\/2026\\\/03\\\/11\\\/les-pilotes-de-lufthansa-prevoient-une-greve-de-deux-jours\\\/\"},\"wordCount\":269,\"commentCount\":0,\"publisher\":{\"@id\":\"https:\\\/\\\/loginfo24.com\\\/fr\\\/#organization\"},\"image\":{\"@id\":\"https:\\\/\\\/loginfo24.com\\\/fr\\\/2026\\\/03\\\/11\\\/les-pilotes-de-lufthansa-prevoient-une-greve-de-deux-jours\\\/#primaryimage\"},\"thumbnailUrl\":\"https:\\\/\\\/loginfo24.com\\\/wp-content\\\/uploads\\\/sites\\\/7\\\/2026\\\/03\\\/NEW_A321F_B777F_Lateral_PPT_Min-scaled-aspect-ratio-1400-788-2.jpg\",\"keywords\":[\"actions de gr\u00e8ve\",\"affected flights\",\"air freight logistics Fran\u00e7ais Lufthansa\",\"air traffic Middle East\",\"annonce de gr\u00e8ve\",\"Arbeitskampf\",\"Arbeitskampfmassnahmen\",\"aviation industry\",\"bargaining round\",\"betriebliche Altersversorgung\",\"collective bargaining\",\"compagnie r\u00e9gionale Lufthansa Cityline\",\"conflit de travail\",\"Deutsch Lufthansa\",\"droits des passagers\",\"dur\u00e9e de gr\u00e8ve 48 heures\",\"Eurowings Streik\",\"Eurowings strike\",\"flights Germany\",\"Fl\u00fcge beeintr\u00e4chtigt\",\"Fl\u00fcge Deutschland\",\"Fluggastrechte\",\"Frachtgesellschaft Lufthansa\",\"freight company Lufthansa\",\"Gewerkschaft Vereinigung Cockpit\",\"gr\u00e8ve des pilotes\",\"gr\u00e8ve Eurowings\",\"industrie a\u00e9ronautique\",\"labor dispute\",\"logistique a\u00e9rienne\",\"Luftfahrtbranche\",\"Luftfahrtlogistik English Lufthansa\",\"Lufthansa Cargo\",\"Luftverkehr Naher Osten\",\"n\u00e9gociations collectives\",\"occupational pension scheme\",\"passenger rights\",\"Pilotenstreik\",\"pilots strike\",\"r\u00e9gime de retraite professionnel\",\"regional airline Lufthansa Cityline\",\"Regionalfluglinie Lufthansa Cityline\",\"ronde de n\u00e9gociations\",\"soci\u00e9t\u00e9 de fret Lufthansa\",\"Streikank\u00fcndigung\",\"Streikdauer 48 Stunden\",\"strike actions\",\"strike announcement\",\"strike duration 48 hours\",\"syndicat Vereinigung Cockpit\",\"Tarifrunde\",\"Tarifverhandlungen\",\"trafic a\u00e9rien Moyen-Orient\",\"Vereinigung Cockpit union\",\"vols affect\u00e9s\",\"vols Allemagne\"],\"articleSection\":[\"Europa\",\"Fret a\u00e9rien\"],\"inLanguage\":\"fr-FR\",\"potentialAction\":[{\"@type\":\"CommentAction\",\"name\":\"Comment\",\"target\":[\"https:\\\/\\\/loginfo24.com\\\/fr\\\/2026\\\/03\\\/11\\\/les-pilotes-de-lufthansa-prevoient-une-greve-de-deux-jours\\\/#respond\"]}]},{\"@type\":\"WebPage\",\"@id\":\"https:\\\/\\\/loginfo24.com\\\/fr\\\/2026\\\/03\\\/11\\\/les-pilotes-de-lufthansa-prevoient-une-greve-de-deux-jours\\\/\",\"url\":\"https:\\\/\\\/loginfo24.com\\\/fr\\\/2026\\\/03\\\/11\\\/les-pilotes-de-lufthansa-prevoient-une-greve-de-deux-jours\\\/\",\"name\":\"Les pilotes de Lufthansa pr\u00e9voient une gr\u00e8ve de deux jours - Loginfo24\",\"isPartOf\":{\"@id\":\"https:\\\/\\\/loginfo24.com\\\/fr\\\/#website\"},\"primaryImageOfPage\":{\"@id\":\"https:\\\/\\\/loginfo24.com\\\/fr\\\/2026\\\/03\\\/11\\\/les-pilotes-de-lufthansa-prevoient-une-greve-de-deux-jours\\\/#primaryimage\"},\"image\":{\"@id\":\"https:\\\/\\\/loginfo24.com\\\/fr\\\/2026\\\/03\\\/11\\\/les-pilotes-de-lufthansa-prevoient-une-greve-de-deux-jours\\\/#primaryimage\"},\"thumbnailUrl\":\"https:\\\/\\\/loginfo24.com\\\/wp-content\\\/uploads\\\/sites\\\/7\\\/2026\\\/03\\\/NEW_A321F_B777F_Lateral_PPT_Min-scaled-aspect-ratio-1400-788-2.jpg\",\"datePublished\":\"2026-03-11T14:31:19+00:00\",\"dateModified\":\"2026-03-11T14:47:13+00:00\",\"breadcrumb\":{\"@id\":\"https:\\\/\\\/loginfo24.com\\\/fr\\\/2026\\\/03\\\/11\\\/les-pilotes-de-lufthansa-prevoient-une-greve-de-deux-jours\\\/#breadcrumb\"},\"inLanguage\":\"fr-FR\",\"potentialAction\":[{\"@type\":\"ReadAction\",\"target\":[\"https:\\\/\\\/loginfo24.com\\\/fr\\\/2026\\\/03\\\/11\\\/les-pilotes-de-lufthansa-prevoient-une-greve-de-deux-jours\\\/\"]}]},{\"@type\":\"ImageObject\",\"inLanguage\":\"fr-FR\",\"@id\":\"https:\\\/\\\/loginfo24.com\\\/fr\\\/2026\\\/03\\\/11\\\/les-pilotes-de-lufthansa-prevoient-une-greve-de-deux-jours\\\/#primaryimage\",\"url\":\"https:\\\/\\\/loginfo24.com\\\/wp-content\\\/uploads\\\/sites\\\/7\\\/2026\\\/03\\\/NEW_A321F_B777F_Lateral_PPT_Min-scaled-aspect-ratio-1400-788-2.jpg\",\"contentUrl\":\"https:\\\/\\\/loginfo24.com\\\/wp-content\\\/uploads\\\/sites\\\/7\\\/2026\\\/03\\\/NEW_A321F_B777F_Lateral_PPT_Min-scaled-aspect-ratio-1400-788-2.jpg\",\"width\":2471,\"height\":1391},{\"@type\":\"BreadcrumbList\",\"@id\":\"https:\\\/\\\/loginfo24.com\\\/fr\\\/2026\\\/03\\\/11\\\/les-pilotes-de-lufthansa-prevoient-une-greve-de-deux-jours\\\/#breadcrumb\",\"itemListElement\":[{\"@type\":\"ListItem\",\"position\":1,\"name\":\"Startseite\",\"item\":\"https:\\\/\\\/loginfo24.com\\\/fr\\\/\"},{\"@type\":\"ListItem\",\"position\":2,\"name\":\"Les pilotes de Lufthansa pr\u00e9voient une gr\u00e8ve de deux jours\"}]},{\"@type\":\"WebSite\",\"@id\":\"https:\\\/\\\/loginfo24.com\\\/fr\\\/#website\",\"url\":\"https:\\\/\\\/loginfo24.com\\\/fr\\\/\",\"name\":\"Loginfo24\",\"description\":\"Loginfo24 est la plateforme d\u00e9di\u00e9e \u00e0 la logistique et aux cha\u00eenes d&#039;approvisionnement qui fournit des informations 24 heures sur 24.\",\"publisher\":{\"@id\":\"https:\\\/\\\/loginfo24.com\\\/fr\\\/#organization\"},\"potentialAction\":[{\"@type\":\"SearchAction\",\"target\":{\"@type\":\"EntryPoint\",\"urlTemplate\":\"https:\\\/\\\/loginfo24.com\\\/fr\\\/?s={search_term_string}\"},\"query-input\":{\"@type\":\"PropertyValueSpecification\",\"valueRequired\":true,\"valueName\":\"search_term_string\"}}],\"inLanguage\":\"fr-FR\"},{\"@type\":\"Organization\",\"@id\":\"https:\\\/\\\/loginfo24.com\\\/fr\\\/#organization\",\"name\":\"Groupe Logismedia AG\",\"url\":\"https:\\\/\\\/loginfo24.com\\\/fr\\\/\",\"logo\":{\"@type\":\"ImageObject\",\"inLanguage\":\"fr-FR\",\"@id\":\"https:\\\/\\\/loginfo24.com\\\/fr\\\/#\\\/schema\\\/logo\\\/image\\\/\",\"url\":\"https:\\\/\\\/loginfo24.com\\\/wp-content\\\/uploads\\\/sites\\\/7\\\/2026\\\/01\\\/Logo_LogInfo24.png\",\"contentUrl\":\"https:\\\/\\\/loginfo24.com\\\/wp-content\\\/uploads\\\/sites\\\/7\\\/2026\\\/01\\\/Logo_LogInfo24.png\",\"width\":938,\"height\":351,\"caption\":\"Groupe Logismedia AG\"},\"image\":{\"@id\":\"https:\\\/\\\/loginfo24.com\\\/fr\\\/#\\\/schema\\\/logo\\\/image\\\/\"},\"sameAs\":[\"https:\\\/\\\/www.facebook.com\\\/people\\\/Loginfo24\\\/100057360583332\\\/\",\"https:\\\/\\\/www.linkedin.com\\\/company\\\/lofinfo24\\\/\"]},{\"@type\":\"Person\",\"@id\":\"https:\\\/\\\/loginfo24.com\\\/fr\\\/#\\\/schema\\\/person\\\/13a9fc605c753db60ef7750a229cd042\",\"name\":\"Gyan Sharan\",\"url\":\"https:\\\/\\\/loginfo24.com\\\/fr\\\/author\\\/gyan\\\/\"}]}<\/script>\n<!-- \/ Yoast SEO plugin. -->","yoast_head_json":{"title":"Les pilotes de Lufthansa pr\u00e9voient une gr\u00e8ve de deux jours - Loginfo24","robots":{"index":"index","follow":"follow","max-snippet":"max-snippet:-1","max-image-preview":"max-image-preview:large","max-video-preview":"max-video-preview:-1"},"canonical":"https:\/\/loginfo24.com\/fr\/2026\/03\/11\/les-pilotes-de-lufthansa-prevoient-une-greve-de-deux-jours\/","og_locale":"fr_FR","og_type":"article","og_title":"Les pilotes de Lufthansa pr\u00e9voient une gr\u00e8ve de deux jours - Loginfo24","og_description":"Une gr\u00e8ve des pilotes chez Lufthansa est annonc\u00e9e pour les 12 et 13 mars, ce qui pourrait affecter de nombreux vols de la compagnie.","og_url":"https:\/\/loginfo24.com\/fr\/2026\/03\/11\/les-pilotes-de-lufthansa-prevoient-une-greve-de-deux-jours\/","og_site_name":"Loginfo24","article_publisher":"https:\/\/www.facebook.com\/people\/Loginfo24\/100057360583332\/","article_published_time":"2026-03-11T14:31:19+00:00","article_modified_time":"2026-03-11T14:47:13+00:00","og_image":[{"width":2471,"height":1391,"url":"https:\/\/loginfo24.com\/wp-content\/uploads\/sites\/7\/2026\/03\/NEW_A321F_B777F_Lateral_PPT_Min-scaled-aspect-ratio-1400-788-2.jpg","type":"image\/jpeg"}],"author":"Gyan Sharan","twitter_card":"summary_large_image","twitter_misc":{"\u00c9crit par":"Gyan Sharan","Dur\u00e9e de lecture estim\u00e9e":"1 minute"},"schema":{"@context":"https:\/\/schema.org","@graph":[{"@type":"Article","@id":"https:\/\/loginfo24.com\/fr\/2026\/03\/11\/les-pilotes-de-lufthansa-prevoient-une-greve-de-deux-jours\/#article","isPartOf":{"@id":"https:\/\/loginfo24.com\/fr\/2026\/03\/11\/les-pilotes-de-lufthansa-prevoient-une-greve-de-deux-jours\/"},"author":{"name":"Gyan Sharan","@id":"https:\/\/loginfo24.com\/fr\/#\/schema\/person\/13a9fc605c753db60ef7750a229cd042"},"headline":"Les pilotes de Lufthansa pr\u00e9voient une gr\u00e8ve de deux jours","datePublished":"2026-03-11T14:31:19+00:00","dateModified":"2026-03-11T14:47:13+00:00","mainEntityOfPage":{"@id":"https:\/\/loginfo24.com\/fr\/2026\/03\/11\/les-pilotes-de-lufthansa-prevoient-une-greve-de-deux-jours\/"},"wordCount":269,"commentCount":0,"publisher":{"@id":"https:\/\/loginfo24.com\/fr\/#organization"},"image":{"@id":"https:\/\/loginfo24.com\/fr\/2026\/03\/11\/les-pilotes-de-lufthansa-prevoient-une-greve-de-deux-jours\/#primaryimage"},"thumbnailUrl":"https:\/\/loginfo24.com\/wp-content\/uploads\/sites\/7\/2026\/03\/NEW_A321F_B777F_Lateral_PPT_Min-scaled-aspect-ratio-1400-788-2.jpg","keywords":["actions de gr\u00e8ve","affected flights","air freight logistics Fran\u00e7ais Lufthansa","air traffic Middle East","annonce de gr\u00e8ve","Arbeitskampf","Arbeitskampfmassnahmen","aviation industry","bargaining round","betriebliche Altersversorgung","collective bargaining","compagnie r\u00e9gionale Lufthansa Cityline","conflit de travail","Deutsch Lufthansa","droits des passagers","dur\u00e9e de gr\u00e8ve 48 heures","Eurowings Streik","Eurowings strike","flights Germany","Fl\u00fcge beeintr\u00e4chtigt","Fl\u00fcge Deutschland","Fluggastrechte","Frachtgesellschaft Lufthansa","freight company Lufthansa","Gewerkschaft Vereinigung Cockpit","gr\u00e8ve des pilotes","gr\u00e8ve Eurowings","industrie a\u00e9ronautique","labor dispute","logistique a\u00e9rienne","Luftfahrtbranche","Luftfahrtlogistik English Lufthansa","Lufthansa Cargo","Luftverkehr Naher Osten","n\u00e9gociations collectives","occupational pension scheme","passenger rights","Pilotenstreik","pilots strike","r\u00e9gime de retraite professionnel","regional airline Lufthansa Cityline","Regionalfluglinie Lufthansa Cityline","ronde de n\u00e9gociations","soci\u00e9t\u00e9 de fret Lufthansa","Streikank\u00fcndigung","Streikdauer 48 Stunden","strike actions","strike announcement","strike duration 48 hours","syndicat Vereinigung Cockpit","Tarifrunde","Tarifverhandlungen","trafic a\u00e9rien Moyen-Orient","Vereinigung Cockpit union","vols affect\u00e9s","vols Allemagne"],"articleSection":["Europa","Fret a\u00e9rien"],"inLanguage":"fr-FR","potentialAction":[{"@type":"CommentAction","name":"Comment","target":["https:\/\/loginfo24.com\/fr\/2026\/03\/11\/les-pilotes-de-lufthansa-prevoient-une-greve-de-deux-jours\/#respond"]}]},{"@type":"WebPage","@id":"https:\/\/loginfo24.com\/fr\/2026\/03\/11\/les-pilotes-de-lufthansa-prevoient-une-greve-de-deux-jours\/","url":"https:\/\/loginfo24.com\/fr\/2026\/03\/11\/les-pilotes-de-lufthansa-prevoient-une-greve-de-deux-jours\/","name":"Les pilotes de Lufthansa pr\u00e9voient une gr\u00e8ve de deux jours - Loginfo24","isPartOf":{"@id":"https:\/\/loginfo24.com\/fr\/#website"},"primaryImageOfPage":{"@id":"https:\/\/loginfo24.com\/fr\/2026\/03\/11\/les-pilotes-de-lufthansa-prevoient-une-greve-de-deux-jours\/#primaryimage"},"image":{"@id":"https:\/\/loginfo24.com\/fr\/2026\/03\/11\/les-pilotes-de-lufthansa-prevoient-une-greve-de-deux-jours\/#primaryimage"},"thumbnailUrl":"https:\/\/loginfo24.com\/wp-content\/uploads\/sites\/7\/2026\/03\/NEW_A321F_B777F_Lateral_PPT_Min-scaled-aspect-ratio-1400-788-2.jpg","datePublished":"2026-03-11T14:31:19+00:00","dateModified":"2026-03-11T14:47:13+00:00","breadcrumb":{"@id":"https:\/\/loginfo24.com\/fr\/2026\/03\/11\/les-pilotes-de-lufthansa-prevoient-une-greve-de-deux-jours\/#breadcrumb"},"inLanguage":"fr-FR","potentialAction":[{"@type":"ReadAction","target":["https:\/\/loginfo24.com\/fr\/2026\/03\/11\/les-pilotes-de-lufthansa-prevoient-une-greve-de-deux-jours\/"]}]},{"@type":"ImageObject","inLanguage":"fr-FR","@id":"https:\/\/loginfo24.com\/fr\/2026\/03\/11\/les-pilotes-de-lufthansa-prevoient-une-greve-de-deux-jours\/#primaryimage","url":"https:\/\/loginfo24.com\/wp-content\/uploads\/sites\/7\/2026\/03\/NEW_A321F_B777F_Lateral_PPT_Min-scaled-aspect-ratio-1400-788-2.jpg","contentUrl":"https:\/\/loginfo24.com\/wp-content\/uploads\/sites\/7\/2026\/03\/NEW_A321F_B777F_Lateral_PPT_Min-scaled-aspect-ratio-1400-788-2.jpg","width":2471,"height":1391},{"@type":"BreadcrumbList","@id":"https:\/\/loginfo24.com\/fr\/2026\/03\/11\/les-pilotes-de-lufthansa-prevoient-une-greve-de-deux-jours\/#breadcrumb","itemListElement":[{"@type":"ListItem","position":1,"name":"Startseite","item":"https:\/\/loginfo24.com\/fr\/"},{"@type":"ListItem","position":2,"name":"Les pilotes de Lufthansa pr\u00e9voient une gr\u00e8ve de deux jours"}]},{"@type":"WebSite","@id":"https:\/\/loginfo24.com\/fr\/#website","url":"https:\/\/loginfo24.com\/fr\/","name":"Loginfo24","description":"Loginfo24 est la plateforme d\u00e9di\u00e9e \u00e0 la logistique et aux cha\u00eenes d&#039;approvisionnement qui fournit des informations 24 heures sur 24.","publisher":{"@id":"https:\/\/loginfo24.com\/fr\/#organization"},"potentialAction":[{"@type":"SearchAction","target":{"@type":"EntryPoint","urlTemplate":"https:\/\/loginfo24.com\/fr\/?s={search_term_string}"},"query-input":{"@type":"PropertyValueSpecification","valueRequired":true,"valueName":"search_term_string"}}],"inLanguage":"fr-FR"},{"@type":"Organization","@id":"https:\/\/loginfo24.com\/fr\/#organization","name":"Groupe Logismedia AG","url":"https:\/\/loginfo24.com\/fr\/","logo":{"@type":"ImageObject","inLanguage":"fr-FR","@id":"https:\/\/loginfo24.com\/fr\/#\/schema\/logo\/image\/","url":"https:\/\/loginfo24.com\/wp-content\/uploads\/sites\/7\/2026\/01\/Logo_LogInfo24.png","contentUrl":"https:\/\/loginfo24.com\/wp-content\/uploads\/sites\/7\/2026\/01\/Logo_LogInfo24.png","width":938,"height":351,"caption":"Groupe Logismedia AG"},"image":{"@id":"https:\/\/loginfo24.com\/fr\/#\/schema\/logo\/image\/"},"sameAs":["https:\/\/www.facebook.com\/people\/Loginfo24\/100057360583332\/","https:\/\/www.linkedin.com\/company\/lofinfo24\/"]},{"@type":"Person","@id":"https:\/\/loginfo24.com\/fr\/#\/schema\/person\/13a9fc605c753db60ef7750a229cd042","name":"Gyan Sharan","url":"https:\/\/loginfo24.com\/fr\/author\/gyan\/"}]}},"_links":{"self":[{"href":"https:\/\/loginfo24.com\/fr\/wp-json\/wp\/v2\/posts\/76462","targetHints":{"allow":["GET"]}}],"collection":[{"href":"https:\/\/loginfo24.com\/fr\/wp-json\/wp\/v2\/posts"}],"about":[{"href":"https:\/\/loginfo24.com\/fr\/wp-json\/wp\/v2\/types\/post"}],"author":[{"embeddable":true,"href":"https:\/\/loginfo24.com\/fr\/wp-json\/wp\/v2\/users\/14"}],"replies":[{"embeddable":true,"href":"https:\/\/loginfo24.com\/fr\/wp-json\/wp\/v2\/comments?post=76462"}],"version-history":[{"count":2,"href":"https:\/\/loginfo24.com\/fr\/wp-json\/wp\/v2\/posts\/76462\/revisions"}],"predecessor-version":[{"id":76476,"href":"https:\/\/loginfo24.com\/fr\/wp-json\/wp\/v2\/posts\/76462\/revisions\/76476"}],"wp:featuredmedia":[{"embeddable":true,"href":"https:\/\/loginfo24.com\/fr\/wp-json\/wp\/v2\/media\/76460"}],"wp:attachment":[{"href":"https:\/\/loginfo24.com\/fr\/wp-json\/wp\/v2\/media?parent=76462"}],"wp:term":[{"taxonomy":"category","embeddable":true,"href":"https:\/\/loginfo24.com\/fr\/wp-json\/wp\/v2\/categories?post=76462"},{"taxonomy":"post_tag","embeddable":true,"href":"https:\/\/loginfo24.com\/fr\/wp-json\/wp\/v2\/tags?post=76462"}],"curies":[{"name":"wp","href":"https:\/\/api.w.org\/{rel}","templated":true}]}}