{"id":76204,"date":"2026-03-10T13:40:24","date_gmt":"2026-03-10T13:40:24","guid":{"rendered":"https:\/\/loginfo24.com\/2026\/03\/10\/cargo-partner-mise-sur-les-camions-electriques\/"},"modified":"2026-03-11T11:14:40","modified_gmt":"2026-03-11T10:14:40","slug":"cargo-partner-mise-sur-les-camions-electriques","status":"publish","type":"post","link":"https:\/\/loginfo24.com\/fr\/2026\/03\/10\/cargo-partner-mise-sur-les-camions-electriques\/","title":{"rendered":"Cargo-partner mise sur les camions \u00e9lectriques"},"content":{"rendered":"<p>Le prestataire logistique Cargo-partner acc\u00e9l\u00e8re la d\u00e9carbonisation de ses cha\u00eenes de transport. \u00c0 cet effet, l&#8217;entreprise a mis en service en Autriche, en collaboration avec son partenaire H. Wenzl Handel Transport Logistik, deux Mercedes-Benz eActros 300 enti\u00e8rement \u00e9lectriques pour le transport local autour de l&#8217;a\u00e9roport de Vienne.<\/p>\n<p>Les v\u00e9hicules circulent dans un rayon d&#8217;environ 90 km entre le hub de l&#8217;a\u00e9roport de Vienne et des destinations telles que St. P\u00f6lten ou le centre-ville de Vienne. Avec une autonomie d&#8217;environ 250 \u00e0 300 km, ils sont adapt\u00e9s aux tourn\u00e9es r\u00e9gionales. D\u00e8s 2024, Cargo-partner avait test\u00e9 l&#8217;eActros lors d&#8217;une phase d&#8217;essai, r\u00e9alisant des transports sans \u00e9missions dans les zones urbaines.<\/p>\n<p>Une condition centrale pour l&#8217;utilisation \u00e9tait la mise en place d&#8217;une infrastructure de recharge performante sur le site de Fischamend, qui fonctionne enti\u00e8rement avec de l&#8217;\u00e9lectricit\u00e9 verte. Selon l&#8217;entreprise, ce n&#8217;est pas le v\u00e9hicule qui repr\u00e9sentait le plus grand d\u00e9fi, mais surtout l&#8217;extension de la connexion \u00e9lectrique et l&#8217;infrastructure r\u00e9seau n\u00e9cessaire.<\/p>\n<p>Les camions \u00e9lectriques sont utilis\u00e9s dans le transport amont et aval des marchandises de stockage, a\u00e9riennes et maritimes. Cargo-partner consid\u00e8re le projet comme un investissement dans les solutions de transport futures et acquiert ainsi des exp\u00e9riences pratiques pour une \u00e9lectrification suppl\u00e9mentaire de la logistique.<\/p>\n<p><a href=\"http:\/\/www.cargo-partner.com\" target=\"_blank\" rel=\"noopener noreferrer\">www.cargo-partner.com<\/a><\/p>\n","protected":false},"excerpt":{"rendered":"<p>Cargo-partner a mis en service deux camions Mercedes-Benz eActros 300 enti\u00e8rement \u00e9lectriques en collaboration avec H. Wenzl pour le transport de proximit\u00e9 autour de l&rsquo;a\u00e9roport de Vienne.<\/p>\n","protected":false},"author":14,"featured_media":76202,"comment_status":"open","ping_status":"","sticky":false,"template":"","format":"standard","meta":{"_acf_changed":false,"footnotes":""},"categories":[6679,1581,1580],"tags":[13653,13654,6552,13655,13656,13657,13658,13659,13660,13661,3739,3353,3354,6558,6561,13662,2999,6564,2122,12646,13663,13664,13665,13666,13667,2125,13668,3745,2075,13669,10510,13670,3147,13671,13672,13673,13674,13675,3379,2145,13676,13677,13678,13679,7754,13680,13681,13682,13683,2155,3033,1837,13684,13685],"class_list":["post-76204","post","type-post","status-publish","format-standard","has-post-thumbnail","hentry","category-europa","category-expedition-et-logistique","category-intermodal-route","tag-aeroport-vienne","tag-airport-vienna","tag-camions-electriques","tag-chaines-de-transport-durables","tag-charging-infrastructure-fischamend","tag-decarbonisation-du-transport","tag-decarbonization-transport","tag-defis-de-connexion-electrique","tag-dekarbonisierung-transport","tag-deutsch-cargo-partner","tag-developpement-des-infrastructures","tag-digitalisierung-logistik","tag-digitalization-logistics","tag-e-lkw","tag-electric-trucks","tag-elektrische-logistik","tag-emission-free-transport","tag-emissionsfreie-transporte","tag-fachkraeftemangel-logistik","tag-flughafen-wien","tag-green-energy-logistics","tag-gruenstrom-logistik","tag-h-wenzl-commerce-transport-logistique","tag-h-wenzl-handel-transport-logistik-english-cargo-partner","tag-h-wenzl-trade-transport-logistics-francais-cargo-partner","tag-industrie-du-transport","tag-infrastructure-de-recharge-fischamend","tag-infrastructure-development","tag-infrastrukturentwicklung","tag-ladeinfrastruktur-fischamend","tag-logistics-service-provider-austria","tag-logistics-vienna","tag-logistikdienstleister-oesterreich","tag-logistique-energie-verte","tag-logistique-vienne","tag-mercedes-benz-eactros","tag-nachhaltige-transportketten","tag-nahverkehr-wien","tag-numerisation-logistique","tag-penurie-de-main-doeuvre-logistique","tag-power-connection-challenges","tag-prestataire-logistique-autriche","tag-regional-tours-vienna","tag-regionale-touren-wien","tag-skilled-labor-shortage-logistics","tag-solutions-logistiques-urbaines","tag-stromanschluss-herausforderungen","tag-sustainable-transport-chains","tag-tournees-regionales-vienne","tag-transport-industry","tag-transport-sans-emissions","tag-transportwirtschaft","tag-urban-logistics-solutions","tag-urbane-logistikloesungen"],"acf":[],"yoast_head":"<!-- This site is optimized with the Yoast SEO plugin v27.3 - https:\/\/yoast.com\/product\/yoast-seo-wordpress\/ -->\n<title>Cargo-partner mise sur les camions \u00e9lectriques - Loginfo24<\/title>\n<meta name=\"robots\" content=\"index, follow, max-snippet:-1, max-image-preview:large, max-video-preview:-1\" \/>\n<link rel=\"canonical\" href=\"https:\/\/loginfo24.com\/fr\/2026\/03\/10\/cargo-partner-mise-sur-les-camions-electriques\/\" \/>\n<meta property=\"og:locale\" content=\"fr_FR\" \/>\n<meta property=\"og:type\" content=\"article\" \/>\n<meta property=\"og:title\" content=\"Cargo-partner mise sur les camions \u00e9lectriques - Loginfo24\" \/>\n<meta property=\"og:description\" content=\"Cargo-partner a mis en service deux camions Mercedes-Benz eActros 300 enti\u00e8rement \u00e9lectriques en collaboration avec H. Wenzl pour le transport de proximit\u00e9 autour de l&#039;a\u00e9roport de Vienne.\" \/>\n<meta property=\"og:url\" content=\"https:\/\/loginfo24.com\/fr\/2026\/03\/10\/cargo-partner-mise-sur-les-camions-electriques\/\" \/>\n<meta property=\"og:site_name\" content=\"Loginfo24\" \/>\n<meta property=\"article:publisher\" content=\"https:\/\/www.facebook.com\/people\/Loginfo24\/100057360583332\/\" \/>\n<meta property=\"article:published_time\" content=\"2026-03-10T13:40:24+00:00\" \/>\n<meta property=\"article:modified_time\" content=\"2026-03-11T10:14:40+00:00\" \/>\n<meta property=\"og:image\" content=\"https:\/\/loginfo24.com\/wp-content\/uploads\/sites\/7\/2026\/03\/cargo-partner_E-Truck_Wenzl-cp-aspect-ratio-1400-788.jpg\" \/>\n\t<meta property=\"og:image:width\" content=\"1500\" \/>\n\t<meta property=\"og:image:height\" content=\"844\" \/>\n\t<meta property=\"og:image:type\" content=\"image\/jpeg\" \/>\n<meta name=\"author\" content=\"Gyan Sharan\" \/>\n<meta name=\"twitter:card\" content=\"summary_large_image\" \/>\n<meta name=\"twitter:label1\" content=\"\u00c9crit par\" \/>\n\t<meta name=\"twitter:data1\" content=\"Gyan Sharan\" \/>\n\t<meta name=\"twitter:label2\" content=\"Dur\u00e9e de lecture estim\u00e9e\" \/>\n\t<meta name=\"twitter:data2\" content=\"1 minute\" \/>\n<script type=\"application\/ld+json\" class=\"yoast-schema-graph\">{\"@context\":\"https:\\\/\\\/schema.org\",\"@graph\":[{\"@type\":\"Article\",\"@id\":\"https:\\\/\\\/loginfo24.com\\\/fr\\\/2026\\\/03\\\/10\\\/cargo-partner-mise-sur-les-camions-electriques\\\/#article\",\"isPartOf\":{\"@id\":\"https:\\\/\\\/loginfo24.com\\\/fr\\\/2026\\\/03\\\/10\\\/cargo-partner-mise-sur-les-camions-electriques\\\/\"},\"author\":{\"name\":\"Gyan Sharan\",\"@id\":\"https:\\\/\\\/loginfo24.com\\\/fr\\\/#\\\/schema\\\/person\\\/13a9fc605c753db60ef7750a229cd042\"},\"headline\":\"Cargo-partner mise sur les camions \u00e9lectriques\",\"datePublished\":\"2026-03-10T13:40:24+00:00\",\"dateModified\":\"2026-03-11T10:14:40+00:00\",\"mainEntityOfPage\":{\"@id\":\"https:\\\/\\\/loginfo24.com\\\/fr\\\/2026\\\/03\\\/10\\\/cargo-partner-mise-sur-les-camions-electriques\\\/\"},\"wordCount\":245,\"commentCount\":0,\"publisher\":{\"@id\":\"https:\\\/\\\/loginfo24.com\\\/fr\\\/#organization\"},\"image\":{\"@id\":\"https:\\\/\\\/loginfo24.com\\\/fr\\\/2026\\\/03\\\/10\\\/cargo-partner-mise-sur-les-camions-electriques\\\/#primaryimage\"},\"thumbnailUrl\":\"https:\\\/\\\/loginfo24.com\\\/wp-content\\\/uploads\\\/sites\\\/7\\\/2026\\\/03\\\/cargo-partner_E-Truck_Wenzl-cp-aspect-ratio-1400-788.jpg\",\"keywords\":[\"a\u00e9roport Vienne\",\"airport Vienna\",\"camions \u00e9lectriques\",\"cha\u00eenes de transport durables\",\"charging infrastructure Fischamend\",\"d\u00e9carbonisation du transport\",\"decarbonization transport\",\"d\u00e9fis de connexion \u00e9lectrique\",\"Dekarbonisierung Transport\",\"Deutsch Cargo-partner\",\"d\u00e9veloppement des infrastructures\",\"Digitalisierung Logistik\",\"digitalization logistics\",\"E-Lkw\",\"electric trucks\",\"elektrische Logistik\",\"emission-free transport\",\"emissionsfreie Transporte\",\"Fachkr\u00e4ftemangel Logistik\",\"Flughafen Wien\",\"green energy logistics\",\"Gr\u00fcnstrom Logistik\",\"H. Wenzl commerce transport logistique\",\"H. Wenzl Handel Transport Logistik English Cargo-partner\",\"H. Wenzl trade transport logistics Fran\u00e7ais Cargo-partner\",\"industrie du transport\",\"infrastructure de recharge Fischamend\",\"infrastructure development\",\"Infrastrukturentwicklung\",\"Ladeinfrastruktur Fischamend\",\"logistics service provider Austria\",\"logistics Vienna\",\"Logistikdienstleister \u00d6sterreich\",\"logistique \u00e9nergie verte\",\"logistique Vienne\",\"Mercedes-Benz eActros\",\"nachhaltige Transportketten\",\"Nahverkehr Wien\",\"num\u00e9risation logistique\",\"p\u00e9nurie de main-d'\u0153uvre logistique\",\"power connection challenges\",\"prestataire logistique Autriche\",\"regional tours Vienna\",\"regionale Touren Wien\",\"skilled labor shortage logistics\",\"solutions logistiques urbaines\",\"Stromanschluss Herausforderungen\",\"sustainable transport chains\",\"tourn\u00e9es r\u00e9gionales Vienne\",\"transport industry\",\"transport sans \u00e9missions\",\"Transportwirtschaft\",\"urban logistics solutions\",\"urbane Logistikl\u00f6sungen\"],\"articleSection\":[\"Europa\",\"Exp\u00e9dition de fret et logistique\",\"Intermodal \\\/ Route\"],\"inLanguage\":\"fr-FR\",\"potentialAction\":[{\"@type\":\"CommentAction\",\"name\":\"Comment\",\"target\":[\"https:\\\/\\\/loginfo24.com\\\/fr\\\/2026\\\/03\\\/10\\\/cargo-partner-mise-sur-les-camions-electriques\\\/#respond\"]}]},{\"@type\":\"WebPage\",\"@id\":\"https:\\\/\\\/loginfo24.com\\\/fr\\\/2026\\\/03\\\/10\\\/cargo-partner-mise-sur-les-camions-electriques\\\/\",\"url\":\"https:\\\/\\\/loginfo24.com\\\/fr\\\/2026\\\/03\\\/10\\\/cargo-partner-mise-sur-les-camions-electriques\\\/\",\"name\":\"Cargo-partner mise sur les camions \u00e9lectriques - Loginfo24\",\"isPartOf\":{\"@id\":\"https:\\\/\\\/loginfo24.com\\\/fr\\\/#website\"},\"primaryImageOfPage\":{\"@id\":\"https:\\\/\\\/loginfo24.com\\\/fr\\\/2026\\\/03\\\/10\\\/cargo-partner-mise-sur-les-camions-electriques\\\/#primaryimage\"},\"image\":{\"@id\":\"https:\\\/\\\/loginfo24.com\\\/fr\\\/2026\\\/03\\\/10\\\/cargo-partner-mise-sur-les-camions-electriques\\\/#primaryimage\"},\"thumbnailUrl\":\"https:\\\/\\\/loginfo24.com\\\/wp-content\\\/uploads\\\/sites\\\/7\\\/2026\\\/03\\\/cargo-partner_E-Truck_Wenzl-cp-aspect-ratio-1400-788.jpg\",\"datePublished\":\"2026-03-10T13:40:24+00:00\",\"dateModified\":\"2026-03-11T10:14:40+00:00\",\"breadcrumb\":{\"@id\":\"https:\\\/\\\/loginfo24.com\\\/fr\\\/2026\\\/03\\\/10\\\/cargo-partner-mise-sur-les-camions-electriques\\\/#breadcrumb\"},\"inLanguage\":\"fr-FR\",\"potentialAction\":[{\"@type\":\"ReadAction\",\"target\":[\"https:\\\/\\\/loginfo24.com\\\/fr\\\/2026\\\/03\\\/10\\\/cargo-partner-mise-sur-les-camions-electriques\\\/\"]}]},{\"@type\":\"ImageObject\",\"inLanguage\":\"fr-FR\",\"@id\":\"https:\\\/\\\/loginfo24.com\\\/fr\\\/2026\\\/03\\\/10\\\/cargo-partner-mise-sur-les-camions-electriques\\\/#primaryimage\",\"url\":\"https:\\\/\\\/loginfo24.com\\\/wp-content\\\/uploads\\\/sites\\\/7\\\/2026\\\/03\\\/cargo-partner_E-Truck_Wenzl-cp-aspect-ratio-1400-788.jpg\",\"contentUrl\":\"https:\\\/\\\/loginfo24.com\\\/wp-content\\\/uploads\\\/sites\\\/7\\\/2026\\\/03\\\/cargo-partner_E-Truck_Wenzl-cp-aspect-ratio-1400-788.jpg\",\"width\":1500,\"height\":844},{\"@type\":\"BreadcrumbList\",\"@id\":\"https:\\\/\\\/loginfo24.com\\\/fr\\\/2026\\\/03\\\/10\\\/cargo-partner-mise-sur-les-camions-electriques\\\/#breadcrumb\",\"itemListElement\":[{\"@type\":\"ListItem\",\"position\":1,\"name\":\"Startseite\",\"item\":\"https:\\\/\\\/loginfo24.com\\\/fr\\\/\"},{\"@type\":\"ListItem\",\"position\":2,\"name\":\"Cargo-partner mise sur les camions \u00e9lectriques\"}]},{\"@type\":\"WebSite\",\"@id\":\"https:\\\/\\\/loginfo24.com\\\/fr\\\/#website\",\"url\":\"https:\\\/\\\/loginfo24.com\\\/fr\\\/\",\"name\":\"Loginfo24\",\"description\":\"Loginfo24 est la plateforme d\u00e9di\u00e9e \u00e0 la logistique et aux cha\u00eenes d&#039;approvisionnement qui fournit des informations 24 heures sur 24.\",\"publisher\":{\"@id\":\"https:\\\/\\\/loginfo24.com\\\/fr\\\/#organization\"},\"potentialAction\":[{\"@type\":\"SearchAction\",\"target\":{\"@type\":\"EntryPoint\",\"urlTemplate\":\"https:\\\/\\\/loginfo24.com\\\/fr\\\/?s={search_term_string}\"},\"query-input\":{\"@type\":\"PropertyValueSpecification\",\"valueRequired\":true,\"valueName\":\"search_term_string\"}}],\"inLanguage\":\"fr-FR\"},{\"@type\":\"Organization\",\"@id\":\"https:\\\/\\\/loginfo24.com\\\/fr\\\/#organization\",\"name\":\"Groupe Logismedia AG\",\"url\":\"https:\\\/\\\/loginfo24.com\\\/fr\\\/\",\"logo\":{\"@type\":\"ImageObject\",\"inLanguage\":\"fr-FR\",\"@id\":\"https:\\\/\\\/loginfo24.com\\\/fr\\\/#\\\/schema\\\/logo\\\/image\\\/\",\"url\":\"https:\\\/\\\/loginfo24.com\\\/wp-content\\\/uploads\\\/sites\\\/7\\\/2026\\\/01\\\/Logo_LogInfo24.png\",\"contentUrl\":\"https:\\\/\\\/loginfo24.com\\\/wp-content\\\/uploads\\\/sites\\\/7\\\/2026\\\/01\\\/Logo_LogInfo24.png\",\"width\":938,\"height\":351,\"caption\":\"Groupe Logismedia AG\"},\"image\":{\"@id\":\"https:\\\/\\\/loginfo24.com\\\/fr\\\/#\\\/schema\\\/logo\\\/image\\\/\"},\"sameAs\":[\"https:\\\/\\\/www.facebook.com\\\/people\\\/Loginfo24\\\/100057360583332\\\/\",\"https:\\\/\\\/www.linkedin.com\\\/company\\\/lofinfo24\\\/\"]},{\"@type\":\"Person\",\"@id\":\"https:\\\/\\\/loginfo24.com\\\/fr\\\/#\\\/schema\\\/person\\\/13a9fc605c753db60ef7750a229cd042\",\"name\":\"Gyan Sharan\",\"url\":\"https:\\\/\\\/loginfo24.com\\\/fr\\\/author\\\/gyan\\\/\"}]}<\/script>\n<!-- \/ Yoast SEO plugin. -->","yoast_head_json":{"title":"Cargo-partner mise sur les camions \u00e9lectriques - Loginfo24","robots":{"index":"index","follow":"follow","max-snippet":"max-snippet:-1","max-image-preview":"max-image-preview:large","max-video-preview":"max-video-preview:-1"},"canonical":"https:\/\/loginfo24.com\/fr\/2026\/03\/10\/cargo-partner-mise-sur-les-camions-electriques\/","og_locale":"fr_FR","og_type":"article","og_title":"Cargo-partner mise sur les camions \u00e9lectriques - Loginfo24","og_description":"Cargo-partner a mis en service deux camions Mercedes-Benz eActros 300 enti\u00e8rement \u00e9lectriques en collaboration avec H. Wenzl pour le transport de proximit\u00e9 autour de l'a\u00e9roport de Vienne.","og_url":"https:\/\/loginfo24.com\/fr\/2026\/03\/10\/cargo-partner-mise-sur-les-camions-electriques\/","og_site_name":"Loginfo24","article_publisher":"https:\/\/www.facebook.com\/people\/Loginfo24\/100057360583332\/","article_published_time":"2026-03-10T13:40:24+00:00","article_modified_time":"2026-03-11T10:14:40+00:00","og_image":[{"width":1500,"height":844,"url":"https:\/\/loginfo24.com\/wp-content\/uploads\/sites\/7\/2026\/03\/cargo-partner_E-Truck_Wenzl-cp-aspect-ratio-1400-788.jpg","type":"image\/jpeg"}],"author":"Gyan Sharan","twitter_card":"summary_large_image","twitter_misc":{"\u00c9crit par":"Gyan Sharan","Dur\u00e9e de lecture estim\u00e9e":"1 minute"},"schema":{"@context":"https:\/\/schema.org","@graph":[{"@type":"Article","@id":"https:\/\/loginfo24.com\/fr\/2026\/03\/10\/cargo-partner-mise-sur-les-camions-electriques\/#article","isPartOf":{"@id":"https:\/\/loginfo24.com\/fr\/2026\/03\/10\/cargo-partner-mise-sur-les-camions-electriques\/"},"author":{"name":"Gyan Sharan","@id":"https:\/\/loginfo24.com\/fr\/#\/schema\/person\/13a9fc605c753db60ef7750a229cd042"},"headline":"Cargo-partner mise sur les camions \u00e9lectriques","datePublished":"2026-03-10T13:40:24+00:00","dateModified":"2026-03-11T10:14:40+00:00","mainEntityOfPage":{"@id":"https:\/\/loginfo24.com\/fr\/2026\/03\/10\/cargo-partner-mise-sur-les-camions-electriques\/"},"wordCount":245,"commentCount":0,"publisher":{"@id":"https:\/\/loginfo24.com\/fr\/#organization"},"image":{"@id":"https:\/\/loginfo24.com\/fr\/2026\/03\/10\/cargo-partner-mise-sur-les-camions-electriques\/#primaryimage"},"thumbnailUrl":"https:\/\/loginfo24.com\/wp-content\/uploads\/sites\/7\/2026\/03\/cargo-partner_E-Truck_Wenzl-cp-aspect-ratio-1400-788.jpg","keywords":["a\u00e9roport Vienne","airport Vienna","camions \u00e9lectriques","cha\u00eenes de transport durables","charging infrastructure Fischamend","d\u00e9carbonisation du transport","decarbonization transport","d\u00e9fis de connexion \u00e9lectrique","Dekarbonisierung Transport","Deutsch Cargo-partner","d\u00e9veloppement des infrastructures","Digitalisierung Logistik","digitalization logistics","E-Lkw","electric trucks","elektrische Logistik","emission-free transport","emissionsfreie Transporte","Fachkr\u00e4ftemangel Logistik","Flughafen Wien","green energy logistics","Gr\u00fcnstrom Logistik","H. Wenzl commerce transport logistique","H. Wenzl Handel Transport Logistik English Cargo-partner","H. Wenzl trade transport logistics Fran\u00e7ais Cargo-partner","industrie du transport","infrastructure de recharge Fischamend","infrastructure development","Infrastrukturentwicklung","Ladeinfrastruktur Fischamend","logistics service provider Austria","logistics Vienna","Logistikdienstleister \u00d6sterreich","logistique \u00e9nergie verte","logistique Vienne","Mercedes-Benz eActros","nachhaltige Transportketten","Nahverkehr Wien","num\u00e9risation logistique","p\u00e9nurie de main-d'\u0153uvre logistique","power connection challenges","prestataire logistique Autriche","regional tours Vienna","regionale Touren Wien","skilled labor shortage logistics","solutions logistiques urbaines","Stromanschluss Herausforderungen","sustainable transport chains","tourn\u00e9es r\u00e9gionales Vienne","transport industry","transport sans \u00e9missions","Transportwirtschaft","urban logistics solutions","urbane Logistikl\u00f6sungen"],"articleSection":["Europa","Exp\u00e9dition de fret et logistique","Intermodal \/ Route"],"inLanguage":"fr-FR","potentialAction":[{"@type":"CommentAction","name":"Comment","target":["https:\/\/loginfo24.com\/fr\/2026\/03\/10\/cargo-partner-mise-sur-les-camions-electriques\/#respond"]}]},{"@type":"WebPage","@id":"https:\/\/loginfo24.com\/fr\/2026\/03\/10\/cargo-partner-mise-sur-les-camions-electriques\/","url":"https:\/\/loginfo24.com\/fr\/2026\/03\/10\/cargo-partner-mise-sur-les-camions-electriques\/","name":"Cargo-partner mise sur les camions \u00e9lectriques - Loginfo24","isPartOf":{"@id":"https:\/\/loginfo24.com\/fr\/#website"},"primaryImageOfPage":{"@id":"https:\/\/loginfo24.com\/fr\/2026\/03\/10\/cargo-partner-mise-sur-les-camions-electriques\/#primaryimage"},"image":{"@id":"https:\/\/loginfo24.com\/fr\/2026\/03\/10\/cargo-partner-mise-sur-les-camions-electriques\/#primaryimage"},"thumbnailUrl":"https:\/\/loginfo24.com\/wp-content\/uploads\/sites\/7\/2026\/03\/cargo-partner_E-Truck_Wenzl-cp-aspect-ratio-1400-788.jpg","datePublished":"2026-03-10T13:40:24+00:00","dateModified":"2026-03-11T10:14:40+00:00","breadcrumb":{"@id":"https:\/\/loginfo24.com\/fr\/2026\/03\/10\/cargo-partner-mise-sur-les-camions-electriques\/#breadcrumb"},"inLanguage":"fr-FR","potentialAction":[{"@type":"ReadAction","target":["https:\/\/loginfo24.com\/fr\/2026\/03\/10\/cargo-partner-mise-sur-les-camions-electriques\/"]}]},{"@type":"ImageObject","inLanguage":"fr-FR","@id":"https:\/\/loginfo24.com\/fr\/2026\/03\/10\/cargo-partner-mise-sur-les-camions-electriques\/#primaryimage","url":"https:\/\/loginfo24.com\/wp-content\/uploads\/sites\/7\/2026\/03\/cargo-partner_E-Truck_Wenzl-cp-aspect-ratio-1400-788.jpg","contentUrl":"https:\/\/loginfo24.com\/wp-content\/uploads\/sites\/7\/2026\/03\/cargo-partner_E-Truck_Wenzl-cp-aspect-ratio-1400-788.jpg","width":1500,"height":844},{"@type":"BreadcrumbList","@id":"https:\/\/loginfo24.com\/fr\/2026\/03\/10\/cargo-partner-mise-sur-les-camions-electriques\/#breadcrumb","itemListElement":[{"@type":"ListItem","position":1,"name":"Startseite","item":"https:\/\/loginfo24.com\/fr\/"},{"@type":"ListItem","position":2,"name":"Cargo-partner mise sur les camions \u00e9lectriques"}]},{"@type":"WebSite","@id":"https:\/\/loginfo24.com\/fr\/#website","url":"https:\/\/loginfo24.com\/fr\/","name":"Loginfo24","description":"Loginfo24 est la plateforme d\u00e9di\u00e9e \u00e0 la logistique et aux cha\u00eenes d&#039;approvisionnement qui fournit des informations 24 heures sur 24.","publisher":{"@id":"https:\/\/loginfo24.com\/fr\/#organization"},"potentialAction":[{"@type":"SearchAction","target":{"@type":"EntryPoint","urlTemplate":"https:\/\/loginfo24.com\/fr\/?s={search_term_string}"},"query-input":{"@type":"PropertyValueSpecification","valueRequired":true,"valueName":"search_term_string"}}],"inLanguage":"fr-FR"},{"@type":"Organization","@id":"https:\/\/loginfo24.com\/fr\/#organization","name":"Groupe Logismedia AG","url":"https:\/\/loginfo24.com\/fr\/","logo":{"@type":"ImageObject","inLanguage":"fr-FR","@id":"https:\/\/loginfo24.com\/fr\/#\/schema\/logo\/image\/","url":"https:\/\/loginfo24.com\/wp-content\/uploads\/sites\/7\/2026\/01\/Logo_LogInfo24.png","contentUrl":"https:\/\/loginfo24.com\/wp-content\/uploads\/sites\/7\/2026\/01\/Logo_LogInfo24.png","width":938,"height":351,"caption":"Groupe Logismedia AG"},"image":{"@id":"https:\/\/loginfo24.com\/fr\/#\/schema\/logo\/image\/"},"sameAs":["https:\/\/www.facebook.com\/people\/Loginfo24\/100057360583332\/","https:\/\/www.linkedin.com\/company\/lofinfo24\/"]},{"@type":"Person","@id":"https:\/\/loginfo24.com\/fr\/#\/schema\/person\/13a9fc605c753db60ef7750a229cd042","name":"Gyan Sharan","url":"https:\/\/loginfo24.com\/fr\/author\/gyan\/"}]}},"_links":{"self":[{"href":"https:\/\/loginfo24.com\/fr\/wp-json\/wp\/v2\/posts\/76204","targetHints":{"allow":["GET"]}}],"collection":[{"href":"https:\/\/loginfo24.com\/fr\/wp-json\/wp\/v2\/posts"}],"about":[{"href":"https:\/\/loginfo24.com\/fr\/wp-json\/wp\/v2\/types\/post"}],"author":[{"embeddable":true,"href":"https:\/\/loginfo24.com\/fr\/wp-json\/wp\/v2\/users\/14"}],"replies":[{"embeddable":true,"href":"https:\/\/loginfo24.com\/fr\/wp-json\/wp\/v2\/comments?post=76204"}],"version-history":[{"count":10,"href":"https:\/\/loginfo24.com\/fr\/wp-json\/wp\/v2\/posts\/76204\/revisions"}],"predecessor-version":[{"id":76373,"href":"https:\/\/loginfo24.com\/fr\/wp-json\/wp\/v2\/posts\/76204\/revisions\/76373"}],"wp:featuredmedia":[{"embeddable":true,"href":"https:\/\/loginfo24.com\/fr\/wp-json\/wp\/v2\/media\/76202"}],"wp:attachment":[{"href":"https:\/\/loginfo24.com\/fr\/wp-json\/wp\/v2\/media?parent=76204"}],"wp:term":[{"taxonomy":"category","embeddable":true,"href":"https:\/\/loginfo24.com\/fr\/wp-json\/wp\/v2\/categories?post=76204"},{"taxonomy":"post_tag","embeddable":true,"href":"https:\/\/loginfo24.com\/fr\/wp-json\/wp\/v2\/tags?post=76204"}],"curies":[{"name":"wp","href":"https:\/\/api.w.org\/{rel}","templated":true}]}}