{"id":76180,"date":"2026-03-10T10:14:01","date_gmt":"2026-03-10T10:14:01","guid":{"rendered":"https:\/\/loginfo24.com\/2026\/03\/10\/hoelkemeier-construit-un-centre-logistique-pour-melitta-a-kalldorf\/"},"modified":"2026-03-12T20:17:46","modified_gmt":"2026-03-12T19:17:46","slug":"hoelkemeier-construit-un-centre-logistique-pour-melitta-a-kalldorf","status":"publish","type":"post","link":"https:\/\/loginfo24.com\/fr\/2026\/03\/10\/hoelkemeier-construit-un-centre-logistique-pour-melitta-a-kalldorf\/","title":{"rendered":"H\u00f6lkemeier construit un centre logistique pour Melitta \u00e0 Kalldorf"},"content":{"rendered":"<p>La soci\u00e9t\u00e9 H\u00f6lkemeier Spedition GmbH a annonc\u00e9 l&#8217;expansion de son r\u00e9seau de sites en Rh\u00e9nanie-du-Nord-Westphalie. Un nouveau centre logistique sera construit sur l&#8217;ancien site de Meyra dans le quartier de Kalldorf. La filiale du groupe Braker L.I.T. investit, en collaboration avec ESM Ertl Systemlogistik GmbH &amp; Co. KG, environ 20 millions d&#8217;euros dans la cr\u00e9ation d&#8217;un entrep\u00f4t central europ\u00e9en pour les produits m\u00e9nagers du groupe Melitta.<\/p>\n<h3>Infrastructure pr\u00e9vue et emplois<\/h3>\n<p>Avant le d\u00e9but des travaux de d\u00e9molition sur le site, l&#8217;utilisation future est d\u00e9j\u00e0 d\u00e9finie. Le b\u00e2timent administratif existant sera d\u00e9moli, tandis que le stockage \u00e0 rayonnage \u00e9lev\u00e9 et l&#8217;entrep\u00f4t adjacent d&#8217;une superficie d&#8217;environ 18 000 m\u00b2 seront conserv\u00e9s et int\u00e9gr\u00e9s dans le nouveau concept logistique. De plus, de nouveaux halls d&#8217;une surface utile d&#8217;environ 19 000 m\u00b2 sont pr\u00e9vus.<\/p>\n<p>Avec le nouveau centre logistique, environ 50 emplois seront cr\u00e9\u00e9s. Des employ\u00e9s de diff\u00e9rents niveaux de qualification sont recherch\u00e9s, y compris des travailleurs pour l&#8217;entrep\u00f4t, du personnel sp\u00e9cialis\u00e9 pour les processus logistiques ainsi que des sp\u00e9cialistes en informatique.<\/p>\n<p>Lars H\u00f6lkemeier, directeur g\u00e9n\u00e9ral de H\u00f6lkemeier Spedition GmbH et d&#8217;ESM Ertl Systemlogistik GmbH &amp; Co. KG, a comment\u00e9 les projets : \u00ab Avec le nouveau centre logistique \u00e0 Kalletal, nous renfor\u00e7ons strat\u00e9giquement notre collaboration avec Melitta et centralisons \u00e0 l&#8217;avenir les flux de marchandises \u00e0 un emplacement central. Il est important pour nous d&#8217;attirer des employ\u00e9s qualifi\u00e9s de la r\u00e9gion. Des trajets courts entre le domicile et le lieu de travail cr\u00e9ent de la stabilit\u00e9 et renforcent le lien avec le site. \u00bb<\/p>\n<h3>Processus logistiques efficaces et orientation durable<\/h3>\n<p>Le nouveau centre logistique sera con\u00e7u pour un stockage structur\u00e9 des marchandises et une distribution adapt\u00e9e aux besoins. Les marchandises seront stock\u00e9es de mani\u00e8re centralis\u00e9e et livr\u00e9es efficacement par palettes sur les march\u00e9s europ\u00e9ens. Gr\u00e2ce \u00e0 des flux de marchandises clairement planifi\u00e9s et \u00e0 des processus coordonn\u00e9s, un fonctionnement stable et facilement contr\u00f4lable sera garanti. De plus, l&#8217;utilisation de camions \u00e9lectriques soutiendra une logistique \u00e0 faibles \u00e9missions.<\/p>\n<p>L&#8217;orientation durable du projet s&#8217;inscrit dans la continuit\u00e9 des investissements ant\u00e9rieurs du groupe. L&#8217;ann\u00e9e derni\u00e8re, un nouveau hall logistique avec une installation photovolta\u00efque compl\u00e8te a \u00e9t\u00e9 mis en service au Regioport de Minden. Des camions \u00e9lectriques sont d\u00e9j\u00e0 en service dans le transport de navette.<\/p>\n<p>Julian Lachnitt, membre du conseil d&#8217;administration du groupe L.I.T., a soulign\u00e9 l&#8217;importance de l&#8217;investissement : \u00ab L&#8217;investissement \u00e0 Kalletal souligne notre strat\u00e9gie de croissance \u00e0 long terme dans la logistique contractuelle. Avec des infrastructures modernes, des concepts \u00e9co\u00e9nerg\u00e9tiques et des processus pilot\u00e9s num\u00e9riquement, nous cr\u00e9ons les bases de solutions logistiques durables et \u00e9volutives en Europe. En m\u00eame temps, nous renfor\u00e7ons notre pr\u00e9sence r\u00e9gionale en Ostwestfalen-Lippe. \u00bb<\/p>\n<p>Avec le nouveau centre de distribution, le groupe L.I.T. \u00e9largit ses capacit\u00e9s dans le domaine de la logistique des biens de consommation et renforce sa position en tant que partenaire des fabricants de marques internationales.<\/p>\n<p><a href=\"http:\/\/www.lit.de\" target=\"_blank\" rel=\"noopener noreferrer\">www.lit.de<\/a><\/p>\n","protected":false},"excerpt":{"rendered":"<p>H\u00f6lkemeier Spedition GmbH construit un nouveau centre logistique \u00e0 Kalldorf, cr\u00e9e 50 emplois et investit 20 millions d&rsquo;euros dans l&rsquo;infrastructure.<\/p>\n","protected":false},"author":7,"featured_media":76178,"comment_status":"open","ping_status":"","sticky":false,"template":"","format":"standard","meta":{"_acf_changed":false,"footnotes":""},"categories":[6671,6679,1581],"tags":[13527,13528,13529,12087,12089,13530,13531,2355,2356,13532,13533,13534,13535,13536,13537,13538,13539,13540,2122,2123,13541,13542,7598,13543,13544,13545,12099,2373,13546,13547,13548,13549,13550,13551,13552,13553,13554,13555,13556,13557,2145,13558,13559,13560,13561,13562,13563,13564,2394,2106,13565,13566,9192,6545,13567,13568,13569],"class_list":["post-76180","post","type-post","status-publish","format-standard","has-post-thumbnail","hentry","category-allemagne","category-europa","category-expedition-et-logistique","tag-arbeitsplaetze-logistikzentrum","tag-camions-electriques-logistique","tag-centre-logistique-kalldorf","tag-contract-logistics-growth","tag-croissance-logistique-contractuelle","tag-deutsch-hoelkemeier-spedition","tag-developpement-des-infrastructures-kalletal","tag-digital-logistics-solutions","tag-digitale-logistikloesungen","tag-e-lkw-logistik","tag-electric-trucks-logistics","tag-emplois-centre-logistique","tag-energieeffiziente-logistik","tag-energy-efficient-logistics","tag-entreposage-europe","tag-entrepot-central-europeen","tag-europaeisches-zentrallager","tag-european-central-warehouse","tag-fachkraeftemangel-logistik","tag-gestion-de-la-chaine-dapprovisionnement","tag-groupe-melitta","tag-halles-logistiques-minden","tag-industrie-du-transport-allemagne","tag-infrastructure-development-kalletal","tag-infrastrukturentwicklung-kalletal","tag-jobs-logistics-center","tag-kontraktlogistik-wachstum","tag-labor-shortage-logistics","tag-logistics-center-kalldorf","tag-logistics-hall-minden","tag-logistics-service-providers-north-rhine-westphalia","tag-logistikdienstleister-nordrhein-westfalen","tag-logistikhalle-minden","tag-logistikzentrum-kalldorf","tag-logistique-ecoenergetique","tag-melitta-group","tag-melitta-gruppe","tag-nachhaltige-logistikprozesse","tag-optimiser-les-flux-de-marchandises","tag-optimize-goods-flows-francais-hoelkemeier-spedition","tag-penurie-de-main-doeuvre-logistique","tag-photovoltaic-system-logistics","tag-photovoltaikanlage-logistik","tag-presence-regionale-ostwestfalen-lippe","tag-prestataires-logistiques-rhenanie-du-nord-westphalie","tag-processus-logistiques-durables","tag-regional-presence-east-westphalia-lippe","tag-regionale-praesenz-ostwestfalen-lippe","tag-solutions-logistiques-numeriques","tag-supply-chain-management","tag-sustainable-logistics-processes","tag-systeme-photovoltaique-logistique","tag-transport-industry-germany","tag-transportwirtschaft-deutschland","tag-warehousing-europe","tag-warenlagerung-europa","tag-warenstroeme-optimieren-english-hoelkemeier-spedition"],"acf":[],"yoast_head":"<!-- This site is optimized with the Yoast SEO plugin v27.3 - https:\/\/yoast.com\/product\/yoast-seo-wordpress\/ -->\n<title>H\u00f6lkemeier construit un centre logistique pour Melitta \u00e0 Kalldorf - Loginfo24<\/title>\n<meta name=\"robots\" content=\"index, follow, max-snippet:-1, max-image-preview:large, max-video-preview:-1\" \/>\n<link rel=\"canonical\" href=\"https:\/\/loginfo24.com\/fr\/2026\/03\/10\/hoelkemeier-construit-un-centre-logistique-pour-melitta-a-kalldorf\/\" \/>\n<meta property=\"og:locale\" content=\"fr_FR\" \/>\n<meta property=\"og:type\" content=\"article\" \/>\n<meta property=\"og:title\" content=\"H\u00f6lkemeier construit un centre logistique pour Melitta \u00e0 Kalldorf - Loginfo24\" \/>\n<meta property=\"og:description\" content=\"H\u00f6lkemeier Spedition GmbH construit un nouveau centre logistique \u00e0 Kalldorf, cr\u00e9e 50 emplois et investit 20 millions d&#039;euros dans l&#039;infrastructure.\" \/>\n<meta property=\"og:url\" content=\"https:\/\/loginfo24.com\/fr\/2026\/03\/10\/hoelkemeier-construit-un-centre-logistique-pour-melitta-a-kalldorf\/\" \/>\n<meta property=\"og:site_name\" content=\"Loginfo24\" \/>\n<meta property=\"article:publisher\" content=\"https:\/\/www.facebook.com\/people\/Loginfo24\/100057360583332\/\" \/>\n<meta property=\"article:published_time\" content=\"2026-03-10T10:14:01+00:00\" \/>\n<meta property=\"article:modified_time\" content=\"2026-03-12T19:17:46+00:00\" \/>\n<meta property=\"og:image\" content=\"https:\/\/loginfo24.com\/wp-content\/uploads\/sites\/7\/2026\/03\/LIT_10.3.26-aspect-ratio-1400-788.png\" \/>\n\t<meta property=\"og:image:width\" content=\"1200\" \/>\n\t<meta property=\"og:image:height\" content=\"676\" \/>\n\t<meta property=\"og:image:type\" content=\"image\/png\" \/>\n<meta name=\"author\" content=\"Andreas M\u00fcller\" \/>\n<meta name=\"twitter:card\" content=\"summary_large_image\" \/>\n<meta name=\"twitter:label1\" content=\"\u00c9crit par\" \/>\n\t<meta name=\"twitter:data1\" content=\"Andreas M\u00fcller\" \/>\n\t<meta name=\"twitter:label2\" content=\"Dur\u00e9e de lecture estim\u00e9e\" \/>\n\t<meta name=\"twitter:data2\" content=\"3 minutes\" \/>\n<script type=\"application\/ld+json\" class=\"yoast-schema-graph\">{\"@context\":\"https:\\\/\\\/schema.org\",\"@graph\":[{\"@type\":\"Article\",\"@id\":\"https:\\\/\\\/loginfo24.com\\\/fr\\\/2026\\\/03\\\/10\\\/hoelkemeier-construit-un-centre-logistique-pour-melitta-a-kalldorf\\\/#article\",\"isPartOf\":{\"@id\":\"https:\\\/\\\/loginfo24.com\\\/fr\\\/2026\\\/03\\\/10\\\/hoelkemeier-construit-un-centre-logistique-pour-melitta-a-kalldorf\\\/\"},\"author\":{\"name\":\"Andreas M\u00fcller\",\"@id\":\"https:\\\/\\\/loginfo24.com\\\/fr\\\/#\\\/schema\\\/person\\\/7b1593b33567ba798d300c8a1b0b85b1\"},\"headline\":\"H\u00f6lkemeier construit un centre logistique pour Melitta \u00e0 Kalldorf\",\"datePublished\":\"2026-03-10T10:14:01+00:00\",\"dateModified\":\"2026-03-12T19:17:46+00:00\",\"mainEntityOfPage\":{\"@id\":\"https:\\\/\\\/loginfo24.com\\\/fr\\\/2026\\\/03\\\/10\\\/hoelkemeier-construit-un-centre-logistique-pour-melitta-a-kalldorf\\\/\"},\"wordCount\":555,\"commentCount\":0,\"publisher\":{\"@id\":\"https:\\\/\\\/loginfo24.com\\\/fr\\\/#organization\"},\"image\":{\"@id\":\"https:\\\/\\\/loginfo24.com\\\/fr\\\/2026\\\/03\\\/10\\\/hoelkemeier-construit-un-centre-logistique-pour-melitta-a-kalldorf\\\/#primaryimage\"},\"thumbnailUrl\":\"https:\\\/\\\/loginfo24.com\\\/wp-content\\\/uploads\\\/sites\\\/7\\\/2026\\\/03\\\/LIT_10.3.26-aspect-ratio-1400-788.png\",\"keywords\":[\"Arbeitspl\u00e4tze Logistikzentrum\",\"camions \u00e9lectriques logistique\",\"centre logistique Kalldorf\",\"contract logistics growth\",\"croissance logistique contractuelle\",\"Deutsch H\u00f6lkemeier Spedition\",\"d\u00e9veloppement des infrastructures Kalletal\",\"digital logistics solutions\",\"digitale Logistikl\u00f6sungen\",\"E-Lkw Logistik\",\"electric trucks logistics\",\"emplois centre logistique\",\"energieeffiziente Logistik\",\"energy-efficient logistics\",\"entreposage Europe\",\"entrep\u00f4t central europ\u00e9en\",\"europ\u00e4isches Zentrallager\",\"European central warehouse\",\"Fachkr\u00e4ftemangel Logistik\",\"gestion de la cha\u00eene d'approvisionnement\",\"groupe Melitta\",\"halles logistiques Minden\",\"industrie du transport Allemagne\",\"infrastructure development Kalletal\",\"Infrastrukturentwicklung Kalletal\",\"jobs logistics center\",\"Kontraktlogistik Wachstum\",\"labor shortage logistics\",\"logistics center Kalldorf\",\"logistics hall Minden\",\"logistics service providers North Rhine-Westphalia\",\"Logistikdienstleister Nordrhein-Westfalen\",\"Logistikhalle Minden\",\"Logistikzentrum Kalldorf\",\"logistique \u00e9co\u00e9nerg\u00e9tique\",\"Melitta Group\",\"Melitta Gruppe\",\"nachhaltige Logistikprozesse\",\"optimiser les flux de marchandises\",\"optimize goods flows Fran\u00e7ais H\u00f6lkemeier Spedition\",\"p\u00e9nurie de main-d'\u0153uvre logistique\",\"photovoltaic system logistics\",\"Photovoltaikanlage Logistik\",\"pr\u00e9sence r\u00e9gionale Ostwestfalen-Lippe\",\"prestataires logistiques Rh\u00e9nanie-du-Nord-Westphalie\",\"processus logistiques durables\",\"regional presence East Westphalia-Lippe\",\"regionale Pr\u00e4senz Ostwestfalen-Lippe\",\"solutions logistiques num\u00e9riques\",\"Supply Chain Management\",\"sustainable logistics processes\",\"syst\u00e8me photovolta\u00efque logistique\",\"transport industry Germany\",\"Transportwirtschaft Deutschland\",\"warehousing Europe\",\"Warenlagerung Europa\",\"Warenstr\u00f6me optimieren English H\u00f6lkemeier Spedition\"],\"articleSection\":[\"Allemagne\",\"Europa\",\"Exp\u00e9dition de fret et logistique\"],\"inLanguage\":\"fr-FR\",\"potentialAction\":[{\"@type\":\"CommentAction\",\"name\":\"Comment\",\"target\":[\"https:\\\/\\\/loginfo24.com\\\/fr\\\/2026\\\/03\\\/10\\\/hoelkemeier-construit-un-centre-logistique-pour-melitta-a-kalldorf\\\/#respond\"]}]},{\"@type\":\"WebPage\",\"@id\":\"https:\\\/\\\/loginfo24.com\\\/fr\\\/2026\\\/03\\\/10\\\/hoelkemeier-construit-un-centre-logistique-pour-melitta-a-kalldorf\\\/\",\"url\":\"https:\\\/\\\/loginfo24.com\\\/fr\\\/2026\\\/03\\\/10\\\/hoelkemeier-construit-un-centre-logistique-pour-melitta-a-kalldorf\\\/\",\"name\":\"H\u00f6lkemeier construit un centre logistique pour Melitta \u00e0 Kalldorf - Loginfo24\",\"isPartOf\":{\"@id\":\"https:\\\/\\\/loginfo24.com\\\/fr\\\/#website\"},\"primaryImageOfPage\":{\"@id\":\"https:\\\/\\\/loginfo24.com\\\/fr\\\/2026\\\/03\\\/10\\\/hoelkemeier-construit-un-centre-logistique-pour-melitta-a-kalldorf\\\/#primaryimage\"},\"image\":{\"@id\":\"https:\\\/\\\/loginfo24.com\\\/fr\\\/2026\\\/03\\\/10\\\/hoelkemeier-construit-un-centre-logistique-pour-melitta-a-kalldorf\\\/#primaryimage\"},\"thumbnailUrl\":\"https:\\\/\\\/loginfo24.com\\\/wp-content\\\/uploads\\\/sites\\\/7\\\/2026\\\/03\\\/LIT_10.3.26-aspect-ratio-1400-788.png\",\"datePublished\":\"2026-03-10T10:14:01+00:00\",\"dateModified\":\"2026-03-12T19:17:46+00:00\",\"breadcrumb\":{\"@id\":\"https:\\\/\\\/loginfo24.com\\\/fr\\\/2026\\\/03\\\/10\\\/hoelkemeier-construit-un-centre-logistique-pour-melitta-a-kalldorf\\\/#breadcrumb\"},\"inLanguage\":\"fr-FR\",\"potentialAction\":[{\"@type\":\"ReadAction\",\"target\":[\"https:\\\/\\\/loginfo24.com\\\/fr\\\/2026\\\/03\\\/10\\\/hoelkemeier-construit-un-centre-logistique-pour-melitta-a-kalldorf\\\/\"]}]},{\"@type\":\"ImageObject\",\"inLanguage\":\"fr-FR\",\"@id\":\"https:\\\/\\\/loginfo24.com\\\/fr\\\/2026\\\/03\\\/10\\\/hoelkemeier-construit-un-centre-logistique-pour-melitta-a-kalldorf\\\/#primaryimage\",\"url\":\"https:\\\/\\\/loginfo24.com\\\/wp-content\\\/uploads\\\/sites\\\/7\\\/2026\\\/03\\\/LIT_10.3.26-aspect-ratio-1400-788.png\",\"contentUrl\":\"https:\\\/\\\/loginfo24.com\\\/wp-content\\\/uploads\\\/sites\\\/7\\\/2026\\\/03\\\/LIT_10.3.26-aspect-ratio-1400-788.png\",\"width\":1200,\"height\":676},{\"@type\":\"BreadcrumbList\",\"@id\":\"https:\\\/\\\/loginfo24.com\\\/fr\\\/2026\\\/03\\\/10\\\/hoelkemeier-construit-un-centre-logistique-pour-melitta-a-kalldorf\\\/#breadcrumb\",\"itemListElement\":[{\"@type\":\"ListItem\",\"position\":1,\"name\":\"Startseite\",\"item\":\"https:\\\/\\\/loginfo24.com\\\/fr\\\/\"},{\"@type\":\"ListItem\",\"position\":2,\"name\":\"H\u00f6lkemeier construit un centre logistique pour Melitta \u00e0 Kalldorf\"}]},{\"@type\":\"WebSite\",\"@id\":\"https:\\\/\\\/loginfo24.com\\\/fr\\\/#website\",\"url\":\"https:\\\/\\\/loginfo24.com\\\/fr\\\/\",\"name\":\"Loginfo24\",\"description\":\"Loginfo24 est la plateforme d\u00e9di\u00e9e \u00e0 la logistique et aux cha\u00eenes d&#039;approvisionnement qui fournit des informations 24 heures sur 24.\",\"publisher\":{\"@id\":\"https:\\\/\\\/loginfo24.com\\\/fr\\\/#organization\"},\"potentialAction\":[{\"@type\":\"SearchAction\",\"target\":{\"@type\":\"EntryPoint\",\"urlTemplate\":\"https:\\\/\\\/loginfo24.com\\\/fr\\\/?s={search_term_string}\"},\"query-input\":{\"@type\":\"PropertyValueSpecification\",\"valueRequired\":true,\"valueName\":\"search_term_string\"}}],\"inLanguage\":\"fr-FR\"},{\"@type\":\"Organization\",\"@id\":\"https:\\\/\\\/loginfo24.com\\\/fr\\\/#organization\",\"name\":\"Groupe Logismedia AG\",\"url\":\"https:\\\/\\\/loginfo24.com\\\/fr\\\/\",\"logo\":{\"@type\":\"ImageObject\",\"inLanguage\":\"fr-FR\",\"@id\":\"https:\\\/\\\/loginfo24.com\\\/fr\\\/#\\\/schema\\\/logo\\\/image\\\/\",\"url\":\"https:\\\/\\\/loginfo24.com\\\/wp-content\\\/uploads\\\/sites\\\/7\\\/2026\\\/01\\\/Logo_LogInfo24.png\",\"contentUrl\":\"https:\\\/\\\/loginfo24.com\\\/wp-content\\\/uploads\\\/sites\\\/7\\\/2026\\\/01\\\/Logo_LogInfo24.png\",\"width\":938,\"height\":351,\"caption\":\"Groupe Logismedia AG\"},\"image\":{\"@id\":\"https:\\\/\\\/loginfo24.com\\\/fr\\\/#\\\/schema\\\/logo\\\/image\\\/\"},\"sameAs\":[\"https:\\\/\\\/www.facebook.com\\\/people\\\/Loginfo24\\\/100057360583332\\\/\",\"https:\\\/\\\/www.linkedin.com\\\/company\\\/lofinfo24\\\/\"]},{\"@type\":\"Person\",\"@id\":\"https:\\\/\\\/loginfo24.com\\\/fr\\\/#\\\/schema\\\/person\\\/7b1593b33567ba798d300c8a1b0b85b1\",\"name\":\"Andreas M\u00fcller\",\"url\":\"https:\\\/\\\/loginfo24.com\\\/fr\\\/author\\\/logismedia\\\/\"}]}<\/script>\n<!-- \/ Yoast SEO plugin. -->","yoast_head_json":{"title":"H\u00f6lkemeier construit un centre logistique pour Melitta \u00e0 Kalldorf - Loginfo24","robots":{"index":"index","follow":"follow","max-snippet":"max-snippet:-1","max-image-preview":"max-image-preview:large","max-video-preview":"max-video-preview:-1"},"canonical":"https:\/\/loginfo24.com\/fr\/2026\/03\/10\/hoelkemeier-construit-un-centre-logistique-pour-melitta-a-kalldorf\/","og_locale":"fr_FR","og_type":"article","og_title":"H\u00f6lkemeier construit un centre logistique pour Melitta \u00e0 Kalldorf - Loginfo24","og_description":"H\u00f6lkemeier Spedition GmbH construit un nouveau centre logistique \u00e0 Kalldorf, cr\u00e9e 50 emplois et investit 20 millions d'euros dans l'infrastructure.","og_url":"https:\/\/loginfo24.com\/fr\/2026\/03\/10\/hoelkemeier-construit-un-centre-logistique-pour-melitta-a-kalldorf\/","og_site_name":"Loginfo24","article_publisher":"https:\/\/www.facebook.com\/people\/Loginfo24\/100057360583332\/","article_published_time":"2026-03-10T10:14:01+00:00","article_modified_time":"2026-03-12T19:17:46+00:00","og_image":[{"width":1200,"height":676,"url":"https:\/\/loginfo24.com\/wp-content\/uploads\/sites\/7\/2026\/03\/LIT_10.3.26-aspect-ratio-1400-788.png","type":"image\/png"}],"author":"Andreas M\u00fcller","twitter_card":"summary_large_image","twitter_misc":{"\u00c9crit par":"Andreas M\u00fcller","Dur\u00e9e de lecture estim\u00e9e":"3 minutes"},"schema":{"@context":"https:\/\/schema.org","@graph":[{"@type":"Article","@id":"https:\/\/loginfo24.com\/fr\/2026\/03\/10\/hoelkemeier-construit-un-centre-logistique-pour-melitta-a-kalldorf\/#article","isPartOf":{"@id":"https:\/\/loginfo24.com\/fr\/2026\/03\/10\/hoelkemeier-construit-un-centre-logistique-pour-melitta-a-kalldorf\/"},"author":{"name":"Andreas M\u00fcller","@id":"https:\/\/loginfo24.com\/fr\/#\/schema\/person\/7b1593b33567ba798d300c8a1b0b85b1"},"headline":"H\u00f6lkemeier construit un centre logistique pour Melitta \u00e0 Kalldorf","datePublished":"2026-03-10T10:14:01+00:00","dateModified":"2026-03-12T19:17:46+00:00","mainEntityOfPage":{"@id":"https:\/\/loginfo24.com\/fr\/2026\/03\/10\/hoelkemeier-construit-un-centre-logistique-pour-melitta-a-kalldorf\/"},"wordCount":555,"commentCount":0,"publisher":{"@id":"https:\/\/loginfo24.com\/fr\/#organization"},"image":{"@id":"https:\/\/loginfo24.com\/fr\/2026\/03\/10\/hoelkemeier-construit-un-centre-logistique-pour-melitta-a-kalldorf\/#primaryimage"},"thumbnailUrl":"https:\/\/loginfo24.com\/wp-content\/uploads\/sites\/7\/2026\/03\/LIT_10.3.26-aspect-ratio-1400-788.png","keywords":["Arbeitspl\u00e4tze Logistikzentrum","camions \u00e9lectriques logistique","centre logistique Kalldorf","contract logistics growth","croissance logistique contractuelle","Deutsch H\u00f6lkemeier Spedition","d\u00e9veloppement des infrastructures Kalletal","digital logistics solutions","digitale Logistikl\u00f6sungen","E-Lkw Logistik","electric trucks logistics","emplois centre logistique","energieeffiziente Logistik","energy-efficient logistics","entreposage Europe","entrep\u00f4t central europ\u00e9en","europ\u00e4isches Zentrallager","European central warehouse","Fachkr\u00e4ftemangel Logistik","gestion de la cha\u00eene d'approvisionnement","groupe Melitta","halles logistiques Minden","industrie du transport Allemagne","infrastructure development Kalletal","Infrastrukturentwicklung Kalletal","jobs logistics center","Kontraktlogistik Wachstum","labor shortage logistics","logistics center Kalldorf","logistics hall Minden","logistics service providers North Rhine-Westphalia","Logistikdienstleister Nordrhein-Westfalen","Logistikhalle Minden","Logistikzentrum Kalldorf","logistique \u00e9co\u00e9nerg\u00e9tique","Melitta Group","Melitta Gruppe","nachhaltige Logistikprozesse","optimiser les flux de marchandises","optimize goods flows Fran\u00e7ais H\u00f6lkemeier Spedition","p\u00e9nurie de main-d'\u0153uvre logistique","photovoltaic system logistics","Photovoltaikanlage Logistik","pr\u00e9sence r\u00e9gionale Ostwestfalen-Lippe","prestataires logistiques Rh\u00e9nanie-du-Nord-Westphalie","processus logistiques durables","regional presence East Westphalia-Lippe","regionale Pr\u00e4senz Ostwestfalen-Lippe","solutions logistiques num\u00e9riques","Supply Chain Management","sustainable logistics processes","syst\u00e8me photovolta\u00efque logistique","transport industry Germany","Transportwirtschaft Deutschland","warehousing Europe","Warenlagerung Europa","Warenstr\u00f6me optimieren English H\u00f6lkemeier Spedition"],"articleSection":["Allemagne","Europa","Exp\u00e9dition de fret et logistique"],"inLanguage":"fr-FR","potentialAction":[{"@type":"CommentAction","name":"Comment","target":["https:\/\/loginfo24.com\/fr\/2026\/03\/10\/hoelkemeier-construit-un-centre-logistique-pour-melitta-a-kalldorf\/#respond"]}]},{"@type":"WebPage","@id":"https:\/\/loginfo24.com\/fr\/2026\/03\/10\/hoelkemeier-construit-un-centre-logistique-pour-melitta-a-kalldorf\/","url":"https:\/\/loginfo24.com\/fr\/2026\/03\/10\/hoelkemeier-construit-un-centre-logistique-pour-melitta-a-kalldorf\/","name":"H\u00f6lkemeier construit un centre logistique pour Melitta \u00e0 Kalldorf - Loginfo24","isPartOf":{"@id":"https:\/\/loginfo24.com\/fr\/#website"},"primaryImageOfPage":{"@id":"https:\/\/loginfo24.com\/fr\/2026\/03\/10\/hoelkemeier-construit-un-centre-logistique-pour-melitta-a-kalldorf\/#primaryimage"},"image":{"@id":"https:\/\/loginfo24.com\/fr\/2026\/03\/10\/hoelkemeier-construit-un-centre-logistique-pour-melitta-a-kalldorf\/#primaryimage"},"thumbnailUrl":"https:\/\/loginfo24.com\/wp-content\/uploads\/sites\/7\/2026\/03\/LIT_10.3.26-aspect-ratio-1400-788.png","datePublished":"2026-03-10T10:14:01+00:00","dateModified":"2026-03-12T19:17:46+00:00","breadcrumb":{"@id":"https:\/\/loginfo24.com\/fr\/2026\/03\/10\/hoelkemeier-construit-un-centre-logistique-pour-melitta-a-kalldorf\/#breadcrumb"},"inLanguage":"fr-FR","potentialAction":[{"@type":"ReadAction","target":["https:\/\/loginfo24.com\/fr\/2026\/03\/10\/hoelkemeier-construit-un-centre-logistique-pour-melitta-a-kalldorf\/"]}]},{"@type":"ImageObject","inLanguage":"fr-FR","@id":"https:\/\/loginfo24.com\/fr\/2026\/03\/10\/hoelkemeier-construit-un-centre-logistique-pour-melitta-a-kalldorf\/#primaryimage","url":"https:\/\/loginfo24.com\/wp-content\/uploads\/sites\/7\/2026\/03\/LIT_10.3.26-aspect-ratio-1400-788.png","contentUrl":"https:\/\/loginfo24.com\/wp-content\/uploads\/sites\/7\/2026\/03\/LIT_10.3.26-aspect-ratio-1400-788.png","width":1200,"height":676},{"@type":"BreadcrumbList","@id":"https:\/\/loginfo24.com\/fr\/2026\/03\/10\/hoelkemeier-construit-un-centre-logistique-pour-melitta-a-kalldorf\/#breadcrumb","itemListElement":[{"@type":"ListItem","position":1,"name":"Startseite","item":"https:\/\/loginfo24.com\/fr\/"},{"@type":"ListItem","position":2,"name":"H\u00f6lkemeier construit un centre logistique pour Melitta \u00e0 Kalldorf"}]},{"@type":"WebSite","@id":"https:\/\/loginfo24.com\/fr\/#website","url":"https:\/\/loginfo24.com\/fr\/","name":"Loginfo24","description":"Loginfo24 est la plateforme d\u00e9di\u00e9e \u00e0 la logistique et aux cha\u00eenes d&#039;approvisionnement qui fournit des informations 24 heures sur 24.","publisher":{"@id":"https:\/\/loginfo24.com\/fr\/#organization"},"potentialAction":[{"@type":"SearchAction","target":{"@type":"EntryPoint","urlTemplate":"https:\/\/loginfo24.com\/fr\/?s={search_term_string}"},"query-input":{"@type":"PropertyValueSpecification","valueRequired":true,"valueName":"search_term_string"}}],"inLanguage":"fr-FR"},{"@type":"Organization","@id":"https:\/\/loginfo24.com\/fr\/#organization","name":"Groupe Logismedia AG","url":"https:\/\/loginfo24.com\/fr\/","logo":{"@type":"ImageObject","inLanguage":"fr-FR","@id":"https:\/\/loginfo24.com\/fr\/#\/schema\/logo\/image\/","url":"https:\/\/loginfo24.com\/wp-content\/uploads\/sites\/7\/2026\/01\/Logo_LogInfo24.png","contentUrl":"https:\/\/loginfo24.com\/wp-content\/uploads\/sites\/7\/2026\/01\/Logo_LogInfo24.png","width":938,"height":351,"caption":"Groupe Logismedia AG"},"image":{"@id":"https:\/\/loginfo24.com\/fr\/#\/schema\/logo\/image\/"},"sameAs":["https:\/\/www.facebook.com\/people\/Loginfo24\/100057360583332\/","https:\/\/www.linkedin.com\/company\/lofinfo24\/"]},{"@type":"Person","@id":"https:\/\/loginfo24.com\/fr\/#\/schema\/person\/7b1593b33567ba798d300c8a1b0b85b1","name":"Andreas M\u00fcller","url":"https:\/\/loginfo24.com\/fr\/author\/logismedia\/"}]}},"_links":{"self":[{"href":"https:\/\/loginfo24.com\/fr\/wp-json\/wp\/v2\/posts\/76180","targetHints":{"allow":["GET"]}}],"collection":[{"href":"https:\/\/loginfo24.com\/fr\/wp-json\/wp\/v2\/posts"}],"about":[{"href":"https:\/\/loginfo24.com\/fr\/wp-json\/wp\/v2\/types\/post"}],"author":[{"embeddable":true,"href":"https:\/\/loginfo24.com\/fr\/wp-json\/wp\/v2\/users\/7"}],"replies":[{"embeddable":true,"href":"https:\/\/loginfo24.com\/fr\/wp-json\/wp\/v2\/comments?post=76180"}],"version-history":[{"count":16,"href":"https:\/\/loginfo24.com\/fr\/wp-json\/wp\/v2\/posts\/76180\/revisions"}],"predecessor-version":[{"id":76587,"href":"https:\/\/loginfo24.com\/fr\/wp-json\/wp\/v2\/posts\/76180\/revisions\/76587"}],"wp:featuredmedia":[{"embeddable":true,"href":"https:\/\/loginfo24.com\/fr\/wp-json\/wp\/v2\/media\/76178"}],"wp:attachment":[{"href":"https:\/\/loginfo24.com\/fr\/wp-json\/wp\/v2\/media?parent=76180"}],"wp:term":[{"taxonomy":"category","embeddable":true,"href":"https:\/\/loginfo24.com\/fr\/wp-json\/wp\/v2\/categories?post=76180"},{"taxonomy":"post_tag","embeddable":true,"href":"https:\/\/loginfo24.com\/fr\/wp-json\/wp\/v2\/tags?post=76180"}],"curies":[{"name":"wp","href":"https:\/\/api.w.org\/{rel}","templated":true}]}}