{"id":76134,"date":"2026-03-10T08:15:20","date_gmt":"2026-03-10T08:15:20","guid":{"rendered":"https:\/\/loginfo24.com\/2026\/03\/10\/harder-logistics-organise-le-demenagement-des-ateliers-de-formation-dulm\/"},"modified":"2026-03-10T09:31:20","modified_gmt":"2026-03-10T08:31:20","slug":"harder-logistics-organise-le-demenagement-des-ateliers-de-formation-dulm","status":"publish","type":"post","link":"https:\/\/loginfo24.com\/fr\/2026\/03\/10\/harder-logistics-organise-le-demenagement-des-ateliers-de-formation-dulm\/","title":{"rendered":"Harder Logistics organise le d\u00e9m\u00e9nagement des ateliers de formation d&rsquo;Ulm"},"content":{"rendered":"<p>Les ateliers de formation de l&#8217;IHK Akademie Schwaben ont regroup\u00e9 leur formation classique dans un nouveau centre de comp\u00e9tences m\u00e9talliques \u00e0 Neu-Ulm. Le d\u00e9m\u00e9nagement des deux sites pr\u00e9c\u00e9dents a \u00e9t\u00e9 r\u00e9alis\u00e9 par le prestataire HARDER logistics. Un d\u00e9fi particulier a \u00e9t\u00e9 le d\u00e9lai serr\u00e9 de seulement dix jours, pendant lequel l&#8217;activit\u00e9 de formation en cours devait \u00eatre maintenue.<\/p>\n<p>Pour le d\u00e9m\u00e9nagement, il a \u00e9t\u00e9 n\u00e9cessaire de transporter l&#8217;ensemble de l&#8217;inventaire des ateliers de formation. Cela comprenait plus de 30 machines, pesant chacune entre une et cinq tonnes, ainsi que des armoires de mat\u00e9riel, des mati\u00e8res premi\u00e8res et du mat\u00e9riel de bureau. Wolfgang Gollmann, directeur du campus Akademie Neu-Ulm, souligne l&#8217;importance d&#8217;un d\u00e9roulement sans accroc : \u00ab En plus de la manipulation s\u00e9curis\u00e9e et professionnelle des machines de haute qualit\u00e9, il \u00e9tait essentiel de perturber le moins possible les mesures de formation et de qualification en cours. Nous accompagnons actuellement pr\u00e8s de 50 participants. \u00bb<\/p>\n<h3>D\u00e9m\u00e9nagement en deux \u00e9tapes<\/h3>\n<p>Le transfert des ateliers de formation s&#8217;est effectu\u00e9 en deux \u00e9tapes. Le premier site ext\u00e9rieur, situ\u00e9 dans la Baumgartenstra\u00dfe, a d\u00e9j\u00e0 \u00e9t\u00e9 transf\u00e9r\u00e9 en d\u00e9cembre de l&#8217;ann\u00e9e derni\u00e8re vers le nouveau centre de comp\u00e9tences de la Finninger Stra\u00dfe. Au cours des dix derniers jours, le d\u00e9m\u00e9nagement du deuxi\u00e8me site, situ\u00e9 dans la Heinz-R\u00fchmann-Stra\u00dfe, a suivi, dont le transfert \u00e9tait particuli\u00e8rement critique en termes de temps et logiquement exigeant.<\/p>\n<p>Des d\u00e9fis suppl\u00e9mentaires ont d\u00e9coul\u00e9 des conditions de construction. Les ateliers de formation se trouvaient dans un b\u00e2timent de trois \u00e9tages, environ 40 % de l&#8217;\u00e9quipement \u00e9tant situ\u00e9 au sous-sol. Andreas Hermann, chef de projet chez HARDER logistics, explique la m\u00e9thode : \u00ab Nous avons charg\u00e9 cette zone avec une grue sp\u00e9ciale depuis la cour int\u00e9rieure directement sur le v\u00e9hicule sp\u00e9cialis\u00e9. Cela nous a permis d&#8217;\u00e9viter de d\u00e9monter les machines ou de les recharger plusieurs fois. Un plan d&#8217;action d\u00e9taill\u00e9 ainsi qu&#8217;une collaboration \u00e9troite avec les responsables de l&#8217;IHK ont contribu\u00e9 de mani\u00e8re significative \u00e0 ce que nous puissions mener \u00e0 bien le projet dans le d\u00e9lai serr\u00e9. \u00bb Cinq employ\u00e9s et un \u00e9quipement sp\u00e9cial ont \u00e9t\u00e9 mobilis\u00e9s pour la mise en \u0153uvre.<\/p>\n<p>Depuis le 9 mars, l&#8217;atelier de formation du nouveau centre de comp\u00e9tences m\u00e9talliques \u00e0 la Finninger Stra\u00dfe 46 est \u00e0 nouveau disponible pour les \u00e9l\u00e8ves de l&#8217;IHK. Gollmann tire un bilan positif : \u00ab En regroupant notre structure d\u00e9centralis\u00e9e et historiquement d\u00e9velopp\u00e9e, nous avons r\u00e9ussi \u00e0 nous positionner de mani\u00e8re durable et coh\u00e9rente pour l&#8217;avenir. Le nouveau concept s\u00e9duit par ses locaux modernes, ses chemins courts et cr\u00e9e des conditions optimales pour les enseignants et les participants. \u00bb<\/p>\n<p><a href=\"http:\/\/harder-logistics.com\" target=\"_blank\" rel=\"noopener noreferrer\"><span data-olk-copy-source=\"MessageBody\">www.harder-logistics.com <\/span><\/a><\/p>\n","protected":false},"excerpt":{"rendered":"<p>La IHK Akademie Schwaben a r\u00e9ussi \u00e0 transf\u00e9rer ses ateliers de formation vers un nouveau centre de comp\u00e9tence en m\u00e9tallurgie \u00e0 Neu-Ulm afin de cr\u00e9er des conditions de formation optimales.<\/p>\n","protected":false},"author":7,"featured_media":76132,"comment_status":"open","ping_status":"","sticky":false,"template":"","format":"standard","meta":{"_acf_changed":false,"footnotes":""},"categories":[6671,6679,1581],"tags":[13393,13394,13395,13396,13397,13398,13399,7630,13400,2700,13401,13402,13403,13404,13405,13406,13407,13408,13409,13410,6446,13411,13412,13413,2469,1831,2431,13414,13415,13416,13417,13418,11207,13419,2720,2481,13420,13421,13422,13423,13424,13425,13426,13427,13428,13429,13430,13431,13432,13433,2449,2450,13434,13435],"class_list":["post-76134","post","type-post","status-publish","format-standard","has-post-thumbnail","hentry","category-allemagne","category-europa","category-expedition-et-logistique","tag-academie-ihk-schwaben","tag-ateliers-de-formation","tag-aus-und-qualifizierungsmassnahmen","tag-bauliche-gegebenheiten","tag-centre-de-competences-metalliques","tag-conditions-structurelles","tag-crane-for-machines","tag-defis-logistiques","tag-deutsch-umzug","tag-fachkraeftemangel-in-der-logistik","tag-gestion-de-projet-dans-le-demenagement","tag-gestion-du-temps-dans-le-demenagement","tag-grue-pour-machines","tag-harder-logistics","tag-ihk-academy-schwaben-francais-demenagement","tag-ihk-akademie-schwaben-english-moving","tag-infrastructure-for-educational-institutions","tag-infrastructure-pour-les-etablissements-educatifs","tag-infrastruktur-fuer-bildungseinrichtungen","tag-kompetenzzentrum-metall","tag-labor-shortage-in-logistics","tag-ladekran-fuer-maschinen","tag-lehrwerkstaetten","tag-logistical-challenges","tag-logistics-service-provider","tag-logistikdienstleister","tag-logistique-de-transport","tag-logistische-herausforderungen","tag-machine-transport","tag-maschinentransport","tag-mesures-de-formation-et-de-qualification","tag-metal-competence-center","tag-neu-ulm","tag-operations-de-formation","tag-penurie-de-main-doeuvre-dans-la-logistique","tag-prestataire-logistique","tag-processus-fluide","tag-project-management-in-moving","tag-projektmanagement-im-umzug","tag-reibungsloser-ablauf","tag-schulungsbetrieb","tag-smooth-process","tag-special-vehicle-for-moving","tag-spezialfahrzeug-fuer-umzuege","tag-structural-conditions","tag-time-management-in-moving","tag-training-and-qualification-measures","tag-training-operations","tag-training-workshops","tag-transport-de-machines","tag-transport-logistics","tag-transportlogistik","tag-vehicule-special-pour-le-demenagement","tag-zeitmanagement-im-umzug"],"acf":[],"yoast_head":"<!-- This site is optimized with the Yoast SEO plugin v27.3 - https:\/\/yoast.com\/product\/yoast-seo-wordpress\/ -->\n<title>Harder Logistics organise le d\u00e9m\u00e9nagement des ateliers de formation d&#8217;Ulm - Loginfo24<\/title>\n<meta name=\"robots\" content=\"index, follow, max-snippet:-1, max-image-preview:large, max-video-preview:-1\" \/>\n<link rel=\"canonical\" href=\"https:\/\/loginfo24.com\/fr\/2026\/03\/10\/harder-logistics-organise-le-demenagement-des-ateliers-de-formation-dulm\/\" \/>\n<meta property=\"og:locale\" content=\"fr_FR\" \/>\n<meta property=\"og:type\" content=\"article\" \/>\n<meta property=\"og:title\" content=\"Harder Logistics organise le d\u00e9m\u00e9nagement des ateliers de formation d&#8217;Ulm - Loginfo24\" \/>\n<meta property=\"og:description\" content=\"La IHK Akademie Schwaben a r\u00e9ussi \u00e0 transf\u00e9rer ses ateliers de formation vers un nouveau centre de comp\u00e9tence en m\u00e9tallurgie \u00e0 Neu-Ulm afin de cr\u00e9er des conditions de formation optimales.\" \/>\n<meta property=\"og:url\" content=\"https:\/\/loginfo24.com\/fr\/2026\/03\/10\/harder-logistics-organise-le-demenagement-des-ateliers-de-formation-dulm\/\" \/>\n<meta property=\"og:site_name\" content=\"Loginfo24\" \/>\n<meta property=\"article:publisher\" content=\"https:\/\/www.facebook.com\/people\/Loginfo24\/100057360583332\/\" \/>\n<meta property=\"article:published_time\" content=\"2026-03-10T08:15:20+00:00\" \/>\n<meta property=\"article:modified_time\" content=\"2026-03-10T08:31:20+00:00\" \/>\n<meta property=\"og:image\" content=\"https:\/\/loginfo24.com\/wp-content\/uploads\/sites\/7\/2026\/03\/Harder_10.3.26.png_2-aspect-ratio-1400-788.jpg\" \/>\n\t<meta property=\"og:image:width\" content=\"1114\" \/>\n\t<meta property=\"og:image:height\" content=\"627\" \/>\n\t<meta property=\"og:image:type\" content=\"image\/jpeg\" \/>\n<meta name=\"author\" content=\"Andreas M\u00fcller\" \/>\n<meta name=\"twitter:card\" content=\"summary_large_image\" \/>\n<meta name=\"twitter:label1\" content=\"\u00c9crit par\" \/>\n\t<meta name=\"twitter:data1\" content=\"Andreas M\u00fcller\" \/>\n\t<meta name=\"twitter:label2\" content=\"Dur\u00e9e de lecture estim\u00e9e\" \/>\n\t<meta name=\"twitter:data2\" content=\"2 minutes\" \/>\n<script type=\"application\/ld+json\" class=\"yoast-schema-graph\">{\"@context\":\"https:\\\/\\\/schema.org\",\"@graph\":[{\"@type\":\"Article\",\"@id\":\"https:\\\/\\\/loginfo24.com\\\/fr\\\/2026\\\/03\\\/10\\\/harder-logistics-organise-le-demenagement-des-ateliers-de-formation-dulm\\\/#article\",\"isPartOf\":{\"@id\":\"https:\\\/\\\/loginfo24.com\\\/fr\\\/2026\\\/03\\\/10\\\/harder-logistics-organise-le-demenagement-des-ateliers-de-formation-dulm\\\/\"},\"author\":{\"name\":\"Andreas M\u00fcller\",\"@id\":\"https:\\\/\\\/loginfo24.com\\\/fr\\\/#\\\/schema\\\/person\\\/7b1593b33567ba798d300c8a1b0b85b1\"},\"headline\":\"Harder Logistics organise le d\u00e9m\u00e9nagement des ateliers de formation d&rsquo;Ulm\",\"datePublished\":\"2026-03-10T08:15:20+00:00\",\"dateModified\":\"2026-03-10T08:31:20+00:00\",\"mainEntityOfPage\":{\"@id\":\"https:\\\/\\\/loginfo24.com\\\/fr\\\/2026\\\/03\\\/10\\\/harder-logistics-organise-le-demenagement-des-ateliers-de-formation-dulm\\\/\"},\"wordCount\":504,\"commentCount\":0,\"publisher\":{\"@id\":\"https:\\\/\\\/loginfo24.com\\\/fr\\\/#organization\"},\"image\":{\"@id\":\"https:\\\/\\\/loginfo24.com\\\/fr\\\/2026\\\/03\\\/10\\\/harder-logistics-organise-le-demenagement-des-ateliers-de-formation-dulm\\\/#primaryimage\"},\"thumbnailUrl\":\"https:\\\/\\\/loginfo24.com\\\/wp-content\\\/uploads\\\/sites\\\/7\\\/2026\\\/03\\\/Harder_10.3.26.png_2-aspect-ratio-1400-788.jpg\",\"keywords\":[\"Acad\u00e9mie IHK Schwaben\",\"ateliers de formation\",\"Aus- und Qualifizierungsma\u00dfnahmen\",\"bauliche Gegebenheiten\",\"centre de comp\u00e9tences m\u00e9talliques\",\"conditions structurelles\",\"crane for machines\",\"d\u00e9fis logistiques\",\"Deutsch Umzug\",\"Fachkr\u00e4ftemangel in der Logistik\",\"gestion de projet dans le d\u00e9m\u00e9nagement\",\"gestion du temps dans le d\u00e9m\u00e9nagement\",\"grue pour machines\",\"HARDER logistics\",\"IHK Academy Schwaben Fran\u00e7ais d\u00e9m\u00e9nagement\",\"IHK Akademie Schwaben English moving\",\"infrastructure for educational institutions\",\"infrastructure pour les \u00e9tablissements \u00e9ducatifs\",\"Infrastruktur f\u00fcr Bildungseinrichtungen\",\"Kompetenzzentrum Metall\",\"labor shortage in logistics\",\"Ladekran f\u00fcr Maschinen\",\"Lehrwerkst\u00e4tten\",\"logistical challenges\",\"logistics service provider\",\"Logistikdienstleister\",\"logistique de transport\",\"logistische Herausforderungen\",\"machine transport\",\"Maschinentransport\",\"mesures de formation et de qualification\",\"metal competence center\",\"Neu-Ulm\",\"op\u00e9rations de formation\",\"p\u00e9nurie de main-d'\u0153uvre dans la logistique\",\"prestataire logistique\",\"processus fluide\",\"project management in moving\",\"Projektmanagement im Umzug\",\"reibungsloser Ablauf\",\"Schulungsbetrieb\",\"smooth process\",\"special vehicle for moving\",\"Spezialfahrzeug f\u00fcr Umz\u00fcge\",\"structural conditions\",\"time management in moving\",\"training and qualification measures\",\"training operations\",\"training workshops\",\"transport de machines\",\"transport logistics\",\"Transportlogistik\",\"v\u00e9hicule sp\u00e9cial pour le d\u00e9m\u00e9nagement\",\"Zeitmanagement im Umzug\"],\"articleSection\":[\"Allemagne\",\"Europa\",\"Exp\u00e9dition de fret et logistique\"],\"inLanguage\":\"fr-FR\",\"potentialAction\":[{\"@type\":\"CommentAction\",\"name\":\"Comment\",\"target\":[\"https:\\\/\\\/loginfo24.com\\\/fr\\\/2026\\\/03\\\/10\\\/harder-logistics-organise-le-demenagement-des-ateliers-de-formation-dulm\\\/#respond\"]}]},{\"@type\":\"WebPage\",\"@id\":\"https:\\\/\\\/loginfo24.com\\\/fr\\\/2026\\\/03\\\/10\\\/harder-logistics-organise-le-demenagement-des-ateliers-de-formation-dulm\\\/\",\"url\":\"https:\\\/\\\/loginfo24.com\\\/fr\\\/2026\\\/03\\\/10\\\/harder-logistics-organise-le-demenagement-des-ateliers-de-formation-dulm\\\/\",\"name\":\"Harder Logistics organise le d\u00e9m\u00e9nagement des ateliers de formation d&#8217;Ulm - Loginfo24\",\"isPartOf\":{\"@id\":\"https:\\\/\\\/loginfo24.com\\\/fr\\\/#website\"},\"primaryImageOfPage\":{\"@id\":\"https:\\\/\\\/loginfo24.com\\\/fr\\\/2026\\\/03\\\/10\\\/harder-logistics-organise-le-demenagement-des-ateliers-de-formation-dulm\\\/#primaryimage\"},\"image\":{\"@id\":\"https:\\\/\\\/loginfo24.com\\\/fr\\\/2026\\\/03\\\/10\\\/harder-logistics-organise-le-demenagement-des-ateliers-de-formation-dulm\\\/#primaryimage\"},\"thumbnailUrl\":\"https:\\\/\\\/loginfo24.com\\\/wp-content\\\/uploads\\\/sites\\\/7\\\/2026\\\/03\\\/Harder_10.3.26.png_2-aspect-ratio-1400-788.jpg\",\"datePublished\":\"2026-03-10T08:15:20+00:00\",\"dateModified\":\"2026-03-10T08:31:20+00:00\",\"breadcrumb\":{\"@id\":\"https:\\\/\\\/loginfo24.com\\\/fr\\\/2026\\\/03\\\/10\\\/harder-logistics-organise-le-demenagement-des-ateliers-de-formation-dulm\\\/#breadcrumb\"},\"inLanguage\":\"fr-FR\",\"potentialAction\":[{\"@type\":\"ReadAction\",\"target\":[\"https:\\\/\\\/loginfo24.com\\\/fr\\\/2026\\\/03\\\/10\\\/harder-logistics-organise-le-demenagement-des-ateliers-de-formation-dulm\\\/\"]}]},{\"@type\":\"ImageObject\",\"inLanguage\":\"fr-FR\",\"@id\":\"https:\\\/\\\/loginfo24.com\\\/fr\\\/2026\\\/03\\\/10\\\/harder-logistics-organise-le-demenagement-des-ateliers-de-formation-dulm\\\/#primaryimage\",\"url\":\"https:\\\/\\\/loginfo24.com\\\/wp-content\\\/uploads\\\/sites\\\/7\\\/2026\\\/03\\\/Harder_10.3.26.png_2-aspect-ratio-1400-788.jpg\",\"contentUrl\":\"https:\\\/\\\/loginfo24.com\\\/wp-content\\\/uploads\\\/sites\\\/7\\\/2026\\\/03\\\/Harder_10.3.26.png_2-aspect-ratio-1400-788.jpg\",\"width\":1114,\"height\":627},{\"@type\":\"BreadcrumbList\",\"@id\":\"https:\\\/\\\/loginfo24.com\\\/fr\\\/2026\\\/03\\\/10\\\/harder-logistics-organise-le-demenagement-des-ateliers-de-formation-dulm\\\/#breadcrumb\",\"itemListElement\":[{\"@type\":\"ListItem\",\"position\":1,\"name\":\"Startseite\",\"item\":\"https:\\\/\\\/loginfo24.com\\\/fr\\\/\"},{\"@type\":\"ListItem\",\"position\":2,\"name\":\"Harder Logistics organise le d\u00e9m\u00e9nagement des ateliers de formation d&#8217;Ulm\"}]},{\"@type\":\"WebSite\",\"@id\":\"https:\\\/\\\/loginfo24.com\\\/fr\\\/#website\",\"url\":\"https:\\\/\\\/loginfo24.com\\\/fr\\\/\",\"name\":\"Loginfo24\",\"description\":\"Loginfo24 est la plateforme d\u00e9di\u00e9e \u00e0 la logistique et aux cha\u00eenes d&#039;approvisionnement qui fournit des informations 24 heures sur 24.\",\"publisher\":{\"@id\":\"https:\\\/\\\/loginfo24.com\\\/fr\\\/#organization\"},\"potentialAction\":[{\"@type\":\"SearchAction\",\"target\":{\"@type\":\"EntryPoint\",\"urlTemplate\":\"https:\\\/\\\/loginfo24.com\\\/fr\\\/?s={search_term_string}\"},\"query-input\":{\"@type\":\"PropertyValueSpecification\",\"valueRequired\":true,\"valueName\":\"search_term_string\"}}],\"inLanguage\":\"fr-FR\"},{\"@type\":\"Organization\",\"@id\":\"https:\\\/\\\/loginfo24.com\\\/fr\\\/#organization\",\"name\":\"Groupe Logismedia AG\",\"url\":\"https:\\\/\\\/loginfo24.com\\\/fr\\\/\",\"logo\":{\"@type\":\"ImageObject\",\"inLanguage\":\"fr-FR\",\"@id\":\"https:\\\/\\\/loginfo24.com\\\/fr\\\/#\\\/schema\\\/logo\\\/image\\\/\",\"url\":\"https:\\\/\\\/loginfo24.com\\\/wp-content\\\/uploads\\\/sites\\\/7\\\/2026\\\/01\\\/Logo_LogInfo24.png\",\"contentUrl\":\"https:\\\/\\\/loginfo24.com\\\/wp-content\\\/uploads\\\/sites\\\/7\\\/2026\\\/01\\\/Logo_LogInfo24.png\",\"width\":938,\"height\":351,\"caption\":\"Groupe Logismedia AG\"},\"image\":{\"@id\":\"https:\\\/\\\/loginfo24.com\\\/fr\\\/#\\\/schema\\\/logo\\\/image\\\/\"},\"sameAs\":[\"https:\\\/\\\/www.facebook.com\\\/people\\\/Loginfo24\\\/100057360583332\\\/\",\"https:\\\/\\\/www.linkedin.com\\\/company\\\/lofinfo24\\\/\"]},{\"@type\":\"Person\",\"@id\":\"https:\\\/\\\/loginfo24.com\\\/fr\\\/#\\\/schema\\\/person\\\/7b1593b33567ba798d300c8a1b0b85b1\",\"name\":\"Andreas M\u00fcller\",\"url\":\"https:\\\/\\\/loginfo24.com\\\/fr\\\/author\\\/logismedia\\\/\"}]}<\/script>\n<!-- \/ Yoast SEO plugin. -->","yoast_head_json":{"title":"Harder Logistics organise le d\u00e9m\u00e9nagement des ateliers de formation d&#8217;Ulm - Loginfo24","robots":{"index":"index","follow":"follow","max-snippet":"max-snippet:-1","max-image-preview":"max-image-preview:large","max-video-preview":"max-video-preview:-1"},"canonical":"https:\/\/loginfo24.com\/fr\/2026\/03\/10\/harder-logistics-organise-le-demenagement-des-ateliers-de-formation-dulm\/","og_locale":"fr_FR","og_type":"article","og_title":"Harder Logistics organise le d\u00e9m\u00e9nagement des ateliers de formation d&#8217;Ulm - Loginfo24","og_description":"La IHK Akademie Schwaben a r\u00e9ussi \u00e0 transf\u00e9rer ses ateliers de formation vers un nouveau centre de comp\u00e9tence en m\u00e9tallurgie \u00e0 Neu-Ulm afin de cr\u00e9er des conditions de formation optimales.","og_url":"https:\/\/loginfo24.com\/fr\/2026\/03\/10\/harder-logistics-organise-le-demenagement-des-ateliers-de-formation-dulm\/","og_site_name":"Loginfo24","article_publisher":"https:\/\/www.facebook.com\/people\/Loginfo24\/100057360583332\/","article_published_time":"2026-03-10T08:15:20+00:00","article_modified_time":"2026-03-10T08:31:20+00:00","og_image":[{"width":1114,"height":627,"url":"https:\/\/loginfo24.com\/wp-content\/uploads\/sites\/7\/2026\/03\/Harder_10.3.26.png_2-aspect-ratio-1400-788.jpg","type":"image\/jpeg"}],"author":"Andreas M\u00fcller","twitter_card":"summary_large_image","twitter_misc":{"\u00c9crit par":"Andreas M\u00fcller","Dur\u00e9e de lecture estim\u00e9e":"2 minutes"},"schema":{"@context":"https:\/\/schema.org","@graph":[{"@type":"Article","@id":"https:\/\/loginfo24.com\/fr\/2026\/03\/10\/harder-logistics-organise-le-demenagement-des-ateliers-de-formation-dulm\/#article","isPartOf":{"@id":"https:\/\/loginfo24.com\/fr\/2026\/03\/10\/harder-logistics-organise-le-demenagement-des-ateliers-de-formation-dulm\/"},"author":{"name":"Andreas M\u00fcller","@id":"https:\/\/loginfo24.com\/fr\/#\/schema\/person\/7b1593b33567ba798d300c8a1b0b85b1"},"headline":"Harder Logistics organise le d\u00e9m\u00e9nagement des ateliers de formation d&rsquo;Ulm","datePublished":"2026-03-10T08:15:20+00:00","dateModified":"2026-03-10T08:31:20+00:00","mainEntityOfPage":{"@id":"https:\/\/loginfo24.com\/fr\/2026\/03\/10\/harder-logistics-organise-le-demenagement-des-ateliers-de-formation-dulm\/"},"wordCount":504,"commentCount":0,"publisher":{"@id":"https:\/\/loginfo24.com\/fr\/#organization"},"image":{"@id":"https:\/\/loginfo24.com\/fr\/2026\/03\/10\/harder-logistics-organise-le-demenagement-des-ateliers-de-formation-dulm\/#primaryimage"},"thumbnailUrl":"https:\/\/loginfo24.com\/wp-content\/uploads\/sites\/7\/2026\/03\/Harder_10.3.26.png_2-aspect-ratio-1400-788.jpg","keywords":["Acad\u00e9mie IHK Schwaben","ateliers de formation","Aus- und Qualifizierungsma\u00dfnahmen","bauliche Gegebenheiten","centre de comp\u00e9tences m\u00e9talliques","conditions structurelles","crane for machines","d\u00e9fis logistiques","Deutsch Umzug","Fachkr\u00e4ftemangel in der Logistik","gestion de projet dans le d\u00e9m\u00e9nagement","gestion du temps dans le d\u00e9m\u00e9nagement","grue pour machines","HARDER logistics","IHK Academy Schwaben Fran\u00e7ais d\u00e9m\u00e9nagement","IHK Akademie Schwaben English moving","infrastructure for educational institutions","infrastructure pour les \u00e9tablissements \u00e9ducatifs","Infrastruktur f\u00fcr Bildungseinrichtungen","Kompetenzzentrum Metall","labor shortage in logistics","Ladekran f\u00fcr Maschinen","Lehrwerkst\u00e4tten","logistical challenges","logistics service provider","Logistikdienstleister","logistique de transport","logistische Herausforderungen","machine transport","Maschinentransport","mesures de formation et de qualification","metal competence center","Neu-Ulm","op\u00e9rations de formation","p\u00e9nurie de main-d'\u0153uvre dans la logistique","prestataire logistique","processus fluide","project management in moving","Projektmanagement im Umzug","reibungsloser Ablauf","Schulungsbetrieb","smooth process","special vehicle for moving","Spezialfahrzeug f\u00fcr Umz\u00fcge","structural conditions","time management in moving","training and qualification measures","training operations","training workshops","transport de machines","transport logistics","Transportlogistik","v\u00e9hicule sp\u00e9cial pour le d\u00e9m\u00e9nagement","Zeitmanagement im Umzug"],"articleSection":["Allemagne","Europa","Exp\u00e9dition de fret et logistique"],"inLanguage":"fr-FR","potentialAction":[{"@type":"CommentAction","name":"Comment","target":["https:\/\/loginfo24.com\/fr\/2026\/03\/10\/harder-logistics-organise-le-demenagement-des-ateliers-de-formation-dulm\/#respond"]}]},{"@type":"WebPage","@id":"https:\/\/loginfo24.com\/fr\/2026\/03\/10\/harder-logistics-organise-le-demenagement-des-ateliers-de-formation-dulm\/","url":"https:\/\/loginfo24.com\/fr\/2026\/03\/10\/harder-logistics-organise-le-demenagement-des-ateliers-de-formation-dulm\/","name":"Harder Logistics organise le d\u00e9m\u00e9nagement des ateliers de formation d&#8217;Ulm - Loginfo24","isPartOf":{"@id":"https:\/\/loginfo24.com\/fr\/#website"},"primaryImageOfPage":{"@id":"https:\/\/loginfo24.com\/fr\/2026\/03\/10\/harder-logistics-organise-le-demenagement-des-ateliers-de-formation-dulm\/#primaryimage"},"image":{"@id":"https:\/\/loginfo24.com\/fr\/2026\/03\/10\/harder-logistics-organise-le-demenagement-des-ateliers-de-formation-dulm\/#primaryimage"},"thumbnailUrl":"https:\/\/loginfo24.com\/wp-content\/uploads\/sites\/7\/2026\/03\/Harder_10.3.26.png_2-aspect-ratio-1400-788.jpg","datePublished":"2026-03-10T08:15:20+00:00","dateModified":"2026-03-10T08:31:20+00:00","breadcrumb":{"@id":"https:\/\/loginfo24.com\/fr\/2026\/03\/10\/harder-logistics-organise-le-demenagement-des-ateliers-de-formation-dulm\/#breadcrumb"},"inLanguage":"fr-FR","potentialAction":[{"@type":"ReadAction","target":["https:\/\/loginfo24.com\/fr\/2026\/03\/10\/harder-logistics-organise-le-demenagement-des-ateliers-de-formation-dulm\/"]}]},{"@type":"ImageObject","inLanguage":"fr-FR","@id":"https:\/\/loginfo24.com\/fr\/2026\/03\/10\/harder-logistics-organise-le-demenagement-des-ateliers-de-formation-dulm\/#primaryimage","url":"https:\/\/loginfo24.com\/wp-content\/uploads\/sites\/7\/2026\/03\/Harder_10.3.26.png_2-aspect-ratio-1400-788.jpg","contentUrl":"https:\/\/loginfo24.com\/wp-content\/uploads\/sites\/7\/2026\/03\/Harder_10.3.26.png_2-aspect-ratio-1400-788.jpg","width":1114,"height":627},{"@type":"BreadcrumbList","@id":"https:\/\/loginfo24.com\/fr\/2026\/03\/10\/harder-logistics-organise-le-demenagement-des-ateliers-de-formation-dulm\/#breadcrumb","itemListElement":[{"@type":"ListItem","position":1,"name":"Startseite","item":"https:\/\/loginfo24.com\/fr\/"},{"@type":"ListItem","position":2,"name":"Harder Logistics organise le d\u00e9m\u00e9nagement des ateliers de formation d&#8217;Ulm"}]},{"@type":"WebSite","@id":"https:\/\/loginfo24.com\/fr\/#website","url":"https:\/\/loginfo24.com\/fr\/","name":"Loginfo24","description":"Loginfo24 est la plateforme d\u00e9di\u00e9e \u00e0 la logistique et aux cha\u00eenes d&#039;approvisionnement qui fournit des informations 24 heures sur 24.","publisher":{"@id":"https:\/\/loginfo24.com\/fr\/#organization"},"potentialAction":[{"@type":"SearchAction","target":{"@type":"EntryPoint","urlTemplate":"https:\/\/loginfo24.com\/fr\/?s={search_term_string}"},"query-input":{"@type":"PropertyValueSpecification","valueRequired":true,"valueName":"search_term_string"}}],"inLanguage":"fr-FR"},{"@type":"Organization","@id":"https:\/\/loginfo24.com\/fr\/#organization","name":"Groupe Logismedia AG","url":"https:\/\/loginfo24.com\/fr\/","logo":{"@type":"ImageObject","inLanguage":"fr-FR","@id":"https:\/\/loginfo24.com\/fr\/#\/schema\/logo\/image\/","url":"https:\/\/loginfo24.com\/wp-content\/uploads\/sites\/7\/2026\/01\/Logo_LogInfo24.png","contentUrl":"https:\/\/loginfo24.com\/wp-content\/uploads\/sites\/7\/2026\/01\/Logo_LogInfo24.png","width":938,"height":351,"caption":"Groupe Logismedia AG"},"image":{"@id":"https:\/\/loginfo24.com\/fr\/#\/schema\/logo\/image\/"},"sameAs":["https:\/\/www.facebook.com\/people\/Loginfo24\/100057360583332\/","https:\/\/www.linkedin.com\/company\/lofinfo24\/"]},{"@type":"Person","@id":"https:\/\/loginfo24.com\/fr\/#\/schema\/person\/7b1593b33567ba798d300c8a1b0b85b1","name":"Andreas M\u00fcller","url":"https:\/\/loginfo24.com\/fr\/author\/logismedia\/"}]}},"_links":{"self":[{"href":"https:\/\/loginfo24.com\/fr\/wp-json\/wp\/v2\/posts\/76134","targetHints":{"allow":["GET"]}}],"collection":[{"href":"https:\/\/loginfo24.com\/fr\/wp-json\/wp\/v2\/posts"}],"about":[{"href":"https:\/\/loginfo24.com\/fr\/wp-json\/wp\/v2\/types\/post"}],"author":[{"embeddable":true,"href":"https:\/\/loginfo24.com\/fr\/wp-json\/wp\/v2\/users\/7"}],"replies":[{"embeddable":true,"href":"https:\/\/loginfo24.com\/fr\/wp-json\/wp\/v2\/comments?post=76134"}],"version-history":[{"count":1,"href":"https:\/\/loginfo24.com\/fr\/wp-json\/wp\/v2\/posts\/76134\/revisions"}],"predecessor-version":[{"id":76141,"href":"https:\/\/loginfo24.com\/fr\/wp-json\/wp\/v2\/posts\/76134\/revisions\/76141"}],"wp:featuredmedia":[{"embeddable":true,"href":"https:\/\/loginfo24.com\/fr\/wp-json\/wp\/v2\/media\/76132"}],"wp:attachment":[{"href":"https:\/\/loginfo24.com\/fr\/wp-json\/wp\/v2\/media?parent=76134"}],"wp:term":[{"taxonomy":"category","embeddable":true,"href":"https:\/\/loginfo24.com\/fr\/wp-json\/wp\/v2\/categories?post=76134"},{"taxonomy":"post_tag","embeddable":true,"href":"https:\/\/loginfo24.com\/fr\/wp-json\/wp\/v2\/tags?post=76134"}],"curies":[{"name":"wp","href":"https:\/\/api.w.org\/{rel}","templated":true}]}}