{"id":74205,"date":"2026-01-29T10:54:49","date_gmt":"2026-01-29T10:54:49","guid":{"rendered":"https:\/\/loginfo24.com\/2026\/01\/29\/extension-de-la-flotte-de-camions-electriques\/"},"modified":"2026-02-02T22:58:37","modified_gmt":"2026-02-02T21:58:37","slug":"extension-de-la-flotte-de-camions-electriques","status":"publish","type":"post","link":"https:\/\/loginfo24.com\/fr\/2026\/01\/29\/extension-de-la-flotte-de-camions-electriques\/","title":{"rendered":"Extension de la flotte de camions \u00e9lectriques"},"content":{"rendered":"<p>Dans le cadre d&#8217;une coop\u00e9ration avec la Sch\u00f6ni Transport AG, la flotte de Rivella est compl\u00e9t\u00e9e par quatre nouveaux camions \u00e9lectriques, qui seront d\u00e9sormais responsables du transport des boissons \u00e0 travers la Suisse. Une caract\u00e9ristique particuli\u00e8re de ces v\u00e9hicules est l&#8217;utilisation de l&#8217;\u00e9nergie solaire, produite sur le toit du centre logistique de la Sch\u00f6ni Transport AG \u00e0 Rothrist, comme l&#8217;indique le groupe Rivella.<\/p>\n<h3>Extension de la flotte \u00e9lectrique<\/h3>\n<p>Les nouveaux camions \u00e9lectriques, issus de la marque &#8222;Renault E-Tech&#8220; et repr\u00e9sentant le mod\u00e8le &#8222;T BEV 6&#215;2&#8220;, font partie d&#8217;un projet commun entre les deux entreprises, visant une logistique respectueuse de l&#8217;environnement. Le design frappant des v\u00e9hicules en rouge et bleu clair indique clairement que des boissons Rivella et Focuswater sont transport\u00e9es. Cela fait d\u00e9j\u00e0 quatre ans qu&#8217;un camion \u00e0 hydrog\u00e8ne au design Rivella, connu sous le nom de \u00ab Hydrollino \u00bb, est en service sur les routes suisses.<\/p>\n<p>Avec l&#8217;introduction des quatre nouveaux camions \u00e9lectriques, la Sch\u00f6ni Transport AG augmente le nombre de ses v\u00e9hicules \u00e9lectriques \u00e0 un total de 15 en service national. Daniel Sch\u00f6ni, propri\u00e9taire de l&#8217;entreprise, souligne l&#8217;importance de cette \u00e9volution pour les objectifs de durabilit\u00e9 de l&#8217;entreprise : \u00ab Depuis 2025, nous exploitons notre flotte nationale \u00e0 plus de 90 % sans combustibles fossiles. \u00bb De plus, la Sch\u00f6ni Transport AG pr\u00e9voit de r\u00e9duire les \u00e9missions dans les domaines Scope 1 et 2 de 30 % d&#8217;ici 2030 par rapport \u00e0 2023.<\/p>\n","protected":false},"excerpt":{"rendered":"<p>La Sch\u00f6ni Transport AG \u00e9tend sa flotte \u00e9lectrique avec quatre camions Renault \u00ab\u00a0E-Tech\u00a0\u00bb, qui seront d\u00e9sormais sur les routes suisses pour le compte de la Rivella Group.<\/p>\n","protected":false},"author":10,"featured_media":74203,"comment_status":"open","ping_status":"open","sticky":false,"template":"","format":"standard","meta":{"_acf_changed":false,"footnotes":""},"categories":[6679,1580],"tags":[],"class_list":["post-74205","post","type-post","status-publish","format-standard","has-post-thumbnail","hentry","category-europa","category-intermodal-route"],"acf":[],"yoast_head":"<!-- This site is optimized with the Yoast SEO plugin v27.3 - https:\/\/yoast.com\/product\/yoast-seo-wordpress\/ -->\n<title>Extension de la flotte de camions \u00e9lectriques - Loginfo24.<\/title>\n<meta name=\"robots\" content=\"index, follow, max-snippet:-1, max-image-preview:large, max-video-preview:-1\" \/>\n<link rel=\"canonical\" href=\"https:\/\/loginfo24.com\/fr\/2026\/01\/29\/extension-de-la-flotte-de-camions-electriques\/\" \/>\n<meta property=\"og:locale\" content=\"fr_FR\" \/>\n<meta property=\"og:type\" content=\"article\" \/>\n<meta property=\"og:title\" content=\"Extension de la flotte de camions \u00e9lectriques - Loginfo24.\" \/>\n<meta property=\"og:description\" content=\"La Sch\u00f6ni Transport AG \u00e9tend sa flotte \u00e9lectrique avec quatre camions Renault &quot;E-Tech&quot;, qui seront d\u00e9sormais sur les routes suisses pour le compte de la Rivella Group.\" \/>\n<meta property=\"og:url\" content=\"https:\/\/loginfo24.com\/fr\/2026\/01\/29\/extension-de-la-flotte-de-camions-electriques\/\" \/>\n<meta property=\"og:site_name\" content=\"Loginfo24\" \/>\n<meta property=\"article:publisher\" content=\"https:\/\/www.facebook.com\/people\/Loginfo24\/100057360583332\/\" \/>\n<meta property=\"article:published_time\" content=\"2026-01-29T10:54:49+00:00\" \/>\n<meta property=\"article:modified_time\" content=\"2026-02-02T21:58:37+00:00\" \/>\n<meta property=\"og:image\" content=\"https:\/\/loginfo24.com\/wp-content\/uploads\/sites\/7\/2026\/01\/2026_Rivella_E-LKW__7_-aspect-ratio-1400-788.jpg\" \/>\n\t<meta property=\"og:image:width\" content=\"1385\" \/>\n\t<meta property=\"og:image:height\" content=\"780\" \/>\n\t<meta property=\"og:image:type\" content=\"image\/jpeg\" \/>\n<meta name=\"author\" content=\"Jeremy Soland\" \/>\n<meta name=\"twitter:card\" content=\"summary_large_image\" \/>\n<meta name=\"twitter:label1\" content=\"\u00c9crit par\" \/>\n\t<meta name=\"twitter:data1\" content=\"Jeremy Soland\" \/>\n\t<meta name=\"twitter:label2\" content=\"Dur\u00e9e de lecture estim\u00e9e\" \/>\n\t<meta name=\"twitter:data2\" content=\"1 minute\" \/>\n<script type=\"application\/ld+json\" class=\"yoast-schema-graph\">{\"@context\":\"https:\\\/\\\/schema.org\",\"@graph\":[{\"@type\":\"Article\",\"@id\":\"https:\\\/\\\/loginfo24.com\\\/fr\\\/2026\\\/01\\\/29\\\/extension-de-la-flotte-de-camions-electriques\\\/#article\",\"isPartOf\":{\"@id\":\"https:\\\/\\\/loginfo24.com\\\/fr\\\/2026\\\/01\\\/29\\\/extension-de-la-flotte-de-camions-electriques\\\/\"},\"author\":{\"name\":\"Jeremy Soland\",\"@id\":\"https:\\\/\\\/loginfo24.com\\\/fr\\\/#\\\/schema\\\/person\\\/41d36b5474b623392fa613e97e2363fa\"},\"headline\":\"Extension de la flotte de camions \u00e9lectriques\",\"datePublished\":\"2026-01-29T10:54:49+00:00\",\"dateModified\":\"2026-02-02T21:58:37+00:00\",\"mainEntityOfPage\":{\"@id\":\"https:\\\/\\\/loginfo24.com\\\/fr\\\/2026\\\/01\\\/29\\\/extension-de-la-flotte-de-camions-electriques\\\/\"},\"wordCount\":254,\"commentCount\":0,\"publisher\":{\"@id\":\"https:\\\/\\\/loginfo24.com\\\/fr\\\/#organization\"},\"image\":{\"@id\":\"https:\\\/\\\/loginfo24.com\\\/fr\\\/2026\\\/01\\\/29\\\/extension-de-la-flotte-de-camions-electriques\\\/#primaryimage\"},\"thumbnailUrl\":\"https:\\\/\\\/loginfo24.com\\\/wp-content\\\/uploads\\\/sites\\\/7\\\/2026\\\/01\\\/2026_Rivella_E-LKW__7_-aspect-ratio-1400-788.jpg\",\"articleSection\":[\"Europa\",\"Intermodal \\\/ Route\"],\"inLanguage\":\"fr-FR\",\"potentialAction\":[{\"@type\":\"CommentAction\",\"name\":\"Comment\",\"target\":[\"https:\\\/\\\/loginfo24.com\\\/fr\\\/2026\\\/01\\\/29\\\/extension-de-la-flotte-de-camions-electriques\\\/#respond\"]}]},{\"@type\":\"WebPage\",\"@id\":\"https:\\\/\\\/loginfo24.com\\\/fr\\\/2026\\\/01\\\/29\\\/extension-de-la-flotte-de-camions-electriques\\\/\",\"url\":\"https:\\\/\\\/loginfo24.com\\\/fr\\\/2026\\\/01\\\/29\\\/extension-de-la-flotte-de-camions-electriques\\\/\",\"name\":\"Extension de la flotte de camions \u00e9lectriques - Loginfo24.\",\"isPartOf\":{\"@id\":\"https:\\\/\\\/loginfo24.com\\\/fr\\\/#website\"},\"primaryImageOfPage\":{\"@id\":\"https:\\\/\\\/loginfo24.com\\\/fr\\\/2026\\\/01\\\/29\\\/extension-de-la-flotte-de-camions-electriques\\\/#primaryimage\"},\"image\":{\"@id\":\"https:\\\/\\\/loginfo24.com\\\/fr\\\/2026\\\/01\\\/29\\\/extension-de-la-flotte-de-camions-electriques\\\/#primaryimage\"},\"thumbnailUrl\":\"https:\\\/\\\/loginfo24.com\\\/wp-content\\\/uploads\\\/sites\\\/7\\\/2026\\\/01\\\/2026_Rivella_E-LKW__7_-aspect-ratio-1400-788.jpg\",\"datePublished\":\"2026-01-29T10:54:49+00:00\",\"dateModified\":\"2026-02-02T21:58:37+00:00\",\"breadcrumb\":{\"@id\":\"https:\\\/\\\/loginfo24.com\\\/fr\\\/2026\\\/01\\\/29\\\/extension-de-la-flotte-de-camions-electriques\\\/#breadcrumb\"},\"inLanguage\":\"fr-FR\",\"potentialAction\":[{\"@type\":\"ReadAction\",\"target\":[\"https:\\\/\\\/loginfo24.com\\\/fr\\\/2026\\\/01\\\/29\\\/extension-de-la-flotte-de-camions-electriques\\\/\"]}]},{\"@type\":\"ImageObject\",\"inLanguage\":\"fr-FR\",\"@id\":\"https:\\\/\\\/loginfo24.com\\\/fr\\\/2026\\\/01\\\/29\\\/extension-de-la-flotte-de-camions-electriques\\\/#primaryimage\",\"url\":\"https:\\\/\\\/loginfo24.com\\\/wp-content\\\/uploads\\\/sites\\\/7\\\/2026\\\/01\\\/2026_Rivella_E-LKW__7_-aspect-ratio-1400-788.jpg\",\"contentUrl\":\"https:\\\/\\\/loginfo24.com\\\/wp-content\\\/uploads\\\/sites\\\/7\\\/2026\\\/01\\\/2026_Rivella_E-LKW__7_-aspect-ratio-1400-788.jpg\",\"width\":1385,\"height\":780},{\"@type\":\"BreadcrumbList\",\"@id\":\"https:\\\/\\\/loginfo24.com\\\/fr\\\/2026\\\/01\\\/29\\\/extension-de-la-flotte-de-camions-electriques\\\/#breadcrumb\",\"itemListElement\":[{\"@type\":\"ListItem\",\"position\":1,\"name\":\"Startseite\",\"item\":\"https:\\\/\\\/loginfo24.com\\\/fr\\\/\"},{\"@type\":\"ListItem\",\"position\":2,\"name\":\"Extension de la flotte de camions \u00e9lectriques\"}]},{\"@type\":\"WebSite\",\"@id\":\"https:\\\/\\\/loginfo24.com\\\/fr\\\/#website\",\"url\":\"https:\\\/\\\/loginfo24.com\\\/fr\\\/\",\"name\":\"Loginfo24\",\"description\":\"Loginfo24 est la plateforme d\u00e9di\u00e9e \u00e0 la logistique et aux cha\u00eenes d&#039;approvisionnement qui fournit des informations 24 heures sur 24.\",\"publisher\":{\"@id\":\"https:\\\/\\\/loginfo24.com\\\/fr\\\/#organization\"},\"potentialAction\":[{\"@type\":\"SearchAction\",\"target\":{\"@type\":\"EntryPoint\",\"urlTemplate\":\"https:\\\/\\\/loginfo24.com\\\/fr\\\/?s={search_term_string}\"},\"query-input\":{\"@type\":\"PropertyValueSpecification\",\"valueRequired\":true,\"valueName\":\"search_term_string\"}}],\"inLanguage\":\"fr-FR\"},{\"@type\":\"Organization\",\"@id\":\"https:\\\/\\\/loginfo24.com\\\/fr\\\/#organization\",\"name\":\"Groupe Logismedia AG\",\"url\":\"https:\\\/\\\/loginfo24.com\\\/fr\\\/\",\"logo\":{\"@type\":\"ImageObject\",\"inLanguage\":\"fr-FR\",\"@id\":\"https:\\\/\\\/loginfo24.com\\\/fr\\\/#\\\/schema\\\/logo\\\/image\\\/\",\"url\":\"https:\\\/\\\/loginfo24.com\\\/wp-content\\\/uploads\\\/sites\\\/7\\\/2026\\\/01\\\/Logo_LogInfo24.png\",\"contentUrl\":\"https:\\\/\\\/loginfo24.com\\\/wp-content\\\/uploads\\\/sites\\\/7\\\/2026\\\/01\\\/Logo_LogInfo24.png\",\"width\":938,\"height\":351,\"caption\":\"Groupe Logismedia AG\"},\"image\":{\"@id\":\"https:\\\/\\\/loginfo24.com\\\/fr\\\/#\\\/schema\\\/logo\\\/image\\\/\"},\"sameAs\":[\"https:\\\/\\\/www.facebook.com\\\/people\\\/Loginfo24\\\/100057360583332\\\/\",\"https:\\\/\\\/www.linkedin.com\\\/company\\\/lofinfo24\\\/\"]},{\"@type\":\"Person\",\"@id\":\"https:\\\/\\\/loginfo24.com\\\/fr\\\/#\\\/schema\\\/person\\\/41d36b5474b623392fa613e97e2363fa\",\"name\":\"Jeremy Soland\",\"url\":\"https:\\\/\\\/loginfo24.com\\\/fr\\\/author\\\/jeremy\\\/\"}]}<\/script>\n<!-- \/ Yoast SEO plugin. -->","yoast_head_json":{"title":"Extension de la flotte de camions \u00e9lectriques - Loginfo24.","robots":{"index":"index","follow":"follow","max-snippet":"max-snippet:-1","max-image-preview":"max-image-preview:large","max-video-preview":"max-video-preview:-1"},"canonical":"https:\/\/loginfo24.com\/fr\/2026\/01\/29\/extension-de-la-flotte-de-camions-electriques\/","og_locale":"fr_FR","og_type":"article","og_title":"Extension de la flotte de camions \u00e9lectriques - Loginfo24.","og_description":"La Sch\u00f6ni Transport AG \u00e9tend sa flotte \u00e9lectrique avec quatre camions Renault \"E-Tech\", qui seront d\u00e9sormais sur les routes suisses pour le compte de la Rivella Group.","og_url":"https:\/\/loginfo24.com\/fr\/2026\/01\/29\/extension-de-la-flotte-de-camions-electriques\/","og_site_name":"Loginfo24","article_publisher":"https:\/\/www.facebook.com\/people\/Loginfo24\/100057360583332\/","article_published_time":"2026-01-29T10:54:49+00:00","article_modified_time":"2026-02-02T21:58:37+00:00","og_image":[{"width":1385,"height":780,"url":"https:\/\/loginfo24.com\/wp-content\/uploads\/sites\/7\/2026\/01\/2026_Rivella_E-LKW__7_-aspect-ratio-1400-788.jpg","type":"image\/jpeg"}],"author":"Jeremy Soland","twitter_card":"summary_large_image","twitter_misc":{"\u00c9crit par":"Jeremy Soland","Dur\u00e9e de lecture estim\u00e9e":"1 minute"},"schema":{"@context":"https:\/\/schema.org","@graph":[{"@type":"Article","@id":"https:\/\/loginfo24.com\/fr\/2026\/01\/29\/extension-de-la-flotte-de-camions-electriques\/#article","isPartOf":{"@id":"https:\/\/loginfo24.com\/fr\/2026\/01\/29\/extension-de-la-flotte-de-camions-electriques\/"},"author":{"name":"Jeremy Soland","@id":"https:\/\/loginfo24.com\/fr\/#\/schema\/person\/41d36b5474b623392fa613e97e2363fa"},"headline":"Extension de la flotte de camions \u00e9lectriques","datePublished":"2026-01-29T10:54:49+00:00","dateModified":"2026-02-02T21:58:37+00:00","mainEntityOfPage":{"@id":"https:\/\/loginfo24.com\/fr\/2026\/01\/29\/extension-de-la-flotte-de-camions-electriques\/"},"wordCount":254,"commentCount":0,"publisher":{"@id":"https:\/\/loginfo24.com\/fr\/#organization"},"image":{"@id":"https:\/\/loginfo24.com\/fr\/2026\/01\/29\/extension-de-la-flotte-de-camions-electriques\/#primaryimage"},"thumbnailUrl":"https:\/\/loginfo24.com\/wp-content\/uploads\/sites\/7\/2026\/01\/2026_Rivella_E-LKW__7_-aspect-ratio-1400-788.jpg","articleSection":["Europa","Intermodal \/ Route"],"inLanguage":"fr-FR","potentialAction":[{"@type":"CommentAction","name":"Comment","target":["https:\/\/loginfo24.com\/fr\/2026\/01\/29\/extension-de-la-flotte-de-camions-electriques\/#respond"]}]},{"@type":"WebPage","@id":"https:\/\/loginfo24.com\/fr\/2026\/01\/29\/extension-de-la-flotte-de-camions-electriques\/","url":"https:\/\/loginfo24.com\/fr\/2026\/01\/29\/extension-de-la-flotte-de-camions-electriques\/","name":"Extension de la flotte de camions \u00e9lectriques - Loginfo24.","isPartOf":{"@id":"https:\/\/loginfo24.com\/fr\/#website"},"primaryImageOfPage":{"@id":"https:\/\/loginfo24.com\/fr\/2026\/01\/29\/extension-de-la-flotte-de-camions-electriques\/#primaryimage"},"image":{"@id":"https:\/\/loginfo24.com\/fr\/2026\/01\/29\/extension-de-la-flotte-de-camions-electriques\/#primaryimage"},"thumbnailUrl":"https:\/\/loginfo24.com\/wp-content\/uploads\/sites\/7\/2026\/01\/2026_Rivella_E-LKW__7_-aspect-ratio-1400-788.jpg","datePublished":"2026-01-29T10:54:49+00:00","dateModified":"2026-02-02T21:58:37+00:00","breadcrumb":{"@id":"https:\/\/loginfo24.com\/fr\/2026\/01\/29\/extension-de-la-flotte-de-camions-electriques\/#breadcrumb"},"inLanguage":"fr-FR","potentialAction":[{"@type":"ReadAction","target":["https:\/\/loginfo24.com\/fr\/2026\/01\/29\/extension-de-la-flotte-de-camions-electriques\/"]}]},{"@type":"ImageObject","inLanguage":"fr-FR","@id":"https:\/\/loginfo24.com\/fr\/2026\/01\/29\/extension-de-la-flotte-de-camions-electriques\/#primaryimage","url":"https:\/\/loginfo24.com\/wp-content\/uploads\/sites\/7\/2026\/01\/2026_Rivella_E-LKW__7_-aspect-ratio-1400-788.jpg","contentUrl":"https:\/\/loginfo24.com\/wp-content\/uploads\/sites\/7\/2026\/01\/2026_Rivella_E-LKW__7_-aspect-ratio-1400-788.jpg","width":1385,"height":780},{"@type":"BreadcrumbList","@id":"https:\/\/loginfo24.com\/fr\/2026\/01\/29\/extension-de-la-flotte-de-camions-electriques\/#breadcrumb","itemListElement":[{"@type":"ListItem","position":1,"name":"Startseite","item":"https:\/\/loginfo24.com\/fr\/"},{"@type":"ListItem","position":2,"name":"Extension de la flotte de camions \u00e9lectriques"}]},{"@type":"WebSite","@id":"https:\/\/loginfo24.com\/fr\/#website","url":"https:\/\/loginfo24.com\/fr\/","name":"Loginfo24","description":"Loginfo24 est la plateforme d\u00e9di\u00e9e \u00e0 la logistique et aux cha\u00eenes d&#039;approvisionnement qui fournit des informations 24 heures sur 24.","publisher":{"@id":"https:\/\/loginfo24.com\/fr\/#organization"},"potentialAction":[{"@type":"SearchAction","target":{"@type":"EntryPoint","urlTemplate":"https:\/\/loginfo24.com\/fr\/?s={search_term_string}"},"query-input":{"@type":"PropertyValueSpecification","valueRequired":true,"valueName":"search_term_string"}}],"inLanguage":"fr-FR"},{"@type":"Organization","@id":"https:\/\/loginfo24.com\/fr\/#organization","name":"Groupe Logismedia AG","url":"https:\/\/loginfo24.com\/fr\/","logo":{"@type":"ImageObject","inLanguage":"fr-FR","@id":"https:\/\/loginfo24.com\/fr\/#\/schema\/logo\/image\/","url":"https:\/\/loginfo24.com\/wp-content\/uploads\/sites\/7\/2026\/01\/Logo_LogInfo24.png","contentUrl":"https:\/\/loginfo24.com\/wp-content\/uploads\/sites\/7\/2026\/01\/Logo_LogInfo24.png","width":938,"height":351,"caption":"Groupe Logismedia AG"},"image":{"@id":"https:\/\/loginfo24.com\/fr\/#\/schema\/logo\/image\/"},"sameAs":["https:\/\/www.facebook.com\/people\/Loginfo24\/100057360583332\/","https:\/\/www.linkedin.com\/company\/lofinfo24\/"]},{"@type":"Person","@id":"https:\/\/loginfo24.com\/fr\/#\/schema\/person\/41d36b5474b623392fa613e97e2363fa","name":"Jeremy Soland","url":"https:\/\/loginfo24.com\/fr\/author\/jeremy\/"}]}},"_links":{"self":[{"href":"https:\/\/loginfo24.com\/fr\/wp-json\/wp\/v2\/posts\/74205","targetHints":{"allow":["GET"]}}],"collection":[{"href":"https:\/\/loginfo24.com\/fr\/wp-json\/wp\/v2\/posts"}],"about":[{"href":"https:\/\/loginfo24.com\/fr\/wp-json\/wp\/v2\/types\/post"}],"author":[{"embeddable":true,"href":"https:\/\/loginfo24.com\/fr\/wp-json\/wp\/v2\/users\/10"}],"replies":[{"embeddable":true,"href":"https:\/\/loginfo24.com\/fr\/wp-json\/wp\/v2\/comments?post=74205"}],"version-history":[{"count":1,"href":"https:\/\/loginfo24.com\/fr\/wp-json\/wp\/v2\/posts\/74205\/revisions"}],"predecessor-version":[{"id":74458,"href":"https:\/\/loginfo24.com\/fr\/wp-json\/wp\/v2\/posts\/74205\/revisions\/74458"}],"wp:featuredmedia":[{"embeddable":true,"href":"https:\/\/loginfo24.com\/fr\/wp-json\/wp\/v2\/media\/74203"}],"wp:attachment":[{"href":"https:\/\/loginfo24.com\/fr\/wp-json\/wp\/v2\/media?parent=74205"}],"wp:term":[{"taxonomy":"category","embeddable":true,"href":"https:\/\/loginfo24.com\/fr\/wp-json\/wp\/v2\/categories?post=74205"},{"taxonomy":"post_tag","embeddable":true,"href":"https:\/\/loginfo24.com\/fr\/wp-json\/wp\/v2\/tags?post=74205"}],"curies":[{"name":"wp","href":"https:\/\/api.w.org\/{rel}","templated":true}]}}