{"id":74072,"date":"2026-01-28T09:19:55","date_gmt":"2026-01-28T09:19:55","guid":{"rendered":"https:\/\/loginfo24.com\/2026\/01\/28\/sandra-kraus-nouvelle-leasing-director-chez-ctp\/"},"modified":"2026-01-28T09:19:55","modified_gmt":"2026-01-28T09:19:55","slug":"sandra-kraus-nouvelle-leasing-director-chez-ctp","status":"publish","type":"post","link":"https:\/\/loginfo24.com\/fr\/2026\/01\/28\/sandra-kraus-nouvelle-leasing-director-chez-ctp\/","title":{"rendered":"Sandra Kraus nouvelle Leasing Director chez CTP"},"content":{"rendered":"<p>CTP Deutschland a nomm\u00e9 Sandra Kraus nouvelle Directrice du Leasing d\u00e9but janvier 2026. Dans ce poste, elle prendra la direction de l&#8217;\u00e9quipe de location et de vente en Allemagne. Ses responsabilit\u00e9s incluent la coordination de la collaboration interdisciplinaire ainsi que le d\u00e9veloppement de strat\u00e9gies orient\u00e9es vers le march\u00e9. De plus, elle sera responsable de la cr\u00e9ation et du d\u00e9veloppement de l&#8217;\u00e9quipe de leasing.<\/p>\n<p>Kraus apporte une vaste exp\u00e9rience dans le domaine des biens immobiliers commerciaux, logistiques et industriels. Depuis son entr\u00e9e chez CTP en mai 2025, elle a travaill\u00e9 en tant que responsable de la location, s&#8217;occupant de l&#8217;acquisition, de la gestion des clients et de la gestion des contrats pour les biens qui lui \u00e9taient attribu\u00e9s. Auparavant, elle a \u00e9t\u00e9 employ\u00e9e pendant plusieurs ann\u00e9es chez le prestataire de services immobiliers international CBRE, o\u00f9 elle a occup\u00e9 le poste de Directrice Associ\u00e9e, se concentrant sur la location et la vente de biens immobiliers industriels et logistiques en Rh\u00e9nanie-du-Nord-Westphalie.<\/p>\n<h3>Attentes vis-\u00e0-vis du nouveau r\u00f4le<\/h3>\n<p>Timo Hielscher, Directeur G\u00e9n\u00e9ral de CTP Deutschland, s&#8217;est exprim\u00e9 positivement sur la nomination de Kraus : \u00ab Sandra poss\u00e8de des connaissances approfondies du march\u00e9 et s&#8217;est rapidement \u00e9tablie tant en interne que dans l&#8217;environnement du march\u00e9. Avec son exp\u00e9rience et son approche structur\u00e9e, elle est un atout pr\u00e9cieux pour ce poste. \u00bb Il a soulign\u00e9 que Kraus fera avancer les activit\u00e9s de vente et de location de mani\u00e8re cibl\u00e9e pour soutenir la croissance de CTP Deutschland.<\/p>\n<p>Sandra Kraus elle-m\u00eame d\u00e9crit son nouveau r\u00f4le comme clairement d\u00e9fini. \u00ab Mon objectif est de faire \u00e9voluer les structures existantes, de d\u00e9finir des priorit\u00e9s claires et de renforcer la collaboration au sein de l&#8217;\u00e9quipe. L&#8217;objectif est d&#8217;\u00e9tablir des processus efficaces tout en \u00e9tant capable de r\u00e9agir de mani\u00e8re flexible aux exigences du march\u00e9 \u00bb, a-t-elle d\u00e9clar\u00e9. Kraus se montre motiv\u00e9e \u00e0 relever ces d\u00e9fis avec son \u00e9quipe.<\/p>\n<p>CTP se pr\u00e9sente comme le plus grand propri\u00e9taire, d\u00e9veloppeur et gestionnaire cot\u00e9 en bourse de biens immobiliers logistiques et industriels en Europe. Au 30 septembre 2025, l&#8217;entreprise disposait de 13,8 millions de m\u00b2 de surface locative dans dix pays. CTP certifie tous les nouveaux b\u00e2timents selon BREEAM Very Good ou mieux et a re\u00e7u de Sustainalytics la note ESG \u00ab Low-Risk \u00bb, soulignant l&#8217;engagement de l&#8217;entreprise en faveur de la durabilit\u00e9.<\/p>\n<p>&nbsp;<\/p>\n<p><a href=\"https:\/\/ctp.eu\/\" target=\"_blank\" rel=\"noopener noreferrer\">www.ctp.eu<\/a><\/p>\n<p>&nbsp;<\/p>\n","protected":false},"excerpt":{"rendered":"<p>CTP Allemagne a nomm\u00e9 Sandra Kraus nouvelle Leasing Director pour diriger l&rsquo;\u00e9quipe de location et de vente en Allemagne et d\u00e9velopper des strat\u00e9gies orient\u00e9es vers le march\u00e9.<\/p>\n","protected":false},"author":12,"featured_media":74070,"comment_status":"open","ping_status":"open","sticky":false,"template":"","format":"standard","meta":{"_acf_changed":false,"footnotes":""},"categories":[6671,6679,1579],"tags":[4193,7423,7424,7425,7426,7427,7428,7429,7430,7431,4562,2115,2116,7432,2166,7433,7434,7435,2123,7436,7437,7438,7439,4569,7440,7441,7442,4570,7443,3366,7444,7445,7446,4571,3371,7447,7448,7449,2139,3753,3754,3157,7450,7451,7452,7453,3758,4223,7454,7455,7456,2106,2154,7457,4225,7458],"class_list":["post-74072","post","type-post","status-publish","format-standard","has-post-thumbnail","hentry","category-allemagne","category-europa","category-personnes-et-entreprises","tag-activites-de-vente","tag-breeam-certification","tag-breeam-zertifizierung","tag-certification-breeam","tag-commercial-real-estate","tag-croissance-de-ctp","tag-ctp-allemagne","tag-ctp-deutschland","tag-ctp-germany","tag-deutsch-ctp","tag-developpement-immobilier","tag-digitalisierung-in-der-logistik","tag-digitalization-in-logistics","tag-directrice-de-la-location","tag-durabilite-dans-la-logistique","tag-equipe-de-location","tag-fachkraeftemangel-in-der-immobilienbranche","tag-german-real-estate-market","tag-gestion-de-la-chaine-dapprovisionnement","tag-gestion-locative","tag-gestionnaire-immobilier","tag-gewerbeimmobilien","tag-growth-of-ctp-francais-ctp","tag-immobilienentwicklung","tag-immobilienmarkt-deutschland","tag-immobilienverwalter","tag-immobilier-commercial","tag-immobilier-logistique","tag-industrial-properties","tag-industrieimmobilien","tag-leasing-director","tag-leasing-management","tag-leasing-team","tag-logistics-real-estate","tag-logistikimmobilien","tag-marche-immobilier-allemand","tag-market-strategies","tag-marktstrategien","tag-nachhaltigkeit-in-der-logistik","tag-nordrhein-westfalen","tag-north-rhine-westphalia","tag-numerisation-dans-la-logistique","tag-penurie-de-competences-dans-le-secteur-immobilier","tag-property-development","tag-property-manager","tag-proprietes-industrielles","tag-rhenanie-du-nord-westphalie","tag-sales-activities","tag-sandra-kraus","tag-skills-shortage-in-the-real-estate-sector","tag-strategies-de-marche","tag-supply-chain-management","tag-sustainability-in-logistics","tag-vermietungsmanagement","tag-vertriebsaktivitaeten","tag-wachstum-von-ctp-english-ctp"],"acf":[],"yoast_head":"<!-- This site is optimized with the Yoast SEO plugin v27.3 - https:\/\/yoast.com\/product\/yoast-seo-wordpress\/ -->\n<title>Sandra Kraus nouvelle Leasing Director chez CTP - Loginfo24.<\/title>\n<meta name=\"robots\" content=\"index, follow, max-snippet:-1, max-image-preview:large, max-video-preview:-1\" \/>\n<link rel=\"canonical\" href=\"https:\/\/loginfo24.com\/fr\/2026\/01\/28\/sandra-kraus-nouvelle-leasing-director-chez-ctp\/\" \/>\n<meta property=\"og:locale\" content=\"fr_FR\" \/>\n<meta property=\"og:type\" content=\"article\" \/>\n<meta property=\"og:title\" content=\"Sandra Kraus nouvelle Leasing Director chez CTP - Loginfo24.\" \/>\n<meta property=\"og:description\" content=\"CTP Allemagne a nomm\u00e9 Sandra Kraus nouvelle Leasing Director pour diriger l&#039;\u00e9quipe de location et de vente en Allemagne et d\u00e9velopper des strat\u00e9gies orient\u00e9es vers le march\u00e9.\" \/>\n<meta property=\"og:url\" content=\"https:\/\/loginfo24.com\/fr\/2026\/01\/28\/sandra-kraus-nouvelle-leasing-director-chez-ctp\/\" \/>\n<meta property=\"og:site_name\" content=\"Loginfo24\" \/>\n<meta property=\"article:publisher\" content=\"https:\/\/www.facebook.com\/people\/Loginfo24\/100057360583332\/\" \/>\n<meta property=\"article:published_time\" content=\"2026-01-28T09:19:55+00:00\" \/>\n<meta property=\"og:image\" content=\"https:\/\/loginfo24.com\/wp-content\/uploads\/sites\/7\/2026\/01\/Sandra-Kraus-CTP-scaled-aspect-ratio-1400-788.jpg\" \/>\n\t<meta property=\"og:image:width\" content=\"2260\" \/>\n\t<meta property=\"og:image:height\" content=\"1271\" \/>\n\t<meta property=\"og:image:type\" content=\"image\/jpeg\" \/>\n<meta name=\"author\" content=\"Andreas Haug\" \/>\n<meta name=\"twitter:card\" content=\"summary_large_image\" \/>\n<meta name=\"twitter:label1\" content=\"\u00c9crit par\" \/>\n\t<meta name=\"twitter:data1\" content=\"Andreas Haug\" \/>\n\t<meta name=\"twitter:label2\" content=\"Dur\u00e9e de lecture estim\u00e9e\" \/>\n\t<meta name=\"twitter:data2\" content=\"2 minutes\" \/>\n<script type=\"application\/ld+json\" class=\"yoast-schema-graph\">{\"@context\":\"https:\\\/\\\/schema.org\",\"@graph\":[{\"@type\":\"Article\",\"@id\":\"https:\\\/\\\/loginfo24.com\\\/fr\\\/2026\\\/01\\\/28\\\/sandra-kraus-nouvelle-leasing-director-chez-ctp\\\/#article\",\"isPartOf\":{\"@id\":\"https:\\\/\\\/loginfo24.com\\\/fr\\\/2026\\\/01\\\/28\\\/sandra-kraus-nouvelle-leasing-director-chez-ctp\\\/\"},\"author\":{\"name\":\"Andreas Haug\",\"@id\":\"https:\\\/\\\/loginfo24.com\\\/fr\\\/#\\\/schema\\\/person\\\/cf538b3157f15afd7589245a4b3dbd25\"},\"headline\":\"Sandra Kraus nouvelle Leasing Director chez CTP\",\"datePublished\":\"2026-01-28T09:19:55+00:00\",\"mainEntityOfPage\":{\"@id\":\"https:\\\/\\\/loginfo24.com\\\/fr\\\/2026\\\/01\\\/28\\\/sandra-kraus-nouvelle-leasing-director-chez-ctp\\\/\"},\"wordCount\":430,\"commentCount\":0,\"publisher\":{\"@id\":\"https:\\\/\\\/loginfo24.com\\\/fr\\\/#organization\"},\"image\":{\"@id\":\"https:\\\/\\\/loginfo24.com\\\/fr\\\/2026\\\/01\\\/28\\\/sandra-kraus-nouvelle-leasing-director-chez-ctp\\\/#primaryimage\"},\"thumbnailUrl\":\"https:\\\/\\\/loginfo24.com\\\/wp-content\\\/uploads\\\/sites\\\/7\\\/2026\\\/01\\\/Sandra-Kraus-CTP-scaled-aspect-ratio-1400-788.jpg\",\"keywords\":[\"activit\u00e9s de vente\",\"BREEAM certification\",\"BREEAM Zertifizierung\",\"certification BREEAM\",\"commercial real estate\",\"croissance de CTP\",\"CTP Allemagne\",\"CTP Deutschland\",\"CTP Germany\",\"Deutsch CTP\",\"d\u00e9veloppement immobilier\",\"Digitalisierung in der Logistik\",\"digitalization in logistics\",\"Directrice de la location\",\"durabilit\u00e9 dans la logistique\",\"\u00e9quipe de location\",\"Fachkr\u00e4ftemangel in der Immobilienbranche\",\"German real estate market\",\"gestion de la cha\u00eene d'approvisionnement\",\"gestion locative\",\"gestionnaire immobilier\",\"Gewerbeimmobilien\",\"growth of CTP Fran\u00e7ais CTP\",\"Immobilienentwicklung\",\"Immobilienmarkt Deutschland\",\"Immobilienverwalter\",\"immobilier commercial\",\"immobilier logistique\",\"industrial properties\",\"Industrieimmobilien\",\"Leasing Director\",\"leasing management\",\"Leasing-Team\",\"logistics real estate\",\"Logistikimmobilien\",\"march\u00e9 immobilier allemand\",\"market strategies\",\"Marktstrategien\",\"Nachhaltigkeit in der Logistik\",\"Nordrhein-Westfalen\",\"North Rhine-Westphalia\",\"num\u00e9risation dans la logistique\",\"p\u00e9nurie de comp\u00e9tences dans le secteur immobilier\",\"property development\",\"property manager\",\"propri\u00e9t\u00e9s industrielles\",\"Rh\u00e9nanie-du-Nord-Westphalie\",\"sales activities\",\"Sandra Kraus\",\"skills shortage in the real estate sector\",\"strat\u00e9gies de march\u00e9\",\"Supply Chain Management\",\"sustainability in logistics\",\"Vermietungsmanagement\",\"Vertriebsaktivit\u00e4ten\",\"Wachstum von CTP English CTP\"],\"articleSection\":[\"Allemagne\",\"Europa\",\"Personnes et entreprises\"],\"inLanguage\":\"fr-FR\",\"potentialAction\":[{\"@type\":\"CommentAction\",\"name\":\"Comment\",\"target\":[\"https:\\\/\\\/loginfo24.com\\\/fr\\\/2026\\\/01\\\/28\\\/sandra-kraus-nouvelle-leasing-director-chez-ctp\\\/#respond\"]}]},{\"@type\":\"WebPage\",\"@id\":\"https:\\\/\\\/loginfo24.com\\\/fr\\\/2026\\\/01\\\/28\\\/sandra-kraus-nouvelle-leasing-director-chez-ctp\\\/\",\"url\":\"https:\\\/\\\/loginfo24.com\\\/fr\\\/2026\\\/01\\\/28\\\/sandra-kraus-nouvelle-leasing-director-chez-ctp\\\/\",\"name\":\"Sandra Kraus nouvelle Leasing Director chez CTP - Loginfo24.\",\"isPartOf\":{\"@id\":\"https:\\\/\\\/loginfo24.com\\\/fr\\\/#website\"},\"primaryImageOfPage\":{\"@id\":\"https:\\\/\\\/loginfo24.com\\\/fr\\\/2026\\\/01\\\/28\\\/sandra-kraus-nouvelle-leasing-director-chez-ctp\\\/#primaryimage\"},\"image\":{\"@id\":\"https:\\\/\\\/loginfo24.com\\\/fr\\\/2026\\\/01\\\/28\\\/sandra-kraus-nouvelle-leasing-director-chez-ctp\\\/#primaryimage\"},\"thumbnailUrl\":\"https:\\\/\\\/loginfo24.com\\\/wp-content\\\/uploads\\\/sites\\\/7\\\/2026\\\/01\\\/Sandra-Kraus-CTP-scaled-aspect-ratio-1400-788.jpg\",\"datePublished\":\"2026-01-28T09:19:55+00:00\",\"breadcrumb\":{\"@id\":\"https:\\\/\\\/loginfo24.com\\\/fr\\\/2026\\\/01\\\/28\\\/sandra-kraus-nouvelle-leasing-director-chez-ctp\\\/#breadcrumb\"},\"inLanguage\":\"fr-FR\",\"potentialAction\":[{\"@type\":\"ReadAction\",\"target\":[\"https:\\\/\\\/loginfo24.com\\\/fr\\\/2026\\\/01\\\/28\\\/sandra-kraus-nouvelle-leasing-director-chez-ctp\\\/\"]}]},{\"@type\":\"ImageObject\",\"inLanguage\":\"fr-FR\",\"@id\":\"https:\\\/\\\/loginfo24.com\\\/fr\\\/2026\\\/01\\\/28\\\/sandra-kraus-nouvelle-leasing-director-chez-ctp\\\/#primaryimage\",\"url\":\"https:\\\/\\\/loginfo24.com\\\/wp-content\\\/uploads\\\/sites\\\/7\\\/2026\\\/01\\\/Sandra-Kraus-CTP-scaled-aspect-ratio-1400-788.jpg\",\"contentUrl\":\"https:\\\/\\\/loginfo24.com\\\/wp-content\\\/uploads\\\/sites\\\/7\\\/2026\\\/01\\\/Sandra-Kraus-CTP-scaled-aspect-ratio-1400-788.jpg\",\"width\":2260,\"height\":1271},{\"@type\":\"BreadcrumbList\",\"@id\":\"https:\\\/\\\/loginfo24.com\\\/fr\\\/2026\\\/01\\\/28\\\/sandra-kraus-nouvelle-leasing-director-chez-ctp\\\/#breadcrumb\",\"itemListElement\":[{\"@type\":\"ListItem\",\"position\":1,\"name\":\"Startseite\",\"item\":\"https:\\\/\\\/loginfo24.com\\\/fr\\\/\"},{\"@type\":\"ListItem\",\"position\":2,\"name\":\"Sandra Kraus nouvelle Leasing Director chez CTP\"}]},{\"@type\":\"WebSite\",\"@id\":\"https:\\\/\\\/loginfo24.com\\\/fr\\\/#website\",\"url\":\"https:\\\/\\\/loginfo24.com\\\/fr\\\/\",\"name\":\"Loginfo24\",\"description\":\"Loginfo24 est la plateforme d\u00e9di\u00e9e \u00e0 la logistique et aux cha\u00eenes d&#039;approvisionnement qui fournit des informations 24 heures sur 24.\",\"publisher\":{\"@id\":\"https:\\\/\\\/loginfo24.com\\\/fr\\\/#organization\"},\"potentialAction\":[{\"@type\":\"SearchAction\",\"target\":{\"@type\":\"EntryPoint\",\"urlTemplate\":\"https:\\\/\\\/loginfo24.com\\\/fr\\\/?s={search_term_string}\"},\"query-input\":{\"@type\":\"PropertyValueSpecification\",\"valueRequired\":true,\"valueName\":\"search_term_string\"}}],\"inLanguage\":\"fr-FR\"},{\"@type\":\"Organization\",\"@id\":\"https:\\\/\\\/loginfo24.com\\\/fr\\\/#organization\",\"name\":\"Groupe Logismedia AG\",\"url\":\"https:\\\/\\\/loginfo24.com\\\/fr\\\/\",\"logo\":{\"@type\":\"ImageObject\",\"inLanguage\":\"fr-FR\",\"@id\":\"https:\\\/\\\/loginfo24.com\\\/fr\\\/#\\\/schema\\\/logo\\\/image\\\/\",\"url\":\"https:\\\/\\\/loginfo24.com\\\/wp-content\\\/uploads\\\/sites\\\/7\\\/2026\\\/01\\\/Logo_LogInfo24.png\",\"contentUrl\":\"https:\\\/\\\/loginfo24.com\\\/wp-content\\\/uploads\\\/sites\\\/7\\\/2026\\\/01\\\/Logo_LogInfo24.png\",\"width\":938,\"height\":351,\"caption\":\"Groupe Logismedia AG\"},\"image\":{\"@id\":\"https:\\\/\\\/loginfo24.com\\\/fr\\\/#\\\/schema\\\/logo\\\/image\\\/\"},\"sameAs\":[\"https:\\\/\\\/www.facebook.com\\\/people\\\/Loginfo24\\\/100057360583332\\\/\",\"https:\\\/\\\/www.linkedin.com\\\/company\\\/lofinfo24\\\/\"]},{\"@type\":\"Person\",\"@id\":\"https:\\\/\\\/loginfo24.com\\\/fr\\\/#\\\/schema\\\/person\\\/cf538b3157f15afd7589245a4b3dbd25\",\"name\":\"Andreas Haug\",\"url\":\"https:\\\/\\\/loginfo24.com\\\/fr\\\/author\\\/andreas\\\/\"}]}<\/script>\n<!-- \/ Yoast SEO plugin. -->","yoast_head_json":{"title":"Sandra Kraus nouvelle Leasing Director chez CTP - Loginfo24.","robots":{"index":"index","follow":"follow","max-snippet":"max-snippet:-1","max-image-preview":"max-image-preview:large","max-video-preview":"max-video-preview:-1"},"canonical":"https:\/\/loginfo24.com\/fr\/2026\/01\/28\/sandra-kraus-nouvelle-leasing-director-chez-ctp\/","og_locale":"fr_FR","og_type":"article","og_title":"Sandra Kraus nouvelle Leasing Director chez CTP - Loginfo24.","og_description":"CTP Allemagne a nomm\u00e9 Sandra Kraus nouvelle Leasing Director pour diriger l'\u00e9quipe de location et de vente en Allemagne et d\u00e9velopper des strat\u00e9gies orient\u00e9es vers le march\u00e9.","og_url":"https:\/\/loginfo24.com\/fr\/2026\/01\/28\/sandra-kraus-nouvelle-leasing-director-chez-ctp\/","og_site_name":"Loginfo24","article_publisher":"https:\/\/www.facebook.com\/people\/Loginfo24\/100057360583332\/","article_published_time":"2026-01-28T09:19:55+00:00","og_image":[{"width":2260,"height":1271,"url":"https:\/\/loginfo24.com\/wp-content\/uploads\/sites\/7\/2026\/01\/Sandra-Kraus-CTP-scaled-aspect-ratio-1400-788.jpg","type":"image\/jpeg"}],"author":"Andreas Haug","twitter_card":"summary_large_image","twitter_misc":{"\u00c9crit par":"Andreas Haug","Dur\u00e9e de lecture estim\u00e9e":"2 minutes"},"schema":{"@context":"https:\/\/schema.org","@graph":[{"@type":"Article","@id":"https:\/\/loginfo24.com\/fr\/2026\/01\/28\/sandra-kraus-nouvelle-leasing-director-chez-ctp\/#article","isPartOf":{"@id":"https:\/\/loginfo24.com\/fr\/2026\/01\/28\/sandra-kraus-nouvelle-leasing-director-chez-ctp\/"},"author":{"name":"Andreas Haug","@id":"https:\/\/loginfo24.com\/fr\/#\/schema\/person\/cf538b3157f15afd7589245a4b3dbd25"},"headline":"Sandra Kraus nouvelle Leasing Director chez CTP","datePublished":"2026-01-28T09:19:55+00:00","mainEntityOfPage":{"@id":"https:\/\/loginfo24.com\/fr\/2026\/01\/28\/sandra-kraus-nouvelle-leasing-director-chez-ctp\/"},"wordCount":430,"commentCount":0,"publisher":{"@id":"https:\/\/loginfo24.com\/fr\/#organization"},"image":{"@id":"https:\/\/loginfo24.com\/fr\/2026\/01\/28\/sandra-kraus-nouvelle-leasing-director-chez-ctp\/#primaryimage"},"thumbnailUrl":"https:\/\/loginfo24.com\/wp-content\/uploads\/sites\/7\/2026\/01\/Sandra-Kraus-CTP-scaled-aspect-ratio-1400-788.jpg","keywords":["activit\u00e9s de vente","BREEAM certification","BREEAM Zertifizierung","certification BREEAM","commercial real estate","croissance de CTP","CTP Allemagne","CTP Deutschland","CTP Germany","Deutsch CTP","d\u00e9veloppement immobilier","Digitalisierung in der Logistik","digitalization in logistics","Directrice de la location","durabilit\u00e9 dans la logistique","\u00e9quipe de location","Fachkr\u00e4ftemangel in der Immobilienbranche","German real estate market","gestion de la cha\u00eene d'approvisionnement","gestion locative","gestionnaire immobilier","Gewerbeimmobilien","growth of CTP Fran\u00e7ais CTP","Immobilienentwicklung","Immobilienmarkt Deutschland","Immobilienverwalter","immobilier commercial","immobilier logistique","industrial properties","Industrieimmobilien","Leasing Director","leasing management","Leasing-Team","logistics real estate","Logistikimmobilien","march\u00e9 immobilier allemand","market strategies","Marktstrategien","Nachhaltigkeit in der Logistik","Nordrhein-Westfalen","North Rhine-Westphalia","num\u00e9risation dans la logistique","p\u00e9nurie de comp\u00e9tences dans le secteur immobilier","property development","property manager","propri\u00e9t\u00e9s industrielles","Rh\u00e9nanie-du-Nord-Westphalie","sales activities","Sandra Kraus","skills shortage in the real estate sector","strat\u00e9gies de march\u00e9","Supply Chain Management","sustainability in logistics","Vermietungsmanagement","Vertriebsaktivit\u00e4ten","Wachstum von CTP English CTP"],"articleSection":["Allemagne","Europa","Personnes et entreprises"],"inLanguage":"fr-FR","potentialAction":[{"@type":"CommentAction","name":"Comment","target":["https:\/\/loginfo24.com\/fr\/2026\/01\/28\/sandra-kraus-nouvelle-leasing-director-chez-ctp\/#respond"]}]},{"@type":"WebPage","@id":"https:\/\/loginfo24.com\/fr\/2026\/01\/28\/sandra-kraus-nouvelle-leasing-director-chez-ctp\/","url":"https:\/\/loginfo24.com\/fr\/2026\/01\/28\/sandra-kraus-nouvelle-leasing-director-chez-ctp\/","name":"Sandra Kraus nouvelle Leasing Director chez CTP - Loginfo24.","isPartOf":{"@id":"https:\/\/loginfo24.com\/fr\/#website"},"primaryImageOfPage":{"@id":"https:\/\/loginfo24.com\/fr\/2026\/01\/28\/sandra-kraus-nouvelle-leasing-director-chez-ctp\/#primaryimage"},"image":{"@id":"https:\/\/loginfo24.com\/fr\/2026\/01\/28\/sandra-kraus-nouvelle-leasing-director-chez-ctp\/#primaryimage"},"thumbnailUrl":"https:\/\/loginfo24.com\/wp-content\/uploads\/sites\/7\/2026\/01\/Sandra-Kraus-CTP-scaled-aspect-ratio-1400-788.jpg","datePublished":"2026-01-28T09:19:55+00:00","breadcrumb":{"@id":"https:\/\/loginfo24.com\/fr\/2026\/01\/28\/sandra-kraus-nouvelle-leasing-director-chez-ctp\/#breadcrumb"},"inLanguage":"fr-FR","potentialAction":[{"@type":"ReadAction","target":["https:\/\/loginfo24.com\/fr\/2026\/01\/28\/sandra-kraus-nouvelle-leasing-director-chez-ctp\/"]}]},{"@type":"ImageObject","inLanguage":"fr-FR","@id":"https:\/\/loginfo24.com\/fr\/2026\/01\/28\/sandra-kraus-nouvelle-leasing-director-chez-ctp\/#primaryimage","url":"https:\/\/loginfo24.com\/wp-content\/uploads\/sites\/7\/2026\/01\/Sandra-Kraus-CTP-scaled-aspect-ratio-1400-788.jpg","contentUrl":"https:\/\/loginfo24.com\/wp-content\/uploads\/sites\/7\/2026\/01\/Sandra-Kraus-CTP-scaled-aspect-ratio-1400-788.jpg","width":2260,"height":1271},{"@type":"BreadcrumbList","@id":"https:\/\/loginfo24.com\/fr\/2026\/01\/28\/sandra-kraus-nouvelle-leasing-director-chez-ctp\/#breadcrumb","itemListElement":[{"@type":"ListItem","position":1,"name":"Startseite","item":"https:\/\/loginfo24.com\/fr\/"},{"@type":"ListItem","position":2,"name":"Sandra Kraus nouvelle Leasing Director chez CTP"}]},{"@type":"WebSite","@id":"https:\/\/loginfo24.com\/fr\/#website","url":"https:\/\/loginfo24.com\/fr\/","name":"Loginfo24","description":"Loginfo24 est la plateforme d\u00e9di\u00e9e \u00e0 la logistique et aux cha\u00eenes d&#039;approvisionnement qui fournit des informations 24 heures sur 24.","publisher":{"@id":"https:\/\/loginfo24.com\/fr\/#organization"},"potentialAction":[{"@type":"SearchAction","target":{"@type":"EntryPoint","urlTemplate":"https:\/\/loginfo24.com\/fr\/?s={search_term_string}"},"query-input":{"@type":"PropertyValueSpecification","valueRequired":true,"valueName":"search_term_string"}}],"inLanguage":"fr-FR"},{"@type":"Organization","@id":"https:\/\/loginfo24.com\/fr\/#organization","name":"Groupe Logismedia AG","url":"https:\/\/loginfo24.com\/fr\/","logo":{"@type":"ImageObject","inLanguage":"fr-FR","@id":"https:\/\/loginfo24.com\/fr\/#\/schema\/logo\/image\/","url":"https:\/\/loginfo24.com\/wp-content\/uploads\/sites\/7\/2026\/01\/Logo_LogInfo24.png","contentUrl":"https:\/\/loginfo24.com\/wp-content\/uploads\/sites\/7\/2026\/01\/Logo_LogInfo24.png","width":938,"height":351,"caption":"Groupe Logismedia AG"},"image":{"@id":"https:\/\/loginfo24.com\/fr\/#\/schema\/logo\/image\/"},"sameAs":["https:\/\/www.facebook.com\/people\/Loginfo24\/100057360583332\/","https:\/\/www.linkedin.com\/company\/lofinfo24\/"]},{"@type":"Person","@id":"https:\/\/loginfo24.com\/fr\/#\/schema\/person\/cf538b3157f15afd7589245a4b3dbd25","name":"Andreas Haug","url":"https:\/\/loginfo24.com\/fr\/author\/andreas\/"}]}},"_links":{"self":[{"href":"https:\/\/loginfo24.com\/fr\/wp-json\/wp\/v2\/posts\/74072","targetHints":{"allow":["GET"]}}],"collection":[{"href":"https:\/\/loginfo24.com\/fr\/wp-json\/wp\/v2\/posts"}],"about":[{"href":"https:\/\/loginfo24.com\/fr\/wp-json\/wp\/v2\/types\/post"}],"author":[{"embeddable":true,"href":"https:\/\/loginfo24.com\/fr\/wp-json\/wp\/v2\/users\/12"}],"replies":[{"embeddable":true,"href":"https:\/\/loginfo24.com\/fr\/wp-json\/wp\/v2\/comments?post=74072"}],"version-history":[{"count":0,"href":"https:\/\/loginfo24.com\/fr\/wp-json\/wp\/v2\/posts\/74072\/revisions"}],"wp:featuredmedia":[{"embeddable":true,"href":"https:\/\/loginfo24.com\/fr\/wp-json\/wp\/v2\/media\/74070"}],"wp:attachment":[{"href":"https:\/\/loginfo24.com\/fr\/wp-json\/wp\/v2\/media?parent=74072"}],"wp:term":[{"taxonomy":"category","embeddable":true,"href":"https:\/\/loginfo24.com\/fr\/wp-json\/wp\/v2\/categories?post=74072"},{"taxonomy":"post_tag","embeddable":true,"href":"https:\/\/loginfo24.com\/fr\/wp-json\/wp\/v2\/tags?post=74072"}],"curies":[{"name":"wp","href":"https:\/\/api.w.org\/{rel}","templated":true}]}}