{"id":73975,"date":"2026-01-27T15:12:07","date_gmt":"2026-01-27T15:12:07","guid":{"rendered":"https:\/\/loginfo24.com\/2026\/01\/27\/thielemanngroup-prevoit-un-campus-logistique-a-krefeld\/"},"modified":"2026-01-27T16:53:40","modified_gmt":"2026-01-27T15:53:40","slug":"thielemanngroup-prevoit-un-campus-logistique-a-krefeld","status":"publish","type":"post","link":"https:\/\/loginfo24.com\/fr\/2026\/01\/27\/thielemanngroup-prevoit-un-campus-logistique-a-krefeld\/","title":{"rendered":"ThielemannGroup pr\u00e9voit un campus logistique \u00e0 Krefeld"},"content":{"rendered":"<p>La ThielemannGroup a acquis un terrain dans le port rh\u00e9nan de Krefeld pour y \u00e9tablir un campus logistique. Sur une superficie de plus de 60 000 m\u00b2, deux biens logistiques d&#8217;une superficie totale d&#8217;environ 40 000 m\u00b2 seront construits. Le d\u00e9but des travaux est pr\u00e9vu pour fin 2026, tandis que la demande de permis de construire sera soumise d&#8217;ici mi-2026.<\/p>\n<h3>Situation strat\u00e9gique et infrastructure<\/h3>\n<p>Navid Thielemann, PDG de la ThielemannGroup, souligne les avantages de l&#8217;emplacement : \u00ab Avec ce site, nous nous assurons un emplacement de premier choix \u2013 directement au KCT, avec le Rhin, le rail et l&#8217;autoroute \u00e0 notre porte. \u00bb Le port rh\u00e9nan de Krefeld offre une infrastructure performante, con\u00e7ue pour la logistique multimodale des conteneurs. Le terminal \u00e0 conteneurs de Krefeld (KCT) voisin dispose de deux grues portiques et de ses propres installations ferroviaires, permettant un acc\u00e8s direct au dense r\u00e9seau autoroutier de la r\u00e9gion Rhin-Ruhr.<\/p>\n<p>Un autre aspect est la connexion ferroviaire pr\u00e9vue des b\u00e2timents logistiques, qui permettra un transfert plus respectueux de l&#8217;environnement des flux de marchandises par rail et voie navigable. Cela devrait contribuer \u00e0 r\u00e9duire les \u00e9missions de transport. De plus, l&#8217;a\u00e9roport de D\u00fcsseldorf est facilement accessible, ce qui est avantageux pour les envois sensibles au temps.<\/p>\n<p>Patrick A. Wisotzky, directeur g\u00e9n\u00e9ral de Hafen Krefeld GmbH &amp; Co. KG, accueille l&#8217;implantation de la ThielemannGroup et y voit un signal positif pour la r\u00e9gion. Il souligne que la combinaison d&#8217;une infrastructure multimodale et d&#8217;un profil futur clair renforce le cluster logistique de Krefeld.<\/p>\n<h3>Planification durable et investissements<\/h3>\n<p>La ThielemannGroup pr\u00e9voit de viser une certification Gold par la Deutsche Gesellschaft f\u00fcr Nachhaltiges Bauen (DGNB) pour le campus logistique. Parmi les mesures pr\u00e9vues figurent des techniques de construction \u00e9co\u00e9nerg\u00e9tiques, une installation photovolta\u00efque ainsi qu&#8217;une infrastructure de recharge pour v\u00e9hicules \u00e9lectriques. Le volume d&#8217;investissement pour le projet s&#8217;\u00e9l\u00e8ve \u00e0 environ 35 millions d&#8217;euros.<\/p>\n<p>Le groupe RECHT Logistik utilisera le nouveau campus comme site de performance. Environ 50 % de la superficie sont d\u00e9j\u00e0 attribu\u00e9s \u00e0 un client existant du secteur de l&#8217;e-commerce. Des discussions avec des clients potentiels pour les surfaces restantes sont en cours. La ThielemannGroup recherche sp\u00e9cifiquement des entreprises qui correspondent \u00e0 un campus durable et multimodal.<\/p>\n<p>Christian Karl Flick, COO de ThielemannGroup Holding GmbH et PDG du groupe RECHT Logistik, souligne l&#8217;importance strat\u00e9gique de l&#8217;emplacement de Krefeld. Il y voit une opportunit\u00e9 d&#8217;\u00e9largir les capacit\u00e9s sur un march\u00e9 attractif et d&#8217;optimiser les processus ainsi que les d\u00e9lais.<\/p>\n<h3>Extension du d\u00e9veloppement de projets<\/h3>\n<p>En plus du projet \u00e0 Krefeld, la ThielemannGroup poursuit \u00e9galement d&#8217;autres d\u00e9veloppements. \u00c0 Wernberg-K\u00f6blitz en Bavi\u00e8re, un centre logistique de 30 000 m\u00b2 sera construit, dont l&#8217;ach\u00e8vement est pr\u00e9vu d&#8217;ici fin 2026. De plus, les pr\u00e9paratifs pour un autre centre logistique \u00e0 Cologne sont en cours, avec un d\u00e9but de construction pr\u00e9vu pour le deuxi\u00e8me trimestre 2026.<\/p>\n<p>Navid Thielemann met en avant les synergies entre le d\u00e9veloppement de projets et la pratique op\u00e9rationnelle : \u00ab Krefeld est pour nous plus qu&#8217;un autre site \u2013 le projet illustre comment nous concentrons notre force. \u00bb La combinaison d&#8217;un d\u00e9veloppeur de projets et d&#8217;un utilisateur sous un m\u00eame toit doit garantir que les exigences des clients soient satisfaites tant aujourd&#8217;hui qu&#8217;\u00e0 l&#8217;avenir.<\/p>\n<p><a href=\"https:\/\/www.thielemann-group.com\/\" target=\"_blank\" rel=\"noopener noreferrer\">www.thielemann-group.com<\/a><\/p>\n","protected":false},"excerpt":{"rendered":"<p>La ThielemannGroup pr\u00e9voit un campus logistique dans le port rh\u00e9nan de Krefeld avec deux b\u00e2timents et vise une certification or pour la construction durable.<\/p>\n","protected":false},"author":7,"featured_media":73980,"comment_status":"open","ping_status":"open","sticky":false,"template":"","format":"standard","meta":{"_acf_changed":false,"footnotes":""},"categories":[6671,6679,1581],"tags":[7091,7092,7093,7094,7095,7096,7097,7098,7099,7100,7101,7102,7103,7104,7105,7106,7107,7108,7109,7110,3370,2133,1831,3371,7111,2622,2671,7112,7113,1800,7114,7115,7116,7117,7118,2148,3382,7119,2193,7120,7121,7122,7123,7124,1916,7125,7126,2641,7127,7128,7129,3125,7130,7131,7132,7133],"class_list":["post-73975","post","type-post","status-publish","format-standard","has-post-thumbnail","hentry","category-allemagne","category-europa","category-expedition-et-logistique","tag-centre-logistique-wernberg-koeblitz","tag-certification-or-dgnb","tag-choix-strategique-de-site","tag-connexion-trimodale","tag-deutsch-logistik-campus-krefeld","tag-e-charging-infrastructure","tag-e-ladeinfrastruktur","tag-gold-certification-dgnb","tag-gold-zertifizierung-dgnb","tag-hafenbetrieb-krefeld","tag-infrastructure-de-recharge-electrique","tag-infrastructure-rhin-ruhr","tag-infrastruktur-rhein-ruhr","tag-investitionsvolumen-logistik","tag-investment-volume-logistics","tag-krefeld-container-terminal","tag-krefeld-port-operations","tag-krefelder-container-terminal","tag-logistics-center-wernberg-koeblitz","tag-logistics-process-optimization-francais-campus-logistique-krefeld","tag-logistics-properties","tag-logistics-service-providers","tag-logistikdienstleister","tag-logistikimmobilien","tag-logistikzentrum-wernberg-koeblitz","tag-logistique-durable","tag-logistique-multimodale","tag-multimodal-container-logistics","tag-multimodale-containerlogistik","tag-nachhaltige-logistik","tag-operations-portuaires-de-krefeld","tag-optimisation-des-processus-logistiques","tag-photovoltaic-system","tag-photovoltaikanlage","tag-port-rhenan-krefeld","tag-prestataires-de-services-logistiques","tag-proprietes-logistiques","tag-prozessoptimierung-logistik-english-logistics-campus-krefeld","tag-rail-freight-transport","tag-reduce-transport-emissions","tag-reduire-les-emissions-de-transport","tag-rheinhafen-krefeld","tag-rhine-port-krefeld","tag-rhine-ruhr-infrastructure","tag-schienengueterverkehr","tag-strategic-site-selection","tag-strategische-standortwahl","tag-sustainable-logistics","tag-systeme-photovoltaique","tag-terminal-a-conteneurs-de-krefeld","tag-thielemanngroup","tag-transport-ferroviaire-de-marchandises","tag-transportemissionen-reduzieren","tag-trimodal-connection","tag-trimodale-anbindung","tag-volume-dinvestissement-logistique"],"acf":[],"yoast_head":"<!-- This site is optimized with the Yoast SEO plugin v27.3 - https:\/\/yoast.com\/product\/yoast-seo-wordpress\/ -->\n<title>ThielemannGroup pr\u00e9voit un campus logistique \u00e0 Krefeld - Loginfo24.<\/title>\n<meta name=\"robots\" content=\"index, follow, max-snippet:-1, max-image-preview:large, max-video-preview:-1\" \/>\n<link rel=\"canonical\" href=\"https:\/\/loginfo24.com\/fr\/2026\/01\/27\/thielemanngroup-prevoit-un-campus-logistique-a-krefeld\/\" \/>\n<meta property=\"og:locale\" content=\"fr_FR\" \/>\n<meta property=\"og:type\" content=\"article\" \/>\n<meta property=\"og:title\" content=\"ThielemannGroup pr\u00e9voit un campus logistique \u00e0 Krefeld - Loginfo24.\" \/>\n<meta property=\"og:description\" content=\"La ThielemannGroup pr\u00e9voit un campus logistique dans le port rh\u00e9nan de Krefeld avec deux b\u00e2timents et vise une certification or pour la construction durable.\" \/>\n<meta property=\"og:url\" content=\"https:\/\/loginfo24.com\/fr\/2026\/01\/27\/thielemanngroup-prevoit-un-campus-logistique-a-krefeld\/\" \/>\n<meta property=\"og:site_name\" content=\"Loginfo24\" \/>\n<meta property=\"article:publisher\" content=\"https:\/\/www.facebook.com\/people\/Loginfo24\/100057360583332\/\" \/>\n<meta property=\"article:published_time\" content=\"2026-01-27T15:12:07+00:00\" \/>\n<meta property=\"article:modified_time\" content=\"2026-01-27T15:53:40+00:00\" \/>\n<meta property=\"og:image\" content=\"https:\/\/loginfo24.com\/wp-content\/uploads\/sites\/7\/2026\/01\/Thielemann_27.1.26-aspect-ratio-1400-788-1.jpg\" \/>\n\t<meta property=\"og:image:width\" content=\"1325\" \/>\n\t<meta property=\"og:image:height\" content=\"746\" \/>\n\t<meta property=\"og:image:type\" content=\"image\/jpeg\" \/>\n<meta name=\"author\" content=\"Andreas M\u00fcller\" \/>\n<meta name=\"twitter:card\" content=\"summary_large_image\" \/>\n<meta name=\"twitter:label1\" content=\"\u00c9crit par\" \/>\n\t<meta name=\"twitter:data1\" content=\"Andreas M\u00fcller\" \/>\n\t<meta name=\"twitter:label2\" content=\"Dur\u00e9e de lecture estim\u00e9e\" \/>\n\t<meta name=\"twitter:data2\" content=\"3 minutes\" \/>\n<script type=\"application\/ld+json\" class=\"yoast-schema-graph\">{\"@context\":\"https:\\\/\\\/schema.org\",\"@graph\":[{\"@type\":\"Article\",\"@id\":\"https:\\\/\\\/loginfo24.com\\\/fr\\\/2026\\\/01\\\/27\\\/thielemanngroup-prevoit-un-campus-logistique-a-krefeld\\\/#article\",\"isPartOf\":{\"@id\":\"https:\\\/\\\/loginfo24.com\\\/fr\\\/2026\\\/01\\\/27\\\/thielemanngroup-prevoit-un-campus-logistique-a-krefeld\\\/\"},\"author\":{\"name\":\"Andreas M\u00fcller\",\"@id\":\"https:\\\/\\\/loginfo24.com\\\/fr\\\/#\\\/schema\\\/person\\\/7b1593b33567ba798d300c8a1b0b85b1\"},\"headline\":\"ThielemannGroup pr\u00e9voit un campus logistique \u00e0 Krefeld\",\"datePublished\":\"2026-01-27T15:12:07+00:00\",\"dateModified\":\"2026-01-27T15:53:40+00:00\",\"mainEntityOfPage\":{\"@id\":\"https:\\\/\\\/loginfo24.com\\\/fr\\\/2026\\\/01\\\/27\\\/thielemanngroup-prevoit-un-campus-logistique-a-krefeld\\\/\"},\"wordCount\":581,\"commentCount\":0,\"publisher\":{\"@id\":\"https:\\\/\\\/loginfo24.com\\\/fr\\\/#organization\"},\"image\":{\"@id\":\"https:\\\/\\\/loginfo24.com\\\/fr\\\/2026\\\/01\\\/27\\\/thielemanngroup-prevoit-un-campus-logistique-a-krefeld\\\/#primaryimage\"},\"thumbnailUrl\":\"https:\\\/\\\/loginfo24.com\\\/wp-content\\\/uploads\\\/sites\\\/7\\\/2026\\\/01\\\/Thielemann_27.1.26-aspect-ratio-1400-788-1.jpg\",\"keywords\":[\"centre logistique Wernberg-K\u00f6blitz\",\"certification or DGNB\",\"choix strat\u00e9gique de site\",\"connexion trimodale\",\"Deutsch Logistik-Campus Krefeld\",\"e-charging infrastructure\",\"E-Ladeinfrastruktur\",\"gold certification DGNB\",\"Gold-Zertifizierung DGNB\",\"Hafenbetrieb Krefeld\",\"infrastructure de recharge \u00e9lectrique\",\"infrastructure Rhin-Ruhr\",\"Infrastruktur Rhein-Ruhr\",\"Investitionsvolumen Logistik\",\"investment volume logistics\",\"Krefeld container terminal\",\"Krefeld port operations\",\"Krefelder Container Terminal\",\"logistics center Wernberg-K\u00f6blitz\",\"logistics process optimization Fran\u00e7ais Campus logistique Krefeld\",\"logistics properties\",\"logistics service providers\",\"Logistikdienstleister\",\"Logistikimmobilien\",\"Logistikzentrum Wernberg-K\u00f6blitz\",\"logistique durable\",\"logistique multimodale\",\"multimodal container logistics\",\"multimodale Containerlogistik\",\"nachhaltige Logistik\",\"op\u00e9rations portuaires de Krefeld\",\"optimisation des processus logistiques\",\"photovoltaic system\",\"Photovoltaikanlage\",\"port rh\u00e9nan Krefeld\",\"prestataires de services logistiques\",\"propri\u00e9t\u00e9s logistiques\",\"Prozessoptimierung Logistik English Logistics campus Krefeld\",\"rail freight transport\",\"reduce transport emissions\",\"r\u00e9duire les \u00e9missions de transport\",\"Rheinhafen Krefeld\",\"Rhine port Krefeld\",\"Rhine-Ruhr infrastructure\",\"Schieneng\u00fcterverkehr\",\"strategic site selection\",\"strategische Standortwahl\",\"sustainable logistics\",\"syst\u00e8me photovolta\u00efque\",\"terminal \u00e0 conteneurs de Krefeld\",\"ThielemannGroup\",\"transport ferroviaire de marchandises\",\"Transportemissionen reduzieren\",\"trimodal connection\",\"trimodale Anbindung\",\"volume d'investissement logistique\"],\"articleSection\":[\"Allemagne\",\"Europa\",\"Exp\u00e9dition de fret et logistique\"],\"inLanguage\":\"fr-FR\",\"potentialAction\":[{\"@type\":\"CommentAction\",\"name\":\"Comment\",\"target\":[\"https:\\\/\\\/loginfo24.com\\\/fr\\\/2026\\\/01\\\/27\\\/thielemanngroup-prevoit-un-campus-logistique-a-krefeld\\\/#respond\"]}]},{\"@type\":\"WebPage\",\"@id\":\"https:\\\/\\\/loginfo24.com\\\/fr\\\/2026\\\/01\\\/27\\\/thielemanngroup-prevoit-un-campus-logistique-a-krefeld\\\/\",\"url\":\"https:\\\/\\\/loginfo24.com\\\/fr\\\/2026\\\/01\\\/27\\\/thielemanngroup-prevoit-un-campus-logistique-a-krefeld\\\/\",\"name\":\"ThielemannGroup pr\u00e9voit un campus logistique \u00e0 Krefeld - Loginfo24.\",\"isPartOf\":{\"@id\":\"https:\\\/\\\/loginfo24.com\\\/fr\\\/#website\"},\"primaryImageOfPage\":{\"@id\":\"https:\\\/\\\/loginfo24.com\\\/fr\\\/2026\\\/01\\\/27\\\/thielemanngroup-prevoit-un-campus-logistique-a-krefeld\\\/#primaryimage\"},\"image\":{\"@id\":\"https:\\\/\\\/loginfo24.com\\\/fr\\\/2026\\\/01\\\/27\\\/thielemanngroup-prevoit-un-campus-logistique-a-krefeld\\\/#primaryimage\"},\"thumbnailUrl\":\"https:\\\/\\\/loginfo24.com\\\/wp-content\\\/uploads\\\/sites\\\/7\\\/2026\\\/01\\\/Thielemann_27.1.26-aspect-ratio-1400-788-1.jpg\",\"datePublished\":\"2026-01-27T15:12:07+00:00\",\"dateModified\":\"2026-01-27T15:53:40+00:00\",\"breadcrumb\":{\"@id\":\"https:\\\/\\\/loginfo24.com\\\/fr\\\/2026\\\/01\\\/27\\\/thielemanngroup-prevoit-un-campus-logistique-a-krefeld\\\/#breadcrumb\"},\"inLanguage\":\"fr-FR\",\"potentialAction\":[{\"@type\":\"ReadAction\",\"target\":[\"https:\\\/\\\/loginfo24.com\\\/fr\\\/2026\\\/01\\\/27\\\/thielemanngroup-prevoit-un-campus-logistique-a-krefeld\\\/\"]}]},{\"@type\":\"ImageObject\",\"inLanguage\":\"fr-FR\",\"@id\":\"https:\\\/\\\/loginfo24.com\\\/fr\\\/2026\\\/01\\\/27\\\/thielemanngroup-prevoit-un-campus-logistique-a-krefeld\\\/#primaryimage\",\"url\":\"https:\\\/\\\/loginfo24.com\\\/wp-content\\\/uploads\\\/sites\\\/7\\\/2026\\\/01\\\/Thielemann_27.1.26-aspect-ratio-1400-788-1.jpg\",\"contentUrl\":\"https:\\\/\\\/loginfo24.com\\\/wp-content\\\/uploads\\\/sites\\\/7\\\/2026\\\/01\\\/Thielemann_27.1.26-aspect-ratio-1400-788-1.jpg\",\"width\":1325,\"height\":746},{\"@type\":\"BreadcrumbList\",\"@id\":\"https:\\\/\\\/loginfo24.com\\\/fr\\\/2026\\\/01\\\/27\\\/thielemanngroup-prevoit-un-campus-logistique-a-krefeld\\\/#breadcrumb\",\"itemListElement\":[{\"@type\":\"ListItem\",\"position\":1,\"name\":\"Startseite\",\"item\":\"https:\\\/\\\/loginfo24.com\\\/fr\\\/\"},{\"@type\":\"ListItem\",\"position\":2,\"name\":\"ThielemannGroup pr\u00e9voit un campus logistique \u00e0 Krefeld\"}]},{\"@type\":\"WebSite\",\"@id\":\"https:\\\/\\\/loginfo24.com\\\/fr\\\/#website\",\"url\":\"https:\\\/\\\/loginfo24.com\\\/fr\\\/\",\"name\":\"Loginfo24\",\"description\":\"Loginfo24 est la plateforme d\u00e9di\u00e9e \u00e0 la logistique et aux cha\u00eenes d&#039;approvisionnement qui fournit des informations 24 heures sur 24.\",\"publisher\":{\"@id\":\"https:\\\/\\\/loginfo24.com\\\/fr\\\/#organization\"},\"potentialAction\":[{\"@type\":\"SearchAction\",\"target\":{\"@type\":\"EntryPoint\",\"urlTemplate\":\"https:\\\/\\\/loginfo24.com\\\/fr\\\/?s={search_term_string}\"},\"query-input\":{\"@type\":\"PropertyValueSpecification\",\"valueRequired\":true,\"valueName\":\"search_term_string\"}}],\"inLanguage\":\"fr-FR\"},{\"@type\":\"Organization\",\"@id\":\"https:\\\/\\\/loginfo24.com\\\/fr\\\/#organization\",\"name\":\"Groupe Logismedia AG\",\"url\":\"https:\\\/\\\/loginfo24.com\\\/fr\\\/\",\"logo\":{\"@type\":\"ImageObject\",\"inLanguage\":\"fr-FR\",\"@id\":\"https:\\\/\\\/loginfo24.com\\\/fr\\\/#\\\/schema\\\/logo\\\/image\\\/\",\"url\":\"https:\\\/\\\/loginfo24.com\\\/wp-content\\\/uploads\\\/sites\\\/7\\\/2026\\\/01\\\/Logo_LogInfo24.png\",\"contentUrl\":\"https:\\\/\\\/loginfo24.com\\\/wp-content\\\/uploads\\\/sites\\\/7\\\/2026\\\/01\\\/Logo_LogInfo24.png\",\"width\":938,\"height\":351,\"caption\":\"Groupe Logismedia AG\"},\"image\":{\"@id\":\"https:\\\/\\\/loginfo24.com\\\/fr\\\/#\\\/schema\\\/logo\\\/image\\\/\"},\"sameAs\":[\"https:\\\/\\\/www.facebook.com\\\/people\\\/Loginfo24\\\/100057360583332\\\/\",\"https:\\\/\\\/www.linkedin.com\\\/company\\\/lofinfo24\\\/\"]},{\"@type\":\"Person\",\"@id\":\"https:\\\/\\\/loginfo24.com\\\/fr\\\/#\\\/schema\\\/person\\\/7b1593b33567ba798d300c8a1b0b85b1\",\"name\":\"Andreas M\u00fcller\",\"url\":\"https:\\\/\\\/loginfo24.com\\\/fr\\\/author\\\/logismedia\\\/\"}]}<\/script>\n<!-- \/ Yoast SEO plugin. -->","yoast_head_json":{"title":"ThielemannGroup pr\u00e9voit un campus logistique \u00e0 Krefeld - Loginfo24.","robots":{"index":"index","follow":"follow","max-snippet":"max-snippet:-1","max-image-preview":"max-image-preview:large","max-video-preview":"max-video-preview:-1"},"canonical":"https:\/\/loginfo24.com\/fr\/2026\/01\/27\/thielemanngroup-prevoit-un-campus-logistique-a-krefeld\/","og_locale":"fr_FR","og_type":"article","og_title":"ThielemannGroup pr\u00e9voit un campus logistique \u00e0 Krefeld - Loginfo24.","og_description":"La ThielemannGroup pr\u00e9voit un campus logistique dans le port rh\u00e9nan de Krefeld avec deux b\u00e2timents et vise une certification or pour la construction durable.","og_url":"https:\/\/loginfo24.com\/fr\/2026\/01\/27\/thielemanngroup-prevoit-un-campus-logistique-a-krefeld\/","og_site_name":"Loginfo24","article_publisher":"https:\/\/www.facebook.com\/people\/Loginfo24\/100057360583332\/","article_published_time":"2026-01-27T15:12:07+00:00","article_modified_time":"2026-01-27T15:53:40+00:00","og_image":[{"width":1325,"height":746,"url":"https:\/\/loginfo24.com\/wp-content\/uploads\/sites\/7\/2026\/01\/Thielemann_27.1.26-aspect-ratio-1400-788-1.jpg","type":"image\/jpeg"}],"author":"Andreas M\u00fcller","twitter_card":"summary_large_image","twitter_misc":{"\u00c9crit par":"Andreas M\u00fcller","Dur\u00e9e de lecture estim\u00e9e":"3 minutes"},"schema":{"@context":"https:\/\/schema.org","@graph":[{"@type":"Article","@id":"https:\/\/loginfo24.com\/fr\/2026\/01\/27\/thielemanngroup-prevoit-un-campus-logistique-a-krefeld\/#article","isPartOf":{"@id":"https:\/\/loginfo24.com\/fr\/2026\/01\/27\/thielemanngroup-prevoit-un-campus-logistique-a-krefeld\/"},"author":{"name":"Andreas M\u00fcller","@id":"https:\/\/loginfo24.com\/fr\/#\/schema\/person\/7b1593b33567ba798d300c8a1b0b85b1"},"headline":"ThielemannGroup pr\u00e9voit un campus logistique \u00e0 Krefeld","datePublished":"2026-01-27T15:12:07+00:00","dateModified":"2026-01-27T15:53:40+00:00","mainEntityOfPage":{"@id":"https:\/\/loginfo24.com\/fr\/2026\/01\/27\/thielemanngroup-prevoit-un-campus-logistique-a-krefeld\/"},"wordCount":581,"commentCount":0,"publisher":{"@id":"https:\/\/loginfo24.com\/fr\/#organization"},"image":{"@id":"https:\/\/loginfo24.com\/fr\/2026\/01\/27\/thielemanngroup-prevoit-un-campus-logistique-a-krefeld\/#primaryimage"},"thumbnailUrl":"https:\/\/loginfo24.com\/wp-content\/uploads\/sites\/7\/2026\/01\/Thielemann_27.1.26-aspect-ratio-1400-788-1.jpg","keywords":["centre logistique Wernberg-K\u00f6blitz","certification or DGNB","choix strat\u00e9gique de site","connexion trimodale","Deutsch Logistik-Campus Krefeld","e-charging infrastructure","E-Ladeinfrastruktur","gold certification DGNB","Gold-Zertifizierung DGNB","Hafenbetrieb Krefeld","infrastructure de recharge \u00e9lectrique","infrastructure Rhin-Ruhr","Infrastruktur Rhein-Ruhr","Investitionsvolumen Logistik","investment volume logistics","Krefeld container terminal","Krefeld port operations","Krefelder Container Terminal","logistics center Wernberg-K\u00f6blitz","logistics process optimization Fran\u00e7ais Campus logistique Krefeld","logistics properties","logistics service providers","Logistikdienstleister","Logistikimmobilien","Logistikzentrum Wernberg-K\u00f6blitz","logistique durable","logistique multimodale","multimodal container logistics","multimodale Containerlogistik","nachhaltige Logistik","op\u00e9rations portuaires de Krefeld","optimisation des processus logistiques","photovoltaic system","Photovoltaikanlage","port rh\u00e9nan Krefeld","prestataires de services logistiques","propri\u00e9t\u00e9s logistiques","Prozessoptimierung Logistik English Logistics campus Krefeld","rail freight transport","reduce transport emissions","r\u00e9duire les \u00e9missions de transport","Rheinhafen Krefeld","Rhine port Krefeld","Rhine-Ruhr infrastructure","Schieneng\u00fcterverkehr","strategic site selection","strategische Standortwahl","sustainable logistics","syst\u00e8me photovolta\u00efque","terminal \u00e0 conteneurs de Krefeld","ThielemannGroup","transport ferroviaire de marchandises","Transportemissionen reduzieren","trimodal connection","trimodale Anbindung","volume d'investissement logistique"],"articleSection":["Allemagne","Europa","Exp\u00e9dition de fret et logistique"],"inLanguage":"fr-FR","potentialAction":[{"@type":"CommentAction","name":"Comment","target":["https:\/\/loginfo24.com\/fr\/2026\/01\/27\/thielemanngroup-prevoit-un-campus-logistique-a-krefeld\/#respond"]}]},{"@type":"WebPage","@id":"https:\/\/loginfo24.com\/fr\/2026\/01\/27\/thielemanngroup-prevoit-un-campus-logistique-a-krefeld\/","url":"https:\/\/loginfo24.com\/fr\/2026\/01\/27\/thielemanngroup-prevoit-un-campus-logistique-a-krefeld\/","name":"ThielemannGroup pr\u00e9voit un campus logistique \u00e0 Krefeld - Loginfo24.","isPartOf":{"@id":"https:\/\/loginfo24.com\/fr\/#website"},"primaryImageOfPage":{"@id":"https:\/\/loginfo24.com\/fr\/2026\/01\/27\/thielemanngroup-prevoit-un-campus-logistique-a-krefeld\/#primaryimage"},"image":{"@id":"https:\/\/loginfo24.com\/fr\/2026\/01\/27\/thielemanngroup-prevoit-un-campus-logistique-a-krefeld\/#primaryimage"},"thumbnailUrl":"https:\/\/loginfo24.com\/wp-content\/uploads\/sites\/7\/2026\/01\/Thielemann_27.1.26-aspect-ratio-1400-788-1.jpg","datePublished":"2026-01-27T15:12:07+00:00","dateModified":"2026-01-27T15:53:40+00:00","breadcrumb":{"@id":"https:\/\/loginfo24.com\/fr\/2026\/01\/27\/thielemanngroup-prevoit-un-campus-logistique-a-krefeld\/#breadcrumb"},"inLanguage":"fr-FR","potentialAction":[{"@type":"ReadAction","target":["https:\/\/loginfo24.com\/fr\/2026\/01\/27\/thielemanngroup-prevoit-un-campus-logistique-a-krefeld\/"]}]},{"@type":"ImageObject","inLanguage":"fr-FR","@id":"https:\/\/loginfo24.com\/fr\/2026\/01\/27\/thielemanngroup-prevoit-un-campus-logistique-a-krefeld\/#primaryimage","url":"https:\/\/loginfo24.com\/wp-content\/uploads\/sites\/7\/2026\/01\/Thielemann_27.1.26-aspect-ratio-1400-788-1.jpg","contentUrl":"https:\/\/loginfo24.com\/wp-content\/uploads\/sites\/7\/2026\/01\/Thielemann_27.1.26-aspect-ratio-1400-788-1.jpg","width":1325,"height":746},{"@type":"BreadcrumbList","@id":"https:\/\/loginfo24.com\/fr\/2026\/01\/27\/thielemanngroup-prevoit-un-campus-logistique-a-krefeld\/#breadcrumb","itemListElement":[{"@type":"ListItem","position":1,"name":"Startseite","item":"https:\/\/loginfo24.com\/fr\/"},{"@type":"ListItem","position":2,"name":"ThielemannGroup pr\u00e9voit un campus logistique \u00e0 Krefeld"}]},{"@type":"WebSite","@id":"https:\/\/loginfo24.com\/fr\/#website","url":"https:\/\/loginfo24.com\/fr\/","name":"Loginfo24","description":"Loginfo24 est la plateforme d\u00e9di\u00e9e \u00e0 la logistique et aux cha\u00eenes d&#039;approvisionnement qui fournit des informations 24 heures sur 24.","publisher":{"@id":"https:\/\/loginfo24.com\/fr\/#organization"},"potentialAction":[{"@type":"SearchAction","target":{"@type":"EntryPoint","urlTemplate":"https:\/\/loginfo24.com\/fr\/?s={search_term_string}"},"query-input":{"@type":"PropertyValueSpecification","valueRequired":true,"valueName":"search_term_string"}}],"inLanguage":"fr-FR"},{"@type":"Organization","@id":"https:\/\/loginfo24.com\/fr\/#organization","name":"Groupe Logismedia AG","url":"https:\/\/loginfo24.com\/fr\/","logo":{"@type":"ImageObject","inLanguage":"fr-FR","@id":"https:\/\/loginfo24.com\/fr\/#\/schema\/logo\/image\/","url":"https:\/\/loginfo24.com\/wp-content\/uploads\/sites\/7\/2026\/01\/Logo_LogInfo24.png","contentUrl":"https:\/\/loginfo24.com\/wp-content\/uploads\/sites\/7\/2026\/01\/Logo_LogInfo24.png","width":938,"height":351,"caption":"Groupe Logismedia AG"},"image":{"@id":"https:\/\/loginfo24.com\/fr\/#\/schema\/logo\/image\/"},"sameAs":["https:\/\/www.facebook.com\/people\/Loginfo24\/100057360583332\/","https:\/\/www.linkedin.com\/company\/lofinfo24\/"]},{"@type":"Person","@id":"https:\/\/loginfo24.com\/fr\/#\/schema\/person\/7b1593b33567ba798d300c8a1b0b85b1","name":"Andreas M\u00fcller","url":"https:\/\/loginfo24.com\/fr\/author\/logismedia\/"}]}},"_links":{"self":[{"href":"https:\/\/loginfo24.com\/fr\/wp-json\/wp\/v2\/posts\/73975","targetHints":{"allow":["GET"]}}],"collection":[{"href":"https:\/\/loginfo24.com\/fr\/wp-json\/wp\/v2\/posts"}],"about":[{"href":"https:\/\/loginfo24.com\/fr\/wp-json\/wp\/v2\/types\/post"}],"author":[{"embeddable":true,"href":"https:\/\/loginfo24.com\/fr\/wp-json\/wp\/v2\/users\/7"}],"replies":[{"embeddable":true,"href":"https:\/\/loginfo24.com\/fr\/wp-json\/wp\/v2\/comments?post=73975"}],"version-history":[{"count":2,"href":"https:\/\/loginfo24.com\/fr\/wp-json\/wp\/v2\/posts\/73975\/revisions"}],"predecessor-version":[{"id":73988,"href":"https:\/\/loginfo24.com\/fr\/wp-json\/wp\/v2\/posts\/73975\/revisions\/73988"}],"wp:featuredmedia":[{"embeddable":true,"href":"https:\/\/loginfo24.com\/fr\/wp-json\/wp\/v2\/media\/73980"}],"wp:attachment":[{"href":"https:\/\/loginfo24.com\/fr\/wp-json\/wp\/v2\/media?parent=73975"}],"wp:term":[{"taxonomy":"category","embeddable":true,"href":"https:\/\/loginfo24.com\/fr\/wp-json\/wp\/v2\/categories?post=73975"},{"taxonomy":"post_tag","embeddable":true,"href":"https:\/\/loginfo24.com\/fr\/wp-json\/wp\/v2\/tags?post=73975"}],"curies":[{"name":"wp","href":"https:\/\/api.w.org\/{rel}","templated":true}]}}