{"id":73968,"date":"2026-01-27T14:58:13","date_gmt":"2026-01-27T14:58:13","guid":{"rendered":"https:\/\/loginfo24.com\/2026\/01\/27\/volvo-trucks-prend-la-tete-du-marche-en-2025\/"},"modified":"2026-01-27T14:58:13","modified_gmt":"2026-01-27T14:58:13","slug":"volvo-trucks-prend-la-tete-du-marche-en-2025","status":"publish","type":"post","link":"https:\/\/loginfo24.com\/fr\/2026\/01\/27\/volvo-trucks-prend-la-tete-du-marche-en-2025\/","title":{"rendered":"Volvo Trucks prend la t\u00eate du march\u00e9 en 2025"},"content":{"rendered":"<p>Volvo Trucks a de nouveau pris la t\u00eate du march\u00e9 des camions lourds de plus de 16 tonnes en Europe en 2025. La part de march\u00e9 de l&#8217;entreprise a augment\u00e9 \u00e0 19 %, contre 17,9 % en 2024. La plupart des nouvelles immatriculations ont \u00e9t\u00e9 enregistr\u00e9es au Royaume-Uni, en France, en Pologne, en Allemagne et en Lituanie. En Allemagne, Volvo Trucks a atteint une part de march\u00e9 de 10,5 %.<\/p>\n<h3>Gammes de mod\u00e8les r\u00e9ussies et avanc\u00e9es technologiques<\/h3>\n<p>Il convient de souligner le Volvo FH Aero, qui, gr\u00e2ce \u00e0 son a\u00e9rodynamisme optimis\u00e9 et \u00e0 des technologies innovantes, telles que des r\u00e9troviseurs num\u00e9riques, offre une efficacit\u00e9 \u00e9nerg\u00e9tique allant jusqu&#8217;\u00e0 7 % par rapport au Volvo FH standard. En 2025, pr\u00e8s de 33 000 v\u00e9hicules de cette gamme ont \u00e9t\u00e9 command\u00e9s en Europe.<\/p>\n<p>Roger Alm, pr\u00e9sident de Volvo Trucks, s&#8217;est exprim\u00e9 avec fiert\u00e9 sur cette nouvelle position de leader : \u00ab Nous sommes tr\u00e8s fiers d&#8217;\u00eatre pour la deuxi\u00e8me fois cons\u00e9cutive le leader du march\u00e9 en Europe. Notre objectif est d&#8217;\u00eatre le meilleur partenaire commercial de nos clients. \u00catre leader du march\u00e9 est une preuve forte de la confiance que nos clients nous accordent. \u00bb Alm a remerci\u00e9 les clients et les employ\u00e9s pour cette performance et a soulign\u00e9 les caract\u00e9ristiques exceptionnelles du portefeuille de camions de Volvo Trucks, qui allie fiabilit\u00e9, efficacit\u00e9 \u00e9nerg\u00e9tique et s\u00e9curit\u00e9.<\/p>\n<h3>Positionnement mondial et strat\u00e9gie d&#8217;avenir<\/h3>\n<p>\u00c0 l&#8217;\u00e9chelle mondiale, Volvo Trucks est soit leader du march\u00e9, soit la deuxi\u00e8me marque de camions dans 30 pays. L&#8217;entreprise suit une strat\u00e9gie technologique en trois volets pour acc\u00e9l\u00e9rer la transition vers un transport sans fossiles et atteindre son objectif de z\u00e9ro \u00e9mission nette d&#8217;ici 2040. Cette strat\u00e9gie comprend des motorisations enti\u00e8rement \u00e9lectriques, des v\u00e9hicules \u00e0 hydrog\u00e8ne ainsi que des moteurs \u00e0 combustion fonctionnant avec des carburants renouvelables.<\/p>\n<p>Alm a soulign\u00e9 la capacit\u00e9 d&#8217;innovation de l&#8217;entreprise : \u00ab Nous continuerons \u00e0 innover et \u00e0 lancer de nouveaux camions sur le march\u00e9 qui non seulement contribueront aux affaires de nos clients, mais aussi \u00e0 la d\u00e9carbonisation de notre secteur. \u00bb Gr\u00e2ce \u00e0 des investissements dans diverses technologies, Volvo Trucks souhaite offrir des solutions de transport adapt\u00e9es aux diff\u00e9rents besoins des clients et des march\u00e9s.<\/p>\n<p>La d\u00e9finition de \u00ab l&#8217;Europe \u00bb inclut l&#8217;Union europ\u00e9enne ainsi que le Royaume-Uni, la Norv\u00e8ge et la Suisse.<\/p>\n<p><a href=\"https:\/\/www.volvotrucks.de\/de-de\/\" target=\"_blank\" rel=\"noopener noreferrer\">www.volvotrucks.de<\/a><\/p>\n","protected":false},"excerpt":{"rendered":"<p>Volvo Trucks a de nouveau pris la t\u00eate du march\u00e9 en Europe en 2025, avec une part de march\u00e9 de 19 % et un fort accent sur les technologies innovantes<\/p>\n","protected":false},"author":7,"featured_media":73964,"comment_status":"open","ping_status":"open","sticky":false,"template":"","format":"standard","meta":{"_acf_changed":false,"footnotes":""},"categories":[6671,6679],"tags":[7040,7041,7042,7043,7044,7045,7046,7047,7048,7049,7050,7051,7052,7053,7054,7055,7056,7057,7058,7059,7060,7061,7062,7063,7064,7065,7066,7067,7068,7069,7070,7071,7072,7073,7074,7075,2001,7076,7077,7078,7079,7080,7081,7082,7083,3535,3536,3537,7084,7085,7086,7087,7088,7089,7090],"class_list":["post-73968","post","type-post","status-publish","format-standard","has-post-thumbnail","hentry","category-allemagne","category-europa","tag-brennstoffzellenfahrzeuge","tag-camions-lourds-europe","tag-carburants-renouvelables","tag-decarbonisation-secteur-du-transport","tag-decarbonization-transport-sector","tag-dekarbonisierung-transportbranche","tag-deutsch-volvo-trucks","tag-digital-camera-mirrors","tag-digitale-kameraspiegel","tag-efficacite-energetique-camions","tag-emissions-nettes-nulles","tag-erneuerbare-kraftstoffe","tag-fachkraeftemangel-transportwirtschaft-english-volvo-trucks","tag-fossil-free-transport","tag-fossilfreier-transport","tag-fuel-cell-vehicles","tag-fuel-efficiency-trucks","tag-gamme-de-camions","tag-heavy-trucks-europe","tag-immatriculations-de-camions","tag-innovation-volvo","tag-innovationskraft-volvo","tag-kraftstoffeffizienz-lkw","tag-labor-shortage-transport-industry-francais-volvo-trucks","tag-leadership-du-marche-2025","tag-lkw-modellreihe","tag-logistics-service-providers-europe","tag-logistikdienstleister-europa","tag-market-leadership-2025","tag-market-position-trucks","tag-market-share-volvo-trucks","tag-marktanteil-volvo-trucks","tag-marktfuehrerschaft-2025","tag-marktstellung-lkw","tag-miroirs-numeriques","tag-net-zero-emissions","tag-netto-null-emissionen","tag-neuzulassungen-lkw","tag-part-de-marche-volvo-trucks","tag-penurie-de-main-doeuvre-secteur-du-transport","tag-position-sur-le-marche-des-camions","tag-prestataires-logistiques-europe","tag-renewable-fuels","tag-schwere-lkw-europa","tag-solutions-de-transport-europe","tag-technologie-dans-la-logistique","tag-technologie-in-der-logistik","tag-technology-in-logistics","tag-transport-sans-fossiles","tag-transport-solutions-europe","tag-transportloesungen-europa","tag-truck-model-range","tag-truck-registrations","tag-vehicules-a-hydrogene","tag-volvo-fh-aero"],"acf":[],"yoast_head":"<!-- This site is optimized with the Yoast SEO plugin v27.3 - https:\/\/yoast.com\/product\/yoast-seo-wordpress\/ -->\n<title>Volvo Trucks prend la t\u00eate du march\u00e9 en 2025 - Loginfo24.<\/title>\n<meta name=\"robots\" content=\"index, follow, max-snippet:-1, max-image-preview:large, max-video-preview:-1\" \/>\n<link rel=\"canonical\" href=\"https:\/\/loginfo24.com\/fr\/2026\/01\/27\/volvo-trucks-prend-la-tete-du-marche-en-2025\/\" \/>\n<meta property=\"og:locale\" content=\"fr_FR\" \/>\n<meta property=\"og:type\" content=\"article\" \/>\n<meta property=\"og:title\" content=\"Volvo Trucks prend la t\u00eate du march\u00e9 en 2025 - Loginfo24.\" \/>\n<meta property=\"og:description\" content=\"Volvo Trucks a de nouveau pris la t\u00eate du march\u00e9 en Europe en 2025, avec une part de march\u00e9 de 19 % et un fort accent sur les technologies innovantes\" \/>\n<meta property=\"og:url\" content=\"https:\/\/loginfo24.com\/fr\/2026\/01\/27\/volvo-trucks-prend-la-tete-du-marche-en-2025\/\" \/>\n<meta property=\"og:site_name\" content=\"Loginfo24\" \/>\n<meta property=\"article:publisher\" content=\"https:\/\/www.facebook.com\/people\/Loginfo24\/100057360583332\/\" \/>\n<meta property=\"article:published_time\" content=\"2026-01-27T14:58:13+00:00\" \/>\n<meta property=\"og:image\" content=\"https:\/\/loginfo24.com\/wp-content\/uploads\/sites\/7\/2026\/01\/Volvo_27.1.26-aspect-ratio-1400-788-1.jpg\" \/>\n\t<meta property=\"og:image:width\" content=\"1206\" \/>\n\t<meta property=\"og:image:height\" content=\"679\" \/>\n\t<meta property=\"og:image:type\" content=\"image\/jpeg\" \/>\n<meta name=\"author\" content=\"Andreas M\u00fcller\" \/>\n<meta name=\"twitter:card\" content=\"summary_large_image\" \/>\n<meta name=\"twitter:label1\" content=\"\u00c9crit par\" \/>\n\t<meta name=\"twitter:data1\" content=\"Andreas M\u00fcller\" \/>\n\t<meta name=\"twitter:label2\" content=\"Dur\u00e9e de lecture estim\u00e9e\" \/>\n\t<meta name=\"twitter:data2\" content=\"2 minutes\" \/>\n<script type=\"application\/ld+json\" class=\"yoast-schema-graph\">{\"@context\":\"https:\\\/\\\/schema.org\",\"@graph\":[{\"@type\":\"Article\",\"@id\":\"https:\\\/\\\/loginfo24.com\\\/fr\\\/2026\\\/01\\\/27\\\/volvo-trucks-prend-la-tete-du-marche-en-2025\\\/#article\",\"isPartOf\":{\"@id\":\"https:\\\/\\\/loginfo24.com\\\/fr\\\/2026\\\/01\\\/27\\\/volvo-trucks-prend-la-tete-du-marche-en-2025\\\/\"},\"author\":{\"name\":\"Andreas M\u00fcller\",\"@id\":\"https:\\\/\\\/loginfo24.com\\\/fr\\\/#\\\/schema\\\/person\\\/7b1593b33567ba798d300c8a1b0b85b1\"},\"headline\":\"Volvo Trucks prend la t\u00eate du march\u00e9 en 2025\",\"datePublished\":\"2026-01-27T14:58:13+00:00\",\"mainEntityOfPage\":{\"@id\":\"https:\\\/\\\/loginfo24.com\\\/fr\\\/2026\\\/01\\\/27\\\/volvo-trucks-prend-la-tete-du-marche-en-2025\\\/\"},\"wordCount\":408,\"commentCount\":0,\"publisher\":{\"@id\":\"https:\\\/\\\/loginfo24.com\\\/fr\\\/#organization\"},\"image\":{\"@id\":\"https:\\\/\\\/loginfo24.com\\\/fr\\\/2026\\\/01\\\/27\\\/volvo-trucks-prend-la-tete-du-marche-en-2025\\\/#primaryimage\"},\"thumbnailUrl\":\"https:\\\/\\\/loginfo24.com\\\/wp-content\\\/uploads\\\/sites\\\/7\\\/2026\\\/01\\\/Volvo_27.1.26-aspect-ratio-1400-788-1.jpg\",\"keywords\":[\"Brennstoffzellenfahrzeuge\",\"camions lourds Europe\",\"carburants renouvelables\",\"d\u00e9carbonisation secteur du transport\",\"decarbonization transport sector\",\"Dekarbonisierung Transportbranche\",\"Deutsch Volvo Trucks\",\"digital camera mirrors\",\"digitale Kameraspiegel\",\"efficacit\u00e9 \u00e9nerg\u00e9tique camions\",\"\u00e9missions nettes nulles\",\"erneuerbare Kraftstoffe\",\"Fachkr\u00e4ftemangel Transportwirtschaft English Volvo Trucks\",\"fossil-free transport\",\"fossilfreier Transport\",\"fuel cell vehicles\",\"fuel efficiency trucks\",\"gamme de camions\",\"heavy trucks Europe\",\"immatriculations de camions\",\"innovation Volvo\",\"Innovationskraft Volvo\",\"Kraftstoffeffizienz Lkw\",\"labor shortage transport industry Fran\u00e7ais Volvo Trucks\",\"leadership du march\u00e9 2025\",\"Lkw-Modellreihe\",\"logistics service providers Europe\",\"Logistikdienstleister Europa\",\"market leadership 2025\",\"market position trucks\",\"market share Volvo Trucks\",\"Marktanteil Volvo Trucks\",\"Marktf\u00fchrerschaft 2025\",\"Marktstellung Lkw\",\"miroirs num\u00e9riques\",\"net-zero emissions\",\"Netto-Null-Emissionen\",\"Neuzulassungen Lkw\",\"part de march\u00e9 Volvo Trucks\",\"p\u00e9nurie de main-d'\u0153uvre secteur du transport\",\"position sur le march\u00e9 des camions\",\"prestataires logistiques Europe\",\"renewable fuels\",\"schwere Lkw Europa\",\"solutions de transport Europe\",\"technologie dans la logistique\",\"Technologie in der Logistik\",\"technology in logistics\",\"transport sans fossiles\",\"transport solutions Europe\",\"Transportl\u00f6sungen Europa\",\"truck model range\",\"truck registrations\",\"v\u00e9hicules \u00e0 hydrog\u00e8ne\",\"Volvo FH Aero\"],\"articleSection\":[\"Allemagne\",\"Europa\"],\"inLanguage\":\"fr-FR\",\"potentialAction\":[{\"@type\":\"CommentAction\",\"name\":\"Comment\",\"target\":[\"https:\\\/\\\/loginfo24.com\\\/fr\\\/2026\\\/01\\\/27\\\/volvo-trucks-prend-la-tete-du-marche-en-2025\\\/#respond\"]}]},{\"@type\":\"WebPage\",\"@id\":\"https:\\\/\\\/loginfo24.com\\\/fr\\\/2026\\\/01\\\/27\\\/volvo-trucks-prend-la-tete-du-marche-en-2025\\\/\",\"url\":\"https:\\\/\\\/loginfo24.com\\\/fr\\\/2026\\\/01\\\/27\\\/volvo-trucks-prend-la-tete-du-marche-en-2025\\\/\",\"name\":\"Volvo Trucks prend la t\u00eate du march\u00e9 en 2025 - Loginfo24.\",\"isPartOf\":{\"@id\":\"https:\\\/\\\/loginfo24.com\\\/fr\\\/#website\"},\"primaryImageOfPage\":{\"@id\":\"https:\\\/\\\/loginfo24.com\\\/fr\\\/2026\\\/01\\\/27\\\/volvo-trucks-prend-la-tete-du-marche-en-2025\\\/#primaryimage\"},\"image\":{\"@id\":\"https:\\\/\\\/loginfo24.com\\\/fr\\\/2026\\\/01\\\/27\\\/volvo-trucks-prend-la-tete-du-marche-en-2025\\\/#primaryimage\"},\"thumbnailUrl\":\"https:\\\/\\\/loginfo24.com\\\/wp-content\\\/uploads\\\/sites\\\/7\\\/2026\\\/01\\\/Volvo_27.1.26-aspect-ratio-1400-788-1.jpg\",\"datePublished\":\"2026-01-27T14:58:13+00:00\",\"breadcrumb\":{\"@id\":\"https:\\\/\\\/loginfo24.com\\\/fr\\\/2026\\\/01\\\/27\\\/volvo-trucks-prend-la-tete-du-marche-en-2025\\\/#breadcrumb\"},\"inLanguage\":\"fr-FR\",\"potentialAction\":[{\"@type\":\"ReadAction\",\"target\":[\"https:\\\/\\\/loginfo24.com\\\/fr\\\/2026\\\/01\\\/27\\\/volvo-trucks-prend-la-tete-du-marche-en-2025\\\/\"]}]},{\"@type\":\"ImageObject\",\"inLanguage\":\"fr-FR\",\"@id\":\"https:\\\/\\\/loginfo24.com\\\/fr\\\/2026\\\/01\\\/27\\\/volvo-trucks-prend-la-tete-du-marche-en-2025\\\/#primaryimage\",\"url\":\"https:\\\/\\\/loginfo24.com\\\/wp-content\\\/uploads\\\/sites\\\/7\\\/2026\\\/01\\\/Volvo_27.1.26-aspect-ratio-1400-788-1.jpg\",\"contentUrl\":\"https:\\\/\\\/loginfo24.com\\\/wp-content\\\/uploads\\\/sites\\\/7\\\/2026\\\/01\\\/Volvo_27.1.26-aspect-ratio-1400-788-1.jpg\",\"width\":1206,\"height\":679},{\"@type\":\"BreadcrumbList\",\"@id\":\"https:\\\/\\\/loginfo24.com\\\/fr\\\/2026\\\/01\\\/27\\\/volvo-trucks-prend-la-tete-du-marche-en-2025\\\/#breadcrumb\",\"itemListElement\":[{\"@type\":\"ListItem\",\"position\":1,\"name\":\"Startseite\",\"item\":\"https:\\\/\\\/loginfo24.com\\\/fr\\\/\"},{\"@type\":\"ListItem\",\"position\":2,\"name\":\"Volvo Trucks prend la t\u00eate du march\u00e9 en 2025\"}]},{\"@type\":\"WebSite\",\"@id\":\"https:\\\/\\\/loginfo24.com\\\/fr\\\/#website\",\"url\":\"https:\\\/\\\/loginfo24.com\\\/fr\\\/\",\"name\":\"Loginfo24\",\"description\":\"Loginfo24 est la plateforme d\u00e9di\u00e9e \u00e0 la logistique et aux cha\u00eenes d&#039;approvisionnement qui fournit des informations 24 heures sur 24.\",\"publisher\":{\"@id\":\"https:\\\/\\\/loginfo24.com\\\/fr\\\/#organization\"},\"potentialAction\":[{\"@type\":\"SearchAction\",\"target\":{\"@type\":\"EntryPoint\",\"urlTemplate\":\"https:\\\/\\\/loginfo24.com\\\/fr\\\/?s={search_term_string}\"},\"query-input\":{\"@type\":\"PropertyValueSpecification\",\"valueRequired\":true,\"valueName\":\"search_term_string\"}}],\"inLanguage\":\"fr-FR\"},{\"@type\":\"Organization\",\"@id\":\"https:\\\/\\\/loginfo24.com\\\/fr\\\/#organization\",\"name\":\"Groupe Logismedia AG\",\"url\":\"https:\\\/\\\/loginfo24.com\\\/fr\\\/\",\"logo\":{\"@type\":\"ImageObject\",\"inLanguage\":\"fr-FR\",\"@id\":\"https:\\\/\\\/loginfo24.com\\\/fr\\\/#\\\/schema\\\/logo\\\/image\\\/\",\"url\":\"https:\\\/\\\/loginfo24.com\\\/wp-content\\\/uploads\\\/sites\\\/7\\\/2026\\\/01\\\/Logo_LogInfo24.png\",\"contentUrl\":\"https:\\\/\\\/loginfo24.com\\\/wp-content\\\/uploads\\\/sites\\\/7\\\/2026\\\/01\\\/Logo_LogInfo24.png\",\"width\":938,\"height\":351,\"caption\":\"Groupe Logismedia AG\"},\"image\":{\"@id\":\"https:\\\/\\\/loginfo24.com\\\/fr\\\/#\\\/schema\\\/logo\\\/image\\\/\"},\"sameAs\":[\"https:\\\/\\\/www.facebook.com\\\/people\\\/Loginfo24\\\/100057360583332\\\/\",\"https:\\\/\\\/www.linkedin.com\\\/company\\\/lofinfo24\\\/\"]},{\"@type\":\"Person\",\"@id\":\"https:\\\/\\\/loginfo24.com\\\/fr\\\/#\\\/schema\\\/person\\\/7b1593b33567ba798d300c8a1b0b85b1\",\"name\":\"Andreas M\u00fcller\",\"url\":\"https:\\\/\\\/loginfo24.com\\\/fr\\\/author\\\/logismedia\\\/\"}]}<\/script>\n<!-- \/ Yoast SEO plugin. -->","yoast_head_json":{"title":"Volvo Trucks prend la t\u00eate du march\u00e9 en 2025 - Loginfo24.","robots":{"index":"index","follow":"follow","max-snippet":"max-snippet:-1","max-image-preview":"max-image-preview:large","max-video-preview":"max-video-preview:-1"},"canonical":"https:\/\/loginfo24.com\/fr\/2026\/01\/27\/volvo-trucks-prend-la-tete-du-marche-en-2025\/","og_locale":"fr_FR","og_type":"article","og_title":"Volvo Trucks prend la t\u00eate du march\u00e9 en 2025 - Loginfo24.","og_description":"Volvo Trucks a de nouveau pris la t\u00eate du march\u00e9 en Europe en 2025, avec une part de march\u00e9 de 19 % et un fort accent sur les technologies innovantes","og_url":"https:\/\/loginfo24.com\/fr\/2026\/01\/27\/volvo-trucks-prend-la-tete-du-marche-en-2025\/","og_site_name":"Loginfo24","article_publisher":"https:\/\/www.facebook.com\/people\/Loginfo24\/100057360583332\/","article_published_time":"2026-01-27T14:58:13+00:00","og_image":[{"width":1206,"height":679,"url":"https:\/\/loginfo24.com\/wp-content\/uploads\/sites\/7\/2026\/01\/Volvo_27.1.26-aspect-ratio-1400-788-1.jpg","type":"image\/jpeg"}],"author":"Andreas M\u00fcller","twitter_card":"summary_large_image","twitter_misc":{"\u00c9crit par":"Andreas M\u00fcller","Dur\u00e9e de lecture estim\u00e9e":"2 minutes"},"schema":{"@context":"https:\/\/schema.org","@graph":[{"@type":"Article","@id":"https:\/\/loginfo24.com\/fr\/2026\/01\/27\/volvo-trucks-prend-la-tete-du-marche-en-2025\/#article","isPartOf":{"@id":"https:\/\/loginfo24.com\/fr\/2026\/01\/27\/volvo-trucks-prend-la-tete-du-marche-en-2025\/"},"author":{"name":"Andreas M\u00fcller","@id":"https:\/\/loginfo24.com\/fr\/#\/schema\/person\/7b1593b33567ba798d300c8a1b0b85b1"},"headline":"Volvo Trucks prend la t\u00eate du march\u00e9 en 2025","datePublished":"2026-01-27T14:58:13+00:00","mainEntityOfPage":{"@id":"https:\/\/loginfo24.com\/fr\/2026\/01\/27\/volvo-trucks-prend-la-tete-du-marche-en-2025\/"},"wordCount":408,"commentCount":0,"publisher":{"@id":"https:\/\/loginfo24.com\/fr\/#organization"},"image":{"@id":"https:\/\/loginfo24.com\/fr\/2026\/01\/27\/volvo-trucks-prend-la-tete-du-marche-en-2025\/#primaryimage"},"thumbnailUrl":"https:\/\/loginfo24.com\/wp-content\/uploads\/sites\/7\/2026\/01\/Volvo_27.1.26-aspect-ratio-1400-788-1.jpg","keywords":["Brennstoffzellenfahrzeuge","camions lourds Europe","carburants renouvelables","d\u00e9carbonisation secteur du transport","decarbonization transport sector","Dekarbonisierung Transportbranche","Deutsch Volvo Trucks","digital camera mirrors","digitale Kameraspiegel","efficacit\u00e9 \u00e9nerg\u00e9tique camions","\u00e9missions nettes nulles","erneuerbare Kraftstoffe","Fachkr\u00e4ftemangel Transportwirtschaft English Volvo Trucks","fossil-free transport","fossilfreier Transport","fuel cell vehicles","fuel efficiency trucks","gamme de camions","heavy trucks Europe","immatriculations de camions","innovation Volvo","Innovationskraft Volvo","Kraftstoffeffizienz Lkw","labor shortage transport industry Fran\u00e7ais Volvo Trucks","leadership du march\u00e9 2025","Lkw-Modellreihe","logistics service providers Europe","Logistikdienstleister Europa","market leadership 2025","market position trucks","market share Volvo Trucks","Marktanteil Volvo Trucks","Marktf\u00fchrerschaft 2025","Marktstellung Lkw","miroirs num\u00e9riques","net-zero emissions","Netto-Null-Emissionen","Neuzulassungen Lkw","part de march\u00e9 Volvo Trucks","p\u00e9nurie de main-d'\u0153uvre secteur du transport","position sur le march\u00e9 des camions","prestataires logistiques Europe","renewable fuels","schwere Lkw Europa","solutions de transport Europe","technologie dans la logistique","Technologie in der Logistik","technology in logistics","transport sans fossiles","transport solutions Europe","Transportl\u00f6sungen Europa","truck model range","truck registrations","v\u00e9hicules \u00e0 hydrog\u00e8ne","Volvo FH Aero"],"articleSection":["Allemagne","Europa"],"inLanguage":"fr-FR","potentialAction":[{"@type":"CommentAction","name":"Comment","target":["https:\/\/loginfo24.com\/fr\/2026\/01\/27\/volvo-trucks-prend-la-tete-du-marche-en-2025\/#respond"]}]},{"@type":"WebPage","@id":"https:\/\/loginfo24.com\/fr\/2026\/01\/27\/volvo-trucks-prend-la-tete-du-marche-en-2025\/","url":"https:\/\/loginfo24.com\/fr\/2026\/01\/27\/volvo-trucks-prend-la-tete-du-marche-en-2025\/","name":"Volvo Trucks prend la t\u00eate du march\u00e9 en 2025 - Loginfo24.","isPartOf":{"@id":"https:\/\/loginfo24.com\/fr\/#website"},"primaryImageOfPage":{"@id":"https:\/\/loginfo24.com\/fr\/2026\/01\/27\/volvo-trucks-prend-la-tete-du-marche-en-2025\/#primaryimage"},"image":{"@id":"https:\/\/loginfo24.com\/fr\/2026\/01\/27\/volvo-trucks-prend-la-tete-du-marche-en-2025\/#primaryimage"},"thumbnailUrl":"https:\/\/loginfo24.com\/wp-content\/uploads\/sites\/7\/2026\/01\/Volvo_27.1.26-aspect-ratio-1400-788-1.jpg","datePublished":"2026-01-27T14:58:13+00:00","breadcrumb":{"@id":"https:\/\/loginfo24.com\/fr\/2026\/01\/27\/volvo-trucks-prend-la-tete-du-marche-en-2025\/#breadcrumb"},"inLanguage":"fr-FR","potentialAction":[{"@type":"ReadAction","target":["https:\/\/loginfo24.com\/fr\/2026\/01\/27\/volvo-trucks-prend-la-tete-du-marche-en-2025\/"]}]},{"@type":"ImageObject","inLanguage":"fr-FR","@id":"https:\/\/loginfo24.com\/fr\/2026\/01\/27\/volvo-trucks-prend-la-tete-du-marche-en-2025\/#primaryimage","url":"https:\/\/loginfo24.com\/wp-content\/uploads\/sites\/7\/2026\/01\/Volvo_27.1.26-aspect-ratio-1400-788-1.jpg","contentUrl":"https:\/\/loginfo24.com\/wp-content\/uploads\/sites\/7\/2026\/01\/Volvo_27.1.26-aspect-ratio-1400-788-1.jpg","width":1206,"height":679},{"@type":"BreadcrumbList","@id":"https:\/\/loginfo24.com\/fr\/2026\/01\/27\/volvo-trucks-prend-la-tete-du-marche-en-2025\/#breadcrumb","itemListElement":[{"@type":"ListItem","position":1,"name":"Startseite","item":"https:\/\/loginfo24.com\/fr\/"},{"@type":"ListItem","position":2,"name":"Volvo Trucks prend la t\u00eate du march\u00e9 en 2025"}]},{"@type":"WebSite","@id":"https:\/\/loginfo24.com\/fr\/#website","url":"https:\/\/loginfo24.com\/fr\/","name":"Loginfo24","description":"Loginfo24 est la plateforme d\u00e9di\u00e9e \u00e0 la logistique et aux cha\u00eenes d&#039;approvisionnement qui fournit des informations 24 heures sur 24.","publisher":{"@id":"https:\/\/loginfo24.com\/fr\/#organization"},"potentialAction":[{"@type":"SearchAction","target":{"@type":"EntryPoint","urlTemplate":"https:\/\/loginfo24.com\/fr\/?s={search_term_string}"},"query-input":{"@type":"PropertyValueSpecification","valueRequired":true,"valueName":"search_term_string"}}],"inLanguage":"fr-FR"},{"@type":"Organization","@id":"https:\/\/loginfo24.com\/fr\/#organization","name":"Groupe Logismedia AG","url":"https:\/\/loginfo24.com\/fr\/","logo":{"@type":"ImageObject","inLanguage":"fr-FR","@id":"https:\/\/loginfo24.com\/fr\/#\/schema\/logo\/image\/","url":"https:\/\/loginfo24.com\/wp-content\/uploads\/sites\/7\/2026\/01\/Logo_LogInfo24.png","contentUrl":"https:\/\/loginfo24.com\/wp-content\/uploads\/sites\/7\/2026\/01\/Logo_LogInfo24.png","width":938,"height":351,"caption":"Groupe Logismedia AG"},"image":{"@id":"https:\/\/loginfo24.com\/fr\/#\/schema\/logo\/image\/"},"sameAs":["https:\/\/www.facebook.com\/people\/Loginfo24\/100057360583332\/","https:\/\/www.linkedin.com\/company\/lofinfo24\/"]},{"@type":"Person","@id":"https:\/\/loginfo24.com\/fr\/#\/schema\/person\/7b1593b33567ba798d300c8a1b0b85b1","name":"Andreas M\u00fcller","url":"https:\/\/loginfo24.com\/fr\/author\/logismedia\/"}]}},"_links":{"self":[{"href":"https:\/\/loginfo24.com\/fr\/wp-json\/wp\/v2\/posts\/73968","targetHints":{"allow":["GET"]}}],"collection":[{"href":"https:\/\/loginfo24.com\/fr\/wp-json\/wp\/v2\/posts"}],"about":[{"href":"https:\/\/loginfo24.com\/fr\/wp-json\/wp\/v2\/types\/post"}],"author":[{"embeddable":true,"href":"https:\/\/loginfo24.com\/fr\/wp-json\/wp\/v2\/users\/7"}],"replies":[{"embeddable":true,"href":"https:\/\/loginfo24.com\/fr\/wp-json\/wp\/v2\/comments?post=73968"}],"version-history":[{"count":0,"href":"https:\/\/loginfo24.com\/fr\/wp-json\/wp\/v2\/posts\/73968\/revisions"}],"wp:featuredmedia":[{"embeddable":true,"href":"https:\/\/loginfo24.com\/fr\/wp-json\/wp\/v2\/media\/73964"}],"wp:attachment":[{"href":"https:\/\/loginfo24.com\/fr\/wp-json\/wp\/v2\/media?parent=73968"}],"wp:term":[{"taxonomy":"category","embeddable":true,"href":"https:\/\/loginfo24.com\/fr\/wp-json\/wp\/v2\/categories?post=73968"},{"taxonomy":"post_tag","embeddable":true,"href":"https:\/\/loginfo24.com\/fr\/wp-json\/wp\/v2\/tags?post=73968"}],"curies":[{"name":"wp","href":"https:\/\/api.w.org\/{rel}","templated":true}]}}