{"id":73849,"date":"2026-01-27T11:50:14","date_gmt":"2026-01-27T11:50:14","guid":{"rendered":"https:\/\/loginfo24.com\/2026\/01\/27\/alan-obrien-succede-a-garrett-obrien\/"},"modified":"2026-01-27T13:06:43","modified_gmt":"2026-01-27T12:06:43","slug":"alan-obrien-succede-a-garrett-obrien","status":"publish","type":"post","link":"https:\/\/loginfo24.com\/fr\/2026\/01\/27\/alan-obrien-succede-a-garrett-obrien\/","title":{"rendered":"Alan O&rsquo;Brien succ\u00e8de \u00e0 Garrett O&rsquo;Brien"},"content":{"rendered":"<p>R\u00f6hlig Logistics a nomm\u00e9 Alan O\u2019Brien au poste de directeur g\u00e9n\u00e9ral de R\u00f6hlig Irlande. Il a pris ses nouvelles fonctions le 1er janvier 2026.<\/p>\n<p>Alan O\u2019Brien a commenc\u00e9 sa carri\u00e8re en d\u00e9cembre 2018 chez AirOcean Irlande en tant que Senior Business Development Manager. Apr\u00e8s l&#8217;acquisition d&#8217;AirOcean Irlande par R\u00f6hlig Logistics le 1er janvier 2025, il a jou\u00e9 un r\u00f4le cl\u00e9 dans la croissance de l&#8217;entreprise et l&#8217;int\u00e9gration r\u00e9ussie du site irlandais dans le r\u00e9seau international de R\u00f6hlig.<\/p>\n<h3>D\u00e9veloppement strat\u00e9gique de R\u00f6hlig Irlande<\/h3>\n<p>Dans son nouveau r\u00f4le, Alan O\u2019Brien s&#8217;appuiera sur les bases \u00e9tablies au cours des derni\u00e8res ann\u00e9es et continuera de d\u00e9velopper R\u00f6hlig Irlande en tant qu&#8217;organisation \u00e9volutive, ax\u00e9e sur le client et tourn\u00e9e vers l&#8217;avenir. L&#8217;accent sera mis sur une croissance durable, le renforcement et le d\u00e9veloppement du portefeuille clients existant, ainsi que l&#8217;\u00e9largissement des solutions multimodales et des nouvelles routes commerciales. Une attention particuli\u00e8re sera port\u00e9e \u00e0 l&#8217;\u00e9volution des exportations a\u00e9riennes et maritimes ainsi qu&#8217;aux activit\u00e9s vers l&#8217;ouest avec l&#8217;Extr\u00eame-Orient. De plus, les canaux de vente num\u00e9riques et les outils de service client seront continuellement d\u00e9velopp\u00e9s, tandis que l&#8217;utilisation de l&#8217;intelligence artificielle sera encourag\u00e9e pour soutenir les processus op\u00e9rationnels et cr\u00e9er une valeur ajout\u00e9e mesurable pour les clients.<\/p>\n<p>Alan O\u2019Brien succ\u00e8de \u00e0 Garrett O\u2019Brien, qui n&#8217;est pas de sa famille. La collaboration de Garrett O\u2019Brien avec R\u00f6hlig a commenc\u00e9 dans les ann\u00e9es 1980 et s&#8217;est poursuivie avec la cr\u00e9ation et la direction d&#8217;AirOcean Irlande en 1997 en tant qu&#8217;agent. Depuis l&#8217;acquisition en 2025, Garrett O\u2019Brien a dirig\u00e9 R\u00f6hlig Irlande en tant que directeur g\u00e9n\u00e9ral et prendra sa retraite fin avril 2026.<\/p>\n<p>\u00ab Garrett O\u2019Brien a fa\u00e7onn\u00e9 notre activit\u00e9 irlandaise pendant des d\u00e9cennies avec une vision entrepreneuriale, un engagement personnel et une grande loyaut\u00e9, et l&#8217;a d\u00e9velopp\u00e9e en la force qu&#8217;elle est aujourd&#8217;hui. Nous le remercions sinc\u00e8rement pour son engagement exceptionnel et ses nombreuses ann\u00e9es de leadership. Sa compr\u00e9hension du march\u00e9, des clients et des employ\u00e9s, ainsi que sa collaboration de confiance, ont \u00e9t\u00e9 d\u00e9terminantes pour la fusion r\u00e9ussie d&#8217;AirOcean Irlande et de R\u00f6hlig Logistics \u00bb, d\u00e9clare Ulrike Baum, Chief Human Resources Officer et membre du Global Executive Board de R\u00f6hlig Logistics. \u00ab Nous lui souhaitons tout le meilleur pour la prochaine phase de sa vie et regardons avec une grande appr\u00e9ciation son \u0153uvre. \u00bb<\/p>\n<p>Alan O\u2019Brien exercera ses fonctions de directeur g\u00e9n\u00e9ral jusqu&#8217;\u00e0 fin avril 2026 et travaillera en \u00e9troite collaboration avec Garrett O\u2019Brien pour garantir une transition fluide et une continuit\u00e9 pour les clients, partenaires et employ\u00e9s.<\/p>\n<p>&nbsp;<\/p>\n<p><a href=\"https:\/\/www.rohlig.com\/\" target=\"_blank\" rel=\"noopener noreferrer\">www.rohlig.com<\/a><\/p>\n<p>&nbsp;<\/p>\n","protected":false},"excerpt":{"rendered":"<p>Alan O\u2019Brien a \u00e9t\u00e9 nomm\u00e9 directeur g\u00e9n\u00e9ral de R\u00f6hlig Irlande et dirigera l&rsquo;entreprise jusqu&rsquo;\u00e0 fin avril 2026 en collaboration avec son pr\u00e9d\u00e9cesseur Garrett O\u2019Brien afin de promouvoir une croissance durable.<\/p>\n","protected":false},"author":12,"featured_media":73855,"comment_status":"open","ping_status":"open","sticky":false,"template":"","format":"standard","meta":{"_acf_changed":false,"footnotes":""},"categories":[6671,6679,1581,1579],"tags":[6761,6985,6986,2256,6987,6988,6763,2995,6989,6990,6991,2459,6992,6993,6994,6995,6996,2700,6997,6998,6999,7000,2123,2520,7001,7002,7003,7004,2281,7005,7006,7007,7008,7009,7010,3015,7011,2720,7012,7013,7014,7015,7016,7017,7018,7019,2731,7020,2486,2488,2106,3029,3853],"class_list":["post-73849","post","type-post","status-publish","format-standard","has-post-thumbnail","hentry","category-allemagne","category-europa","category-expedition-et-logistique","category-personnes-et-entreprises","tag-acquisition-dentreprise","tag-air-freight-exports","tag-alan-obrien","tag-artificial-intelligence-in-logistics","tag-canaux-de-vente-numeriques","tag-commerce-avec-lextreme-orient","tag-company-acquisition","tag-croissance-durable","tag-customer-portfolio-francais-roehlig-logistics","tag-customer-service-tools","tag-deutsch-roehlig-logistics","tag-developpement-strategique","tag-digital-sales-channels","tag-digitale-vertriebskanaele","tag-directeur-general-roehlig-irlande","tag-exportations-de-fret-aerien","tag-exportations-de-fret-maritime","tag-fachkraeftemangel-in-der-logistik","tag-far-east-trade","tag-fernost-handel","tag-garrett-obrien","tag-geschaeftsfuehrer-roehlig-irland","tag-gestion-de-la-chaine-dapprovisionnement","tag-intelligence-artificielle-dans-la-logistique","tag-international-trade-routes","tag-internationale-handelsrouten","tag-kundenportfolio-english-roehlig-logistics","tag-kundenservicetools","tag-kuenstliche-intelligenz-in-der-logistik","tag-logistics-service-providers-ireland","tag-logistikdienstleister-irland","tag-luftfracht-exporte","tag-managing-director-roehlig-ireland","tag-multimodal-solutions","tag-multimodale-loesungen","tag-nachhaltiges-wachstum","tag-outils-de-service-client","tag-penurie-de-main-doeuvre-dans-la-logistique","tag-portefeuille-clients","tag-prestataires-de-services-logistiques-irlande","tag-reseau-roehlig","tag-roehlig-network","tag-roehlig-netzwerk","tag-routes-commerciales-internationales","tag-sea-freight-exports","tag-seefracht-exporte","tag-skills-shortage-in-logistics","tag-solutions-multimodales","tag-strategic-development","tag-strategische-weiterentwicklung","tag-supply-chain-management","tag-sustainable-growth","tag-unternehmensuebernahme"],"acf":[],"yoast_head":"<!-- This site is optimized with the Yoast SEO plugin v27.3 - https:\/\/yoast.com\/product\/yoast-seo-wordpress\/ -->\n<title>Alan O&#039;Brien succ\u00e8de \u00e0 Garrett O&#039;Brien - Loginfo24.<\/title>\n<meta name=\"robots\" content=\"index, follow, max-snippet:-1, max-image-preview:large, max-video-preview:-1\" \/>\n<link rel=\"canonical\" href=\"https:\/\/loginfo24.com\/fr\/2026\/01\/27\/alan-obrien-succede-a-garrett-obrien\/\" \/>\n<meta property=\"og:locale\" content=\"fr_FR\" \/>\n<meta property=\"og:type\" content=\"article\" \/>\n<meta property=\"og:title\" content=\"Alan O&#039;Brien succ\u00e8de \u00e0 Garrett O&#039;Brien - Loginfo24.\" \/>\n<meta property=\"og:description\" content=\"Alan O\u2019Brien a \u00e9t\u00e9 nomm\u00e9 directeur g\u00e9n\u00e9ral de R\u00f6hlig Irlande et dirigera l&#039;entreprise jusqu&#039;\u00e0 fin avril 2026 en collaboration avec son pr\u00e9d\u00e9cesseur Garrett O\u2019Brien afin de promouvoir une croissance durable.\" \/>\n<meta property=\"og:url\" content=\"https:\/\/loginfo24.com\/fr\/2026\/01\/27\/alan-obrien-succede-a-garrett-obrien\/\" \/>\n<meta property=\"og:site_name\" content=\"Loginfo24\" \/>\n<meta property=\"article:publisher\" content=\"https:\/\/www.facebook.com\/people\/Loginfo24\/100057360583332\/\" \/>\n<meta property=\"article:published_time\" content=\"2026-01-27T11:50:14+00:00\" \/>\n<meta property=\"article:modified_time\" content=\"2026-01-27T12:06:43+00:00\" \/>\n<meta property=\"og:image\" content=\"https:\/\/loginfo24.com\/wp-content\/uploads\/sites\/7\/2026\/01\/alan-obrien-aspect-ratio-1400-788.jpg\" \/>\n\t<meta property=\"og:image:width\" content=\"850\" \/>\n\t<meta property=\"og:image:height\" content=\"479\" \/>\n\t<meta property=\"og:image:type\" content=\"image\/jpeg\" \/>\n<meta name=\"author\" content=\"Andreas Haug\" \/>\n<meta name=\"twitter:card\" content=\"summary_large_image\" \/>\n<meta name=\"twitter:label1\" content=\"\u00c9crit par\" \/>\n\t<meta name=\"twitter:data1\" content=\"Andreas Haug\" \/>\n\t<meta name=\"twitter:label2\" content=\"Dur\u00e9e de lecture estim\u00e9e\" \/>\n\t<meta name=\"twitter:data2\" content=\"2 minutes\" \/>\n<script type=\"application\/ld+json\" class=\"yoast-schema-graph\">{\"@context\":\"https:\\\/\\\/schema.org\",\"@graph\":[{\"@type\":\"Article\",\"@id\":\"https:\\\/\\\/loginfo24.com\\\/fr\\\/2026\\\/01\\\/27\\\/alan-obrien-succede-a-garrett-obrien\\\/#article\",\"isPartOf\":{\"@id\":\"https:\\\/\\\/loginfo24.com\\\/fr\\\/2026\\\/01\\\/27\\\/alan-obrien-succede-a-garrett-obrien\\\/\"},\"author\":{\"name\":\"Andreas Haug\",\"@id\":\"https:\\\/\\\/loginfo24.com\\\/fr\\\/#\\\/schema\\\/person\\\/cf538b3157f15afd7589245a4b3dbd25\"},\"headline\":\"Alan O&rsquo;Brien succ\u00e8de \u00e0 Garrett O&rsquo;Brien\",\"datePublished\":\"2026-01-27T11:50:14+00:00\",\"dateModified\":\"2026-01-27T12:06:43+00:00\",\"mainEntityOfPage\":{\"@id\":\"https:\\\/\\\/loginfo24.com\\\/fr\\\/2026\\\/01\\\/27\\\/alan-obrien-succede-a-garrett-obrien\\\/\"},\"wordCount\":503,\"commentCount\":0,\"publisher\":{\"@id\":\"https:\\\/\\\/loginfo24.com\\\/fr\\\/#organization\"},\"image\":{\"@id\":\"https:\\\/\\\/loginfo24.com\\\/fr\\\/2026\\\/01\\\/27\\\/alan-obrien-succede-a-garrett-obrien\\\/#primaryimage\"},\"thumbnailUrl\":\"https:\\\/\\\/loginfo24.com\\\/wp-content\\\/uploads\\\/sites\\\/7\\\/2026\\\/01\\\/alan-obrien-aspect-ratio-1400-788.jpg\",\"keywords\":[\"acquisition d'entreprise\",\"air freight exports\",\"Alan O\u2019Brien\",\"artificial intelligence in logistics\",\"canaux de vente num\u00e9riques\",\"commerce avec l'Extr\u00eame-Orient\",\"company acquisition\",\"croissance durable\",\"customer portfolio Fran\u00e7ais R\u00f6hlig Logistics\",\"customer service tools\",\"Deutsch R\u00f6hlig Logistics\",\"d\u00e9veloppement strat\u00e9gique\",\"digital sales channels\",\"digitale Vertriebskan\u00e4le\",\"directeur g\u00e9n\u00e9ral R\u00f6hlig Irlande\",\"exportations de fret a\u00e9rien\",\"exportations de fret maritime\",\"Fachkr\u00e4ftemangel in der Logistik\",\"Far East trade\",\"Fernost Handel\",\"Garrett O\u2019Brien\",\"Gesch\u00e4ftsf\u00fchrer R\u00f6hlig Irland\",\"gestion de la cha\u00eene d'approvisionnement\",\"intelligence artificielle dans la logistique\",\"international trade routes\",\"internationale Handelsrouten\",\"Kundenportfolio English R\u00f6hlig Logistics\",\"Kundenservicetools\",\"k\u00fcnstliche Intelligenz in der Logistik\",\"logistics service providers Ireland\",\"Logistikdienstleister Irland\",\"Luftfracht Exporte\",\"Managing Director R\u00f6hlig Ireland\",\"multimodal solutions\",\"multimodale L\u00f6sungen\",\"nachhaltiges Wachstum\",\"outils de service client\",\"p\u00e9nurie de main-d'\u0153uvre dans la logistique\",\"portefeuille clients\",\"prestataires de services logistiques Irlande\",\"r\u00e9seau R\u00f6hlig\",\"R\u00f6hlig network\",\"R\u00f6hlig Netzwerk\",\"routes commerciales internationales\",\"sea freight exports\",\"Seefracht Exporte\",\"skills shortage in logistics\",\"solutions multimodales\",\"strategic development\",\"strategische Weiterentwicklung\",\"Supply Chain Management\",\"sustainable growth\",\"Unternehmens\u00fcbernahme\"],\"articleSection\":[\"Allemagne\",\"Europa\",\"Exp\u00e9dition de fret et logistique\",\"Personnes et entreprises\"],\"inLanguage\":\"fr-FR\",\"potentialAction\":[{\"@type\":\"CommentAction\",\"name\":\"Comment\",\"target\":[\"https:\\\/\\\/loginfo24.com\\\/fr\\\/2026\\\/01\\\/27\\\/alan-obrien-succede-a-garrett-obrien\\\/#respond\"]}]},{\"@type\":\"WebPage\",\"@id\":\"https:\\\/\\\/loginfo24.com\\\/fr\\\/2026\\\/01\\\/27\\\/alan-obrien-succede-a-garrett-obrien\\\/\",\"url\":\"https:\\\/\\\/loginfo24.com\\\/fr\\\/2026\\\/01\\\/27\\\/alan-obrien-succede-a-garrett-obrien\\\/\",\"name\":\"Alan O'Brien succ\u00e8de \u00e0 Garrett O'Brien - Loginfo24.\",\"isPartOf\":{\"@id\":\"https:\\\/\\\/loginfo24.com\\\/fr\\\/#website\"},\"primaryImageOfPage\":{\"@id\":\"https:\\\/\\\/loginfo24.com\\\/fr\\\/2026\\\/01\\\/27\\\/alan-obrien-succede-a-garrett-obrien\\\/#primaryimage\"},\"image\":{\"@id\":\"https:\\\/\\\/loginfo24.com\\\/fr\\\/2026\\\/01\\\/27\\\/alan-obrien-succede-a-garrett-obrien\\\/#primaryimage\"},\"thumbnailUrl\":\"https:\\\/\\\/loginfo24.com\\\/wp-content\\\/uploads\\\/sites\\\/7\\\/2026\\\/01\\\/alan-obrien-aspect-ratio-1400-788.jpg\",\"datePublished\":\"2026-01-27T11:50:14+00:00\",\"dateModified\":\"2026-01-27T12:06:43+00:00\",\"breadcrumb\":{\"@id\":\"https:\\\/\\\/loginfo24.com\\\/fr\\\/2026\\\/01\\\/27\\\/alan-obrien-succede-a-garrett-obrien\\\/#breadcrumb\"},\"inLanguage\":\"fr-FR\",\"potentialAction\":[{\"@type\":\"ReadAction\",\"target\":[\"https:\\\/\\\/loginfo24.com\\\/fr\\\/2026\\\/01\\\/27\\\/alan-obrien-succede-a-garrett-obrien\\\/\"]}]},{\"@type\":\"ImageObject\",\"inLanguage\":\"fr-FR\",\"@id\":\"https:\\\/\\\/loginfo24.com\\\/fr\\\/2026\\\/01\\\/27\\\/alan-obrien-succede-a-garrett-obrien\\\/#primaryimage\",\"url\":\"https:\\\/\\\/loginfo24.com\\\/wp-content\\\/uploads\\\/sites\\\/7\\\/2026\\\/01\\\/alan-obrien-aspect-ratio-1400-788.jpg\",\"contentUrl\":\"https:\\\/\\\/loginfo24.com\\\/wp-content\\\/uploads\\\/sites\\\/7\\\/2026\\\/01\\\/alan-obrien-aspect-ratio-1400-788.jpg\",\"width\":850,\"height\":479},{\"@type\":\"BreadcrumbList\",\"@id\":\"https:\\\/\\\/loginfo24.com\\\/fr\\\/2026\\\/01\\\/27\\\/alan-obrien-succede-a-garrett-obrien\\\/#breadcrumb\",\"itemListElement\":[{\"@type\":\"ListItem\",\"position\":1,\"name\":\"Startseite\",\"item\":\"https:\\\/\\\/loginfo24.com\\\/fr\\\/\"},{\"@type\":\"ListItem\",\"position\":2,\"name\":\"Alan O&#8217;Brien succ\u00e8de \u00e0 Garrett O&#8217;Brien\"}]},{\"@type\":\"WebSite\",\"@id\":\"https:\\\/\\\/loginfo24.com\\\/fr\\\/#website\",\"url\":\"https:\\\/\\\/loginfo24.com\\\/fr\\\/\",\"name\":\"Loginfo24\",\"description\":\"Loginfo24 est la plateforme d\u00e9di\u00e9e \u00e0 la logistique et aux cha\u00eenes d&#039;approvisionnement qui fournit des informations 24 heures sur 24.\",\"publisher\":{\"@id\":\"https:\\\/\\\/loginfo24.com\\\/fr\\\/#organization\"},\"potentialAction\":[{\"@type\":\"SearchAction\",\"target\":{\"@type\":\"EntryPoint\",\"urlTemplate\":\"https:\\\/\\\/loginfo24.com\\\/fr\\\/?s={search_term_string}\"},\"query-input\":{\"@type\":\"PropertyValueSpecification\",\"valueRequired\":true,\"valueName\":\"search_term_string\"}}],\"inLanguage\":\"fr-FR\"},{\"@type\":\"Organization\",\"@id\":\"https:\\\/\\\/loginfo24.com\\\/fr\\\/#organization\",\"name\":\"Groupe Logismedia AG\",\"url\":\"https:\\\/\\\/loginfo24.com\\\/fr\\\/\",\"logo\":{\"@type\":\"ImageObject\",\"inLanguage\":\"fr-FR\",\"@id\":\"https:\\\/\\\/loginfo24.com\\\/fr\\\/#\\\/schema\\\/logo\\\/image\\\/\",\"url\":\"https:\\\/\\\/loginfo24.com\\\/wp-content\\\/uploads\\\/sites\\\/7\\\/2026\\\/01\\\/Logo_LogInfo24.png\",\"contentUrl\":\"https:\\\/\\\/loginfo24.com\\\/wp-content\\\/uploads\\\/sites\\\/7\\\/2026\\\/01\\\/Logo_LogInfo24.png\",\"width\":938,\"height\":351,\"caption\":\"Groupe Logismedia AG\"},\"image\":{\"@id\":\"https:\\\/\\\/loginfo24.com\\\/fr\\\/#\\\/schema\\\/logo\\\/image\\\/\"},\"sameAs\":[\"https:\\\/\\\/www.facebook.com\\\/people\\\/Loginfo24\\\/100057360583332\\\/\",\"https:\\\/\\\/www.linkedin.com\\\/company\\\/lofinfo24\\\/\"]},{\"@type\":\"Person\",\"@id\":\"https:\\\/\\\/loginfo24.com\\\/fr\\\/#\\\/schema\\\/person\\\/cf538b3157f15afd7589245a4b3dbd25\",\"name\":\"Andreas Haug\",\"url\":\"https:\\\/\\\/loginfo24.com\\\/fr\\\/author\\\/andreas\\\/\"}]}<\/script>\n<!-- \/ Yoast SEO plugin. -->","yoast_head_json":{"title":"Alan O'Brien succ\u00e8de \u00e0 Garrett O'Brien - Loginfo24.","robots":{"index":"index","follow":"follow","max-snippet":"max-snippet:-1","max-image-preview":"max-image-preview:large","max-video-preview":"max-video-preview:-1"},"canonical":"https:\/\/loginfo24.com\/fr\/2026\/01\/27\/alan-obrien-succede-a-garrett-obrien\/","og_locale":"fr_FR","og_type":"article","og_title":"Alan O'Brien succ\u00e8de \u00e0 Garrett O'Brien - Loginfo24.","og_description":"Alan O\u2019Brien a \u00e9t\u00e9 nomm\u00e9 directeur g\u00e9n\u00e9ral de R\u00f6hlig Irlande et dirigera l'entreprise jusqu'\u00e0 fin avril 2026 en collaboration avec son pr\u00e9d\u00e9cesseur Garrett O\u2019Brien afin de promouvoir une croissance durable.","og_url":"https:\/\/loginfo24.com\/fr\/2026\/01\/27\/alan-obrien-succede-a-garrett-obrien\/","og_site_name":"Loginfo24","article_publisher":"https:\/\/www.facebook.com\/people\/Loginfo24\/100057360583332\/","article_published_time":"2026-01-27T11:50:14+00:00","article_modified_time":"2026-01-27T12:06:43+00:00","og_image":[{"width":850,"height":479,"url":"https:\/\/loginfo24.com\/wp-content\/uploads\/sites\/7\/2026\/01\/alan-obrien-aspect-ratio-1400-788.jpg","type":"image\/jpeg"}],"author":"Andreas Haug","twitter_card":"summary_large_image","twitter_misc":{"\u00c9crit par":"Andreas Haug","Dur\u00e9e de lecture estim\u00e9e":"2 minutes"},"schema":{"@context":"https:\/\/schema.org","@graph":[{"@type":"Article","@id":"https:\/\/loginfo24.com\/fr\/2026\/01\/27\/alan-obrien-succede-a-garrett-obrien\/#article","isPartOf":{"@id":"https:\/\/loginfo24.com\/fr\/2026\/01\/27\/alan-obrien-succede-a-garrett-obrien\/"},"author":{"name":"Andreas Haug","@id":"https:\/\/loginfo24.com\/fr\/#\/schema\/person\/cf538b3157f15afd7589245a4b3dbd25"},"headline":"Alan O&rsquo;Brien succ\u00e8de \u00e0 Garrett O&rsquo;Brien","datePublished":"2026-01-27T11:50:14+00:00","dateModified":"2026-01-27T12:06:43+00:00","mainEntityOfPage":{"@id":"https:\/\/loginfo24.com\/fr\/2026\/01\/27\/alan-obrien-succede-a-garrett-obrien\/"},"wordCount":503,"commentCount":0,"publisher":{"@id":"https:\/\/loginfo24.com\/fr\/#organization"},"image":{"@id":"https:\/\/loginfo24.com\/fr\/2026\/01\/27\/alan-obrien-succede-a-garrett-obrien\/#primaryimage"},"thumbnailUrl":"https:\/\/loginfo24.com\/wp-content\/uploads\/sites\/7\/2026\/01\/alan-obrien-aspect-ratio-1400-788.jpg","keywords":["acquisition d'entreprise","air freight exports","Alan O\u2019Brien","artificial intelligence in logistics","canaux de vente num\u00e9riques","commerce avec l'Extr\u00eame-Orient","company acquisition","croissance durable","customer portfolio Fran\u00e7ais R\u00f6hlig Logistics","customer service tools","Deutsch R\u00f6hlig Logistics","d\u00e9veloppement strat\u00e9gique","digital sales channels","digitale Vertriebskan\u00e4le","directeur g\u00e9n\u00e9ral R\u00f6hlig Irlande","exportations de fret a\u00e9rien","exportations de fret maritime","Fachkr\u00e4ftemangel in der Logistik","Far East trade","Fernost Handel","Garrett O\u2019Brien","Gesch\u00e4ftsf\u00fchrer R\u00f6hlig Irland","gestion de la cha\u00eene d'approvisionnement","intelligence artificielle dans la logistique","international trade routes","internationale Handelsrouten","Kundenportfolio English R\u00f6hlig Logistics","Kundenservicetools","k\u00fcnstliche Intelligenz in der Logistik","logistics service providers Ireland","Logistikdienstleister Irland","Luftfracht Exporte","Managing Director R\u00f6hlig Ireland","multimodal solutions","multimodale L\u00f6sungen","nachhaltiges Wachstum","outils de service client","p\u00e9nurie de main-d'\u0153uvre dans la logistique","portefeuille clients","prestataires de services logistiques Irlande","r\u00e9seau R\u00f6hlig","R\u00f6hlig network","R\u00f6hlig Netzwerk","routes commerciales internationales","sea freight exports","Seefracht Exporte","skills shortage in logistics","solutions multimodales","strategic development","strategische Weiterentwicklung","Supply Chain Management","sustainable growth","Unternehmens\u00fcbernahme"],"articleSection":["Allemagne","Europa","Exp\u00e9dition de fret et logistique","Personnes et entreprises"],"inLanguage":"fr-FR","potentialAction":[{"@type":"CommentAction","name":"Comment","target":["https:\/\/loginfo24.com\/fr\/2026\/01\/27\/alan-obrien-succede-a-garrett-obrien\/#respond"]}]},{"@type":"WebPage","@id":"https:\/\/loginfo24.com\/fr\/2026\/01\/27\/alan-obrien-succede-a-garrett-obrien\/","url":"https:\/\/loginfo24.com\/fr\/2026\/01\/27\/alan-obrien-succede-a-garrett-obrien\/","name":"Alan O'Brien succ\u00e8de \u00e0 Garrett O'Brien - Loginfo24.","isPartOf":{"@id":"https:\/\/loginfo24.com\/fr\/#website"},"primaryImageOfPage":{"@id":"https:\/\/loginfo24.com\/fr\/2026\/01\/27\/alan-obrien-succede-a-garrett-obrien\/#primaryimage"},"image":{"@id":"https:\/\/loginfo24.com\/fr\/2026\/01\/27\/alan-obrien-succede-a-garrett-obrien\/#primaryimage"},"thumbnailUrl":"https:\/\/loginfo24.com\/wp-content\/uploads\/sites\/7\/2026\/01\/alan-obrien-aspect-ratio-1400-788.jpg","datePublished":"2026-01-27T11:50:14+00:00","dateModified":"2026-01-27T12:06:43+00:00","breadcrumb":{"@id":"https:\/\/loginfo24.com\/fr\/2026\/01\/27\/alan-obrien-succede-a-garrett-obrien\/#breadcrumb"},"inLanguage":"fr-FR","potentialAction":[{"@type":"ReadAction","target":["https:\/\/loginfo24.com\/fr\/2026\/01\/27\/alan-obrien-succede-a-garrett-obrien\/"]}]},{"@type":"ImageObject","inLanguage":"fr-FR","@id":"https:\/\/loginfo24.com\/fr\/2026\/01\/27\/alan-obrien-succede-a-garrett-obrien\/#primaryimage","url":"https:\/\/loginfo24.com\/wp-content\/uploads\/sites\/7\/2026\/01\/alan-obrien-aspect-ratio-1400-788.jpg","contentUrl":"https:\/\/loginfo24.com\/wp-content\/uploads\/sites\/7\/2026\/01\/alan-obrien-aspect-ratio-1400-788.jpg","width":850,"height":479},{"@type":"BreadcrumbList","@id":"https:\/\/loginfo24.com\/fr\/2026\/01\/27\/alan-obrien-succede-a-garrett-obrien\/#breadcrumb","itemListElement":[{"@type":"ListItem","position":1,"name":"Startseite","item":"https:\/\/loginfo24.com\/fr\/"},{"@type":"ListItem","position":2,"name":"Alan O&#8217;Brien succ\u00e8de \u00e0 Garrett O&#8217;Brien"}]},{"@type":"WebSite","@id":"https:\/\/loginfo24.com\/fr\/#website","url":"https:\/\/loginfo24.com\/fr\/","name":"Loginfo24","description":"Loginfo24 est la plateforme d\u00e9di\u00e9e \u00e0 la logistique et aux cha\u00eenes d&#039;approvisionnement qui fournit des informations 24 heures sur 24.","publisher":{"@id":"https:\/\/loginfo24.com\/fr\/#organization"},"potentialAction":[{"@type":"SearchAction","target":{"@type":"EntryPoint","urlTemplate":"https:\/\/loginfo24.com\/fr\/?s={search_term_string}"},"query-input":{"@type":"PropertyValueSpecification","valueRequired":true,"valueName":"search_term_string"}}],"inLanguage":"fr-FR"},{"@type":"Organization","@id":"https:\/\/loginfo24.com\/fr\/#organization","name":"Groupe Logismedia AG","url":"https:\/\/loginfo24.com\/fr\/","logo":{"@type":"ImageObject","inLanguage":"fr-FR","@id":"https:\/\/loginfo24.com\/fr\/#\/schema\/logo\/image\/","url":"https:\/\/loginfo24.com\/wp-content\/uploads\/sites\/7\/2026\/01\/Logo_LogInfo24.png","contentUrl":"https:\/\/loginfo24.com\/wp-content\/uploads\/sites\/7\/2026\/01\/Logo_LogInfo24.png","width":938,"height":351,"caption":"Groupe Logismedia AG"},"image":{"@id":"https:\/\/loginfo24.com\/fr\/#\/schema\/logo\/image\/"},"sameAs":["https:\/\/www.facebook.com\/people\/Loginfo24\/100057360583332\/","https:\/\/www.linkedin.com\/company\/lofinfo24\/"]},{"@type":"Person","@id":"https:\/\/loginfo24.com\/fr\/#\/schema\/person\/cf538b3157f15afd7589245a4b3dbd25","name":"Andreas Haug","url":"https:\/\/loginfo24.com\/fr\/author\/andreas\/"}]}},"_links":{"self":[{"href":"https:\/\/loginfo24.com\/fr\/wp-json\/wp\/v2\/posts\/73849","targetHints":{"allow":["GET"]}}],"collection":[{"href":"https:\/\/loginfo24.com\/fr\/wp-json\/wp\/v2\/posts"}],"about":[{"href":"https:\/\/loginfo24.com\/fr\/wp-json\/wp\/v2\/types\/post"}],"author":[{"embeddable":true,"href":"https:\/\/loginfo24.com\/fr\/wp-json\/wp\/v2\/users\/12"}],"replies":[{"embeddable":true,"href":"https:\/\/loginfo24.com\/fr\/wp-json\/wp\/v2\/comments?post=73849"}],"version-history":[{"count":1,"href":"https:\/\/loginfo24.com\/fr\/wp-json\/wp\/v2\/posts\/73849\/revisions"}],"predecessor-version":[{"id":73857,"href":"https:\/\/loginfo24.com\/fr\/wp-json\/wp\/v2\/posts\/73849\/revisions\/73857"}],"wp:featuredmedia":[{"embeddable":true,"href":"https:\/\/loginfo24.com\/fr\/wp-json\/wp\/v2\/media\/73855"}],"wp:attachment":[{"href":"https:\/\/loginfo24.com\/fr\/wp-json\/wp\/v2\/media?parent=73849"}],"wp:term":[{"taxonomy":"category","embeddable":true,"href":"https:\/\/loginfo24.com\/fr\/wp-json\/wp\/v2\/categories?post=73849"},{"taxonomy":"post_tag","embeddable":true,"href":"https:\/\/loginfo24.com\/fr\/wp-json\/wp\/v2\/tags?post=73849"}],"curies":[{"name":"wp","href":"https:\/\/api.w.org\/{rel}","templated":true}]}}